{"id":9035,"date":"2022-07-25T07:00:00","date_gmt":"2022-07-25T05:00:00","guid":{"rendered":"https:\/\/blogg.svenskakyrkan.se\/vandravagen\/?p=9035"},"modified":"2022-07-24T23:27:30","modified_gmt":"2022-07-24T21:27:30","slug":"8-blandade-tankar-pa-mandagen-8","status":"publish","type":"post","link":"https:\/\/blogg.svenskakyrkan.se\/vandravagen\/2022\/07\/25\/8-blandade-tankar-pa-mandagen-8\/","title":{"rendered":"8 blandade tankar p\u00e5 m\u00e5ndagen"},"content":{"rendered":"\n\n\n<figure class=\"wp-block-image size-large\"><img loading=\"lazy\" decoding=\"async\" width=\"480\" height=\"640\" src=\"https:\/\/blogg.svenskakyrkan.se\/vandravagen\/files\/2022\/07\/IMG_6263.jpeg\" alt=\"\" class=\"wp-image-9036\" srcset=\"https:\/\/blogg.svenskakyrkan.se\/vandravagen\/files\/2022\/07\/IMG_6263.jpeg 480w, https:\/\/blogg.svenskakyrkan.se\/vandravagen\/files\/2022\/07\/IMG_6263-300x400.jpeg 300w\" sizes=\"auto, (max-width: 480px) 100vw, 480px\" \/><figcaption>Ett av mina favoritkort p\u00e5 mig sj\u00e4lv, fr\u00e5n f\u00f6rra \u00e5ret eller s\u00e5. Fint att f\u00e5 g\u00e5 p\u00e5 mjuka stigar.<\/figcaption><\/figure>\n\n\n\n<ol class=\"wp-block-list\"><li>Glad m\u00e5ndag k\u00e4ra l\u00e4sare!<\/li><li>Lite dag och veckovill s\u00e5h\u00e4r p\u00e5 semestern. Idag vet jag i alla fall att vi hade planerat f\u00f6r att ge oss ut och vandra med barnen men f\u00e5r skjuta p\u00e5 det lite d\u00e5 v\u00e4derprognosen varit f\u00f6r d\u00e5lig. Sj\u00e4lv kan man v\u00e4l t\u00e5la en del regn men jag tror inte det blir n\u00e5gon rolig tur p\u00e5 det stora hela s\u00e5 det var nog klokt.<\/li><li>Det har annars inte varit s\u00e5 mycket regn p\u00e5 l\u00e4nge och teoretiskt tycker man ju alltid att det \u00e4r bra att f\u00e5 regn i marken men s\u00e5 g\u00e5r det en kvart och man k\u00e4nner sig lite inst\u00e4ngd i huset ist\u00e4llet f\u00f6r att r\u00f6ra sig fritt mellan inne och ute. Med det sagt \u00e4r det f\u00f6rst\u00e5s en oroande sommar i Europa. Jag hoppas att det \u00e4ntligen ska b\u00f6rja ageras i klimatfr\u00e5gan nu.<\/li><li>\u00c5rets (f\u00f6rsta?) stora inh\u00e4mtning av bl\u00e5b\u00e4r fr\u00e5n storskogen har skett och allt har \u00e4ven blivit rensat s\u00e5 nu kan vi \u00e4ta bl\u00e5b\u00e4r ett \u00e5r till. Sommaren \u00e4r ju p\u00e5 m\u00e5nga s\u00e4tt tiden p\u00e5 \u00e5ret d\u00e5 jag t\u00e4nker p\u00e5 b\u00e4r och \u00e4ter b\u00e4r och bunkrar upp b\u00e4r s\u00e5 mycket det g\u00e5r. Nu \u00e5terst\u00e5r lingonen som kan hoppas finns om en m\u00e5nad eller s\u00e5 och \u00e4pplena som verkar utebli p\u00e5 v\u00e5rt tr\u00e4d. Vi f\u00e5r v\u00e4l tigga \u00e4pplen av v\u00e4nliga m\u00e4nniskor antar jag.<\/li><li>Det g\u00e5r r\u00e4tt bra med springandet igen och just nu gl\u00e4der jag mig mest \u00f6ver att jag tror att jag l\u00e5ngsiktigt tror kroppen anpassat sig lite b\u00e4ttre till att springa utan att vader tar stryk och s\u00e5. Lite mer \u00e4n ett och ett halvt \u00e5r med runstreak nu.<\/li><li>Vi paddlade p\u00e5 J\u00e4lm\u00e5n med v\u00e5r v\u00e4n Simon och alla barnen h\u00e4romdagen. Det var roligt att se att lillen trivs med att sitta d\u00e4r \u00e4ven om det kanske var i l\u00e4ngsta laget f\u00f6r honom. Projektet med att g\u00f6ra nya paddlar till barnen g\u00e5r l\u00e5ngsamt fram\u00e5t f\u00f6r maskinsl\u00f6jd passar v\u00e4ldigt d\u00e5ligt ihop med barn.<\/li><li>Och s\u00e5 har jag b\u00f6rjat l\u00e4ra barnen \u00e4nnu ett j\u00e4ttekr\u00e5ngligt s\u00e4llskapsspel. Men de verkar vara med p\u00e5 noterna.<\/li><li>Hur har du det i sommaren? Skriv en rad och ber\u00e4tta!<\/li><\/ol>\n","protected":false},"excerpt":{"rendered":"<p>Glad m\u00e5ndag k\u00e4ra l\u00e4sare! Lite dag och veckovill s\u00e5h\u00e4r p\u00e5 semestern. Idag vet jag i alla fall att vi hade planerat f\u00f6r att ge oss ut och vandra med barnen men f\u00e5r skjuta p\u00e5 det lite d\u00e5 v\u00e4derprognosen varit f\u00f6r d\u00e5lig. Sj\u00e4lv kan man v\u00e4l t\u00e5la en del regn men jag tror inte det blir [&hellip;]<\/p>\n","protected":false},"author":392,"featured_media":9036,"comment_status":"open","ping_status":"open","sticky":false,"template":"","format":"standard","meta":{"_acf_changed":false,"footnotes":""},"categories":[9],"tags":[],"class_list":["post-9035","post","type-post","status-publish","format-standard","has-post-thumbnail","hentry","category-okategoriserade"],"acf":[],"yoast_head":"<!-- This site is optimized with the Yoast SEO plugin v27.1.1 - https:\/\/yoast.com\/product\/yoast-seo-wordpress\/ -->\n<title>8 blandade tankar p\u00e5 m\u00e5ndagen - Vandra V\u00e4gen<\/title>\n<meta name=\"robots\" content=\"index, follow, max-snippet:-1, max-image-preview:large, max-video-preview:-1\" \/>\n<link rel=\"canonical\" href=\"https:\/\/blogg.svenskakyrkan.se\/vandravagen\/2022\/07\/25\/8-blandade-tankar-pa-mandagen-8\/\" \/>\n<meta property=\"og:locale\" content=\"sv_SE\" \/>\n<meta property=\"og:type\" content=\"article\" \/>\n<meta property=\"og:title\" content=\"8 blandade tankar p\u00e5 m\u00e5ndagen - Vandra V\u00e4gen\" \/>\n<meta property=\"og:description\" content=\"Glad m\u00e5ndag k\u00e4ra l\u00e4sare! Lite dag och veckovill s\u00e5h\u00e4r p\u00e5 semestern. Idag vet jag i alla fall att vi hade planerat f\u00f6r att ge oss ut och vandra med barnen men f\u00e5r skjuta p\u00e5 det lite d\u00e5 v\u00e4derprognosen varit f\u00f6r d\u00e5lig. Sj\u00e4lv kan man v\u00e4l t\u00e5la en del regn men jag tror inte det blir [&hellip;]\" \/>\n<meta property=\"og:url\" content=\"https:\/\/blogg.svenskakyrkan.se\/vandravagen\/2022\/07\/25\/8-blandade-tankar-pa-mandagen-8\/\" \/>\n<meta property=\"og:site_name\" content=\"Vandra V\u00e4gen\" \/>\n<meta property=\"article:publisher\" content=\"http:\/\/facebook.com\/vandravagen\" \/>\n<meta property=\"article:published_time\" content=\"2022-07-25T05:00:00+00:00\" \/>\n<meta property=\"og:image\" content=\"https:\/\/blogg.svenskakyrkan.se\/vandravagen\/files\/2022\/07\/IMG_6263.jpeg\" \/>\n\t<meta property=\"og:image:width\" content=\"480\" \/>\n\t<meta property=\"og:image:height\" content=\"640\" \/>\n\t<meta property=\"og:image:type\" content=\"image\/jpeg\" \/>\n<meta name=\"author\" content=\"Tomas Jarvid\" \/>\n<meta name=\"twitter:card\" content=\"summary_large_image\" \/>\n<meta name=\"twitter:creator\" content=\"@fadertomas\" \/>\n<meta name=\"twitter:site\" content=\"@fadertomas\" \/>\n<meta name=\"twitter:label1\" content=\"Skriven av\" \/>\n\t<meta name=\"twitter:data1\" content=\"Tomas Jarvid\" \/>\n\t<meta name=\"twitter:label2\" content=\"Ber\u00e4knad l\u00e4stid\" \/>\n\t<meta name=\"twitter:data2\" content=\"2 minuter\" \/>\n<script type=\"application\/ld+json\" class=\"yoast-schema-graph\">{\"@context\":\"https:\/\/schema.org\",\"@graph\":[{\"@type\":\"Article\",\"@id\":\"https:\/\/blogg.svenskakyrkan.se\/vandravagen\/2022\/07\/25\/8-blandade-tankar-pa-mandagen-8\/#article\",\"isPartOf\":{\"@id\":\"https:\/\/blogg.svenskakyrkan.se\/vandravagen\/2022\/07\/25\/8-blandade-tankar-pa-mandagen-8\/\"},\"author\":{\"name\":\"Tomas Jarvid\",\"@id\":\"https:\/\/blogg.svenskakyrkan.se\/vandravagen\/#\/schema\/person\/25da02d4f76b137d04291711e2c9fc16\"},\"headline\":\"8 blandade tankar p\u00e5 m\u00e5ndagen\",\"datePublished\":\"2022-07-25T05:00:00+00:00\",\"mainEntityOfPage\":{\"@id\":\"https:\/\/blogg.svenskakyrkan.se\/vandravagen\/2022\/07\/25\/8-blandade-tankar-pa-mandagen-8\/\"},\"wordCount\":449,\"commentCount\":3,\"publisher\":{\"@id\":\"https:\/\/blogg.svenskakyrkan.se\/vandravagen\/#organization\"},\"image\":{\"@id\":\"https:\/\/blogg.svenskakyrkan.se\/vandravagen\/2022\/07\/25\/8-blandade-tankar-pa-mandagen-8\/#primaryimage\"},\"thumbnailUrl\":\"https:\/\/blogg.svenskakyrkan.se\/vandravagen\/files\/2022\/07\/IMG_6263.jpeg\",\"inLanguage\":\"sv-SE\",\"potentialAction\":[{\"@type\":\"CommentAction\",\"name\":\"Comment\",\"target\":[\"https:\/\/blogg.svenskakyrkan.se\/vandravagen\/2022\/07\/25\/8-blandade-tankar-pa-mandagen-8\/#respond\"]}]},{\"@type\":\"WebPage\",\"@id\":\"https:\/\/blogg.svenskakyrkan.se\/vandravagen\/2022\/07\/25\/8-blandade-tankar-pa-mandagen-8\/\",\"url\":\"https:\/\/blogg.svenskakyrkan.se\/vandravagen\/2022\/07\/25\/8-blandade-tankar-pa-mandagen-8\/\",\"name\":\"8 blandade tankar p\u00e5 m\u00e5ndagen - Vandra V\u00e4gen\",\"isPartOf\":{\"@id\":\"https:\/\/blogg.svenskakyrkan.se\/vandravagen\/#website\"},\"primaryImageOfPage\":{\"@id\":\"https:\/\/blogg.svenskakyrkan.se\/vandravagen\/2022\/07\/25\/8-blandade-tankar-pa-mandagen-8\/#primaryimage\"},\"image\":{\"@id\":\"https:\/\/blogg.svenskakyrkan.se\/vandravagen\/2022\/07\/25\/8-blandade-tankar-pa-mandagen-8\/#primaryimage\"},\"thumbnailUrl\":\"https:\/\/blogg.svenskakyrkan.se\/vandravagen\/files\/2022\/07\/IMG_6263.jpeg\",\"datePublished\":\"2022-07-25T05:00:00+00:00\",\"breadcrumb\":{\"@id\":\"https:\/\/blogg.svenskakyrkan.se\/vandravagen\/2022\/07\/25\/8-blandade-tankar-pa-mandagen-8\/#breadcrumb\"},\"inLanguage\":\"sv-SE\",\"potentialAction\":[{\"@type\":\"ReadAction\",\"target\":[\"https:\/\/blogg.svenskakyrkan.se\/vandravagen\/2022\/07\/25\/8-blandade-tankar-pa-mandagen-8\/\"]}]},{\"@type\":\"ImageObject\",\"inLanguage\":\"sv-SE\",\"@id\":\"https:\/\/blogg.svenskakyrkan.se\/vandravagen\/2022\/07\/25\/8-blandade-tankar-pa-mandagen-8\/#primaryimage\",\"url\":\"https:\/\/blogg.svenskakyrkan.se\/vandravagen\/files\/2022\/07\/IMG_6263.jpeg\",\"contentUrl\":\"https:\/\/blogg.svenskakyrkan.se\/vandravagen\/files\/2022\/07\/IMG_6263.jpeg\",\"width\":480,\"height\":640},{\"@type\":\"BreadcrumbList\",\"@id\":\"https:\/\/blogg.svenskakyrkan.se\/vandravagen\/2022\/07\/25\/8-blandade-tankar-pa-mandagen-8\/#breadcrumb\",\"itemListElement\":[{\"@type\":\"ListItem\",\"position\":1,\"name\":\"Hem\",\"item\":\"https:\/\/blogg.svenskakyrkan.se\/vandravagen\/\"},{\"@type\":\"ListItem\",\"position\":2,\"name\":\"8 blandade tankar p\u00e5 m\u00e5ndagen\"}]},{\"@type\":\"WebSite\",\"@id\":\"https:\/\/blogg.svenskakyrkan.se\/vandravagen\/#website\",\"url\":\"https:\/\/blogg.svenskakyrkan.se\/vandravagen\/\",\"name\":\"Vandra V\u00e4gen\",\"description\":\"-Mot en tro f\u00f6r hela livet\",\"publisher\":{\"@id\":\"https:\/\/blogg.svenskakyrkan.se\/vandravagen\/#organization\"},\"potentialAction\":[{\"@type\":\"SearchAction\",\"target\":{\"@type\":\"EntryPoint\",\"urlTemplate\":\"https:\/\/blogg.svenskakyrkan.se\/vandravagen\/?s={search_term_string}\"},\"query-input\":{\"@type\":\"PropertyValueSpecification\",\"valueRequired\":true,\"valueName\":\"search_term_string\"}}],\"inLanguage\":\"sv-SE\"},{\"@type\":\"Organization\",\"@id\":\"https:\/\/blogg.svenskakyrkan.se\/vandravagen\/#organization\",\"name\":\"ulricehamns pastorat\",\"alternateName\":\"ulricehamns pastorat\",\"url\":\"https:\/\/blogg.svenskakyrkan.se\/vandravagen\/\",\"logo\":{\"@type\":\"ImageObject\",\"inLanguage\":\"sv-SE\",\"@id\":\"https:\/\/blogg.svenskakyrkan.se\/vandravagen\/#\/schema\/logo\/image\/\",\"url\":\"https:\/\/blogg.svenskakyrkan.se\/vandravagen\/files\/2023\/05\/Ulr_logo_RGB.png\",\"contentUrl\":\"https:\/\/blogg.svenskakyrkan.se\/vandravagen\/files\/2023\/05\/Ulr_logo_RGB.png\",\"width\":205,\"height\":77,\"caption\":\"ulricehamns pastorat\"},\"image\":{\"@id\":\"https:\/\/blogg.svenskakyrkan.se\/vandravagen\/#\/schema\/logo\/image\/\"},\"sameAs\":[\"http:\/\/facebook.com\/vandravagen\",\"https:\/\/x.com\/fadertomas\",\"http:\/\/www.facebook.com\/svenskakyrkaniulricehamn\"]},{\"@type\":\"Person\",\"@id\":\"https:\/\/blogg.svenskakyrkan.se\/vandravagen\/#\/schema\/person\/25da02d4f76b137d04291711e2c9fc16\",\"name\":\"Tomas Jarvid\",\"image\":{\"@type\":\"ImageObject\",\"inLanguage\":\"sv-SE\",\"@id\":\"https:\/\/blogg.svenskakyrkan.se\/vandravagen\/#\/schema\/person\/image\/\",\"url\":\"https:\/\/secure.gravatar.com\/avatar\/7fa71899795e8f540f615a1f5ab25255dc27aa40f05ee7ddd21aac521e01bf50?s=96&d=identicon&r=g\",\"contentUrl\":\"https:\/\/secure.gravatar.com\/avatar\/7fa71899795e8f540f615a1f5ab25255dc27aa40f05ee7ddd21aac521e01bf50?s=96&d=identicon&r=g\",\"caption\":\"Tomas Jarvid\"},\"description\":\"Jag bor i Ulricehamn i V\u00e4sterg\u00f6tland och \u00e4r f\u00f6rsamlingspr\u00e4st i Svenska Kyrkan f\u00f6r Dalstorps f\u00f6rsamling i Kinds pastorat. P\u00e5 den h\u00e4r bloggen skriver jag ner tankar om vandringen som kristen.\",\"sameAs\":[\"http:\/\/www.vandravagen.se\"],\"url\":\"https:\/\/blogg.svenskakyrkan.se\/vandravagen\/author\/vandravagen\/\"}]}<\/script>\n<!-- \/ Yoast SEO plugin. -->","yoast_head_json":{"title":"8 blandade tankar p\u00e5 m\u00e5ndagen - Vandra V\u00e4gen","robots":{"index":"index","follow":"follow","max-snippet":"max-snippet:-1","max-image-preview":"max-image-preview:large","max-video-preview":"max-video-preview:-1"},"canonical":"https:\/\/blogg.svenskakyrkan.se\/vandravagen\/2022\/07\/25\/8-blandade-tankar-pa-mandagen-8\/","og_locale":"sv_SE","og_type":"article","og_title":"8 blandade tankar p\u00e5 m\u00e5ndagen - Vandra V\u00e4gen","og_description":"Glad m\u00e5ndag k\u00e4ra l\u00e4sare! Lite dag och veckovill s\u00e5h\u00e4r p\u00e5 semestern. Idag vet jag i alla fall att vi hade planerat f\u00f6r att ge oss ut och vandra med barnen men f\u00e5r skjuta p\u00e5 det lite d\u00e5 v\u00e4derprognosen varit f\u00f6r d\u00e5lig. Sj\u00e4lv kan man v\u00e4l t\u00e5la en del regn men jag tror inte det blir [&hellip;]","og_url":"https:\/\/blogg.svenskakyrkan.se\/vandravagen\/2022\/07\/25\/8-blandade-tankar-pa-mandagen-8\/","og_site_name":"Vandra V\u00e4gen","article_publisher":"http:\/\/facebook.com\/vandravagen","article_published_time":"2022-07-25T05:00:00+00:00","og_image":[{"width":480,"height":640,"url":"https:\/\/blogg.svenskakyrkan.se\/vandravagen\/files\/2022\/07\/IMG_6263.jpeg","type":"image\/jpeg"}],"author":"Tomas Jarvid","twitter_card":"summary_large_image","twitter_creator":"@fadertomas","twitter_site":"@fadertomas","twitter_misc":{"Skriven av":"Tomas Jarvid","Ber\u00e4knad l\u00e4stid":"2 minuter"},"schema":{"@context":"https:\/\/schema.org","@graph":[{"@type":"Article","@id":"https:\/\/blogg.svenskakyrkan.se\/vandravagen\/2022\/07\/25\/8-blandade-tankar-pa-mandagen-8\/#article","isPartOf":{"@id":"https:\/\/blogg.svenskakyrkan.se\/vandravagen\/2022\/07\/25\/8-blandade-tankar-pa-mandagen-8\/"},"author":{"name":"Tomas Jarvid","@id":"https:\/\/blogg.svenskakyrkan.se\/vandravagen\/#\/schema\/person\/25da02d4f76b137d04291711e2c9fc16"},"headline":"8 blandade tankar p\u00e5 m\u00e5ndagen","datePublished":"2022-07-25T05:00:00+00:00","mainEntityOfPage":{"@id":"https:\/\/blogg.svenskakyrkan.se\/vandravagen\/2022\/07\/25\/8-blandade-tankar-pa-mandagen-8\/"},"wordCount":449,"commentCount":3,"publisher":{"@id":"https:\/\/blogg.svenskakyrkan.se\/vandravagen\/#organization"},"image":{"@id":"https:\/\/blogg.svenskakyrkan.se\/vandravagen\/2022\/07\/25\/8-blandade-tankar-pa-mandagen-8\/#primaryimage"},"thumbnailUrl":"https:\/\/blogg.svenskakyrkan.se\/vandravagen\/files\/2022\/07\/IMG_6263.jpeg","inLanguage":"sv-SE","potentialAction":[{"@type":"CommentAction","name":"Comment","target":["https:\/\/blogg.svenskakyrkan.se\/vandravagen\/2022\/07\/25\/8-blandade-tankar-pa-mandagen-8\/#respond"]}]},{"@type":"WebPage","@id":"https:\/\/blogg.svenskakyrkan.se\/vandravagen\/2022\/07\/25\/8-blandade-tankar-pa-mandagen-8\/","url":"https:\/\/blogg.svenskakyrkan.se\/vandravagen\/2022\/07\/25\/8-blandade-tankar-pa-mandagen-8\/","name":"8 blandade tankar p\u00e5 m\u00e5ndagen - Vandra V\u00e4gen","isPartOf":{"@id":"https:\/\/blogg.svenskakyrkan.se\/vandravagen\/#website"},"primaryImageOfPage":{"@id":"https:\/\/blogg.svenskakyrkan.se\/vandravagen\/2022\/07\/25\/8-blandade-tankar-pa-mandagen-8\/#primaryimage"},"image":{"@id":"https:\/\/blogg.svenskakyrkan.se\/vandravagen\/2022\/07\/25\/8-blandade-tankar-pa-mandagen-8\/#primaryimage"},"thumbnailUrl":"https:\/\/blogg.svenskakyrkan.se\/vandravagen\/files\/2022\/07\/IMG_6263.jpeg","datePublished":"2022-07-25T05:00:00+00:00","breadcrumb":{"@id":"https:\/\/blogg.svenskakyrkan.se\/vandravagen\/2022\/07\/25\/8-blandade-tankar-pa-mandagen-8\/#breadcrumb"},"inLanguage":"sv-SE","potentialAction":[{"@type":"ReadAction","target":["https:\/\/blogg.svenskakyrkan.se\/vandravagen\/2022\/07\/25\/8-blandade-tankar-pa-mandagen-8\/"]}]},{"@type":"ImageObject","inLanguage":"sv-SE","@id":"https:\/\/blogg.svenskakyrkan.se\/vandravagen\/2022\/07\/25\/8-blandade-tankar-pa-mandagen-8\/#primaryimage","url":"https:\/\/blogg.svenskakyrkan.se\/vandravagen\/files\/2022\/07\/IMG_6263.jpeg","contentUrl":"https:\/\/blogg.svenskakyrkan.se\/vandravagen\/files\/2022\/07\/IMG_6263.jpeg","width":480,"height":640},{"@type":"BreadcrumbList","@id":"https:\/\/blogg.svenskakyrkan.se\/vandravagen\/2022\/07\/25\/8-blandade-tankar-pa-mandagen-8\/#breadcrumb","itemListElement":[{"@type":"ListItem","position":1,"name":"Hem","item":"https:\/\/blogg.svenskakyrkan.se\/vandravagen\/"},{"@type":"ListItem","position":2,"name":"8 blandade tankar p\u00e5 m\u00e5ndagen"}]},{"@type":"WebSite","@id":"https:\/\/blogg.svenskakyrkan.se\/vandravagen\/#website","url":"https:\/\/blogg.svenskakyrkan.se\/vandravagen\/","name":"Vandra V\u00e4gen","description":"-Mot en tro f\u00f6r hela livet","publisher":{"@id":"https:\/\/blogg.svenskakyrkan.se\/vandravagen\/#organization"},"potentialAction":[{"@type":"SearchAction","target":{"@type":"EntryPoint","urlTemplate":"https:\/\/blogg.svenskakyrkan.se\/vandravagen\/?s={search_term_string}"},"query-input":{"@type":"PropertyValueSpecification","valueRequired":true,"valueName":"search_term_string"}}],"inLanguage":"sv-SE"},{"@type":"Organization","@id":"https:\/\/blogg.svenskakyrkan.se\/vandravagen\/#organization","name":"ulricehamns pastorat","alternateName":"ulricehamns pastorat","url":"https:\/\/blogg.svenskakyrkan.se\/vandravagen\/","logo":{"@type":"ImageObject","inLanguage":"sv-SE","@id":"https:\/\/blogg.svenskakyrkan.se\/vandravagen\/#\/schema\/logo\/image\/","url":"https:\/\/blogg.svenskakyrkan.se\/vandravagen\/files\/2023\/05\/Ulr_logo_RGB.png","contentUrl":"https:\/\/blogg.svenskakyrkan.se\/vandravagen\/files\/2023\/05\/Ulr_logo_RGB.png","width":205,"height":77,"caption":"ulricehamns pastorat"},"image":{"@id":"https:\/\/blogg.svenskakyrkan.se\/vandravagen\/#\/schema\/logo\/image\/"},"sameAs":["http:\/\/facebook.com\/vandravagen","https:\/\/x.com\/fadertomas","http:\/\/www.facebook.com\/svenskakyrkaniulricehamn"]},{"@type":"Person","@id":"https:\/\/blogg.svenskakyrkan.se\/vandravagen\/#\/schema\/person\/25da02d4f76b137d04291711e2c9fc16","name":"Tomas Jarvid","image":{"@type":"ImageObject","inLanguage":"sv-SE","@id":"https:\/\/blogg.svenskakyrkan.se\/vandravagen\/#\/schema\/person\/image\/","url":"https:\/\/secure.gravatar.com\/avatar\/7fa71899795e8f540f615a1f5ab25255dc27aa40f05ee7ddd21aac521e01bf50?s=96&d=identicon&r=g","contentUrl":"https:\/\/secure.gravatar.com\/avatar\/7fa71899795e8f540f615a1f5ab25255dc27aa40f05ee7ddd21aac521e01bf50?s=96&d=identicon&r=g","caption":"Tomas Jarvid"},"description":"Jag bor i Ulricehamn i V\u00e4sterg\u00f6tland och \u00e4r f\u00f6rsamlingspr\u00e4st i Svenska Kyrkan f\u00f6r Dalstorps f\u00f6rsamling i Kinds pastorat. P\u00e5 den h\u00e4r bloggen skriver jag ner tankar om vandringen som kristen.","sameAs":["http:\/\/www.vandravagen.se"],"url":"https:\/\/blogg.svenskakyrkan.se\/vandravagen\/author\/vandravagen\/"}]}},"author_meta":{"ID":"392","user_nicename":"vandravagen","user_url":"http:\/\/www.vandravagen.se","user_registered":"2014-05-19 05:44:52","display_name":"Tomas Jarvid","first_name":"Tomas","last_name":"Jarvid","avatar":"https:\/\/secure.gravatar.com\/avatar\/7fa71899795e8f540f615a1f5ab25255dc27aa40f05ee7ddd21aac521e01bf50?s=96&d=identicon&r=g"},"featured_image":["https:\/\/blogg.svenskakyrkan.se\/vandravagen\/files\/2022\/07\/IMG_6263.jpeg",480,640,false],"bloginfo":{"name":"Vandra V\u00e4gen","url":"https:\/\/blogg.svenskakyrkan.se\/vandravagen"},"_links":{"self":[{"href":"https:\/\/blogg.svenskakyrkan.se\/vandravagen\/wp-json\/wp\/v2\/posts\/9035","targetHints":{"allow":["GET"]}}],"collection":[{"href":"https:\/\/blogg.svenskakyrkan.se\/vandravagen\/wp-json\/wp\/v2\/posts"}],"about":[{"href":"https:\/\/blogg.svenskakyrkan.se\/vandravagen\/wp-json\/wp\/v2\/types\/post"}],"author":[{"embeddable":true,"href":"https:\/\/blogg.svenskakyrkan.se\/vandravagen\/wp-json\/wp\/v2\/users\/392"}],"replies":[{"embeddable":true,"href":"https:\/\/blogg.svenskakyrkan.se\/vandravagen\/wp-json\/wp\/v2\/comments?post=9035"}],"version-history":[{"count":1,"href":"https:\/\/blogg.svenskakyrkan.se\/vandravagen\/wp-json\/wp\/v2\/posts\/9035\/revisions"}],"predecessor-version":[{"id":9037,"href":"https:\/\/blogg.svenskakyrkan.se\/vandravagen\/wp-json\/wp\/v2\/posts\/9035\/revisions\/9037"}],"wp:featuredmedia":[{"embeddable":true,"href":"https:\/\/blogg.svenskakyrkan.se\/vandravagen\/wp-json\/wp\/v2\/media\/9036"}],"wp:attachment":[{"href":"https:\/\/blogg.svenskakyrkan.se\/vandravagen\/wp-json\/wp\/v2\/media?parent=9035"}],"wp:term":[{"taxonomy":"category","embeddable":true,"href":"https:\/\/blogg.svenskakyrkan.se\/vandravagen\/wp-json\/wp\/v2\/categories?post=9035"},{"taxonomy":"post_tag","embeddable":true,"href":"https:\/\/blogg.svenskakyrkan.se\/vandravagen\/wp-json\/wp\/v2\/tags?post=9035"}],"curies":[{"name":"wp","href":"https:\/\/api.w.org\/{rel}","templated":true}]}}