{"id":9062,"date":"2022-08-21T07:38:00","date_gmt":"2022-08-21T05:38:00","guid":{"rendered":"https:\/\/blogg.svenskakyrkan.se\/vandravagen\/?p=9062"},"modified":"2022-08-20T22:59:34","modified_gmt":"2022-08-20T20:59:34","slug":"8-blandade-tankar-pa-sondagen-69","status":"publish","type":"post","link":"https:\/\/blogg.svenskakyrkan.se\/vandravagen\/2022\/08\/21\/8-blandade-tankar-pa-sondagen-69\/","title":{"rendered":"8 blandade tankar p\u00e5 s\u00f6ndagen"},"content":{"rendered":"\n\n\n<figure class=\"wp-block-image size-large\"><img loading=\"lazy\" decoding=\"async\" width=\"1024\" height=\"1363\" src=\"https:\/\/blogg.svenskakyrkan.se\/vandravagen\/files\/2022\/08\/IMG_1021-1024x1363.jpg\" alt=\"\" class=\"wp-image-9063\" srcset=\"https:\/\/blogg.svenskakyrkan.se\/vandravagen\/files\/2022\/08\/IMG_1021-1024x1363.jpg 1024w, https:\/\/blogg.svenskakyrkan.se\/vandravagen\/files\/2022\/08\/IMG_1021-300x399.jpg 300w, https:\/\/blogg.svenskakyrkan.se\/vandravagen\/files\/2022\/08\/IMG_1021-768x1022.jpg 768w, https:\/\/blogg.svenskakyrkan.se\/vandravagen\/files\/2022\/08\/IMG_1021-1154x1536.jpg 1154w, https:\/\/blogg.svenskakyrkan.se\/vandravagen\/files\/2022\/08\/IMG_1021-rotated.jpg 1160w\" sizes=\"auto, (max-width: 1024px) 100vw, 1024px\" \/><\/figure>\n\n\n\n<p>1 Glad s\u00f6ndag k\u00e4ra l\u00e4sare!<\/p>\n\n\n\n<p>2. Jag har haft en extra semestervecka nu kring skolstarten. Det har varit v\u00e4ldigt sk\u00f6nt att inte ha f\u00f6r pressat liv s\u00e5 man kunde r\u00e5 om barnen lite efter skolan och s\u00e5. Idag skulle jag egentligen inte vara i tj\u00e4nst men jag ska g\u00f6ra ett litet inhopp och v\u00e4lkomna p\u00e5 pastoratets sammanlysta gudstj\u00e4nst som r\u00e5kar vara i G\u00e4llstads och s\u00f6dra S\u00e4ms kyrka. Klockan 11 \u00e4r det och kommer du dit s\u00e5 ses vi!<\/p>\n\n\n\n<p>3. Bilden \u00e4r fr\u00e5n ig\u00e5r d\u00e5 jag satte ett distansrekord med l\u00f6pningen. Jag har t\u00e4nkt l\u00e4nge att det vore roligt att springa en halvmaraton och nu blev det av. S\u00e5 jag str\u00f6k runt p\u00e5 v\u00e4garna s\u00f6der om Ulricehamn med lillen i springvagnen, fick med mig en del svamp och fick kolla upp en hel del stigar jag varit nyfiken p\u00e5 hur de s\u00e5g ut.<\/p>\n\n\n\n<p>4. Ig\u00e5r var det ocks\u00e5 \u00e4nnu en g\u00e5ng dags f\u00f6r den lilla Kuvarpsfestivalen med sin \u00f6ppna scen. I \u00e5r medverkade mina b\u00e5da \u00e4ldsta barn och min fru med s\u00e5ng och spel medan jag f\u00f6rs\u00f6kte lyssna och vakta lillen samtidigt. V\u00e4ldigt roligt att komma till Kuvarp, s\u00e5 \u00e4r det ju alltid.<\/p>\n\n\n\n<p>5. Nu kan man streama tv-serien &#8221;sandman&#8221; som jag l\u00e4st som tecknad serie flera g\u00e5nger med mycket tid emellan. Inget \u00e4r ju nytt i handlingen men det \u00e4r v\u00e4ldigt roligt att se hur de gjort. N\u00f6jd med serien och erk\u00e4nner att Neil Gaiman \u00e4r ett geni.<\/p>\n\n\n\n<p>6. Det \u00e4r mycket pottr\u00e4ning h\u00e4r hemma nu igen. Det \u00e4r ju en sorts sp\u00e4nning i vardagen det ocks\u00e5.<\/p>\n\n\n\n<p>7. Jag \u00e4r ocks\u00e5 glad att ha lyckats k\u00f6pa &#8221;barfotaskor&#8221; som \u00e4r svarta och g\u00e5r att anv\u00e4nda ihop med gudstj\u00e4nstkl\u00e4der utan att det ser konstigt ut. Det g\u00f6r allt en del skillnad i f\u00f6tterna efter att ha st\u00e5tt upp i n\u00e5gra timmar en dag.<\/p>\n\n\n\n<p>8. Hur har du det idag? Skriv g\u00e4rna en kommentar och ber\u00e4tta!<\/p>\n\n\n\n<p><\/p>\n","protected":false},"excerpt":{"rendered":"<p>1 Glad s\u00f6ndag k\u00e4ra l\u00e4sare! 2. Jag har haft en extra semestervecka nu kring skolstarten. Det har varit v\u00e4ldigt sk\u00f6nt att inte ha f\u00f6r pressat liv s\u00e5 man kunde r\u00e5 om barnen lite efter skolan och s\u00e5. Idag skulle jag egentligen inte vara i tj\u00e4nst men jag ska g\u00f6ra ett litet inhopp och v\u00e4lkomna p\u00e5 [&hellip;]<\/p>\n","protected":false},"author":392,"featured_media":9063,"comment_status":"open","ping_status":"open","sticky":false,"template":"","format":"standard","meta":{"_acf_changed":false,"footnotes":""},"categories":[9],"tags":[],"class_list":["post-9062","post","type-post","status-publish","format-standard","has-post-thumbnail","hentry","category-okategoriserade"],"acf":[],"yoast_head":"<!-- This site is optimized with the Yoast SEO plugin v27.1.1 - https:\/\/yoast.com\/product\/yoast-seo-wordpress\/ -->\n<title>8 blandade tankar p\u00e5 s\u00f6ndagen - Vandra V\u00e4gen<\/title>\n<meta name=\"robots\" content=\"index, follow, max-snippet:-1, max-image-preview:large, max-video-preview:-1\" \/>\n<link rel=\"canonical\" href=\"https:\/\/blogg.svenskakyrkan.se\/vandravagen\/2022\/08\/21\/8-blandade-tankar-pa-sondagen-69\/\" \/>\n<meta property=\"og:locale\" content=\"sv_SE\" \/>\n<meta property=\"og:type\" content=\"article\" \/>\n<meta property=\"og:title\" content=\"8 blandade tankar p\u00e5 s\u00f6ndagen - Vandra V\u00e4gen\" \/>\n<meta property=\"og:description\" content=\"1 Glad s\u00f6ndag k\u00e4ra l\u00e4sare! 2. Jag har haft en extra semestervecka nu kring skolstarten. Det har varit v\u00e4ldigt sk\u00f6nt att inte ha f\u00f6r pressat liv s\u00e5 man kunde r\u00e5 om barnen lite efter skolan och s\u00e5. Idag skulle jag egentligen inte vara i tj\u00e4nst men jag ska g\u00f6ra ett litet inhopp och v\u00e4lkomna p\u00e5 [&hellip;]\" \/>\n<meta property=\"og:url\" content=\"https:\/\/blogg.svenskakyrkan.se\/vandravagen\/2022\/08\/21\/8-blandade-tankar-pa-sondagen-69\/\" \/>\n<meta property=\"og:site_name\" content=\"Vandra V\u00e4gen\" \/>\n<meta property=\"article:publisher\" content=\"http:\/\/facebook.com\/vandravagen\" \/>\n<meta property=\"article:published_time\" content=\"2022-08-21T05:38:00+00:00\" \/>\n<meta property=\"og:image\" content=\"https:\/\/blogg.svenskakyrkan.se\/vandravagen\/files\/2022\/08\/IMG_1021-rotated.jpg\" \/>\n\t<meta property=\"og:image:width\" content=\"1160\" \/>\n\t<meta property=\"og:image:height\" content=\"1544\" \/>\n\t<meta property=\"og:image:type\" content=\"image\/jpeg\" \/>\n<meta name=\"author\" content=\"Tomas Jarvid\" \/>\n<meta name=\"twitter:card\" content=\"summary_large_image\" \/>\n<meta name=\"twitter:creator\" content=\"@fadertomas\" \/>\n<meta name=\"twitter:site\" content=\"@fadertomas\" \/>\n<meta name=\"twitter:label1\" content=\"Skriven av\" \/>\n\t<meta name=\"twitter:data1\" content=\"Tomas Jarvid\" \/>\n\t<meta name=\"twitter:label2\" content=\"Ber\u00e4knad l\u00e4stid\" \/>\n\t<meta name=\"twitter:data2\" content=\"2 minuter\" \/>\n<script type=\"application\/ld+json\" class=\"yoast-schema-graph\">{\"@context\":\"https:\/\/schema.org\",\"@graph\":[{\"@type\":\"Article\",\"@id\":\"https:\/\/blogg.svenskakyrkan.se\/vandravagen\/2022\/08\/21\/8-blandade-tankar-pa-sondagen-69\/#article\",\"isPartOf\":{\"@id\":\"https:\/\/blogg.svenskakyrkan.se\/vandravagen\/2022\/08\/21\/8-blandade-tankar-pa-sondagen-69\/\"},\"author\":{\"name\":\"Tomas Jarvid\",\"@id\":\"https:\/\/blogg.svenskakyrkan.se\/vandravagen\/#\/schema\/person\/25da02d4f76b137d04291711e2c9fc16\"},\"headline\":\"8 blandade tankar p\u00e5 s\u00f6ndagen\",\"datePublished\":\"2022-08-21T05:38:00+00:00\",\"mainEntityOfPage\":{\"@id\":\"https:\/\/blogg.svenskakyrkan.se\/vandravagen\/2022\/08\/21\/8-blandade-tankar-pa-sondagen-69\/\"},\"wordCount\":359,\"commentCount\":2,\"publisher\":{\"@id\":\"https:\/\/blogg.svenskakyrkan.se\/vandravagen\/#organization\"},\"image\":{\"@id\":\"https:\/\/blogg.svenskakyrkan.se\/vandravagen\/2022\/08\/21\/8-blandade-tankar-pa-sondagen-69\/#primaryimage\"},\"thumbnailUrl\":\"https:\/\/blogg.svenskakyrkan.se\/vandravagen\/files\/2022\/08\/IMG_1021-rotated.jpg\",\"inLanguage\":\"sv-SE\",\"potentialAction\":[{\"@type\":\"CommentAction\",\"name\":\"Comment\",\"target\":[\"https:\/\/blogg.svenskakyrkan.se\/vandravagen\/2022\/08\/21\/8-blandade-tankar-pa-sondagen-69\/#respond\"]}]},{\"@type\":\"WebPage\",\"@id\":\"https:\/\/blogg.svenskakyrkan.se\/vandravagen\/2022\/08\/21\/8-blandade-tankar-pa-sondagen-69\/\",\"url\":\"https:\/\/blogg.svenskakyrkan.se\/vandravagen\/2022\/08\/21\/8-blandade-tankar-pa-sondagen-69\/\",\"name\":\"8 blandade tankar p\u00e5 s\u00f6ndagen - Vandra V\u00e4gen\",\"isPartOf\":{\"@id\":\"https:\/\/blogg.svenskakyrkan.se\/vandravagen\/#website\"},\"primaryImageOfPage\":{\"@id\":\"https:\/\/blogg.svenskakyrkan.se\/vandravagen\/2022\/08\/21\/8-blandade-tankar-pa-sondagen-69\/#primaryimage\"},\"image\":{\"@id\":\"https:\/\/blogg.svenskakyrkan.se\/vandravagen\/2022\/08\/21\/8-blandade-tankar-pa-sondagen-69\/#primaryimage\"},\"thumbnailUrl\":\"https:\/\/blogg.svenskakyrkan.se\/vandravagen\/files\/2022\/08\/IMG_1021-rotated.jpg\",\"datePublished\":\"2022-08-21T05:38:00+00:00\",\"breadcrumb\":{\"@id\":\"https:\/\/blogg.svenskakyrkan.se\/vandravagen\/2022\/08\/21\/8-blandade-tankar-pa-sondagen-69\/#breadcrumb\"},\"inLanguage\":\"sv-SE\",\"potentialAction\":[{\"@type\":\"ReadAction\",\"target\":[\"https:\/\/blogg.svenskakyrkan.se\/vandravagen\/2022\/08\/21\/8-blandade-tankar-pa-sondagen-69\/\"]}]},{\"@type\":\"ImageObject\",\"inLanguage\":\"sv-SE\",\"@id\":\"https:\/\/blogg.svenskakyrkan.se\/vandravagen\/2022\/08\/21\/8-blandade-tankar-pa-sondagen-69\/#primaryimage\",\"url\":\"https:\/\/blogg.svenskakyrkan.se\/vandravagen\/files\/2022\/08\/IMG_1021-rotated.jpg\",\"contentUrl\":\"https:\/\/blogg.svenskakyrkan.se\/vandravagen\/files\/2022\/08\/IMG_1021-rotated.jpg\",\"width\":1160,\"height\":1544},{\"@type\":\"BreadcrumbList\",\"@id\":\"https:\/\/blogg.svenskakyrkan.se\/vandravagen\/2022\/08\/21\/8-blandade-tankar-pa-sondagen-69\/#breadcrumb\",\"itemListElement\":[{\"@type\":\"ListItem\",\"position\":1,\"name\":\"Hem\",\"item\":\"https:\/\/blogg.svenskakyrkan.se\/vandravagen\/\"},{\"@type\":\"ListItem\",\"position\":2,\"name\":\"8 blandade tankar p\u00e5 s\u00f6ndagen\"}]},{\"@type\":\"WebSite\",\"@id\":\"https:\/\/blogg.svenskakyrkan.se\/vandravagen\/#website\",\"url\":\"https:\/\/blogg.svenskakyrkan.se\/vandravagen\/\",\"name\":\"Vandra V\u00e4gen\",\"description\":\"-Mot en tro f\u00f6r hela livet\",\"publisher\":{\"@id\":\"https:\/\/blogg.svenskakyrkan.se\/vandravagen\/#organization\"},\"potentialAction\":[{\"@type\":\"SearchAction\",\"target\":{\"@type\":\"EntryPoint\",\"urlTemplate\":\"https:\/\/blogg.svenskakyrkan.se\/vandravagen\/?s={search_term_string}\"},\"query-input\":{\"@type\":\"PropertyValueSpecification\",\"valueRequired\":true,\"valueName\":\"search_term_string\"}}],\"inLanguage\":\"sv-SE\"},{\"@type\":\"Organization\",\"@id\":\"https:\/\/blogg.svenskakyrkan.se\/vandravagen\/#organization\",\"name\":\"ulricehamns pastorat\",\"alternateName\":\"ulricehamns pastorat\",\"url\":\"https:\/\/blogg.svenskakyrkan.se\/vandravagen\/\",\"logo\":{\"@type\":\"ImageObject\",\"inLanguage\":\"sv-SE\",\"@id\":\"https:\/\/blogg.svenskakyrkan.se\/vandravagen\/#\/schema\/logo\/image\/\",\"url\":\"https:\/\/blogg.svenskakyrkan.se\/vandravagen\/files\/2023\/05\/Ulr_logo_RGB.png\",\"contentUrl\":\"https:\/\/blogg.svenskakyrkan.se\/vandravagen\/files\/2023\/05\/Ulr_logo_RGB.png\",\"width\":205,\"height\":77,\"caption\":\"ulricehamns pastorat\"},\"image\":{\"@id\":\"https:\/\/blogg.svenskakyrkan.se\/vandravagen\/#\/schema\/logo\/image\/\"},\"sameAs\":[\"http:\/\/facebook.com\/vandravagen\",\"https:\/\/x.com\/fadertomas\",\"http:\/\/www.facebook.com\/svenskakyrkaniulricehamn\"]},{\"@type\":\"Person\",\"@id\":\"https:\/\/blogg.svenskakyrkan.se\/vandravagen\/#\/schema\/person\/25da02d4f76b137d04291711e2c9fc16\",\"name\":\"Tomas Jarvid\",\"image\":{\"@type\":\"ImageObject\",\"inLanguage\":\"sv-SE\",\"@id\":\"https:\/\/blogg.svenskakyrkan.se\/vandravagen\/#\/schema\/person\/image\/\",\"url\":\"https:\/\/secure.gravatar.com\/avatar\/7fa71899795e8f540f615a1f5ab25255dc27aa40f05ee7ddd21aac521e01bf50?s=96&d=identicon&r=g\",\"contentUrl\":\"https:\/\/secure.gravatar.com\/avatar\/7fa71899795e8f540f615a1f5ab25255dc27aa40f05ee7ddd21aac521e01bf50?s=96&d=identicon&r=g\",\"caption\":\"Tomas Jarvid\"},\"description\":\"Jag bor i Ulricehamn i V\u00e4sterg\u00f6tland och \u00e4r f\u00f6rsamlingspr\u00e4st i Svenska Kyrkan f\u00f6r Dalstorps f\u00f6rsamling i Kinds pastorat. P\u00e5 den h\u00e4r bloggen skriver jag ner tankar om vandringen som kristen.\",\"sameAs\":[\"http:\/\/www.vandravagen.se\"],\"url\":\"https:\/\/blogg.svenskakyrkan.se\/vandravagen\/author\/vandravagen\/\"}]}<\/script>\n<!-- \/ Yoast SEO plugin. -->","yoast_head_json":{"title":"8 blandade tankar p\u00e5 s\u00f6ndagen - Vandra V\u00e4gen","robots":{"index":"index","follow":"follow","max-snippet":"max-snippet:-1","max-image-preview":"max-image-preview:large","max-video-preview":"max-video-preview:-1"},"canonical":"https:\/\/blogg.svenskakyrkan.se\/vandravagen\/2022\/08\/21\/8-blandade-tankar-pa-sondagen-69\/","og_locale":"sv_SE","og_type":"article","og_title":"8 blandade tankar p\u00e5 s\u00f6ndagen - Vandra V\u00e4gen","og_description":"1 Glad s\u00f6ndag k\u00e4ra l\u00e4sare! 2. Jag har haft en extra semestervecka nu kring skolstarten. Det har varit v\u00e4ldigt sk\u00f6nt att inte ha f\u00f6r pressat liv s\u00e5 man kunde r\u00e5 om barnen lite efter skolan och s\u00e5. Idag skulle jag egentligen inte vara i tj\u00e4nst men jag ska g\u00f6ra ett litet inhopp och v\u00e4lkomna p\u00e5 [&hellip;]","og_url":"https:\/\/blogg.svenskakyrkan.se\/vandravagen\/2022\/08\/21\/8-blandade-tankar-pa-sondagen-69\/","og_site_name":"Vandra V\u00e4gen","article_publisher":"http:\/\/facebook.com\/vandravagen","article_published_time":"2022-08-21T05:38:00+00:00","og_image":[{"width":1160,"height":1544,"url":"https:\/\/blogg.svenskakyrkan.se\/vandravagen\/files\/2022\/08\/IMG_1021-rotated.jpg","type":"image\/jpeg"}],"author":"Tomas Jarvid","twitter_card":"summary_large_image","twitter_creator":"@fadertomas","twitter_site":"@fadertomas","twitter_misc":{"Skriven av":"Tomas Jarvid","Ber\u00e4knad l\u00e4stid":"2 minuter"},"schema":{"@context":"https:\/\/schema.org","@graph":[{"@type":"Article","@id":"https:\/\/blogg.svenskakyrkan.se\/vandravagen\/2022\/08\/21\/8-blandade-tankar-pa-sondagen-69\/#article","isPartOf":{"@id":"https:\/\/blogg.svenskakyrkan.se\/vandravagen\/2022\/08\/21\/8-blandade-tankar-pa-sondagen-69\/"},"author":{"name":"Tomas Jarvid","@id":"https:\/\/blogg.svenskakyrkan.se\/vandravagen\/#\/schema\/person\/25da02d4f76b137d04291711e2c9fc16"},"headline":"8 blandade tankar p\u00e5 s\u00f6ndagen","datePublished":"2022-08-21T05:38:00+00:00","mainEntityOfPage":{"@id":"https:\/\/blogg.svenskakyrkan.se\/vandravagen\/2022\/08\/21\/8-blandade-tankar-pa-sondagen-69\/"},"wordCount":359,"commentCount":2,"publisher":{"@id":"https:\/\/blogg.svenskakyrkan.se\/vandravagen\/#organization"},"image":{"@id":"https:\/\/blogg.svenskakyrkan.se\/vandravagen\/2022\/08\/21\/8-blandade-tankar-pa-sondagen-69\/#primaryimage"},"thumbnailUrl":"https:\/\/blogg.svenskakyrkan.se\/vandravagen\/files\/2022\/08\/IMG_1021-rotated.jpg","inLanguage":"sv-SE","potentialAction":[{"@type":"CommentAction","name":"Comment","target":["https:\/\/blogg.svenskakyrkan.se\/vandravagen\/2022\/08\/21\/8-blandade-tankar-pa-sondagen-69\/#respond"]}]},{"@type":"WebPage","@id":"https:\/\/blogg.svenskakyrkan.se\/vandravagen\/2022\/08\/21\/8-blandade-tankar-pa-sondagen-69\/","url":"https:\/\/blogg.svenskakyrkan.se\/vandravagen\/2022\/08\/21\/8-blandade-tankar-pa-sondagen-69\/","name":"8 blandade tankar p\u00e5 s\u00f6ndagen - Vandra V\u00e4gen","isPartOf":{"@id":"https:\/\/blogg.svenskakyrkan.se\/vandravagen\/#website"},"primaryImageOfPage":{"@id":"https:\/\/blogg.svenskakyrkan.se\/vandravagen\/2022\/08\/21\/8-blandade-tankar-pa-sondagen-69\/#primaryimage"},"image":{"@id":"https:\/\/blogg.svenskakyrkan.se\/vandravagen\/2022\/08\/21\/8-blandade-tankar-pa-sondagen-69\/#primaryimage"},"thumbnailUrl":"https:\/\/blogg.svenskakyrkan.se\/vandravagen\/files\/2022\/08\/IMG_1021-rotated.jpg","datePublished":"2022-08-21T05:38:00+00:00","breadcrumb":{"@id":"https:\/\/blogg.svenskakyrkan.se\/vandravagen\/2022\/08\/21\/8-blandade-tankar-pa-sondagen-69\/#breadcrumb"},"inLanguage":"sv-SE","potentialAction":[{"@type":"ReadAction","target":["https:\/\/blogg.svenskakyrkan.se\/vandravagen\/2022\/08\/21\/8-blandade-tankar-pa-sondagen-69\/"]}]},{"@type":"ImageObject","inLanguage":"sv-SE","@id":"https:\/\/blogg.svenskakyrkan.se\/vandravagen\/2022\/08\/21\/8-blandade-tankar-pa-sondagen-69\/#primaryimage","url":"https:\/\/blogg.svenskakyrkan.se\/vandravagen\/files\/2022\/08\/IMG_1021-rotated.jpg","contentUrl":"https:\/\/blogg.svenskakyrkan.se\/vandravagen\/files\/2022\/08\/IMG_1021-rotated.jpg","width":1160,"height":1544},{"@type":"BreadcrumbList","@id":"https:\/\/blogg.svenskakyrkan.se\/vandravagen\/2022\/08\/21\/8-blandade-tankar-pa-sondagen-69\/#breadcrumb","itemListElement":[{"@type":"ListItem","position":1,"name":"Hem","item":"https:\/\/blogg.svenskakyrkan.se\/vandravagen\/"},{"@type":"ListItem","position":2,"name":"8 blandade tankar p\u00e5 s\u00f6ndagen"}]},{"@type":"WebSite","@id":"https:\/\/blogg.svenskakyrkan.se\/vandravagen\/#website","url":"https:\/\/blogg.svenskakyrkan.se\/vandravagen\/","name":"Vandra V\u00e4gen","description":"-Mot en tro f\u00f6r hela livet","publisher":{"@id":"https:\/\/blogg.svenskakyrkan.se\/vandravagen\/#organization"},"potentialAction":[{"@type":"SearchAction","target":{"@type":"EntryPoint","urlTemplate":"https:\/\/blogg.svenskakyrkan.se\/vandravagen\/?s={search_term_string}"},"query-input":{"@type":"PropertyValueSpecification","valueRequired":true,"valueName":"search_term_string"}}],"inLanguage":"sv-SE"},{"@type":"Organization","@id":"https:\/\/blogg.svenskakyrkan.se\/vandravagen\/#organization","name":"ulricehamns pastorat","alternateName":"ulricehamns pastorat","url":"https:\/\/blogg.svenskakyrkan.se\/vandravagen\/","logo":{"@type":"ImageObject","inLanguage":"sv-SE","@id":"https:\/\/blogg.svenskakyrkan.se\/vandravagen\/#\/schema\/logo\/image\/","url":"https:\/\/blogg.svenskakyrkan.se\/vandravagen\/files\/2023\/05\/Ulr_logo_RGB.png","contentUrl":"https:\/\/blogg.svenskakyrkan.se\/vandravagen\/files\/2023\/05\/Ulr_logo_RGB.png","width":205,"height":77,"caption":"ulricehamns pastorat"},"image":{"@id":"https:\/\/blogg.svenskakyrkan.se\/vandravagen\/#\/schema\/logo\/image\/"},"sameAs":["http:\/\/facebook.com\/vandravagen","https:\/\/x.com\/fadertomas","http:\/\/www.facebook.com\/svenskakyrkaniulricehamn"]},{"@type":"Person","@id":"https:\/\/blogg.svenskakyrkan.se\/vandravagen\/#\/schema\/person\/25da02d4f76b137d04291711e2c9fc16","name":"Tomas Jarvid","image":{"@type":"ImageObject","inLanguage":"sv-SE","@id":"https:\/\/blogg.svenskakyrkan.se\/vandravagen\/#\/schema\/person\/image\/","url":"https:\/\/secure.gravatar.com\/avatar\/7fa71899795e8f540f615a1f5ab25255dc27aa40f05ee7ddd21aac521e01bf50?s=96&d=identicon&r=g","contentUrl":"https:\/\/secure.gravatar.com\/avatar\/7fa71899795e8f540f615a1f5ab25255dc27aa40f05ee7ddd21aac521e01bf50?s=96&d=identicon&r=g","caption":"Tomas Jarvid"},"description":"Jag bor i Ulricehamn i V\u00e4sterg\u00f6tland och \u00e4r f\u00f6rsamlingspr\u00e4st i Svenska Kyrkan f\u00f6r Dalstorps f\u00f6rsamling i Kinds pastorat. P\u00e5 den h\u00e4r bloggen skriver jag ner tankar om vandringen som kristen.","sameAs":["http:\/\/www.vandravagen.se"],"url":"https:\/\/blogg.svenskakyrkan.se\/vandravagen\/author\/vandravagen\/"}]}},"author_meta":{"ID":"392","user_nicename":"vandravagen","user_url":"http:\/\/www.vandravagen.se","user_registered":"2014-05-19 05:44:52","display_name":"Tomas Jarvid","first_name":"Tomas","last_name":"Jarvid","avatar":"https:\/\/secure.gravatar.com\/avatar\/7fa71899795e8f540f615a1f5ab25255dc27aa40f05ee7ddd21aac521e01bf50?s=96&d=identicon&r=g"},"featured_image":["https:\/\/blogg.svenskakyrkan.se\/vandravagen\/files\/2022\/08\/IMG_1021-1024x1363.jpg",1024,1363,true],"bloginfo":{"name":"Vandra V\u00e4gen","url":"https:\/\/blogg.svenskakyrkan.se\/vandravagen"},"_links":{"self":[{"href":"https:\/\/blogg.svenskakyrkan.se\/vandravagen\/wp-json\/wp\/v2\/posts\/9062","targetHints":{"allow":["GET"]}}],"collection":[{"href":"https:\/\/blogg.svenskakyrkan.se\/vandravagen\/wp-json\/wp\/v2\/posts"}],"about":[{"href":"https:\/\/blogg.svenskakyrkan.se\/vandravagen\/wp-json\/wp\/v2\/types\/post"}],"author":[{"embeddable":true,"href":"https:\/\/blogg.svenskakyrkan.se\/vandravagen\/wp-json\/wp\/v2\/users\/392"}],"replies":[{"embeddable":true,"href":"https:\/\/blogg.svenskakyrkan.se\/vandravagen\/wp-json\/wp\/v2\/comments?post=9062"}],"version-history":[{"count":1,"href":"https:\/\/blogg.svenskakyrkan.se\/vandravagen\/wp-json\/wp\/v2\/posts\/9062\/revisions"}],"predecessor-version":[{"id":9064,"href":"https:\/\/blogg.svenskakyrkan.se\/vandravagen\/wp-json\/wp\/v2\/posts\/9062\/revisions\/9064"}],"wp:featuredmedia":[{"embeddable":true,"href":"https:\/\/blogg.svenskakyrkan.se\/vandravagen\/wp-json\/wp\/v2\/media\/9063"}],"wp:attachment":[{"href":"https:\/\/blogg.svenskakyrkan.se\/vandravagen\/wp-json\/wp\/v2\/media?parent=9062"}],"wp:term":[{"taxonomy":"category","embeddable":true,"href":"https:\/\/blogg.svenskakyrkan.se\/vandravagen\/wp-json\/wp\/v2\/categories?post=9062"},{"taxonomy":"post_tag","embeddable":true,"href":"https:\/\/blogg.svenskakyrkan.se\/vandravagen\/wp-json\/wp\/v2\/tags?post=9062"}],"curies":[{"name":"wp","href":"https:\/\/api.w.org\/{rel}","templated":true}]}}