{"id":9136,"date":"2022-10-31T23:06:22","date_gmt":"2022-10-31T22:06:22","guid":{"rendered":"https:\/\/blogg.svenskakyrkan.se\/vandravagen\/?p=9136"},"modified":"2022-10-31T23:06:24","modified_gmt":"2022-10-31T22:06:24","slug":"gemenskapen-som-trasig-vagskylt-till-gud","status":"publish","type":"post","link":"https:\/\/blogg.svenskakyrkan.se\/vandravagen\/2022\/10\/31\/gemenskapen-som-trasig-vagskylt-till-gud\/","title":{"rendered":"Gemenskapen som trasig v\u00e4gskylt till Gud"},"content":{"rendered":"\n\n\n<figure class=\"wp-block-image size-large\"><img loading=\"lazy\" decoding=\"async\" width=\"1024\" height=\"768\" src=\"https:\/\/blogg.svenskakyrkan.se\/vandravagen\/files\/2022\/10\/IMG_1382-1024x768.jpg\" alt=\"\" class=\"wp-image-9138\" srcset=\"https:\/\/blogg.svenskakyrkan.se\/vandravagen\/files\/2022\/10\/IMG_1382-1024x768.jpg 1024w, https:\/\/blogg.svenskakyrkan.se\/vandravagen\/files\/2022\/10\/IMG_1382-300x225.jpg 300w, https:\/\/blogg.svenskakyrkan.se\/vandravagen\/files\/2022\/10\/IMG_1382-768x576.jpg 768w, https:\/\/blogg.svenskakyrkan.se\/vandravagen\/files\/2022\/10\/IMG_1382-1536x1152.jpg 1536w, https:\/\/blogg.svenskakyrkan.se\/vandravagen\/files\/2022\/10\/IMG_1382-1200x900.jpg 1200w, https:\/\/blogg.svenskakyrkan.se\/vandravagen\/files\/2022\/10\/IMG_1382.jpg 2016w\" sizes=\"auto, (max-width: 1024px) 100vw, 1024px\" \/><\/figure>\n\n\n\n<p>H\u00e4r \u00e4r min predikan fr\u00e5n \u00e5sundengudstj\u00e4nsten i Tv\u00e4rred i s\u00f6ndags. Det var en sp\u00e4nnande predikan att h\u00e5lla d\u00e5 salen var stimmig av alla ritande barn och jag f\u00f6rs\u00f6kte hantera min egenkonstruerade rekvisita. Skylten p\u00e5 bilden ovan dyker allts\u00e5 upp igen p\u00e5 slutet i utvecklad form. Hoppas det h\u00e4r \u00e4r till gl\u00e4dje f\u00f6r dig.<\/p>\n\n\n\n<h2 class=\"wp-block-heading\">Gemenskap som v\u00e4gskylt till Gud<\/h2>\n\n\n\n<p>Jag h\u00e5ller p\u00e5 och l\u00e4ser en bok av den store teologen Tom Wright. Jag har inte l\u00e4st s\u00e5 mycket men jag fyller i luckorna lite p\u00e5 egen hand h\u00e4r. Han skriver om olika \u201dv\u00e4gskyltar\u201d. Allts\u00e5 saker i v\u00e5r v\u00e4rld som pekar mot Gud. Och han menar att det finns s\u00e5na men att de \u00e4r trasiga p\u00e5 olika s\u00e4tt s\u00e5 att de knappt funkar l\u00e4ngre.<\/p>\n\n\n\n<p>En s\u00e5n v\u00e4gskylt skulle kunna vara det som \u00e4r \u00f6verskriften idag om att leva tillsammans. \u201dGEMENSKAP\u201d. Gemenskap \u00e4r n\u00e5got m\u00e4nniskor \u00f6ver hela v\u00e4rlden och i alla tider sett som bland det viktigaste av allt. Jag har med en skylt h\u00e4r, \u201dgemenskap\u201d st\u00e5r det. Vad pekar den mot? S\u00e4ger det n\u00e5got om v\u00e4rlden?<\/p>\n\n\n\n<p>Gemenskap skulle kunna ses som en skylt som pekar mot Gud dels eftersom Gud \u00e4r k\u00e4llan till allt gott men dels eftersom det visar oss att m\u00e4nniskan inte \u00e4r nog i sig sj\u00e4lv, vi kan bara vara m\u00e4nniskor genom att vara delaktiga i n\u00e5got st\u00f6rre, relationer som ger mening och sammanhang och en v\u00e4rld att f\u00f6rundras \u00f6ver. I bibelns b\u00f6rjan ser Gud att det inte \u00e4r bra f\u00f6r m\u00e4nniskan att vara ensam s\u00e5 Adam och Eva f\u00e5r ha varandra, tillsammans \u00e4r de Guds avbild. Vi har treenighetsl\u00e4ran i kyrkan och ibland kan det verka som att vi har den f\u00f6r att vara kr\u00e5ngliga f\u00f6r den \u00e4r ett stort mysterium men den s\u00e4ger oss faktiskt att Gud sj\u00e4lv \u00e4r en slags gemenskap av Fader, Son och Ande.\u00a0<\/p>\n\n\n\n<h2 class=\"wp-block-heading\">Skylten \u00e4r trasig<\/h2>\n\n\n\n<p>Men den d\u00e4r v\u00e4gskylten som kanske pekar mot Gud \u00e4r tyv\u00f6rr ocks\u00e5 trasig. Det \u00e4r v\u00e4ldigt sv\u00e5rt med gemenskap. Adam och Eva klarar sig inte l\u00e4nge innan de skyller p\u00e5 varandra f\u00f6r att r\u00e4dda sig sj\u00e4lva.<\/p>\n\n\n\n<p>Jag fick prata med skolbarn om r\u00e4dsla nyligen och att man kan vara r\u00e4dd f\u00f6r m\u00f6rker och h\u00f6jder och kvicksand och allt m\u00f6jligt men att n\u00e4r det kommer till kritan \u00e4r det nog varandra vi \u00e4r mest r\u00e4dda f\u00f6r. Min kloka kollega Christoffer uttryckte det s\u00e5 att man undrar \u201dkan n\u00e5gon t\u00e5la mig\u201d orka med mig som jag \u00e4r.&nbsp; \u00c4lska mig, st\u00e4lla upp f\u00f6r mig. Eller ska jag beh\u00f6va vara n\u00e5gon annan f\u00f6r att vara med. Ju mer man \u00e4r med om tr\u00e5nga gemenskaper d\u00e4r det g\u00e4ller att vara p\u00e5 r\u00e4tt s\u00e4tt, desto mindre k\u00e4nns det som att gemenskap pekar mot himlen. Eller s\u00e5 t\u00e4nker vi likadant om Gud. Att Gud nog \u00e4r en f\u00f6rtryckande kraft som vi m\u00e5ste spela en roll inf\u00f6r.<\/p>\n\n\n\n<p>Men om det \u00e4r sv\u00e5rt att leva tillsammans s\u00e5 \u00e4r det sv\u00e5rt att leva ensam ocks\u00e5. I m\u00e5nga kulturer har man inte sett d\u00f6den som det v\u00e4rsta straffet man kan f\u00e5 utan att bli utesluten ur gruppen. Och det \u00e4r kanske det m\u00e5nga av oss \u00e4r mest r\u00e4dda f\u00f6r.&nbsp;<\/p>\n\n\n\n<p>Finns det d\u00e5 n\u00e5gon som kan laga den d\u00e4r skylten och g\u00f6ra s\u00e5 att gemenskap pekar p\u00e5 Gud igen? R\u00e4tt svar \u00e4r f\u00f6rst\u00e5s, eftersom vi \u00e4r i kyrkan: Jesus. Det h\u00e4r f\u00e5r blir skissartat f\u00f6r att l\u00f6sa sociala problem \u00e4r ju alltid j\u00e4ttekr\u00e5ngligt men h\u00e4r \u00e4r i alla fall en snabb grund.\u00a0<\/p>\n\n\n\n<h2 class=\"wp-block-heading\">Jesus lagar skylten<\/h2>\n\n\n\n<p>Det blir inte s\u00e5 mycket om johannesevangelietexten idag, den \u00e4r ju del i den m\u00e4ktiga ber\u00e4ttelsen om hur Jesus uppv\u00e4cker Lasaros d\u00e5 han varit d\u00f6d i flera dagar men vi har f\u00e5tt en liten snutt i b\u00f6rjan.&nbsp;<\/p>\n\n\n\n<p>Johannesevangeliet \u00e4r aktuell denna h\u00f6st med en ny musikal av Mikael Ryde som vi f\u00e5r g\u00e5 p\u00e5 i domss\u00f6ndagshelgen. D\u00e4r finns m\u00e5nga speciella teman! En sak vi kan l\u00e4gga m\u00e4rke till om Lasaros \u00e4r att han \u00e4r Jesus v\u00e4n. Och vi f\u00f6rst\u00e5r att p\u00e5 n\u00e5got s\u00e4tt \u00e4r Lasaros ocks\u00e5 du och jag. Vi f\u00e5r r\u00e4kna oss som Jesus v\u00e4nner.\u00a0<\/p>\n\n\n\n<h2 class=\"wp-block-heading\">\u00c5terst\u00e4ller v\u00e5rt f\u00f6rh\u00e5llande till Gud<\/h2>\n\n\n\n<p>Jesus ville ha m\u00e5nga v\u00e4nner. Man kan s\u00e4ga att det var en v\u00e4ldigt stor del av hans verksamhet att vandra runt och s\u00e4ga till folk att Gud f\u00f6rl\u00e5ter dem deras synder och att de \u00e4r v\u00e4lkomna in i gemenskapen med Gud. \u00c4ven s\u00e5na som ingen annan ville ha med vill Gud ha med. Det \u00e4r riktat till oss nutidsfolk ocks\u00e5, Gud vill ha med dig och mig. Ha med oss att g\u00f6ra. Ha med oss i det Gud vill g\u00f6ra i v\u00e4rlden. <strong>Jesus \u00e5terst\u00e4ller v\u00e5r f\u00f6rh\u00e5llande t<\/strong>ill Gud genom att ta bort hinder mellan oss.<\/p>\n\n\n\n<h2 class=\"wp-block-heading\">\u00c5terst\u00e4ller v\u00e5rt f\u00f6rtroende f\u00f6r Gud<\/h2>\n\n\n\n<p><strong>Jesus \u00e5terst\u00e4ller ocks\u00e5 v\u00e5rt f\u00f6rtroende<\/strong> f\u00f6r Gud. Sedan Adam och Evas dagar misstror vi Gud. Vi tror inte gemenskapen med Gud \u00e4r trygg utan har en m\u00f6rk misstanke om att det finns n\u00e5got kontrollerande och f\u00f6rtryckande med i bilden. Jesus \u00e5terst\u00e4ller v\u00e5rt f\u00f6rtroende genom att visa hur l\u00e5ngt Gud \u00e4r beredd att g\u00e5 f\u00f6r v\u00e5r skull i sin stora omsorg. Gud tar vad man vackert kallar \u201dk\u00e4rlekens initiativ\u201d. Gud \u00e4r den som tar tag i att \u00e5terbygga relationen till m\u00e4nniskan genom att komma till jorden i Jesus Kristus. Det vet man ju att <strong>det kostar p\u00e5 att ta f\u00f6rsta steget <\/strong>f\u00f6r att l\u00f6sa relationsproblem. Jesus betalar ocks\u00e5 ett oerh\u00f6rt pris, sitt eget liv. Det g\u00e5r inte att f\u00f6rklara p\u00e5 n\u00e5got annat s\u00e4tt en som ett k\u00e4rleksbevis.<\/p>\n\n\n\n<h2 class=\"wp-block-heading\">\u00c5terst\u00e4ller v\u00e5rt f\u00f6rh\u00e5llningss\u00e4tt. Till varandra.<\/h2>\n\n\n\n<p>Jesus \u00e5terst\u00e4ller <strong>f\u00f6rh\u00e5llandet<\/strong>, <strong>f\u00f6rtroendet<\/strong> och s\u00e5 ska vi ha n\u00e5got tredje s\u00e5 det l\u00e5ter bra\u2026 Kan <strong>F\u00d6RH\u00c5LLNINGSS\u00c4TTET<\/strong> vara sn\u00e4rtigt och likt de andra tv\u00e5?<\/p>\n\n\n\n<p>Nu f\u00e5r vi tala m\u00e4nniskosyn. Om Jesus behandlar oss s\u00e5, med omsorg och barmh\u00e4rtighet, och om Jesus ser s\u00e5 p\u00e5 de andra m\u00e4nniskorna omkring oss, till och med de vi inte gillar alls. Om Jesus s\u00e4ger att Gud bryr sig om minsta sparv och blomma. D\u00e5 f\u00e5r vi allt ta och lyssna p\u00e5 Jesus. Det \u00e4r rimligt efter allt han gjort f\u00f6r oss. Episteln n\u00e4mnde de i f\u00e4ngelse och andra utsatta grupper, att man kan se en fr\u00e4mling man m\u00f6ter som att det kanske \u00e4r en f\u00f6rkl\u00e4dd \u00e4ngel som kommit och som man m\u00e5ste behandla som det anst\u00e5r en medm\u00e4nniska. S\u00e5 talas det inte om alla medm\u00e4nniskor i v\u00e5rt land idag kan man v\u00e4l lugnt s\u00e4ga. F\u00f6rs\u00f6k se p\u00e5 andra med Jesus \u00f6gon.<\/p>\n\n\n\n<figure class=\"wp-block-image size-large\"><img loading=\"lazy\" decoding=\"async\" width=\"1024\" height=\"1365\" src=\"https:\/\/blogg.svenskakyrkan.se\/vandravagen\/files\/2022\/10\/IMG_1383-1024x1365.jpg\" alt=\"\" class=\"wp-image-9139\" srcset=\"https:\/\/blogg.svenskakyrkan.se\/vandravagen\/files\/2022\/10\/IMG_1383-1024x1365.jpg 1024w, https:\/\/blogg.svenskakyrkan.se\/vandravagen\/files\/2022\/10\/IMG_1383-300x400.jpg 300w, https:\/\/blogg.svenskakyrkan.se\/vandravagen\/files\/2022\/10\/IMG_1383-768x1024.jpg 768w, https:\/\/blogg.svenskakyrkan.se\/vandravagen\/files\/2022\/10\/IMG_1383-1152x1536.jpg 1152w, https:\/\/blogg.svenskakyrkan.se\/vandravagen\/files\/2022\/10\/IMG_1383-1200x1600.jpg 1200w, https:\/\/blogg.svenskakyrkan.se\/vandravagen\/files\/2022\/10\/IMG_1383-rotated.jpg 1512w\" sizes=\"auto, (max-width: 1024px) 100vw, 1024px\" \/><\/figure>\n\n\n\n<p>V\u00e4gskylten \u00e4r \u00e5teruppr\u00e4ttad av Jesus som visar oss hur gemenskap \u00e4r t\u00e4nkt. V\u00e5r medf\u00f6dda l\u00e4ngtan efter gemenskap h\u00e4nger verkligen ihop med v\u00e5rt ursprung hos Gud. Jesus lagar skylten s\u00e5 att gemenskapen b\u00e5de upp\u00e5t med himlen och med varandra h\u00e4r p\u00e5 horisontalplanet f\u00f6rnyas. Gemenskap med Gud som s\u00f6ker upp oss, och som en f\u00f6ljd gemenskap med varandra. S\u00e5 den h\u00e4r skylten kan nog peka \u00e5t m\u00e5nga h\u00e5ll samtidigt! Titta det blev ett kors. Den nya gemenskapen str\u00e4cker sig b\u00e5de upp\u00e5t och ut\u00e5t mot varandra.<\/p>\n","protected":false},"excerpt":{"rendered":"<p>H\u00e4r \u00e4r min predikan fr\u00e5n \u00e5sundengudstj\u00e4nsten i Tv\u00e4rred i s\u00f6ndags. Det var en sp\u00e4nnande predikan att h\u00e5lla d\u00e5 salen var stimmig av alla ritande barn och jag f\u00f6rs\u00f6kte hantera min egenkonstruerade rekvisita. Skylten p\u00e5 bilden ovan dyker allts\u00e5 upp igen p\u00e5 slutet i utvecklad form. Hoppas det h\u00e4r \u00e4r till gl\u00e4dje f\u00f6r dig. Gemenskap som [&hellip;]<\/p>\n","protected":false},"author":392,"featured_media":9138,"comment_status":"open","ping_status":"open","sticky":false,"template":"","format":"standard","meta":{"_acf_changed":false,"footnotes":""},"categories":[114,81117,117],"tags":[84033,84035,84034,84026,83878,83880,83879,83901,83890,84027,84036,84030,83875,84032,83922,84028,84031,84029],"class_list":["post-9136","post","type-post","status-publish","format-standard","has-post-thumbnail","hentry","category-predikan","category-skapelseteologi","category-teologi","tag-forhallande","tag-forhallningssatt","tag-fortroende","tag-gemenskap","tag-jesus","tag-kristen","tag-kristen-tro","tag-kyrka","tag-kyrkan","tag-leva-tillsammans","tag-manniskosyn","tag-nt-wright","tag-predikan","tag-signposts","tag-skapelsen","tag-skylt","tag-tom-wright","tag-vagskylt"],"acf":[],"yoast_head":"<!-- This site is optimized with the Yoast SEO plugin v27.1.1 - https:\/\/yoast.com\/product\/yoast-seo-wordpress\/ -->\n<title>Gemenskapen som trasig v\u00e4gskylt till Gud - Vandra V\u00e4gen<\/title>\n<meta name=\"robots\" content=\"index, follow, max-snippet:-1, max-image-preview:large, max-video-preview:-1\" \/>\n<link rel=\"canonical\" href=\"https:\/\/blogg.svenskakyrkan.se\/vandravagen\/2022\/10\/31\/gemenskapen-som-trasig-vagskylt-till-gud\/\" \/>\n<meta property=\"og:locale\" content=\"sv_SE\" \/>\n<meta property=\"og:type\" content=\"article\" \/>\n<meta property=\"og:title\" content=\"Gemenskapen som trasig v\u00e4gskylt till Gud - Vandra V\u00e4gen\" \/>\n<meta property=\"og:description\" content=\"H\u00e4r \u00e4r min predikan fr\u00e5n \u00e5sundengudstj\u00e4nsten i Tv\u00e4rred i s\u00f6ndags. Det var en sp\u00e4nnande predikan att h\u00e5lla d\u00e5 salen var stimmig av alla ritande barn och jag f\u00f6rs\u00f6kte hantera min egenkonstruerade rekvisita. Skylten p\u00e5 bilden ovan dyker allts\u00e5 upp igen p\u00e5 slutet i utvecklad form. Hoppas det h\u00e4r \u00e4r till gl\u00e4dje f\u00f6r dig. Gemenskap som [&hellip;]\" \/>\n<meta property=\"og:url\" content=\"https:\/\/blogg.svenskakyrkan.se\/vandravagen\/2022\/10\/31\/gemenskapen-som-trasig-vagskylt-till-gud\/\" \/>\n<meta property=\"og:site_name\" content=\"Vandra V\u00e4gen\" \/>\n<meta property=\"article:publisher\" content=\"http:\/\/facebook.com\/vandravagen\" \/>\n<meta property=\"article:published_time\" content=\"2022-10-31T22:06:22+00:00\" \/>\n<meta property=\"article:modified_time\" content=\"2022-10-31T22:06:24+00:00\" \/>\n<meta property=\"og:image\" content=\"https:\/\/blogg.svenskakyrkan.se\/vandravagen\/files\/2022\/10\/IMG_1382.jpg\" \/>\n\t<meta property=\"og:image:width\" content=\"2016\" \/>\n\t<meta property=\"og:image:height\" content=\"1512\" \/>\n\t<meta property=\"og:image:type\" content=\"image\/jpeg\" \/>\n<meta name=\"author\" content=\"Tomas Jarvid\" \/>\n<meta name=\"twitter:card\" content=\"summary_large_image\" \/>\n<meta name=\"twitter:creator\" content=\"@fadertomas\" \/>\n<meta name=\"twitter:site\" content=\"@fadertomas\" \/>\n<meta name=\"twitter:label1\" content=\"Skriven av\" \/>\n\t<meta name=\"twitter:data1\" content=\"Tomas Jarvid\" \/>\n\t<meta name=\"twitter:label2\" content=\"Ber\u00e4knad l\u00e4stid\" \/>\n\t<meta name=\"twitter:data2\" content=\"7 minuter\" \/>\n<script type=\"application\/ld+json\" class=\"yoast-schema-graph\">{\"@context\":\"https:\/\/schema.org\",\"@graph\":[{\"@type\":\"Article\",\"@id\":\"https:\/\/blogg.svenskakyrkan.se\/vandravagen\/2022\/10\/31\/gemenskapen-som-trasig-vagskylt-till-gud\/#article\",\"isPartOf\":{\"@id\":\"https:\/\/blogg.svenskakyrkan.se\/vandravagen\/2022\/10\/31\/gemenskapen-som-trasig-vagskylt-till-gud\/\"},\"author\":{\"name\":\"Tomas Jarvid\",\"@id\":\"https:\/\/blogg.svenskakyrkan.se\/vandravagen\/#\/schema\/person\/25da02d4f76b137d04291711e2c9fc16\"},\"headline\":\"Gemenskapen som trasig v\u00e4gskylt till Gud\",\"datePublished\":\"2022-10-31T22:06:22+00:00\",\"dateModified\":\"2022-10-31T22:06:24+00:00\",\"mainEntityOfPage\":{\"@id\":\"https:\/\/blogg.svenskakyrkan.se\/vandravagen\/2022\/10\/31\/gemenskapen-som-trasig-vagskylt-till-gud\/\"},\"wordCount\":1372,\"commentCount\":0,\"publisher\":{\"@id\":\"https:\/\/blogg.svenskakyrkan.se\/vandravagen\/#organization\"},\"image\":{\"@id\":\"https:\/\/blogg.svenskakyrkan.se\/vandravagen\/2022\/10\/31\/gemenskapen-som-trasig-vagskylt-till-gud\/#primaryimage\"},\"thumbnailUrl\":\"https:\/\/blogg.svenskakyrkan.se\/vandravagen\/files\/2022\/10\/IMG_1382.jpg\",\"keywords\":[\"f\u00f6rh\u00e5llande\",\"f\u00f6rh\u00e5llningss\u00e4tt\",\"f\u00f6rtroende\",\"gemenskap\",\"Jesus\",\"kristen\",\"kristen tro\",\"kyrka\",\"kyrkan\",\"leva tillsammans\",\"m\u00e4nniskosyn\",\"nt wright\",\"predikan\",\"signposts\",\"skapelsen\",\"skylt\",\"tom wright\",\"v\u00e4gskylt\"],\"articleSection\":[\"predikan\",\"skapelseteologi\",\"Teologi\"],\"inLanguage\":\"sv-SE\",\"potentialAction\":[{\"@type\":\"CommentAction\",\"name\":\"Comment\",\"target\":[\"https:\/\/blogg.svenskakyrkan.se\/vandravagen\/2022\/10\/31\/gemenskapen-som-trasig-vagskylt-till-gud\/#respond\"]}]},{\"@type\":\"WebPage\",\"@id\":\"https:\/\/blogg.svenskakyrkan.se\/vandravagen\/2022\/10\/31\/gemenskapen-som-trasig-vagskylt-till-gud\/\",\"url\":\"https:\/\/blogg.svenskakyrkan.se\/vandravagen\/2022\/10\/31\/gemenskapen-som-trasig-vagskylt-till-gud\/\",\"name\":\"Gemenskapen som trasig v\u00e4gskylt till Gud - Vandra V\u00e4gen\",\"isPartOf\":{\"@id\":\"https:\/\/blogg.svenskakyrkan.se\/vandravagen\/#website\"},\"primaryImageOfPage\":{\"@id\":\"https:\/\/blogg.svenskakyrkan.se\/vandravagen\/2022\/10\/31\/gemenskapen-som-trasig-vagskylt-till-gud\/#primaryimage\"},\"image\":{\"@id\":\"https:\/\/blogg.svenskakyrkan.se\/vandravagen\/2022\/10\/31\/gemenskapen-som-trasig-vagskylt-till-gud\/#primaryimage\"},\"thumbnailUrl\":\"https:\/\/blogg.svenskakyrkan.se\/vandravagen\/files\/2022\/10\/IMG_1382.jpg\",\"datePublished\":\"2022-10-31T22:06:22+00:00\",\"dateModified\":\"2022-10-31T22:06:24+00:00\",\"breadcrumb\":{\"@id\":\"https:\/\/blogg.svenskakyrkan.se\/vandravagen\/2022\/10\/31\/gemenskapen-som-trasig-vagskylt-till-gud\/#breadcrumb\"},\"inLanguage\":\"sv-SE\",\"potentialAction\":[{\"@type\":\"ReadAction\",\"target\":[\"https:\/\/blogg.svenskakyrkan.se\/vandravagen\/2022\/10\/31\/gemenskapen-som-trasig-vagskylt-till-gud\/\"]}]},{\"@type\":\"ImageObject\",\"inLanguage\":\"sv-SE\",\"@id\":\"https:\/\/blogg.svenskakyrkan.se\/vandravagen\/2022\/10\/31\/gemenskapen-som-trasig-vagskylt-till-gud\/#primaryimage\",\"url\":\"https:\/\/blogg.svenskakyrkan.se\/vandravagen\/files\/2022\/10\/IMG_1382.jpg\",\"contentUrl\":\"https:\/\/blogg.svenskakyrkan.se\/vandravagen\/files\/2022\/10\/IMG_1382.jpg\",\"width\":2016,\"height\":1512,\"caption\":\"Gemenskap. En v\u00e4gskylt (hemmabygge)\"},{\"@type\":\"BreadcrumbList\",\"@id\":\"https:\/\/blogg.svenskakyrkan.se\/vandravagen\/2022\/10\/31\/gemenskapen-som-trasig-vagskylt-till-gud\/#breadcrumb\",\"itemListElement\":[{\"@type\":\"ListItem\",\"position\":1,\"name\":\"Hem\",\"item\":\"https:\/\/blogg.svenskakyrkan.se\/vandravagen\/\"},{\"@type\":\"ListItem\",\"position\":2,\"name\":\"f\u00f6rh\u00e5llande\",\"item\":\"https:\/\/blogg.svenskakyrkan.se\/vandravagen\/tag\/forhallande\/\"},{\"@type\":\"ListItem\",\"position\":3,\"name\":\"Gemenskapen som trasig v\u00e4gskylt till Gud\"}]},{\"@type\":\"WebSite\",\"@id\":\"https:\/\/blogg.svenskakyrkan.se\/vandravagen\/#website\",\"url\":\"https:\/\/blogg.svenskakyrkan.se\/vandravagen\/\",\"name\":\"Vandra V\u00e4gen\",\"description\":\"-Mot en tro f\u00f6r hela livet\",\"publisher\":{\"@id\":\"https:\/\/blogg.svenskakyrkan.se\/vandravagen\/#organization\"},\"potentialAction\":[{\"@type\":\"SearchAction\",\"target\":{\"@type\":\"EntryPoint\",\"urlTemplate\":\"https:\/\/blogg.svenskakyrkan.se\/vandravagen\/?s={search_term_string}\"},\"query-input\":{\"@type\":\"PropertyValueSpecification\",\"valueRequired\":true,\"valueName\":\"search_term_string\"}}],\"inLanguage\":\"sv-SE\"},{\"@type\":\"Organization\",\"@id\":\"https:\/\/blogg.svenskakyrkan.se\/vandravagen\/#organization\",\"name\":\"ulricehamns pastorat\",\"alternateName\":\"ulricehamns pastorat\",\"url\":\"https:\/\/blogg.svenskakyrkan.se\/vandravagen\/\",\"logo\":{\"@type\":\"ImageObject\",\"inLanguage\":\"sv-SE\",\"@id\":\"https:\/\/blogg.svenskakyrkan.se\/vandravagen\/#\/schema\/logo\/image\/\",\"url\":\"https:\/\/blogg.svenskakyrkan.se\/vandravagen\/files\/2023\/05\/Ulr_logo_RGB.png\",\"contentUrl\":\"https:\/\/blogg.svenskakyrkan.se\/vandravagen\/files\/2023\/05\/Ulr_logo_RGB.png\",\"width\":205,\"height\":77,\"caption\":\"ulricehamns pastorat\"},\"image\":{\"@id\":\"https:\/\/blogg.svenskakyrkan.se\/vandravagen\/#\/schema\/logo\/image\/\"},\"sameAs\":[\"http:\/\/facebook.com\/vandravagen\",\"https:\/\/x.com\/fadertomas\",\"http:\/\/www.facebook.com\/svenskakyrkaniulricehamn\"]},{\"@type\":\"Person\",\"@id\":\"https:\/\/blogg.svenskakyrkan.se\/vandravagen\/#\/schema\/person\/25da02d4f76b137d04291711e2c9fc16\",\"name\":\"Tomas Jarvid\",\"image\":{\"@type\":\"ImageObject\",\"inLanguage\":\"sv-SE\",\"@id\":\"https:\/\/blogg.svenskakyrkan.se\/vandravagen\/#\/schema\/person\/image\/\",\"url\":\"https:\/\/secure.gravatar.com\/avatar\/7fa71899795e8f540f615a1f5ab25255dc27aa40f05ee7ddd21aac521e01bf50?s=96&d=identicon&r=g\",\"contentUrl\":\"https:\/\/secure.gravatar.com\/avatar\/7fa71899795e8f540f615a1f5ab25255dc27aa40f05ee7ddd21aac521e01bf50?s=96&d=identicon&r=g\",\"caption\":\"Tomas Jarvid\"},\"description\":\"Jag bor i Ulricehamn i V\u00e4sterg\u00f6tland och \u00e4r f\u00f6rsamlingspr\u00e4st i Svenska Kyrkan f\u00f6r Dalstorps f\u00f6rsamling i Kinds pastorat. P\u00e5 den h\u00e4r bloggen skriver jag ner tankar om vandringen som kristen.\",\"sameAs\":[\"http:\/\/www.vandravagen.se\"],\"url\":\"https:\/\/blogg.svenskakyrkan.se\/vandravagen\/author\/vandravagen\/\"}]}<\/script>\n<!-- \/ Yoast SEO plugin. -->","yoast_head_json":{"title":"Gemenskapen som trasig v\u00e4gskylt till Gud - Vandra V\u00e4gen","robots":{"index":"index","follow":"follow","max-snippet":"max-snippet:-1","max-image-preview":"max-image-preview:large","max-video-preview":"max-video-preview:-1"},"canonical":"https:\/\/blogg.svenskakyrkan.se\/vandravagen\/2022\/10\/31\/gemenskapen-som-trasig-vagskylt-till-gud\/","og_locale":"sv_SE","og_type":"article","og_title":"Gemenskapen som trasig v\u00e4gskylt till Gud - Vandra V\u00e4gen","og_description":"H\u00e4r \u00e4r min predikan fr\u00e5n \u00e5sundengudstj\u00e4nsten i Tv\u00e4rred i s\u00f6ndags. Det var en sp\u00e4nnande predikan att h\u00e5lla d\u00e5 salen var stimmig av alla ritande barn och jag f\u00f6rs\u00f6kte hantera min egenkonstruerade rekvisita. Skylten p\u00e5 bilden ovan dyker allts\u00e5 upp igen p\u00e5 slutet i utvecklad form. Hoppas det h\u00e4r \u00e4r till gl\u00e4dje f\u00f6r dig. Gemenskap som [&hellip;]","og_url":"https:\/\/blogg.svenskakyrkan.se\/vandravagen\/2022\/10\/31\/gemenskapen-som-trasig-vagskylt-till-gud\/","og_site_name":"Vandra V\u00e4gen","article_publisher":"http:\/\/facebook.com\/vandravagen","article_published_time":"2022-10-31T22:06:22+00:00","article_modified_time":"2022-10-31T22:06:24+00:00","og_image":[{"width":2016,"height":1512,"url":"https:\/\/blogg.svenskakyrkan.se\/vandravagen\/files\/2022\/10\/IMG_1382.jpg","type":"image\/jpeg"}],"author":"Tomas Jarvid","twitter_card":"summary_large_image","twitter_creator":"@fadertomas","twitter_site":"@fadertomas","twitter_misc":{"Skriven av":"Tomas Jarvid","Ber\u00e4knad l\u00e4stid":"7 minuter"},"schema":{"@context":"https:\/\/schema.org","@graph":[{"@type":"Article","@id":"https:\/\/blogg.svenskakyrkan.se\/vandravagen\/2022\/10\/31\/gemenskapen-som-trasig-vagskylt-till-gud\/#article","isPartOf":{"@id":"https:\/\/blogg.svenskakyrkan.se\/vandravagen\/2022\/10\/31\/gemenskapen-som-trasig-vagskylt-till-gud\/"},"author":{"name":"Tomas Jarvid","@id":"https:\/\/blogg.svenskakyrkan.se\/vandravagen\/#\/schema\/person\/25da02d4f76b137d04291711e2c9fc16"},"headline":"Gemenskapen som trasig v\u00e4gskylt till Gud","datePublished":"2022-10-31T22:06:22+00:00","dateModified":"2022-10-31T22:06:24+00:00","mainEntityOfPage":{"@id":"https:\/\/blogg.svenskakyrkan.se\/vandravagen\/2022\/10\/31\/gemenskapen-som-trasig-vagskylt-till-gud\/"},"wordCount":1372,"commentCount":0,"publisher":{"@id":"https:\/\/blogg.svenskakyrkan.se\/vandravagen\/#organization"},"image":{"@id":"https:\/\/blogg.svenskakyrkan.se\/vandravagen\/2022\/10\/31\/gemenskapen-som-trasig-vagskylt-till-gud\/#primaryimage"},"thumbnailUrl":"https:\/\/blogg.svenskakyrkan.se\/vandravagen\/files\/2022\/10\/IMG_1382.jpg","keywords":["f\u00f6rh\u00e5llande","f\u00f6rh\u00e5llningss\u00e4tt","f\u00f6rtroende","gemenskap","Jesus","kristen","kristen tro","kyrka","kyrkan","leva tillsammans","m\u00e4nniskosyn","nt wright","predikan","signposts","skapelsen","skylt","tom wright","v\u00e4gskylt"],"articleSection":["predikan","skapelseteologi","Teologi"],"inLanguage":"sv-SE","potentialAction":[{"@type":"CommentAction","name":"Comment","target":["https:\/\/blogg.svenskakyrkan.se\/vandravagen\/2022\/10\/31\/gemenskapen-som-trasig-vagskylt-till-gud\/#respond"]}]},{"@type":"WebPage","@id":"https:\/\/blogg.svenskakyrkan.se\/vandravagen\/2022\/10\/31\/gemenskapen-som-trasig-vagskylt-till-gud\/","url":"https:\/\/blogg.svenskakyrkan.se\/vandravagen\/2022\/10\/31\/gemenskapen-som-trasig-vagskylt-till-gud\/","name":"Gemenskapen som trasig v\u00e4gskylt till Gud - Vandra V\u00e4gen","isPartOf":{"@id":"https:\/\/blogg.svenskakyrkan.se\/vandravagen\/#website"},"primaryImageOfPage":{"@id":"https:\/\/blogg.svenskakyrkan.se\/vandravagen\/2022\/10\/31\/gemenskapen-som-trasig-vagskylt-till-gud\/#primaryimage"},"image":{"@id":"https:\/\/blogg.svenskakyrkan.se\/vandravagen\/2022\/10\/31\/gemenskapen-som-trasig-vagskylt-till-gud\/#primaryimage"},"thumbnailUrl":"https:\/\/blogg.svenskakyrkan.se\/vandravagen\/files\/2022\/10\/IMG_1382.jpg","datePublished":"2022-10-31T22:06:22+00:00","dateModified":"2022-10-31T22:06:24+00:00","breadcrumb":{"@id":"https:\/\/blogg.svenskakyrkan.se\/vandravagen\/2022\/10\/31\/gemenskapen-som-trasig-vagskylt-till-gud\/#breadcrumb"},"inLanguage":"sv-SE","potentialAction":[{"@type":"ReadAction","target":["https:\/\/blogg.svenskakyrkan.se\/vandravagen\/2022\/10\/31\/gemenskapen-som-trasig-vagskylt-till-gud\/"]}]},{"@type":"ImageObject","inLanguage":"sv-SE","@id":"https:\/\/blogg.svenskakyrkan.se\/vandravagen\/2022\/10\/31\/gemenskapen-som-trasig-vagskylt-till-gud\/#primaryimage","url":"https:\/\/blogg.svenskakyrkan.se\/vandravagen\/files\/2022\/10\/IMG_1382.jpg","contentUrl":"https:\/\/blogg.svenskakyrkan.se\/vandravagen\/files\/2022\/10\/IMG_1382.jpg","width":2016,"height":1512,"caption":"Gemenskap. En v\u00e4gskylt (hemmabygge)"},{"@type":"BreadcrumbList","@id":"https:\/\/blogg.svenskakyrkan.se\/vandravagen\/2022\/10\/31\/gemenskapen-som-trasig-vagskylt-till-gud\/#breadcrumb","itemListElement":[{"@type":"ListItem","position":1,"name":"Hem","item":"https:\/\/blogg.svenskakyrkan.se\/vandravagen\/"},{"@type":"ListItem","position":2,"name":"f\u00f6rh\u00e5llande","item":"https:\/\/blogg.svenskakyrkan.se\/vandravagen\/tag\/forhallande\/"},{"@type":"ListItem","position":3,"name":"Gemenskapen som trasig v\u00e4gskylt till Gud"}]},{"@type":"WebSite","@id":"https:\/\/blogg.svenskakyrkan.se\/vandravagen\/#website","url":"https:\/\/blogg.svenskakyrkan.se\/vandravagen\/","name":"Vandra V\u00e4gen","description":"-Mot en tro f\u00f6r hela livet","publisher":{"@id":"https:\/\/blogg.svenskakyrkan.se\/vandravagen\/#organization"},"potentialAction":[{"@type":"SearchAction","target":{"@type":"EntryPoint","urlTemplate":"https:\/\/blogg.svenskakyrkan.se\/vandravagen\/?s={search_term_string}"},"query-input":{"@type":"PropertyValueSpecification","valueRequired":true,"valueName":"search_term_string"}}],"inLanguage":"sv-SE"},{"@type":"Organization","@id":"https:\/\/blogg.svenskakyrkan.se\/vandravagen\/#organization","name":"ulricehamns pastorat","alternateName":"ulricehamns pastorat","url":"https:\/\/blogg.svenskakyrkan.se\/vandravagen\/","logo":{"@type":"ImageObject","inLanguage":"sv-SE","@id":"https:\/\/blogg.svenskakyrkan.se\/vandravagen\/#\/schema\/logo\/image\/","url":"https:\/\/blogg.svenskakyrkan.se\/vandravagen\/files\/2023\/05\/Ulr_logo_RGB.png","contentUrl":"https:\/\/blogg.svenskakyrkan.se\/vandravagen\/files\/2023\/05\/Ulr_logo_RGB.png","width":205,"height":77,"caption":"ulricehamns pastorat"},"image":{"@id":"https:\/\/blogg.svenskakyrkan.se\/vandravagen\/#\/schema\/logo\/image\/"},"sameAs":["http:\/\/facebook.com\/vandravagen","https:\/\/x.com\/fadertomas","http:\/\/www.facebook.com\/svenskakyrkaniulricehamn"]},{"@type":"Person","@id":"https:\/\/blogg.svenskakyrkan.se\/vandravagen\/#\/schema\/person\/25da02d4f76b137d04291711e2c9fc16","name":"Tomas Jarvid","image":{"@type":"ImageObject","inLanguage":"sv-SE","@id":"https:\/\/blogg.svenskakyrkan.se\/vandravagen\/#\/schema\/person\/image\/","url":"https:\/\/secure.gravatar.com\/avatar\/7fa71899795e8f540f615a1f5ab25255dc27aa40f05ee7ddd21aac521e01bf50?s=96&d=identicon&r=g","contentUrl":"https:\/\/secure.gravatar.com\/avatar\/7fa71899795e8f540f615a1f5ab25255dc27aa40f05ee7ddd21aac521e01bf50?s=96&d=identicon&r=g","caption":"Tomas Jarvid"},"description":"Jag bor i Ulricehamn i V\u00e4sterg\u00f6tland och \u00e4r f\u00f6rsamlingspr\u00e4st i Svenska Kyrkan f\u00f6r Dalstorps f\u00f6rsamling i Kinds pastorat. P\u00e5 den h\u00e4r bloggen skriver jag ner tankar om vandringen som kristen.","sameAs":["http:\/\/www.vandravagen.se"],"url":"https:\/\/blogg.svenskakyrkan.se\/vandravagen\/author\/vandravagen\/"}]}},"author_meta":{"ID":"392","user_nicename":"vandravagen","user_url":"http:\/\/www.vandravagen.se","user_registered":"2014-05-19 05:44:52","display_name":"Tomas Jarvid","first_name":"Tomas","last_name":"Jarvid","avatar":"https:\/\/secure.gravatar.com\/avatar\/7fa71899795e8f540f615a1f5ab25255dc27aa40f05ee7ddd21aac521e01bf50?s=96&d=identicon&r=g"},"featured_image":["https:\/\/blogg.svenskakyrkan.se\/vandravagen\/files\/2022\/10\/IMG_1382-1024x768.jpg",1024,768,true],"bloginfo":{"name":"Vandra V\u00e4gen","url":"https:\/\/blogg.svenskakyrkan.se\/vandravagen"},"_links":{"self":[{"href":"https:\/\/blogg.svenskakyrkan.se\/vandravagen\/wp-json\/wp\/v2\/posts\/9136","targetHints":{"allow":["GET"]}}],"collection":[{"href":"https:\/\/blogg.svenskakyrkan.se\/vandravagen\/wp-json\/wp\/v2\/posts"}],"about":[{"href":"https:\/\/blogg.svenskakyrkan.se\/vandravagen\/wp-json\/wp\/v2\/types\/post"}],"author":[{"embeddable":true,"href":"https:\/\/blogg.svenskakyrkan.se\/vandravagen\/wp-json\/wp\/v2\/users\/392"}],"replies":[{"embeddable":true,"href":"https:\/\/blogg.svenskakyrkan.se\/vandravagen\/wp-json\/wp\/v2\/comments?post=9136"}],"version-history":[{"count":2,"href":"https:\/\/blogg.svenskakyrkan.se\/vandravagen\/wp-json\/wp\/v2\/posts\/9136\/revisions"}],"predecessor-version":[{"id":9140,"href":"https:\/\/blogg.svenskakyrkan.se\/vandravagen\/wp-json\/wp\/v2\/posts\/9136\/revisions\/9140"}],"wp:featuredmedia":[{"embeddable":true,"href":"https:\/\/blogg.svenskakyrkan.se\/vandravagen\/wp-json\/wp\/v2\/media\/9138"}],"wp:attachment":[{"href":"https:\/\/blogg.svenskakyrkan.se\/vandravagen\/wp-json\/wp\/v2\/media?parent=9136"}],"wp:term":[{"taxonomy":"category","embeddable":true,"href":"https:\/\/blogg.svenskakyrkan.se\/vandravagen\/wp-json\/wp\/v2\/categories?post=9136"},{"taxonomy":"post_tag","embeddable":true,"href":"https:\/\/blogg.svenskakyrkan.se\/vandravagen\/wp-json\/wp\/v2\/tags?post=9136"}],"curies":[{"name":"wp","href":"https:\/\/api.w.org\/{rel}","templated":true}]}}