{"id":9177,"date":"2022-12-14T13:47:45","date_gmt":"2022-12-14T12:47:45","guid":{"rendered":"https:\/\/blogg.svenskakyrkan.se\/vandravagen\/?p=9177"},"modified":"2022-12-14T13:47:47","modified_gmt":"2022-12-14T12:47:47","slug":"tva-blinda-tar-emot-jesus-forst-av-alla","status":"publish","type":"post","link":"https:\/\/blogg.svenskakyrkan.se\/vandravagen\/2022\/12\/14\/tva-blinda-tar-emot-jesus-forst-av-alla\/","title":{"rendered":"Tv\u00e5 blinda tar emot Jesus f\u00f6rst av alla"},"content":{"rendered":"\n\n\n<figure class=\"wp-block-image size-full\"><img loading=\"lazy\" decoding=\"async\" width=\"640\" height=\"896\" src=\"https:\/\/blogg.svenskakyrkan.se\/vandravagen\/files\/2022\/12\/jesus_healing_the_blind.jpg\" alt=\"\" class=\"wp-image-9187\" srcset=\"https:\/\/blogg.svenskakyrkan.se\/vandravagen\/files\/2022\/12\/jesus_healing_the_blind.jpg 640w, https:\/\/blogg.svenskakyrkan.se\/vandravagen\/files\/2022\/12\/jesus_healing_the_blind-300x420.jpg 300w\" sizes=\"auto, (max-width: 640px) 100vw, 640px\" \/><figcaption>Gammal mosaik d\u00e4r Jesus m\u00f6ter de tv\u00e5 blinda m\u00e4nnen, h\u00e4r med kryckor och en av dem enbent. Han ska snart komma fram till Jerusalem och g\u00f6ra sitt int\u00e5g d\u00e4r men kanske b\u00f6rjar f\u00f6rklaringarna till int\u00e5get redan med detta?<\/figcaption><\/figure>\n\n\n\n<p>Ber\u00e4ttelsen om Jesus int\u00e5g i Jerusalem som vi l\u00e4ser i kyrkorna p\u00e5 f\u00f6rsta s\u00f6ndagen i advent \u00e4r en st\u00e4ndigt \u00e5terkommande text att predika om. S\u00e5 jag blir f\u00f6rv\u00e5nad n\u00e4r jag \u00e4nd\u00e5 hittar mer och mer saker i bibeln som f\u00f6rdjupar bilden av hur vi ska f\u00f6rst\u00e5 det som sker i int\u00e5get. Nu har jag hittat en parallell som var ny f\u00f6r mig (tack <a href=\"https:\/\/ffg.se\/podcast\/1-sond-i-advent-matt-211-9-4\/\" title=\"\">podden predikoverkstan<\/a> f\u00f6r det).<\/p>\n\n\n\n<p>I texten precis f\u00f6re int\u00e5get st\u00e5r det:<\/p>\n\n\n\n<blockquote class=\"wp-block-quote is-layout-flow wp-block-quote-is-layout-flow\"><p>N\u00e4r de l\u00e4mnade Jeriko f\u00f6ljde mycket folk med honom.&nbsp;D\u00e4r satt <strong>tv\u00e5 <\/strong>blinda vid <strong>v\u00e4gkanten<\/strong>, och n\u00e4r de fick h\u00f6ra att Jesus gick f\u00f6rbi <strong>ropade de<\/strong>: \u201dHerre, <strong>Davids son<\/strong>, <strong>f\u00f6rbarma<\/strong> dig \u00f6ver oss!\u201d&nbsp;<strong>Folket <\/strong>sade \u00e5t dem att h\u00e5lla tyst, men de ropade \u00e4nnu h\u00f6gre: \u201dHerre, Davids son, f\u00f6rbarma dig \u00f6ver oss!\u201d&nbsp;Jesus stannade och kallade till sig dem och fr\u00e5gade: \u201dVad vill ni att jag skall g\u00f6ra f\u00f6r er?\u201d&nbsp;De svarade: \u201dHerre, g\u00f6r s\u00e5 att v\u00e5ra \u00f6gon \u00f6ppnas.\u201d&nbsp;Jesus fylldes av medlidande med dem och r\u00f6rde vid deras \u00f6gon. Genast kunde de se, och <strong>de f\u00f6ljde honom.<\/strong><\/p><cite>Matt 20:29ff<\/cite><\/blockquote>\n\n\n\n<p>Som du ser har jag markerat n\u00e5gra ord med fetstil. Det \u00e4r st\u00e4llen d\u00e4r det m\u00e4rks ganska bra \u00e4ven p\u00e5 svenska att evangelisten anv\u00e4nder samma ord som sedan \u00e5terkommer i ber\u00e4ttelsen om int\u00e5get i Jerusalem. D\u00e4r \u00e4r det ju <strong>tv\u00e5 <\/strong>l\u00e4rjungar som ska h\u00e4mta \u00e5sna \u00e5t Jesus och <strong>folkmassan ropar <\/strong>Hosianna (<strong>hj\u00e4lp<\/strong>), <strong>Davids son<\/strong> och folket <strong>gick med Jesus<\/strong> och ropade.<\/p>\n\n\n\n<p>N\u00e4r det st\u00e5r s\u00e5dant h\u00e4r i bibeln ska vi t\u00e4nka att f\u00f6rfattaren gjorde s\u00e5 med flit f\u00f6r att g\u00f6ra s\u00e5 att vi l\u00e4sare kopplar ihop h\u00e4ndelserna med varandra. Riktigt vad det sedan inneb\u00e4r f\u00e5r v\u00e4l b\u00e5de du och jag fundera vidare p\u00e5.<\/p>\n\n\n\n<ol class=\"wp-block-list\"><li>\u00c4r po\u00e4ngen att det \u00e4r tv\u00e5 fattiga tiggare som f\u00f6rst f\u00f6rst\u00e5r att hylla Jesus som Davids son\/Messias? Det skulle i s\u00e5 fall vara lite som att det \u00e4r herdarna i Betlehem som \u00e4r f\u00f6rst med att komma till Jesusbarnet.<\/li><\/ol>\n\n\n\n<p>   2. Eller \u00e4r po\u00e4ngen n\u00e5got med deras blindhet? Att Jesus kommer inridande och s\u00e5 g\u00f6r han ocks\u00e5 s\u00e5 att de kan se igen. Det Jesus ska g\u00f6ra d\u00e5 han d\u00f6r p\u00e5 korset i Jerusalem ska hj\u00e4lpa oss att se p\u00e5 v\u00e4rlden och Gud med nya \u00f6gon?<\/p>\n\n\n\n<p>   3. Jesus int\u00e5g kopplas samman med att han kommer f\u00f6r att hj\u00e4lpa?<\/p>\n\n\n\n<p>   4. \u00c4r det viktigt att vi inte bara st\u00e5r bredvid utan ocks\u00e5 sl\u00e5r f\u00f6lje med Jesus och f\u00f6ljer honom till att g\u00f6ra det han g\u00f6r?<\/p>\n\n\n\n<p>Eller \u00e4r det alltihop och \u00e4ven helt andra saker? Vad t\u00e4nker du sj\u00e4lv n\u00e4r du ser p\u00e5 de h\u00e4r b\u00e5da h\u00e4ndelserna tillsammans? Det vore sp\u00e4nnande om du vill skriva en rad om du har tankar om detta.<\/p>\n","protected":false},"excerpt":{"rendered":"<p>Ber\u00e4ttelsen om Jesus int\u00e5g i Jerusalem som vi l\u00e4ser i kyrkorna p\u00e5 f\u00f6rsta s\u00f6ndagen i advent \u00e4r en st\u00e4ndigt \u00e5terkommande text att predika om. S\u00e5 jag blir f\u00f6rv\u00e5nad n\u00e4r jag \u00e4nd\u00e5 hittar mer och mer saker i bibeln som f\u00f6rdjupar bilden av hur vi ska f\u00f6rst\u00e5 det som sker i int\u00e5get. Nu har jag hittat [&hellip;]<\/p>\n","protected":false},"author":392,"featured_media":9187,"comment_status":"open","ping_status":"open","sticky":false,"template":"","format":"standard","meta":{"_acf_changed":false,"footnotes":""},"categories":[8347,14252,8298],"tags":[84037,84069,84065,84067,84066,83878,83880,83879,83890,84068,83866,84064],"class_list":["post-9177","post","type-post","status-publish","format-standard","has-post-thumbnail","hentry","category-advent","category-bibel","category-bibeln","tag-advent","tag-bibeltolkning","tag-helande","tag-intaget-i-jerusalem","tag-jeriko","tag-jesus","tag-kristen","tag-kristen-tro","tag-kyrkan","tag-palmsondag","tag-pask","tag-tva-blinda-man-utanfor-jeriko"],"acf":[],"yoast_head":"<!-- This site is optimized with the Yoast SEO plugin v27.1.1 - https:\/\/yoast.com\/product\/yoast-seo-wordpress\/ -->\n<title>Tv\u00e5 blinda tar emot Jesus f\u00f6rst av alla - Vandra V\u00e4gen<\/title>\n<meta name=\"robots\" content=\"index, follow, max-snippet:-1, max-image-preview:large, max-video-preview:-1\" \/>\n<link rel=\"canonical\" href=\"https:\/\/blogg.svenskakyrkan.se\/vandravagen\/2022\/12\/14\/tva-blinda-tar-emot-jesus-forst-av-alla\/\" \/>\n<meta property=\"og:locale\" content=\"sv_SE\" \/>\n<meta property=\"og:type\" content=\"article\" \/>\n<meta property=\"og:title\" content=\"Tv\u00e5 blinda tar emot Jesus f\u00f6rst av alla - Vandra V\u00e4gen\" \/>\n<meta property=\"og:description\" content=\"Ber\u00e4ttelsen om Jesus int\u00e5g i Jerusalem som vi l\u00e4ser i kyrkorna p\u00e5 f\u00f6rsta s\u00f6ndagen i advent \u00e4r en st\u00e4ndigt \u00e5terkommande text att predika om. S\u00e5 jag blir f\u00f6rv\u00e5nad n\u00e4r jag \u00e4nd\u00e5 hittar mer och mer saker i bibeln som f\u00f6rdjupar bilden av hur vi ska f\u00f6rst\u00e5 det som sker i int\u00e5get. Nu har jag hittat [&hellip;]\" \/>\n<meta property=\"og:url\" content=\"https:\/\/blogg.svenskakyrkan.se\/vandravagen\/2022\/12\/14\/tva-blinda-tar-emot-jesus-forst-av-alla\/\" \/>\n<meta property=\"og:site_name\" content=\"Vandra V\u00e4gen\" \/>\n<meta property=\"article:publisher\" content=\"http:\/\/facebook.com\/vandravagen\" \/>\n<meta property=\"article:published_time\" content=\"2022-12-14T12:47:45+00:00\" \/>\n<meta property=\"article:modified_time\" content=\"2022-12-14T12:47:47+00:00\" \/>\n<meta property=\"og:image\" content=\"https:\/\/blogg.svenskakyrkan.se\/vandravagen\/files\/2022\/12\/jesus_healing_the_blind.jpg\" \/>\n\t<meta property=\"og:image:width\" content=\"640\" \/>\n\t<meta property=\"og:image:height\" content=\"896\" \/>\n\t<meta property=\"og:image:type\" content=\"image\/jpeg\" \/>\n<meta name=\"author\" content=\"Tomas Jarvid\" \/>\n<meta name=\"twitter:card\" content=\"summary_large_image\" \/>\n<meta name=\"twitter:creator\" content=\"@fadertomas\" \/>\n<meta name=\"twitter:site\" content=\"@fadertomas\" \/>\n<meta name=\"twitter:label1\" content=\"Skriven av\" \/>\n\t<meta name=\"twitter:data1\" content=\"Tomas Jarvid\" \/>\n\t<meta name=\"twitter:label2\" content=\"Ber\u00e4knad l\u00e4stid\" \/>\n\t<meta name=\"twitter:data2\" content=\"3 minuter\" \/>\n<script type=\"application\/ld+json\" class=\"yoast-schema-graph\">{\"@context\":\"https:\/\/schema.org\",\"@graph\":[{\"@type\":\"Article\",\"@id\":\"https:\/\/blogg.svenskakyrkan.se\/vandravagen\/2022\/12\/14\/tva-blinda-tar-emot-jesus-forst-av-alla\/#article\",\"isPartOf\":{\"@id\":\"https:\/\/blogg.svenskakyrkan.se\/vandravagen\/2022\/12\/14\/tva-blinda-tar-emot-jesus-forst-av-alla\/\"},\"author\":{\"name\":\"Tomas Jarvid\",\"@id\":\"https:\/\/blogg.svenskakyrkan.se\/vandravagen\/#\/schema\/person\/25da02d4f76b137d04291711e2c9fc16\"},\"headline\":\"Tv\u00e5 blinda tar emot Jesus f\u00f6rst av alla\",\"datePublished\":\"2022-12-14T12:47:45+00:00\",\"dateModified\":\"2022-12-14T12:47:47+00:00\",\"mainEntityOfPage\":{\"@id\":\"https:\/\/blogg.svenskakyrkan.se\/vandravagen\/2022\/12\/14\/tva-blinda-tar-emot-jesus-forst-av-alla\/\"},\"wordCount\":585,\"commentCount\":2,\"publisher\":{\"@id\":\"https:\/\/blogg.svenskakyrkan.se\/vandravagen\/#organization\"},\"image\":{\"@id\":\"https:\/\/blogg.svenskakyrkan.se\/vandravagen\/2022\/12\/14\/tva-blinda-tar-emot-jesus-forst-av-alla\/#primaryimage\"},\"thumbnailUrl\":\"https:\/\/blogg.svenskakyrkan.se\/vandravagen\/files\/2022\/12\/jesus_healing_the_blind.jpg\",\"keywords\":[\"advent\",\"bibeltolkning\",\"helande\",\"int\u00e5get i jerusalem\",\"jeriko\",\"Jesus\",\"kristen\",\"kristen tro\",\"kyrkan\",\"palms\u00f6ndag\",\"p\u00e5sk\",\"tv\u00e5 blinda m\u00e4n utanf\u00f6r jeriko\"],\"articleSection\":[\"advent\",\"bibel\",\"Bibeln\"],\"inLanguage\":\"sv-SE\",\"potentialAction\":[{\"@type\":\"CommentAction\",\"name\":\"Comment\",\"target\":[\"https:\/\/blogg.svenskakyrkan.se\/vandravagen\/2022\/12\/14\/tva-blinda-tar-emot-jesus-forst-av-alla\/#respond\"]}]},{\"@type\":\"WebPage\",\"@id\":\"https:\/\/blogg.svenskakyrkan.se\/vandravagen\/2022\/12\/14\/tva-blinda-tar-emot-jesus-forst-av-alla\/\",\"url\":\"https:\/\/blogg.svenskakyrkan.se\/vandravagen\/2022\/12\/14\/tva-blinda-tar-emot-jesus-forst-av-alla\/\",\"name\":\"Tv\u00e5 blinda tar emot Jesus f\u00f6rst av alla - Vandra V\u00e4gen\",\"isPartOf\":{\"@id\":\"https:\/\/blogg.svenskakyrkan.se\/vandravagen\/#website\"},\"primaryImageOfPage\":{\"@id\":\"https:\/\/blogg.svenskakyrkan.se\/vandravagen\/2022\/12\/14\/tva-blinda-tar-emot-jesus-forst-av-alla\/#primaryimage\"},\"image\":{\"@id\":\"https:\/\/blogg.svenskakyrkan.se\/vandravagen\/2022\/12\/14\/tva-blinda-tar-emot-jesus-forst-av-alla\/#primaryimage\"},\"thumbnailUrl\":\"https:\/\/blogg.svenskakyrkan.se\/vandravagen\/files\/2022\/12\/jesus_healing_the_blind.jpg\",\"datePublished\":\"2022-12-14T12:47:45+00:00\",\"dateModified\":\"2022-12-14T12:47:47+00:00\",\"breadcrumb\":{\"@id\":\"https:\/\/blogg.svenskakyrkan.se\/vandravagen\/2022\/12\/14\/tva-blinda-tar-emot-jesus-forst-av-alla\/#breadcrumb\"},\"inLanguage\":\"sv-SE\",\"potentialAction\":[{\"@type\":\"ReadAction\",\"target\":[\"https:\/\/blogg.svenskakyrkan.se\/vandravagen\/2022\/12\/14\/tva-blinda-tar-emot-jesus-forst-av-alla\/\"]}]},{\"@type\":\"ImageObject\",\"inLanguage\":\"sv-SE\",\"@id\":\"https:\/\/blogg.svenskakyrkan.se\/vandravagen\/2022\/12\/14\/tva-blinda-tar-emot-jesus-forst-av-alla\/#primaryimage\",\"url\":\"https:\/\/blogg.svenskakyrkan.se\/vandravagen\/files\/2022\/12\/jesus_healing_the_blind.jpg\",\"contentUrl\":\"https:\/\/blogg.svenskakyrkan.se\/vandravagen\/files\/2022\/12\/jesus_healing_the_blind.jpg\",\"width\":640,\"height\":896},{\"@type\":\"BreadcrumbList\",\"@id\":\"https:\/\/blogg.svenskakyrkan.se\/vandravagen\/2022\/12\/14\/tva-blinda-tar-emot-jesus-forst-av-alla\/#breadcrumb\",\"itemListElement\":[{\"@type\":\"ListItem\",\"position\":1,\"name\":\"Hem\",\"item\":\"https:\/\/blogg.svenskakyrkan.se\/vandravagen\/\"},{\"@type\":\"ListItem\",\"position\":2,\"name\":\"advent\",\"item\":\"https:\/\/blogg.svenskakyrkan.se\/vandravagen\/tag\/advent\/\"},{\"@type\":\"ListItem\",\"position\":3,\"name\":\"Tv\u00e5 blinda tar emot Jesus f\u00f6rst av alla\"}]},{\"@type\":\"WebSite\",\"@id\":\"https:\/\/blogg.svenskakyrkan.se\/vandravagen\/#website\",\"url\":\"https:\/\/blogg.svenskakyrkan.se\/vandravagen\/\",\"name\":\"Vandra V\u00e4gen\",\"description\":\"-Mot en tro f\u00f6r hela livet\",\"publisher\":{\"@id\":\"https:\/\/blogg.svenskakyrkan.se\/vandravagen\/#organization\"},\"potentialAction\":[{\"@type\":\"SearchAction\",\"target\":{\"@type\":\"EntryPoint\",\"urlTemplate\":\"https:\/\/blogg.svenskakyrkan.se\/vandravagen\/?s={search_term_string}\"},\"query-input\":{\"@type\":\"PropertyValueSpecification\",\"valueRequired\":true,\"valueName\":\"search_term_string\"}}],\"inLanguage\":\"sv-SE\"},{\"@type\":\"Organization\",\"@id\":\"https:\/\/blogg.svenskakyrkan.se\/vandravagen\/#organization\",\"name\":\"ulricehamns pastorat\",\"alternateName\":\"ulricehamns pastorat\",\"url\":\"https:\/\/blogg.svenskakyrkan.se\/vandravagen\/\",\"logo\":{\"@type\":\"ImageObject\",\"inLanguage\":\"sv-SE\",\"@id\":\"https:\/\/blogg.svenskakyrkan.se\/vandravagen\/#\/schema\/logo\/image\/\",\"url\":\"https:\/\/blogg.svenskakyrkan.se\/vandravagen\/files\/2023\/05\/Ulr_logo_RGB.png\",\"contentUrl\":\"https:\/\/blogg.svenskakyrkan.se\/vandravagen\/files\/2023\/05\/Ulr_logo_RGB.png\",\"width\":205,\"height\":77,\"caption\":\"ulricehamns pastorat\"},\"image\":{\"@id\":\"https:\/\/blogg.svenskakyrkan.se\/vandravagen\/#\/schema\/logo\/image\/\"},\"sameAs\":[\"http:\/\/facebook.com\/vandravagen\",\"https:\/\/x.com\/fadertomas\",\"http:\/\/www.facebook.com\/svenskakyrkaniulricehamn\"]},{\"@type\":\"Person\",\"@id\":\"https:\/\/blogg.svenskakyrkan.se\/vandravagen\/#\/schema\/person\/25da02d4f76b137d04291711e2c9fc16\",\"name\":\"Tomas Jarvid\",\"image\":{\"@type\":\"ImageObject\",\"inLanguage\":\"sv-SE\",\"@id\":\"https:\/\/blogg.svenskakyrkan.se\/vandravagen\/#\/schema\/person\/image\/\",\"url\":\"https:\/\/secure.gravatar.com\/avatar\/7fa71899795e8f540f615a1f5ab25255dc27aa40f05ee7ddd21aac521e01bf50?s=96&d=identicon&r=g\",\"contentUrl\":\"https:\/\/secure.gravatar.com\/avatar\/7fa71899795e8f540f615a1f5ab25255dc27aa40f05ee7ddd21aac521e01bf50?s=96&d=identicon&r=g\",\"caption\":\"Tomas Jarvid\"},\"description\":\"Jag bor i Ulricehamn i V\u00e4sterg\u00f6tland och \u00e4r f\u00f6rsamlingspr\u00e4st i Svenska Kyrkan f\u00f6r Dalstorps f\u00f6rsamling i Kinds pastorat. P\u00e5 den h\u00e4r bloggen skriver jag ner tankar om vandringen som kristen.\",\"sameAs\":[\"http:\/\/www.vandravagen.se\"],\"url\":\"https:\/\/blogg.svenskakyrkan.se\/vandravagen\/author\/vandravagen\/\"}]}<\/script>\n<!-- \/ Yoast SEO plugin. -->","yoast_head_json":{"title":"Tv\u00e5 blinda tar emot Jesus f\u00f6rst av alla - Vandra V\u00e4gen","robots":{"index":"index","follow":"follow","max-snippet":"max-snippet:-1","max-image-preview":"max-image-preview:large","max-video-preview":"max-video-preview:-1"},"canonical":"https:\/\/blogg.svenskakyrkan.se\/vandravagen\/2022\/12\/14\/tva-blinda-tar-emot-jesus-forst-av-alla\/","og_locale":"sv_SE","og_type":"article","og_title":"Tv\u00e5 blinda tar emot Jesus f\u00f6rst av alla - Vandra V\u00e4gen","og_description":"Ber\u00e4ttelsen om Jesus int\u00e5g i Jerusalem som vi l\u00e4ser i kyrkorna p\u00e5 f\u00f6rsta s\u00f6ndagen i advent \u00e4r en st\u00e4ndigt \u00e5terkommande text att predika om. S\u00e5 jag blir f\u00f6rv\u00e5nad n\u00e4r jag \u00e4nd\u00e5 hittar mer och mer saker i bibeln som f\u00f6rdjupar bilden av hur vi ska f\u00f6rst\u00e5 det som sker i int\u00e5get. Nu har jag hittat [&hellip;]","og_url":"https:\/\/blogg.svenskakyrkan.se\/vandravagen\/2022\/12\/14\/tva-blinda-tar-emot-jesus-forst-av-alla\/","og_site_name":"Vandra V\u00e4gen","article_publisher":"http:\/\/facebook.com\/vandravagen","article_published_time":"2022-12-14T12:47:45+00:00","article_modified_time":"2022-12-14T12:47:47+00:00","og_image":[{"width":640,"height":896,"url":"https:\/\/blogg.svenskakyrkan.se\/vandravagen\/files\/2022\/12\/jesus_healing_the_blind.jpg","type":"image\/jpeg"}],"author":"Tomas Jarvid","twitter_card":"summary_large_image","twitter_creator":"@fadertomas","twitter_site":"@fadertomas","twitter_misc":{"Skriven av":"Tomas Jarvid","Ber\u00e4knad l\u00e4stid":"3 minuter"},"schema":{"@context":"https:\/\/schema.org","@graph":[{"@type":"Article","@id":"https:\/\/blogg.svenskakyrkan.se\/vandravagen\/2022\/12\/14\/tva-blinda-tar-emot-jesus-forst-av-alla\/#article","isPartOf":{"@id":"https:\/\/blogg.svenskakyrkan.se\/vandravagen\/2022\/12\/14\/tva-blinda-tar-emot-jesus-forst-av-alla\/"},"author":{"name":"Tomas Jarvid","@id":"https:\/\/blogg.svenskakyrkan.se\/vandravagen\/#\/schema\/person\/25da02d4f76b137d04291711e2c9fc16"},"headline":"Tv\u00e5 blinda tar emot Jesus f\u00f6rst av alla","datePublished":"2022-12-14T12:47:45+00:00","dateModified":"2022-12-14T12:47:47+00:00","mainEntityOfPage":{"@id":"https:\/\/blogg.svenskakyrkan.se\/vandravagen\/2022\/12\/14\/tva-blinda-tar-emot-jesus-forst-av-alla\/"},"wordCount":585,"commentCount":2,"publisher":{"@id":"https:\/\/blogg.svenskakyrkan.se\/vandravagen\/#organization"},"image":{"@id":"https:\/\/blogg.svenskakyrkan.se\/vandravagen\/2022\/12\/14\/tva-blinda-tar-emot-jesus-forst-av-alla\/#primaryimage"},"thumbnailUrl":"https:\/\/blogg.svenskakyrkan.se\/vandravagen\/files\/2022\/12\/jesus_healing_the_blind.jpg","keywords":["advent","bibeltolkning","helande","int\u00e5get i jerusalem","jeriko","Jesus","kristen","kristen tro","kyrkan","palms\u00f6ndag","p\u00e5sk","tv\u00e5 blinda m\u00e4n utanf\u00f6r jeriko"],"articleSection":["advent","bibel","Bibeln"],"inLanguage":"sv-SE","potentialAction":[{"@type":"CommentAction","name":"Comment","target":["https:\/\/blogg.svenskakyrkan.se\/vandravagen\/2022\/12\/14\/tva-blinda-tar-emot-jesus-forst-av-alla\/#respond"]}]},{"@type":"WebPage","@id":"https:\/\/blogg.svenskakyrkan.se\/vandravagen\/2022\/12\/14\/tva-blinda-tar-emot-jesus-forst-av-alla\/","url":"https:\/\/blogg.svenskakyrkan.se\/vandravagen\/2022\/12\/14\/tva-blinda-tar-emot-jesus-forst-av-alla\/","name":"Tv\u00e5 blinda tar emot Jesus f\u00f6rst av alla - Vandra V\u00e4gen","isPartOf":{"@id":"https:\/\/blogg.svenskakyrkan.se\/vandravagen\/#website"},"primaryImageOfPage":{"@id":"https:\/\/blogg.svenskakyrkan.se\/vandravagen\/2022\/12\/14\/tva-blinda-tar-emot-jesus-forst-av-alla\/#primaryimage"},"image":{"@id":"https:\/\/blogg.svenskakyrkan.se\/vandravagen\/2022\/12\/14\/tva-blinda-tar-emot-jesus-forst-av-alla\/#primaryimage"},"thumbnailUrl":"https:\/\/blogg.svenskakyrkan.se\/vandravagen\/files\/2022\/12\/jesus_healing_the_blind.jpg","datePublished":"2022-12-14T12:47:45+00:00","dateModified":"2022-12-14T12:47:47+00:00","breadcrumb":{"@id":"https:\/\/blogg.svenskakyrkan.se\/vandravagen\/2022\/12\/14\/tva-blinda-tar-emot-jesus-forst-av-alla\/#breadcrumb"},"inLanguage":"sv-SE","potentialAction":[{"@type":"ReadAction","target":["https:\/\/blogg.svenskakyrkan.se\/vandravagen\/2022\/12\/14\/tva-blinda-tar-emot-jesus-forst-av-alla\/"]}]},{"@type":"ImageObject","inLanguage":"sv-SE","@id":"https:\/\/blogg.svenskakyrkan.se\/vandravagen\/2022\/12\/14\/tva-blinda-tar-emot-jesus-forst-av-alla\/#primaryimage","url":"https:\/\/blogg.svenskakyrkan.se\/vandravagen\/files\/2022\/12\/jesus_healing_the_blind.jpg","contentUrl":"https:\/\/blogg.svenskakyrkan.se\/vandravagen\/files\/2022\/12\/jesus_healing_the_blind.jpg","width":640,"height":896},{"@type":"BreadcrumbList","@id":"https:\/\/blogg.svenskakyrkan.se\/vandravagen\/2022\/12\/14\/tva-blinda-tar-emot-jesus-forst-av-alla\/#breadcrumb","itemListElement":[{"@type":"ListItem","position":1,"name":"Hem","item":"https:\/\/blogg.svenskakyrkan.se\/vandravagen\/"},{"@type":"ListItem","position":2,"name":"advent","item":"https:\/\/blogg.svenskakyrkan.se\/vandravagen\/tag\/advent\/"},{"@type":"ListItem","position":3,"name":"Tv\u00e5 blinda tar emot Jesus f\u00f6rst av alla"}]},{"@type":"WebSite","@id":"https:\/\/blogg.svenskakyrkan.se\/vandravagen\/#website","url":"https:\/\/blogg.svenskakyrkan.se\/vandravagen\/","name":"Vandra V\u00e4gen","description":"-Mot en tro f\u00f6r hela livet","publisher":{"@id":"https:\/\/blogg.svenskakyrkan.se\/vandravagen\/#organization"},"potentialAction":[{"@type":"SearchAction","target":{"@type":"EntryPoint","urlTemplate":"https:\/\/blogg.svenskakyrkan.se\/vandravagen\/?s={search_term_string}"},"query-input":{"@type":"PropertyValueSpecification","valueRequired":true,"valueName":"search_term_string"}}],"inLanguage":"sv-SE"},{"@type":"Organization","@id":"https:\/\/blogg.svenskakyrkan.se\/vandravagen\/#organization","name":"ulricehamns pastorat","alternateName":"ulricehamns pastorat","url":"https:\/\/blogg.svenskakyrkan.se\/vandravagen\/","logo":{"@type":"ImageObject","inLanguage":"sv-SE","@id":"https:\/\/blogg.svenskakyrkan.se\/vandravagen\/#\/schema\/logo\/image\/","url":"https:\/\/blogg.svenskakyrkan.se\/vandravagen\/files\/2023\/05\/Ulr_logo_RGB.png","contentUrl":"https:\/\/blogg.svenskakyrkan.se\/vandravagen\/files\/2023\/05\/Ulr_logo_RGB.png","width":205,"height":77,"caption":"ulricehamns pastorat"},"image":{"@id":"https:\/\/blogg.svenskakyrkan.se\/vandravagen\/#\/schema\/logo\/image\/"},"sameAs":["http:\/\/facebook.com\/vandravagen","https:\/\/x.com\/fadertomas","http:\/\/www.facebook.com\/svenskakyrkaniulricehamn"]},{"@type":"Person","@id":"https:\/\/blogg.svenskakyrkan.se\/vandravagen\/#\/schema\/person\/25da02d4f76b137d04291711e2c9fc16","name":"Tomas Jarvid","image":{"@type":"ImageObject","inLanguage":"sv-SE","@id":"https:\/\/blogg.svenskakyrkan.se\/vandravagen\/#\/schema\/person\/image\/","url":"https:\/\/secure.gravatar.com\/avatar\/7fa71899795e8f540f615a1f5ab25255dc27aa40f05ee7ddd21aac521e01bf50?s=96&d=identicon&r=g","contentUrl":"https:\/\/secure.gravatar.com\/avatar\/7fa71899795e8f540f615a1f5ab25255dc27aa40f05ee7ddd21aac521e01bf50?s=96&d=identicon&r=g","caption":"Tomas Jarvid"},"description":"Jag bor i Ulricehamn i V\u00e4sterg\u00f6tland och \u00e4r f\u00f6rsamlingspr\u00e4st i Svenska Kyrkan f\u00f6r Dalstorps f\u00f6rsamling i Kinds pastorat. P\u00e5 den h\u00e4r bloggen skriver jag ner tankar om vandringen som kristen.","sameAs":["http:\/\/www.vandravagen.se"],"url":"https:\/\/blogg.svenskakyrkan.se\/vandravagen\/author\/vandravagen\/"}]}},"author_meta":{"ID":"392","user_nicename":"vandravagen","user_url":"http:\/\/www.vandravagen.se","user_registered":"2014-05-19 05:44:52","display_name":"Tomas Jarvid","first_name":"Tomas","last_name":"Jarvid","avatar":"https:\/\/secure.gravatar.com\/avatar\/7fa71899795e8f540f615a1f5ab25255dc27aa40f05ee7ddd21aac521e01bf50?s=96&d=identicon&r=g"},"featured_image":["https:\/\/blogg.svenskakyrkan.se\/vandravagen\/files\/2022\/12\/jesus_healing_the_blind.jpg",640,896,false],"bloginfo":{"name":"Vandra V\u00e4gen","url":"https:\/\/blogg.svenskakyrkan.se\/vandravagen"},"_links":{"self":[{"href":"https:\/\/blogg.svenskakyrkan.se\/vandravagen\/wp-json\/wp\/v2\/posts\/9177","targetHints":{"allow":["GET"]}}],"collection":[{"href":"https:\/\/blogg.svenskakyrkan.se\/vandravagen\/wp-json\/wp\/v2\/posts"}],"about":[{"href":"https:\/\/blogg.svenskakyrkan.se\/vandravagen\/wp-json\/wp\/v2\/types\/post"}],"author":[{"embeddable":true,"href":"https:\/\/blogg.svenskakyrkan.se\/vandravagen\/wp-json\/wp\/v2\/users\/392"}],"replies":[{"embeddable":true,"href":"https:\/\/blogg.svenskakyrkan.se\/vandravagen\/wp-json\/wp\/v2\/comments?post=9177"}],"version-history":[{"count":2,"href":"https:\/\/blogg.svenskakyrkan.se\/vandravagen\/wp-json\/wp\/v2\/posts\/9177\/revisions"}],"predecessor-version":[{"id":9188,"href":"https:\/\/blogg.svenskakyrkan.se\/vandravagen\/wp-json\/wp\/v2\/posts\/9177\/revisions\/9188"}],"wp:featuredmedia":[{"embeddable":true,"href":"https:\/\/blogg.svenskakyrkan.se\/vandravagen\/wp-json\/wp\/v2\/media\/9187"}],"wp:attachment":[{"href":"https:\/\/blogg.svenskakyrkan.se\/vandravagen\/wp-json\/wp\/v2\/media?parent=9177"}],"wp:term":[{"taxonomy":"category","embeddable":true,"href":"https:\/\/blogg.svenskakyrkan.se\/vandravagen\/wp-json\/wp\/v2\/categories?post=9177"},{"taxonomy":"post_tag","embeddable":true,"href":"https:\/\/blogg.svenskakyrkan.se\/vandravagen\/wp-json\/wp\/v2\/tags?post=9177"}],"curies":[{"name":"wp","href":"https:\/\/api.w.org\/{rel}","templated":true}]}}