{"id":9261,"date":"2023-01-24T07:00:00","date_gmt":"2023-01-24T06:00:00","guid":{"rendered":"https:\/\/blogg.svenskakyrkan.se\/vandravagen\/?p=9261"},"modified":"2023-01-23T19:37:03","modified_gmt":"2023-01-23T18:37:03","slug":"9-blandade-tankar-pa-tisdagen-5","status":"publish","type":"post","link":"https:\/\/blogg.svenskakyrkan.se\/vandravagen\/2023\/01\/24\/9-blandade-tankar-pa-tisdagen-5\/","title":{"rendered":"9 blandade tankar p\u00e5 tisdagen"},"content":{"rendered":"\n\n\n<figure class=\"wp-block-image size-large\"><img loading=\"lazy\" decoding=\"async\" width=\"1024\" height=\"768\" src=\"https:\/\/blogg.svenskakyrkan.se\/vandravagen\/files\/2023\/01\/IMG_1822-1024x768.jpg\" alt=\"\" class=\"wp-image-9262\" srcset=\"https:\/\/blogg.svenskakyrkan.se\/vandravagen\/files\/2023\/01\/IMG_1822-1024x768.jpg 1024w, https:\/\/blogg.svenskakyrkan.se\/vandravagen\/files\/2023\/01\/IMG_1822-300x225.jpg 300w, https:\/\/blogg.svenskakyrkan.se\/vandravagen\/files\/2023\/01\/IMG_1822-768x576.jpg 768w, https:\/\/blogg.svenskakyrkan.se\/vandravagen\/files\/2023\/01\/IMG_1822-1536x1152.jpg 1536w, https:\/\/blogg.svenskakyrkan.se\/vandravagen\/files\/2023\/01\/IMG_1822-2048x1536.jpg 2048w, https:\/\/blogg.svenskakyrkan.se\/vandravagen\/files\/2023\/01\/IMG_1822-1200x900.jpg 1200w\" sizes=\"auto, (max-width: 1024px) 100vw, 1024px\" \/><figcaption class=\"wp-element-caption\">En v\u00e4lkomnande  (?) liten sn\u00f6gubbe hemma. <\/figcaption><\/figure>\n\n\n\n<p>1. Glad tisdag k\u00e4ra l\u00e4sare!<\/p>\n\n\n\n<p>2. Det blev inga blandade tankar p\u00e5 s\u00f6ndagen och inte m\u00e5ndagen heller p\u00e5 grund av sjukdom. Lillen har varit rej\u00e4lt magsjuk och sj\u00e4lv har jag nog n\u00e5gon l\u00e4tt sl\u00e4ng av det f\u00f6r jag har m\u00e5tt ganska illa senaste dagarna.<\/p>\n\n\n\n<p>3. Det k\u00e4nns inte som att man har varken s\u00e5 mycket tankar eller s\u00e5 mycket att ber\u00e4tta fr\u00e5n sjukl\u00e4gret. En rolig sak \u00e4r i alla fall att det var pr\u00e4stvigning i s\u00f6ndags f\u00f6r v\u00e5r nya pastorsadjunkt Ted som nu b\u00f6rjar i Ulricehamns pastorat. Det ska bli roligt att l\u00e4ra k\u00e4nna honom.<\/p>\n\n\n\n<p>4. Det har sett ut som lockande sn\u00f6 att \u00e5ka skidor p\u00e5 f\u00f6r f\u00f6rsta g\u00e5ngen i vinter. F\u00e5r vi se om det h\u00e5ller i sig d\u00e5.<\/p>\n\n\n\n<p>5. Deadline har passerat f\u00f6r n\u00e4sta nummer av pastoratsbladet. Jag jobbar p\u00e5 att f\u00e5 med tv\u00e5 omarbetade bloggposter. Det \u00e4r ju lite s\u00e5 jag brukar jobba med det mesta.<\/p>\n\n\n\n<p>6. Julen varade fram till s\u00f6ndagen h\u00e4r d\u00e5 vi lite lamt lyckades dra ett dansvarv runt granen innan den \u00e5kte ut. Det k\u00e4nns alltid tomt efter julbelysningen s\u00e5 man drar sig i det l\u00e4ngsta.<\/p>\n\n\n\n<p>7. Senaste g\u00e5ngen med \u00e5sundenkonfirmanderna gjorde vi stop-motionfilmer av bibelber\u00e4ttelser. Det var ju en toppengrej n\u00e4r de inte \u00e4r s\u00e5 m\u00e5nga!<\/p>\n\n\n\n<p>8. Jo det har ju h\u00e4nt en grej till: jag har varit p\u00e5 ett gym f\u00f6r f\u00f6rsta g\u00e5ngen i mitt liv. F\u00f6re sjukdomen s\u00e5klart. Det var lite l\u00e4skigt och jag tror jag gjorde allt med bristande teknik men jag var d\u00e4r med min kunniga fru och h\u00e4rmade henne. Det roligaste var \u00e4nd\u00e5 s\u00e5dant som liknar l\u00f6pningen. L\u00f6pbandet och roddmaskinen. S\u00e5 p\u00e5 det stora hela tycker jag det var en positiv upplevelse.<\/p>\n\n\n\n<p>9. Hur har du det med h\u00e4lsa och hum\u00f6r och annat i dessa dagar? Skriv en rad och ber\u00e4tta!<\/p>\n","protected":false},"excerpt":{"rendered":"<p>1. Glad tisdag k\u00e4ra l\u00e4sare! 2. Det blev inga blandade tankar p\u00e5 s\u00f6ndagen och inte m\u00e5ndagen heller p\u00e5 grund av sjukdom. Lillen har varit rej\u00e4lt magsjuk och sj\u00e4lv har jag nog n\u00e5gon l\u00e4tt sl\u00e4ng av det f\u00f6r jag har m\u00e5tt ganska illa senaste dagarna. 3. Det k\u00e4nns inte som att man har varken s\u00e5 mycket [&hellip;]<\/p>\n","protected":false},"author":392,"featured_media":9262,"comment_status":"open","ping_status":"open","sticky":false,"template":"","format":"standard","meta":{"_acf_changed":false,"footnotes":""},"categories":[9],"tags":[],"class_list":["post-9261","post","type-post","status-publish","format-standard","has-post-thumbnail","hentry","category-okategoriserade"],"acf":[],"yoast_head":"<!-- This site is optimized with the Yoast SEO plugin v27.1.1 - https:\/\/yoast.com\/product\/yoast-seo-wordpress\/ -->\n<title>9 blandade tankar p\u00e5 tisdagen - Vandra V\u00e4gen<\/title>\n<meta name=\"robots\" content=\"index, follow, max-snippet:-1, max-image-preview:large, max-video-preview:-1\" \/>\n<link rel=\"canonical\" href=\"https:\/\/blogg.svenskakyrkan.se\/vandravagen\/2023\/01\/24\/9-blandade-tankar-pa-tisdagen-5\/\" \/>\n<meta property=\"og:locale\" content=\"sv_SE\" \/>\n<meta property=\"og:type\" content=\"article\" \/>\n<meta property=\"og:title\" content=\"9 blandade tankar p\u00e5 tisdagen - Vandra V\u00e4gen\" \/>\n<meta property=\"og:description\" content=\"1. Glad tisdag k\u00e4ra l\u00e4sare! 2. Det blev inga blandade tankar p\u00e5 s\u00f6ndagen och inte m\u00e5ndagen heller p\u00e5 grund av sjukdom. Lillen har varit rej\u00e4lt magsjuk och sj\u00e4lv har jag nog n\u00e5gon l\u00e4tt sl\u00e4ng av det f\u00f6r jag har m\u00e5tt ganska illa senaste dagarna. 3. Det k\u00e4nns inte som att man har varken s\u00e5 mycket [&hellip;]\" \/>\n<meta property=\"og:url\" content=\"https:\/\/blogg.svenskakyrkan.se\/vandravagen\/2023\/01\/24\/9-blandade-tankar-pa-tisdagen-5\/\" \/>\n<meta property=\"og:site_name\" content=\"Vandra V\u00e4gen\" \/>\n<meta property=\"article:publisher\" content=\"http:\/\/facebook.com\/vandravagen\" \/>\n<meta property=\"article:published_time\" content=\"2023-01-24T06:00:00+00:00\" \/>\n<meta property=\"og:image\" content=\"https:\/\/blogg.svenskakyrkan.se\/vandravagen\/files\/2023\/01\/IMG_1822-scaled.jpg\" \/>\n\t<meta property=\"og:image:width\" content=\"2560\" \/>\n\t<meta property=\"og:image:height\" content=\"1920\" \/>\n\t<meta property=\"og:image:type\" content=\"image\/jpeg\" \/>\n<meta name=\"author\" content=\"Tomas Jarvid\" \/>\n<meta name=\"twitter:card\" content=\"summary_large_image\" \/>\n<meta name=\"twitter:creator\" content=\"@fadertomas\" \/>\n<meta name=\"twitter:site\" content=\"@fadertomas\" \/>\n<meta name=\"twitter:label1\" content=\"Skriven av\" \/>\n\t<meta name=\"twitter:data1\" content=\"Tomas Jarvid\" \/>\n\t<meta name=\"twitter:label2\" content=\"Ber\u00e4knad l\u00e4stid\" \/>\n\t<meta name=\"twitter:data2\" content=\"2 minuter\" \/>\n<script type=\"application\/ld+json\" class=\"yoast-schema-graph\">{\"@context\":\"https:\/\/schema.org\",\"@graph\":[{\"@type\":\"Article\",\"@id\":\"https:\/\/blogg.svenskakyrkan.se\/vandravagen\/2023\/01\/24\/9-blandade-tankar-pa-tisdagen-5\/#article\",\"isPartOf\":{\"@id\":\"https:\/\/blogg.svenskakyrkan.se\/vandravagen\/2023\/01\/24\/9-blandade-tankar-pa-tisdagen-5\/\"},\"author\":{\"name\":\"Tomas Jarvid\",\"@id\":\"https:\/\/blogg.svenskakyrkan.se\/vandravagen\/#\/schema\/person\/25da02d4f76b137d04291711e2c9fc16\"},\"headline\":\"9 blandade tankar p\u00e5 tisdagen\",\"datePublished\":\"2023-01-24T06:00:00+00:00\",\"mainEntityOfPage\":{\"@id\":\"https:\/\/blogg.svenskakyrkan.se\/vandravagen\/2023\/01\/24\/9-blandade-tankar-pa-tisdagen-5\/\"},\"wordCount\":349,\"commentCount\":4,\"publisher\":{\"@id\":\"https:\/\/blogg.svenskakyrkan.se\/vandravagen\/#organization\"},\"image\":{\"@id\":\"https:\/\/blogg.svenskakyrkan.se\/vandravagen\/2023\/01\/24\/9-blandade-tankar-pa-tisdagen-5\/#primaryimage\"},\"thumbnailUrl\":\"https:\/\/blogg.svenskakyrkan.se\/vandravagen\/files\/2023\/01\/IMG_1822-scaled.jpg\",\"inLanguage\":\"sv-SE\",\"potentialAction\":[{\"@type\":\"CommentAction\",\"name\":\"Comment\",\"target\":[\"https:\/\/blogg.svenskakyrkan.se\/vandravagen\/2023\/01\/24\/9-blandade-tankar-pa-tisdagen-5\/#respond\"]}]},{\"@type\":\"WebPage\",\"@id\":\"https:\/\/blogg.svenskakyrkan.se\/vandravagen\/2023\/01\/24\/9-blandade-tankar-pa-tisdagen-5\/\",\"url\":\"https:\/\/blogg.svenskakyrkan.se\/vandravagen\/2023\/01\/24\/9-blandade-tankar-pa-tisdagen-5\/\",\"name\":\"9 blandade tankar p\u00e5 tisdagen - Vandra V\u00e4gen\",\"isPartOf\":{\"@id\":\"https:\/\/blogg.svenskakyrkan.se\/vandravagen\/#website\"},\"primaryImageOfPage\":{\"@id\":\"https:\/\/blogg.svenskakyrkan.se\/vandravagen\/2023\/01\/24\/9-blandade-tankar-pa-tisdagen-5\/#primaryimage\"},\"image\":{\"@id\":\"https:\/\/blogg.svenskakyrkan.se\/vandravagen\/2023\/01\/24\/9-blandade-tankar-pa-tisdagen-5\/#primaryimage\"},\"thumbnailUrl\":\"https:\/\/blogg.svenskakyrkan.se\/vandravagen\/files\/2023\/01\/IMG_1822-scaled.jpg\",\"datePublished\":\"2023-01-24T06:00:00+00:00\",\"breadcrumb\":{\"@id\":\"https:\/\/blogg.svenskakyrkan.se\/vandravagen\/2023\/01\/24\/9-blandade-tankar-pa-tisdagen-5\/#breadcrumb\"},\"inLanguage\":\"sv-SE\",\"potentialAction\":[{\"@type\":\"ReadAction\",\"target\":[\"https:\/\/blogg.svenskakyrkan.se\/vandravagen\/2023\/01\/24\/9-blandade-tankar-pa-tisdagen-5\/\"]}]},{\"@type\":\"ImageObject\",\"inLanguage\":\"sv-SE\",\"@id\":\"https:\/\/blogg.svenskakyrkan.se\/vandravagen\/2023\/01\/24\/9-blandade-tankar-pa-tisdagen-5\/#primaryimage\",\"url\":\"https:\/\/blogg.svenskakyrkan.se\/vandravagen\/files\/2023\/01\/IMG_1822-scaled.jpg\",\"contentUrl\":\"https:\/\/blogg.svenskakyrkan.se\/vandravagen\/files\/2023\/01\/IMG_1822-scaled.jpg\",\"width\":2560,\"height\":1920},{\"@type\":\"BreadcrumbList\",\"@id\":\"https:\/\/blogg.svenskakyrkan.se\/vandravagen\/2023\/01\/24\/9-blandade-tankar-pa-tisdagen-5\/#breadcrumb\",\"itemListElement\":[{\"@type\":\"ListItem\",\"position\":1,\"name\":\"Hem\",\"item\":\"https:\/\/blogg.svenskakyrkan.se\/vandravagen\/\"},{\"@type\":\"ListItem\",\"position\":2,\"name\":\"9 blandade tankar p\u00e5 tisdagen\"}]},{\"@type\":\"WebSite\",\"@id\":\"https:\/\/blogg.svenskakyrkan.se\/vandravagen\/#website\",\"url\":\"https:\/\/blogg.svenskakyrkan.se\/vandravagen\/\",\"name\":\"Vandra V\u00e4gen\",\"description\":\"-Mot en tro f\u00f6r hela livet\",\"publisher\":{\"@id\":\"https:\/\/blogg.svenskakyrkan.se\/vandravagen\/#organization\"},\"potentialAction\":[{\"@type\":\"SearchAction\",\"target\":{\"@type\":\"EntryPoint\",\"urlTemplate\":\"https:\/\/blogg.svenskakyrkan.se\/vandravagen\/?s={search_term_string}\"},\"query-input\":{\"@type\":\"PropertyValueSpecification\",\"valueRequired\":true,\"valueName\":\"search_term_string\"}}],\"inLanguage\":\"sv-SE\"},{\"@type\":\"Organization\",\"@id\":\"https:\/\/blogg.svenskakyrkan.se\/vandravagen\/#organization\",\"name\":\"ulricehamns pastorat\",\"alternateName\":\"ulricehamns pastorat\",\"url\":\"https:\/\/blogg.svenskakyrkan.se\/vandravagen\/\",\"logo\":{\"@type\":\"ImageObject\",\"inLanguage\":\"sv-SE\",\"@id\":\"https:\/\/blogg.svenskakyrkan.se\/vandravagen\/#\/schema\/logo\/image\/\",\"url\":\"https:\/\/blogg.svenskakyrkan.se\/vandravagen\/files\/2023\/05\/Ulr_logo_RGB.png\",\"contentUrl\":\"https:\/\/blogg.svenskakyrkan.se\/vandravagen\/files\/2023\/05\/Ulr_logo_RGB.png\",\"width\":205,\"height\":77,\"caption\":\"ulricehamns pastorat\"},\"image\":{\"@id\":\"https:\/\/blogg.svenskakyrkan.se\/vandravagen\/#\/schema\/logo\/image\/\"},\"sameAs\":[\"http:\/\/facebook.com\/vandravagen\",\"https:\/\/x.com\/fadertomas\",\"http:\/\/www.facebook.com\/svenskakyrkaniulricehamn\"]},{\"@type\":\"Person\",\"@id\":\"https:\/\/blogg.svenskakyrkan.se\/vandravagen\/#\/schema\/person\/25da02d4f76b137d04291711e2c9fc16\",\"name\":\"Tomas Jarvid\",\"image\":{\"@type\":\"ImageObject\",\"inLanguage\":\"sv-SE\",\"@id\":\"https:\/\/blogg.svenskakyrkan.se\/vandravagen\/#\/schema\/person\/image\/\",\"url\":\"https:\/\/secure.gravatar.com\/avatar\/7fa71899795e8f540f615a1f5ab25255dc27aa40f05ee7ddd21aac521e01bf50?s=96&d=identicon&r=g\",\"contentUrl\":\"https:\/\/secure.gravatar.com\/avatar\/7fa71899795e8f540f615a1f5ab25255dc27aa40f05ee7ddd21aac521e01bf50?s=96&d=identicon&r=g\",\"caption\":\"Tomas Jarvid\"},\"description\":\"Jag bor i Ulricehamn i V\u00e4sterg\u00f6tland och \u00e4r f\u00f6rsamlingspr\u00e4st i Svenska Kyrkan f\u00f6r Dalstorps f\u00f6rsamling i Kinds pastorat. P\u00e5 den h\u00e4r bloggen skriver jag ner tankar om vandringen som kristen.\",\"sameAs\":[\"http:\/\/www.vandravagen.se\"],\"url\":\"https:\/\/blogg.svenskakyrkan.se\/vandravagen\/author\/vandravagen\/\"}]}<\/script>\n<!-- \/ Yoast SEO plugin. -->","yoast_head_json":{"title":"9 blandade tankar p\u00e5 tisdagen - Vandra V\u00e4gen","robots":{"index":"index","follow":"follow","max-snippet":"max-snippet:-1","max-image-preview":"max-image-preview:large","max-video-preview":"max-video-preview:-1"},"canonical":"https:\/\/blogg.svenskakyrkan.se\/vandravagen\/2023\/01\/24\/9-blandade-tankar-pa-tisdagen-5\/","og_locale":"sv_SE","og_type":"article","og_title":"9 blandade tankar p\u00e5 tisdagen - Vandra V\u00e4gen","og_description":"1. Glad tisdag k\u00e4ra l\u00e4sare! 2. Det blev inga blandade tankar p\u00e5 s\u00f6ndagen och inte m\u00e5ndagen heller p\u00e5 grund av sjukdom. Lillen har varit rej\u00e4lt magsjuk och sj\u00e4lv har jag nog n\u00e5gon l\u00e4tt sl\u00e4ng av det f\u00f6r jag har m\u00e5tt ganska illa senaste dagarna. 3. Det k\u00e4nns inte som att man har varken s\u00e5 mycket [&hellip;]","og_url":"https:\/\/blogg.svenskakyrkan.se\/vandravagen\/2023\/01\/24\/9-blandade-tankar-pa-tisdagen-5\/","og_site_name":"Vandra V\u00e4gen","article_publisher":"http:\/\/facebook.com\/vandravagen","article_published_time":"2023-01-24T06:00:00+00:00","og_image":[{"width":2560,"height":1920,"url":"https:\/\/blogg.svenskakyrkan.se\/vandravagen\/files\/2023\/01\/IMG_1822-scaled.jpg","type":"image\/jpeg"}],"author":"Tomas Jarvid","twitter_card":"summary_large_image","twitter_creator":"@fadertomas","twitter_site":"@fadertomas","twitter_misc":{"Skriven av":"Tomas Jarvid","Ber\u00e4knad l\u00e4stid":"2 minuter"},"schema":{"@context":"https:\/\/schema.org","@graph":[{"@type":"Article","@id":"https:\/\/blogg.svenskakyrkan.se\/vandravagen\/2023\/01\/24\/9-blandade-tankar-pa-tisdagen-5\/#article","isPartOf":{"@id":"https:\/\/blogg.svenskakyrkan.se\/vandravagen\/2023\/01\/24\/9-blandade-tankar-pa-tisdagen-5\/"},"author":{"name":"Tomas Jarvid","@id":"https:\/\/blogg.svenskakyrkan.se\/vandravagen\/#\/schema\/person\/25da02d4f76b137d04291711e2c9fc16"},"headline":"9 blandade tankar p\u00e5 tisdagen","datePublished":"2023-01-24T06:00:00+00:00","mainEntityOfPage":{"@id":"https:\/\/blogg.svenskakyrkan.se\/vandravagen\/2023\/01\/24\/9-blandade-tankar-pa-tisdagen-5\/"},"wordCount":349,"commentCount":4,"publisher":{"@id":"https:\/\/blogg.svenskakyrkan.se\/vandravagen\/#organization"},"image":{"@id":"https:\/\/blogg.svenskakyrkan.se\/vandravagen\/2023\/01\/24\/9-blandade-tankar-pa-tisdagen-5\/#primaryimage"},"thumbnailUrl":"https:\/\/blogg.svenskakyrkan.se\/vandravagen\/files\/2023\/01\/IMG_1822-scaled.jpg","inLanguage":"sv-SE","potentialAction":[{"@type":"CommentAction","name":"Comment","target":["https:\/\/blogg.svenskakyrkan.se\/vandravagen\/2023\/01\/24\/9-blandade-tankar-pa-tisdagen-5\/#respond"]}]},{"@type":"WebPage","@id":"https:\/\/blogg.svenskakyrkan.se\/vandravagen\/2023\/01\/24\/9-blandade-tankar-pa-tisdagen-5\/","url":"https:\/\/blogg.svenskakyrkan.se\/vandravagen\/2023\/01\/24\/9-blandade-tankar-pa-tisdagen-5\/","name":"9 blandade tankar p\u00e5 tisdagen - Vandra V\u00e4gen","isPartOf":{"@id":"https:\/\/blogg.svenskakyrkan.se\/vandravagen\/#website"},"primaryImageOfPage":{"@id":"https:\/\/blogg.svenskakyrkan.se\/vandravagen\/2023\/01\/24\/9-blandade-tankar-pa-tisdagen-5\/#primaryimage"},"image":{"@id":"https:\/\/blogg.svenskakyrkan.se\/vandravagen\/2023\/01\/24\/9-blandade-tankar-pa-tisdagen-5\/#primaryimage"},"thumbnailUrl":"https:\/\/blogg.svenskakyrkan.se\/vandravagen\/files\/2023\/01\/IMG_1822-scaled.jpg","datePublished":"2023-01-24T06:00:00+00:00","breadcrumb":{"@id":"https:\/\/blogg.svenskakyrkan.se\/vandravagen\/2023\/01\/24\/9-blandade-tankar-pa-tisdagen-5\/#breadcrumb"},"inLanguage":"sv-SE","potentialAction":[{"@type":"ReadAction","target":["https:\/\/blogg.svenskakyrkan.se\/vandravagen\/2023\/01\/24\/9-blandade-tankar-pa-tisdagen-5\/"]}]},{"@type":"ImageObject","inLanguage":"sv-SE","@id":"https:\/\/blogg.svenskakyrkan.se\/vandravagen\/2023\/01\/24\/9-blandade-tankar-pa-tisdagen-5\/#primaryimage","url":"https:\/\/blogg.svenskakyrkan.se\/vandravagen\/files\/2023\/01\/IMG_1822-scaled.jpg","contentUrl":"https:\/\/blogg.svenskakyrkan.se\/vandravagen\/files\/2023\/01\/IMG_1822-scaled.jpg","width":2560,"height":1920},{"@type":"BreadcrumbList","@id":"https:\/\/blogg.svenskakyrkan.se\/vandravagen\/2023\/01\/24\/9-blandade-tankar-pa-tisdagen-5\/#breadcrumb","itemListElement":[{"@type":"ListItem","position":1,"name":"Hem","item":"https:\/\/blogg.svenskakyrkan.se\/vandravagen\/"},{"@type":"ListItem","position":2,"name":"9 blandade tankar p\u00e5 tisdagen"}]},{"@type":"WebSite","@id":"https:\/\/blogg.svenskakyrkan.se\/vandravagen\/#website","url":"https:\/\/blogg.svenskakyrkan.se\/vandravagen\/","name":"Vandra V\u00e4gen","description":"-Mot en tro f\u00f6r hela livet","publisher":{"@id":"https:\/\/blogg.svenskakyrkan.se\/vandravagen\/#organization"},"potentialAction":[{"@type":"SearchAction","target":{"@type":"EntryPoint","urlTemplate":"https:\/\/blogg.svenskakyrkan.se\/vandravagen\/?s={search_term_string}"},"query-input":{"@type":"PropertyValueSpecification","valueRequired":true,"valueName":"search_term_string"}}],"inLanguage":"sv-SE"},{"@type":"Organization","@id":"https:\/\/blogg.svenskakyrkan.se\/vandravagen\/#organization","name":"ulricehamns pastorat","alternateName":"ulricehamns pastorat","url":"https:\/\/blogg.svenskakyrkan.se\/vandravagen\/","logo":{"@type":"ImageObject","inLanguage":"sv-SE","@id":"https:\/\/blogg.svenskakyrkan.se\/vandravagen\/#\/schema\/logo\/image\/","url":"https:\/\/blogg.svenskakyrkan.se\/vandravagen\/files\/2023\/05\/Ulr_logo_RGB.png","contentUrl":"https:\/\/blogg.svenskakyrkan.se\/vandravagen\/files\/2023\/05\/Ulr_logo_RGB.png","width":205,"height":77,"caption":"ulricehamns pastorat"},"image":{"@id":"https:\/\/blogg.svenskakyrkan.se\/vandravagen\/#\/schema\/logo\/image\/"},"sameAs":["http:\/\/facebook.com\/vandravagen","https:\/\/x.com\/fadertomas","http:\/\/www.facebook.com\/svenskakyrkaniulricehamn"]},{"@type":"Person","@id":"https:\/\/blogg.svenskakyrkan.se\/vandravagen\/#\/schema\/person\/25da02d4f76b137d04291711e2c9fc16","name":"Tomas Jarvid","image":{"@type":"ImageObject","inLanguage":"sv-SE","@id":"https:\/\/blogg.svenskakyrkan.se\/vandravagen\/#\/schema\/person\/image\/","url":"https:\/\/secure.gravatar.com\/avatar\/7fa71899795e8f540f615a1f5ab25255dc27aa40f05ee7ddd21aac521e01bf50?s=96&d=identicon&r=g","contentUrl":"https:\/\/secure.gravatar.com\/avatar\/7fa71899795e8f540f615a1f5ab25255dc27aa40f05ee7ddd21aac521e01bf50?s=96&d=identicon&r=g","caption":"Tomas Jarvid"},"description":"Jag bor i Ulricehamn i V\u00e4sterg\u00f6tland och \u00e4r f\u00f6rsamlingspr\u00e4st i Svenska Kyrkan f\u00f6r Dalstorps f\u00f6rsamling i Kinds pastorat. P\u00e5 den h\u00e4r bloggen skriver jag ner tankar om vandringen som kristen.","sameAs":["http:\/\/www.vandravagen.se"],"url":"https:\/\/blogg.svenskakyrkan.se\/vandravagen\/author\/vandravagen\/"}]}},"author_meta":{"ID":"392","user_nicename":"vandravagen","user_url":"http:\/\/www.vandravagen.se","user_registered":"2014-05-19 05:44:52","display_name":"Tomas Jarvid","first_name":"Tomas","last_name":"Jarvid","avatar":"https:\/\/secure.gravatar.com\/avatar\/7fa71899795e8f540f615a1f5ab25255dc27aa40f05ee7ddd21aac521e01bf50?s=96&d=identicon&r=g"},"featured_image":["https:\/\/blogg.svenskakyrkan.se\/vandravagen\/files\/2023\/01\/IMG_1822-1024x768.jpg",1024,768,true],"bloginfo":{"name":"Vandra V\u00e4gen","url":"https:\/\/blogg.svenskakyrkan.se\/vandravagen"},"_links":{"self":[{"href":"https:\/\/blogg.svenskakyrkan.se\/vandravagen\/wp-json\/wp\/v2\/posts\/9261","targetHints":{"allow":["GET"]}}],"collection":[{"href":"https:\/\/blogg.svenskakyrkan.se\/vandravagen\/wp-json\/wp\/v2\/posts"}],"about":[{"href":"https:\/\/blogg.svenskakyrkan.se\/vandravagen\/wp-json\/wp\/v2\/types\/post"}],"author":[{"embeddable":true,"href":"https:\/\/blogg.svenskakyrkan.se\/vandravagen\/wp-json\/wp\/v2\/users\/392"}],"replies":[{"embeddable":true,"href":"https:\/\/blogg.svenskakyrkan.se\/vandravagen\/wp-json\/wp\/v2\/comments?post=9261"}],"version-history":[{"count":1,"href":"https:\/\/blogg.svenskakyrkan.se\/vandravagen\/wp-json\/wp\/v2\/posts\/9261\/revisions"}],"predecessor-version":[{"id":9263,"href":"https:\/\/blogg.svenskakyrkan.se\/vandravagen\/wp-json\/wp\/v2\/posts\/9261\/revisions\/9263"}],"wp:featuredmedia":[{"embeddable":true,"href":"https:\/\/blogg.svenskakyrkan.se\/vandravagen\/wp-json\/wp\/v2\/media\/9262"}],"wp:attachment":[{"href":"https:\/\/blogg.svenskakyrkan.se\/vandravagen\/wp-json\/wp\/v2\/media?parent=9261"}],"wp:term":[{"taxonomy":"category","embeddable":true,"href":"https:\/\/blogg.svenskakyrkan.se\/vandravagen\/wp-json\/wp\/v2\/categories?post=9261"},{"taxonomy":"post_tag","embeddable":true,"href":"https:\/\/blogg.svenskakyrkan.se\/vandravagen\/wp-json\/wp\/v2\/tags?post=9261"}],"curies":[{"name":"wp","href":"https:\/\/api.w.org\/{rel}","templated":true}]}}