{"id":9323,"date":"2023-03-24T10:53:00","date_gmt":"2023-03-24T09:53:00","guid":{"rendered":"https:\/\/blogg.svenskakyrkan.se\/vandravagen\/?p=9323"},"modified":"2023-03-24T10:53:02","modified_gmt":"2023-03-24T09:53:02","slug":"en-skadad-prast-som-lovsjunger-i-forsamlingen","status":"publish","type":"post","link":"https:\/\/blogg.svenskakyrkan.se\/vandravagen\/2023\/03\/24\/en-skadad-prast-som-lovsjunger-i-forsamlingen\/","title":{"rendered":"En skadad pr\u00e4st som lovsjunger i f\u00f6rsamlingen"},"content":{"rendered":"\n\n\n<figure class=\"wp-block-image size-full\"><img loading=\"lazy\" decoding=\"async\" width=\"598\" height=\"711\" src=\"https:\/\/blogg.svenskakyrkan.se\/vandravagen\/files\/2023\/03\/IMG_2208.jpg\" alt=\"\" class=\"wp-image-9324\" srcset=\"https:\/\/blogg.svenskakyrkan.se\/vandravagen\/files\/2023\/03\/IMG_2208.jpg 598w, https:\/\/blogg.svenskakyrkan.se\/vandravagen\/files\/2023\/03\/IMG_2208-300x357.jpg 300w\" sizes=\"auto, (max-width: 598px) 100vw, 598px\" \/><figcaption class=\"wp-element-caption\">Ibland \u00e4r v\u00e4gen f\u00f6r pilgrimen lite besv\u00e4rligare. Kanske \u00e4r det d\u00e5 man kan f\u00e5 syn p\u00e5 att man \u00e4r buren.<\/figcaption><\/figure>\n\n\n\n<h2 class=\"wp-block-heading\">Slutet p\u00e5 sjukskrivningen<\/h2>\n\n\n\n<p>N\u00e4sta vecka b\u00f6rjar jag arbeta igen efter sex veckors heltidssjukskrivning. Armen \u00e4r v\u00e4l inte kanonbra men jag kan i alla fall skriva igen och en pr\u00e4st m\u00e5ste ju inte g\u00f6ra s\u00e5 mycket mer \u00e4n arbeta med orden. <\/p>\n\n\n\n<p>Jag har ju haft en del uppeh\u00e5ll i pr\u00e4sttj\u00e4nsten f\u00f6rut d\u00e5 jag varit f\u00f6r\u00e4ldraledig men nu har jag ocks\u00e5 f\u00e5tt testa p\u00e5 att vara skraltig och hj\u00e4lpl\u00f6s sj\u00e4lv vilket ju \u00e4r \u00f6dmjukande och nyttigt. Som p\u00e5 f\u00f6r\u00e4ldraledigheterna kan man m\u00e4rka att det \u00e4r mycket med pr\u00e4standet som \u00e4nd\u00e5 sitter djupt i mig. N\u00e4r jag f\u00e5tt \u00e4gna dagarna \u00e5t vad som helst s\u00e5 har det \u00e4nd\u00e5 k\u00e4nts som en b\u00e4ttre dag n\u00e4r jag f\u00e5tt g\u00f6ra n\u00e5gon liten videosnutt om kristen tro eller f\u00f6rdjupa mig i bibeln. Inte \u00f6verraskande alls f\u00f6rst\u00e5s men \u00e4nd\u00e5 en fin p\u00e5minnelse om att jag verkligen tycker om det h\u00e4r ut\u00f6ver att det ocks\u00e5 blivit mitt arbete.<\/p>\n\n\n\n<h2 class=\"wp-block-heading\">Att f\u00e5 fira gudstj\u00e4nst<\/h2>\n\n\n\n<p>P\u00e5 samma s\u00e4tt med gudstj\u00e4nster. De f\u00f6rsta veckorna kunde jag inte g\u00e5 p\u00e5 n\u00e5gra gudstj\u00e4nster alls men sedan har jag kunnat \u00e5ka med min fru p\u00e5 veckom\u00e4ssa i f\u00f6rsamlingsg\u00e5rden och till n\u00e5gra av de gudstj\u00e4nster hon sj\u00e4lv lett. Jag har ju varit lite mer urs\u00e4ktad att l\u00e4mna ifr\u00e5n mig barnen till mor och far s\u00e5 jag har f\u00e5tt fira ovanligt m\u00e5nga gudstj\u00e4nster d\u00e5 jag f\u00e5tt vara med i gudstj\u00e4nsten utan att beh\u00f6va t\u00e4nka p\u00e5 n\u00e5got annat alls just d\u00e5.<\/p>\n\n\n\n<p>Och jag tycker verkligen om det. Det \u00e4r h\u00e4rligt att fira gudstj\u00e4nst, sjunga psalmernas ord och be. \u00c4ven om jag \u00e4r en v\u00e4ldigt van gudstj\u00e4nstledare vid det h\u00e4r laget s\u00e5 g\u00f6r det \u00e4nd\u00e5 skillnad att hela tiden ha saker att sk\u00f6ta. Nu har jag f\u00e5tt vara n\u00e4rvarande p\u00e5 ett annat s\u00e4tt. Kunnat smaka p\u00e5 orden vi sjunger och be utan att beh\u00f6va t\u00e4nka p\u00e5 hur jag formulerat mig. Jag h\u00f6rde i pastoratets podd &#8221;pr\u00e4stfrihet&#8221; min kollega Martin s\u00e4ga att han f\u00f6r sin del inte kunde f\u00f6rst\u00e5 att inte alla vill fira gudstj\u00e4nst eftersom det \u00e4r en s\u00e5 fin sak att f\u00e5 vara med om. Och s\u00e5 har jag ju ocks\u00e5 alltid brukat t\u00e4nka kom jag nu ih\u00e5g. Det har p\u00e5 senare tid varit v\u00e4ldigt mycket kamp med att fira gudstj\u00e4nst med hela barnaskaran s\u00e5 det n\u00e4stan k\u00e4nts helt o\u00f6verstigligt s\u00e5 d\u00e5 gl\u00f6mmer man l\u00e4tt s\u00e5na saker. <\/p>\n\n\n\n<p>Jag har funderat lite p\u00e5 om det p\u00e5verkat min erfarenhet av gudstj\u00e4nsten att f\u00e5 fira den med armen i band och som en lite mer handikappad person. Kanske ligger det n\u00e5got in att det blir annorlunda att s\u00f6ka Gud n\u00e4r man blivit p\u00e5mind om sin s\u00e5rbarhet?<\/p>\n\n\n\n<h2 class=\"wp-block-heading\">Att f\u00e5 st\u00e5 och lovsjunga tillsammans<\/h2>\n\n\n\n<p>Gudstj\u00e4nsten har ju m\u00e5nga moment och jag har de senaste gudstj\u00e4nsterna tyckt att det allra finaste varit att f\u00e5 st\u00e5 med f\u00f6rsamlingen och sjunga lovs\u00e5ngen i gudstj\u00e4nstens b\u00f6rjan. Jag tror att det just \u00e4r gemenskapen inf\u00f6r Gud som \u00e4r k\u00e4rnan i det. Kanske \u00e4r det just en p\u00e5minnelse om att grunden f\u00f6r mig som kristen \u00e4r att vara en del av f\u00f6rsamlingskroppen. Vi som just nu \u00e4r samlade f\u00f6r att lovsjunga tillsammans. <\/p>\n\n\n\n<h2 class=\"wp-block-heading\">En hj\u00e4lpl\u00f6s pr\u00e4st<\/h2>\n\n\n\n<p>Nu ligger det ist\u00e4llet ett antal veckor framf\u00f6r mig d\u00e5 jag visserligen kommer vara i tj\u00e4nst men \u00e4nd\u00e5 p\u00e5 m\u00e5nga s\u00e4tt lite hj\u00e4lpl\u00f6s. Jag f\u00e5r vara lite l\u00e5ngsammare och omst\u00e4ndligare \u00e4n jag brukar beh\u00f6va vara. Det kommer finnas saker som \u00e4r sv\u00e5ra (d\u00f6pa barn f\u00e5r allt v\u00e4nta ett tag till) och ibland kommer jag s\u00e4kert beh\u00f6va hj\u00e4lp. Det blir s\u00e4ker ocks\u00e5 en nyttig skola i s\u00e5rbarhet.<\/p>\n","protected":false},"excerpt":{"rendered":"<p>Slutet p\u00e5 sjukskrivningen N\u00e4sta vecka b\u00f6rjar jag arbeta igen efter sex veckors heltidssjukskrivning. Armen \u00e4r v\u00e4l inte kanonbra men jag kan i alla fall skriva igen och en pr\u00e4st m\u00e5ste ju inte g\u00f6ra s\u00e5 mycket mer \u00e4n arbeta med orden. Jag har ju haft en del uppeh\u00e5ll i pr\u00e4sttj\u00e4nsten f\u00f6rut d\u00e5 jag varit f\u00f6r\u00e4ldraledig men [&hellip;]<\/p>\n","protected":false},"author":392,"featured_media":9324,"comment_status":"open","ping_status":"open","sticky":false,"template":"","format":"standard","meta":{"_acf_changed":false,"footnotes":""},"categories":[76369,75887,8265,33574],"tags":[83867,83880,83890,84024,84157,83917,84159,84156,84158,83956],"class_list":["post-9323","post","type-post","status-publish","format-standard","has-post-thumbnail","hentry","category-andlig-ovning","category-andlighet","category-gudstjanst","category-kyrkan","tag-gudstjanst","tag-kristen","tag-kyrkan","tag-lovsang","tag-lovsangen","tag-prast","tag-prastliv","tag-sjukskriven","tag-tillsammans","tag-tro"],"acf":[],"yoast_head":"<!-- This site is optimized with the Yoast SEO plugin v27.1.1 - https:\/\/yoast.com\/product\/yoast-seo-wordpress\/ -->\n<title>En skadad pr\u00e4st som lovsjunger i f\u00f6rsamlingen - Vandra V\u00e4gen<\/title>\n<meta name=\"robots\" content=\"index, follow, max-snippet:-1, max-image-preview:large, max-video-preview:-1\" \/>\n<link rel=\"canonical\" href=\"https:\/\/blogg.svenskakyrkan.se\/vandravagen\/2023\/03\/24\/en-skadad-prast-som-lovsjunger-i-forsamlingen\/\" \/>\n<meta property=\"og:locale\" content=\"sv_SE\" \/>\n<meta property=\"og:type\" content=\"article\" \/>\n<meta property=\"og:title\" content=\"En skadad pr\u00e4st som lovsjunger i f\u00f6rsamlingen - Vandra V\u00e4gen\" \/>\n<meta property=\"og:description\" content=\"Slutet p\u00e5 sjukskrivningen N\u00e4sta vecka b\u00f6rjar jag arbeta igen efter sex veckors heltidssjukskrivning. Armen \u00e4r v\u00e4l inte kanonbra men jag kan i alla fall skriva igen och en pr\u00e4st m\u00e5ste ju inte g\u00f6ra s\u00e5 mycket mer \u00e4n arbeta med orden. Jag har ju haft en del uppeh\u00e5ll i pr\u00e4sttj\u00e4nsten f\u00f6rut d\u00e5 jag varit f\u00f6r\u00e4ldraledig men [&hellip;]\" \/>\n<meta property=\"og:url\" content=\"https:\/\/blogg.svenskakyrkan.se\/vandravagen\/2023\/03\/24\/en-skadad-prast-som-lovsjunger-i-forsamlingen\/\" \/>\n<meta property=\"og:site_name\" content=\"Vandra V\u00e4gen\" \/>\n<meta property=\"article:publisher\" content=\"http:\/\/facebook.com\/vandravagen\" \/>\n<meta property=\"article:published_time\" content=\"2023-03-24T09:53:00+00:00\" \/>\n<meta property=\"article:modified_time\" content=\"2023-03-24T09:53:02+00:00\" \/>\n<meta property=\"og:image\" content=\"https:\/\/blogg.svenskakyrkan.se\/vandravagen\/files\/2023\/03\/IMG_2208.jpg\" \/>\n\t<meta property=\"og:image:width\" content=\"598\" \/>\n\t<meta property=\"og:image:height\" content=\"711\" \/>\n\t<meta property=\"og:image:type\" content=\"image\/jpeg\" \/>\n<meta name=\"author\" content=\"Tomas Jarvid\" \/>\n<meta name=\"twitter:card\" content=\"summary_large_image\" \/>\n<meta name=\"twitter:creator\" content=\"@fadertomas\" \/>\n<meta name=\"twitter:site\" content=\"@fadertomas\" \/>\n<meta name=\"twitter:label1\" content=\"Skriven av\" \/>\n\t<meta name=\"twitter:data1\" content=\"Tomas Jarvid\" \/>\n\t<meta name=\"twitter:label2\" content=\"Ber\u00e4knad l\u00e4stid\" \/>\n\t<meta name=\"twitter:data2\" content=\"4 minuter\" \/>\n<script type=\"application\/ld+json\" class=\"yoast-schema-graph\">{\"@context\":\"https:\/\/schema.org\",\"@graph\":[{\"@type\":\"Article\",\"@id\":\"https:\/\/blogg.svenskakyrkan.se\/vandravagen\/2023\/03\/24\/en-skadad-prast-som-lovsjunger-i-forsamlingen\/#article\",\"isPartOf\":{\"@id\":\"https:\/\/blogg.svenskakyrkan.se\/vandravagen\/2023\/03\/24\/en-skadad-prast-som-lovsjunger-i-forsamlingen\/\"},\"author\":{\"name\":\"Tomas Jarvid\",\"@id\":\"https:\/\/blogg.svenskakyrkan.se\/vandravagen\/#\/schema\/person\/25da02d4f76b137d04291711e2c9fc16\"},\"headline\":\"En skadad pr\u00e4st som lovsjunger i f\u00f6rsamlingen\",\"datePublished\":\"2023-03-24T09:53:00+00:00\",\"dateModified\":\"2023-03-24T09:53:02+00:00\",\"mainEntityOfPage\":{\"@id\":\"https:\/\/blogg.svenskakyrkan.se\/vandravagen\/2023\/03\/24\/en-skadad-prast-som-lovsjunger-i-forsamlingen\/\"},\"wordCount\":731,\"commentCount\":6,\"publisher\":{\"@id\":\"https:\/\/blogg.svenskakyrkan.se\/vandravagen\/#organization\"},\"image\":{\"@id\":\"https:\/\/blogg.svenskakyrkan.se\/vandravagen\/2023\/03\/24\/en-skadad-prast-som-lovsjunger-i-forsamlingen\/#primaryimage\"},\"thumbnailUrl\":\"https:\/\/blogg.svenskakyrkan.se\/vandravagen\/files\/2023\/03\/IMG_2208.jpg\",\"keywords\":[\"gudstj\u00e4nst\",\"kristen\",\"kyrkan\",\"lovs\u00e5ng\",\"lovs\u00e5ngen\",\"pr\u00e4st\",\"pr\u00e4stliv\",\"sjukskriven\",\"tillsammans\",\"tro\"],\"articleSection\":[\"andlig \u00f6vning\",\"andlighet\",\"Gudstj\u00e4nst\",\"kyrkan\"],\"inLanguage\":\"sv-SE\",\"potentialAction\":[{\"@type\":\"CommentAction\",\"name\":\"Comment\",\"target\":[\"https:\/\/blogg.svenskakyrkan.se\/vandravagen\/2023\/03\/24\/en-skadad-prast-som-lovsjunger-i-forsamlingen\/#respond\"]}]},{\"@type\":\"WebPage\",\"@id\":\"https:\/\/blogg.svenskakyrkan.se\/vandravagen\/2023\/03\/24\/en-skadad-prast-som-lovsjunger-i-forsamlingen\/\",\"url\":\"https:\/\/blogg.svenskakyrkan.se\/vandravagen\/2023\/03\/24\/en-skadad-prast-som-lovsjunger-i-forsamlingen\/\",\"name\":\"En skadad pr\u00e4st som lovsjunger i f\u00f6rsamlingen - Vandra V\u00e4gen\",\"isPartOf\":{\"@id\":\"https:\/\/blogg.svenskakyrkan.se\/vandravagen\/#website\"},\"primaryImageOfPage\":{\"@id\":\"https:\/\/blogg.svenskakyrkan.se\/vandravagen\/2023\/03\/24\/en-skadad-prast-som-lovsjunger-i-forsamlingen\/#primaryimage\"},\"image\":{\"@id\":\"https:\/\/blogg.svenskakyrkan.se\/vandravagen\/2023\/03\/24\/en-skadad-prast-som-lovsjunger-i-forsamlingen\/#primaryimage\"},\"thumbnailUrl\":\"https:\/\/blogg.svenskakyrkan.se\/vandravagen\/files\/2023\/03\/IMG_2208.jpg\",\"datePublished\":\"2023-03-24T09:53:00+00:00\",\"dateModified\":\"2023-03-24T09:53:02+00:00\",\"breadcrumb\":{\"@id\":\"https:\/\/blogg.svenskakyrkan.se\/vandravagen\/2023\/03\/24\/en-skadad-prast-som-lovsjunger-i-forsamlingen\/#breadcrumb\"},\"inLanguage\":\"sv-SE\",\"potentialAction\":[{\"@type\":\"ReadAction\",\"target\":[\"https:\/\/blogg.svenskakyrkan.se\/vandravagen\/2023\/03\/24\/en-skadad-prast-som-lovsjunger-i-forsamlingen\/\"]}]},{\"@type\":\"ImageObject\",\"inLanguage\":\"sv-SE\",\"@id\":\"https:\/\/blogg.svenskakyrkan.se\/vandravagen\/2023\/03\/24\/en-skadad-prast-som-lovsjunger-i-forsamlingen\/#primaryimage\",\"url\":\"https:\/\/blogg.svenskakyrkan.se\/vandravagen\/files\/2023\/03\/IMG_2208.jpg\",\"contentUrl\":\"https:\/\/blogg.svenskakyrkan.se\/vandravagen\/files\/2023\/03\/IMG_2208.jpg\",\"width\":598,\"height\":711},{\"@type\":\"BreadcrumbList\",\"@id\":\"https:\/\/blogg.svenskakyrkan.se\/vandravagen\/2023\/03\/24\/en-skadad-prast-som-lovsjunger-i-forsamlingen\/#breadcrumb\",\"itemListElement\":[{\"@type\":\"ListItem\",\"position\":1,\"name\":\"Hem\",\"item\":\"https:\/\/blogg.svenskakyrkan.se\/vandravagen\/\"},{\"@type\":\"ListItem\",\"position\":2,\"name\":\"gudstj\u00e4nst\",\"item\":\"https:\/\/blogg.svenskakyrkan.se\/vandravagen\/tag\/gudstjanst\/\"},{\"@type\":\"ListItem\",\"position\":3,\"name\":\"En skadad pr\u00e4st som lovsjunger i f\u00f6rsamlingen\"}]},{\"@type\":\"WebSite\",\"@id\":\"https:\/\/blogg.svenskakyrkan.se\/vandravagen\/#website\",\"url\":\"https:\/\/blogg.svenskakyrkan.se\/vandravagen\/\",\"name\":\"Vandra V\u00e4gen\",\"description\":\"-Mot en tro f\u00f6r hela livet\",\"publisher\":{\"@id\":\"https:\/\/blogg.svenskakyrkan.se\/vandravagen\/#organization\"},\"potentialAction\":[{\"@type\":\"SearchAction\",\"target\":{\"@type\":\"EntryPoint\",\"urlTemplate\":\"https:\/\/blogg.svenskakyrkan.se\/vandravagen\/?s={search_term_string}\"},\"query-input\":{\"@type\":\"PropertyValueSpecification\",\"valueRequired\":true,\"valueName\":\"search_term_string\"}}],\"inLanguage\":\"sv-SE\"},{\"@type\":\"Organization\",\"@id\":\"https:\/\/blogg.svenskakyrkan.se\/vandravagen\/#organization\",\"name\":\"ulricehamns pastorat\",\"alternateName\":\"ulricehamns pastorat\",\"url\":\"https:\/\/blogg.svenskakyrkan.se\/vandravagen\/\",\"logo\":{\"@type\":\"ImageObject\",\"inLanguage\":\"sv-SE\",\"@id\":\"https:\/\/blogg.svenskakyrkan.se\/vandravagen\/#\/schema\/logo\/image\/\",\"url\":\"https:\/\/blogg.svenskakyrkan.se\/vandravagen\/files\/2023\/05\/Ulr_logo_RGB.png\",\"contentUrl\":\"https:\/\/blogg.svenskakyrkan.se\/vandravagen\/files\/2023\/05\/Ulr_logo_RGB.png\",\"width\":205,\"height\":77,\"caption\":\"ulricehamns pastorat\"},\"image\":{\"@id\":\"https:\/\/blogg.svenskakyrkan.se\/vandravagen\/#\/schema\/logo\/image\/\"},\"sameAs\":[\"http:\/\/facebook.com\/vandravagen\",\"https:\/\/x.com\/fadertomas\",\"http:\/\/www.facebook.com\/svenskakyrkaniulricehamn\"]},{\"@type\":\"Person\",\"@id\":\"https:\/\/blogg.svenskakyrkan.se\/vandravagen\/#\/schema\/person\/25da02d4f76b137d04291711e2c9fc16\",\"name\":\"Tomas Jarvid\",\"image\":{\"@type\":\"ImageObject\",\"inLanguage\":\"sv-SE\",\"@id\":\"https:\/\/blogg.svenskakyrkan.se\/vandravagen\/#\/schema\/person\/image\/\",\"url\":\"https:\/\/secure.gravatar.com\/avatar\/7fa71899795e8f540f615a1f5ab25255dc27aa40f05ee7ddd21aac521e01bf50?s=96&d=identicon&r=g\",\"contentUrl\":\"https:\/\/secure.gravatar.com\/avatar\/7fa71899795e8f540f615a1f5ab25255dc27aa40f05ee7ddd21aac521e01bf50?s=96&d=identicon&r=g\",\"caption\":\"Tomas Jarvid\"},\"description\":\"Jag bor i Ulricehamn i V\u00e4sterg\u00f6tland och \u00e4r f\u00f6rsamlingspr\u00e4st i Svenska Kyrkan f\u00f6r Dalstorps f\u00f6rsamling i Kinds pastorat. P\u00e5 den h\u00e4r bloggen skriver jag ner tankar om vandringen som kristen.\",\"sameAs\":[\"http:\/\/www.vandravagen.se\"],\"url\":\"https:\/\/blogg.svenskakyrkan.se\/vandravagen\/author\/vandravagen\/\"}]}<\/script>\n<!-- \/ Yoast SEO plugin. -->","yoast_head_json":{"title":"En skadad pr\u00e4st som lovsjunger i f\u00f6rsamlingen - Vandra V\u00e4gen","robots":{"index":"index","follow":"follow","max-snippet":"max-snippet:-1","max-image-preview":"max-image-preview:large","max-video-preview":"max-video-preview:-1"},"canonical":"https:\/\/blogg.svenskakyrkan.se\/vandravagen\/2023\/03\/24\/en-skadad-prast-som-lovsjunger-i-forsamlingen\/","og_locale":"sv_SE","og_type":"article","og_title":"En skadad pr\u00e4st som lovsjunger i f\u00f6rsamlingen - Vandra V\u00e4gen","og_description":"Slutet p\u00e5 sjukskrivningen N\u00e4sta vecka b\u00f6rjar jag arbeta igen efter sex veckors heltidssjukskrivning. Armen \u00e4r v\u00e4l inte kanonbra men jag kan i alla fall skriva igen och en pr\u00e4st m\u00e5ste ju inte g\u00f6ra s\u00e5 mycket mer \u00e4n arbeta med orden. Jag har ju haft en del uppeh\u00e5ll i pr\u00e4sttj\u00e4nsten f\u00f6rut d\u00e5 jag varit f\u00f6r\u00e4ldraledig men [&hellip;]","og_url":"https:\/\/blogg.svenskakyrkan.se\/vandravagen\/2023\/03\/24\/en-skadad-prast-som-lovsjunger-i-forsamlingen\/","og_site_name":"Vandra V\u00e4gen","article_publisher":"http:\/\/facebook.com\/vandravagen","article_published_time":"2023-03-24T09:53:00+00:00","article_modified_time":"2023-03-24T09:53:02+00:00","og_image":[{"width":598,"height":711,"url":"https:\/\/blogg.svenskakyrkan.se\/vandravagen\/files\/2023\/03\/IMG_2208.jpg","type":"image\/jpeg"}],"author":"Tomas Jarvid","twitter_card":"summary_large_image","twitter_creator":"@fadertomas","twitter_site":"@fadertomas","twitter_misc":{"Skriven av":"Tomas Jarvid","Ber\u00e4knad l\u00e4stid":"4 minuter"},"schema":{"@context":"https:\/\/schema.org","@graph":[{"@type":"Article","@id":"https:\/\/blogg.svenskakyrkan.se\/vandravagen\/2023\/03\/24\/en-skadad-prast-som-lovsjunger-i-forsamlingen\/#article","isPartOf":{"@id":"https:\/\/blogg.svenskakyrkan.se\/vandravagen\/2023\/03\/24\/en-skadad-prast-som-lovsjunger-i-forsamlingen\/"},"author":{"name":"Tomas Jarvid","@id":"https:\/\/blogg.svenskakyrkan.se\/vandravagen\/#\/schema\/person\/25da02d4f76b137d04291711e2c9fc16"},"headline":"En skadad pr\u00e4st som lovsjunger i f\u00f6rsamlingen","datePublished":"2023-03-24T09:53:00+00:00","dateModified":"2023-03-24T09:53:02+00:00","mainEntityOfPage":{"@id":"https:\/\/blogg.svenskakyrkan.se\/vandravagen\/2023\/03\/24\/en-skadad-prast-som-lovsjunger-i-forsamlingen\/"},"wordCount":731,"commentCount":6,"publisher":{"@id":"https:\/\/blogg.svenskakyrkan.se\/vandravagen\/#organization"},"image":{"@id":"https:\/\/blogg.svenskakyrkan.se\/vandravagen\/2023\/03\/24\/en-skadad-prast-som-lovsjunger-i-forsamlingen\/#primaryimage"},"thumbnailUrl":"https:\/\/blogg.svenskakyrkan.se\/vandravagen\/files\/2023\/03\/IMG_2208.jpg","keywords":["gudstj\u00e4nst","kristen","kyrkan","lovs\u00e5ng","lovs\u00e5ngen","pr\u00e4st","pr\u00e4stliv","sjukskriven","tillsammans","tro"],"articleSection":["andlig \u00f6vning","andlighet","Gudstj\u00e4nst","kyrkan"],"inLanguage":"sv-SE","potentialAction":[{"@type":"CommentAction","name":"Comment","target":["https:\/\/blogg.svenskakyrkan.se\/vandravagen\/2023\/03\/24\/en-skadad-prast-som-lovsjunger-i-forsamlingen\/#respond"]}]},{"@type":"WebPage","@id":"https:\/\/blogg.svenskakyrkan.se\/vandravagen\/2023\/03\/24\/en-skadad-prast-som-lovsjunger-i-forsamlingen\/","url":"https:\/\/blogg.svenskakyrkan.se\/vandravagen\/2023\/03\/24\/en-skadad-prast-som-lovsjunger-i-forsamlingen\/","name":"En skadad pr\u00e4st som lovsjunger i f\u00f6rsamlingen - Vandra V\u00e4gen","isPartOf":{"@id":"https:\/\/blogg.svenskakyrkan.se\/vandravagen\/#website"},"primaryImageOfPage":{"@id":"https:\/\/blogg.svenskakyrkan.se\/vandravagen\/2023\/03\/24\/en-skadad-prast-som-lovsjunger-i-forsamlingen\/#primaryimage"},"image":{"@id":"https:\/\/blogg.svenskakyrkan.se\/vandravagen\/2023\/03\/24\/en-skadad-prast-som-lovsjunger-i-forsamlingen\/#primaryimage"},"thumbnailUrl":"https:\/\/blogg.svenskakyrkan.se\/vandravagen\/files\/2023\/03\/IMG_2208.jpg","datePublished":"2023-03-24T09:53:00+00:00","dateModified":"2023-03-24T09:53:02+00:00","breadcrumb":{"@id":"https:\/\/blogg.svenskakyrkan.se\/vandravagen\/2023\/03\/24\/en-skadad-prast-som-lovsjunger-i-forsamlingen\/#breadcrumb"},"inLanguage":"sv-SE","potentialAction":[{"@type":"ReadAction","target":["https:\/\/blogg.svenskakyrkan.se\/vandravagen\/2023\/03\/24\/en-skadad-prast-som-lovsjunger-i-forsamlingen\/"]}]},{"@type":"ImageObject","inLanguage":"sv-SE","@id":"https:\/\/blogg.svenskakyrkan.se\/vandravagen\/2023\/03\/24\/en-skadad-prast-som-lovsjunger-i-forsamlingen\/#primaryimage","url":"https:\/\/blogg.svenskakyrkan.se\/vandravagen\/files\/2023\/03\/IMG_2208.jpg","contentUrl":"https:\/\/blogg.svenskakyrkan.se\/vandravagen\/files\/2023\/03\/IMG_2208.jpg","width":598,"height":711},{"@type":"BreadcrumbList","@id":"https:\/\/blogg.svenskakyrkan.se\/vandravagen\/2023\/03\/24\/en-skadad-prast-som-lovsjunger-i-forsamlingen\/#breadcrumb","itemListElement":[{"@type":"ListItem","position":1,"name":"Hem","item":"https:\/\/blogg.svenskakyrkan.se\/vandravagen\/"},{"@type":"ListItem","position":2,"name":"gudstj\u00e4nst","item":"https:\/\/blogg.svenskakyrkan.se\/vandravagen\/tag\/gudstjanst\/"},{"@type":"ListItem","position":3,"name":"En skadad pr\u00e4st som lovsjunger i f\u00f6rsamlingen"}]},{"@type":"WebSite","@id":"https:\/\/blogg.svenskakyrkan.se\/vandravagen\/#website","url":"https:\/\/blogg.svenskakyrkan.se\/vandravagen\/","name":"Vandra V\u00e4gen","description":"-Mot en tro f\u00f6r hela livet","publisher":{"@id":"https:\/\/blogg.svenskakyrkan.se\/vandravagen\/#organization"},"potentialAction":[{"@type":"SearchAction","target":{"@type":"EntryPoint","urlTemplate":"https:\/\/blogg.svenskakyrkan.se\/vandravagen\/?s={search_term_string}"},"query-input":{"@type":"PropertyValueSpecification","valueRequired":true,"valueName":"search_term_string"}}],"inLanguage":"sv-SE"},{"@type":"Organization","@id":"https:\/\/blogg.svenskakyrkan.se\/vandravagen\/#organization","name":"ulricehamns pastorat","alternateName":"ulricehamns pastorat","url":"https:\/\/blogg.svenskakyrkan.se\/vandravagen\/","logo":{"@type":"ImageObject","inLanguage":"sv-SE","@id":"https:\/\/blogg.svenskakyrkan.se\/vandravagen\/#\/schema\/logo\/image\/","url":"https:\/\/blogg.svenskakyrkan.se\/vandravagen\/files\/2023\/05\/Ulr_logo_RGB.png","contentUrl":"https:\/\/blogg.svenskakyrkan.se\/vandravagen\/files\/2023\/05\/Ulr_logo_RGB.png","width":205,"height":77,"caption":"ulricehamns pastorat"},"image":{"@id":"https:\/\/blogg.svenskakyrkan.se\/vandravagen\/#\/schema\/logo\/image\/"},"sameAs":["http:\/\/facebook.com\/vandravagen","https:\/\/x.com\/fadertomas","http:\/\/www.facebook.com\/svenskakyrkaniulricehamn"]},{"@type":"Person","@id":"https:\/\/blogg.svenskakyrkan.se\/vandravagen\/#\/schema\/person\/25da02d4f76b137d04291711e2c9fc16","name":"Tomas Jarvid","image":{"@type":"ImageObject","inLanguage":"sv-SE","@id":"https:\/\/blogg.svenskakyrkan.se\/vandravagen\/#\/schema\/person\/image\/","url":"https:\/\/secure.gravatar.com\/avatar\/7fa71899795e8f540f615a1f5ab25255dc27aa40f05ee7ddd21aac521e01bf50?s=96&d=identicon&r=g","contentUrl":"https:\/\/secure.gravatar.com\/avatar\/7fa71899795e8f540f615a1f5ab25255dc27aa40f05ee7ddd21aac521e01bf50?s=96&d=identicon&r=g","caption":"Tomas Jarvid"},"description":"Jag bor i Ulricehamn i V\u00e4sterg\u00f6tland och \u00e4r f\u00f6rsamlingspr\u00e4st i Svenska Kyrkan f\u00f6r Dalstorps f\u00f6rsamling i Kinds pastorat. P\u00e5 den h\u00e4r bloggen skriver jag ner tankar om vandringen som kristen.","sameAs":["http:\/\/www.vandravagen.se"],"url":"https:\/\/blogg.svenskakyrkan.se\/vandravagen\/author\/vandravagen\/"}]}},"author_meta":{"ID":"392","user_nicename":"vandravagen","user_url":"http:\/\/www.vandravagen.se","user_registered":"2014-05-19 05:44:52","display_name":"Tomas Jarvid","first_name":"Tomas","last_name":"Jarvid","avatar":"https:\/\/secure.gravatar.com\/avatar\/7fa71899795e8f540f615a1f5ab25255dc27aa40f05ee7ddd21aac521e01bf50?s=96&d=identicon&r=g"},"featured_image":["https:\/\/blogg.svenskakyrkan.se\/vandravagen\/files\/2023\/03\/IMG_2208.jpg",598,711,false],"bloginfo":{"name":"Vandra V\u00e4gen","url":"https:\/\/blogg.svenskakyrkan.se\/vandravagen"},"_links":{"self":[{"href":"https:\/\/blogg.svenskakyrkan.se\/vandravagen\/wp-json\/wp\/v2\/posts\/9323","targetHints":{"allow":["GET"]}}],"collection":[{"href":"https:\/\/blogg.svenskakyrkan.se\/vandravagen\/wp-json\/wp\/v2\/posts"}],"about":[{"href":"https:\/\/blogg.svenskakyrkan.se\/vandravagen\/wp-json\/wp\/v2\/types\/post"}],"author":[{"embeddable":true,"href":"https:\/\/blogg.svenskakyrkan.se\/vandravagen\/wp-json\/wp\/v2\/users\/392"}],"replies":[{"embeddable":true,"href":"https:\/\/blogg.svenskakyrkan.se\/vandravagen\/wp-json\/wp\/v2\/comments?post=9323"}],"version-history":[{"count":1,"href":"https:\/\/blogg.svenskakyrkan.se\/vandravagen\/wp-json\/wp\/v2\/posts\/9323\/revisions"}],"predecessor-version":[{"id":9325,"href":"https:\/\/blogg.svenskakyrkan.se\/vandravagen\/wp-json\/wp\/v2\/posts\/9323\/revisions\/9325"}],"wp:featuredmedia":[{"embeddable":true,"href":"https:\/\/blogg.svenskakyrkan.se\/vandravagen\/wp-json\/wp\/v2\/media\/9324"}],"wp:attachment":[{"href":"https:\/\/blogg.svenskakyrkan.se\/vandravagen\/wp-json\/wp\/v2\/media?parent=9323"}],"wp:term":[{"taxonomy":"category","embeddable":true,"href":"https:\/\/blogg.svenskakyrkan.se\/vandravagen\/wp-json\/wp\/v2\/categories?post=9323"},{"taxonomy":"post_tag","embeddable":true,"href":"https:\/\/blogg.svenskakyrkan.se\/vandravagen\/wp-json\/wp\/v2\/tags?post=9323"}],"curies":[{"name":"wp","href":"https:\/\/api.w.org\/{rel}","templated":true}]}}