{"id":9349,"date":"2023-04-12T07:00:00","date_gmt":"2023-04-12T05:00:00","guid":{"rendered":"https:\/\/blogg.svenskakyrkan.se\/vandravagen\/?p=9349"},"modified":"2023-04-11T08:10:44","modified_gmt":"2023-04-11T06:10:44","slug":"i-samma-rum-som-den-uppstandne","status":"publish","type":"post","link":"https:\/\/blogg.svenskakyrkan.se\/vandravagen\/2023\/04\/12\/i-samma-rum-som-den-uppstandne\/","title":{"rendered":"I samma rum som den uppst\u00e5ndne"},"content":{"rendered":"\n\n\n<figure class=\"wp-block-image size-full\"><img loading=\"lazy\" decoding=\"async\" width=\"939\" height=\"1283\" src=\"https:\/\/blogg.svenskakyrkan.se\/vandravagen\/files\/2023\/04\/IMG_2381.jpg\" alt=\"\" class=\"wp-image-9350\" srcset=\"https:\/\/blogg.svenskakyrkan.se\/vandravagen\/files\/2023\/04\/IMG_2381.jpg 939w, https:\/\/blogg.svenskakyrkan.se\/vandravagen\/files\/2023\/04\/IMG_2381-300x410.jpg 300w, https:\/\/blogg.svenskakyrkan.se\/vandravagen\/files\/2023\/04\/IMG_2381-768x1049.jpg 768w\" sizes=\"auto, (max-width: 939px) 100vw, 939px\" \/><figcaption class=\"wp-element-caption\">Maria fr\u00e5n Magdala kommer med nyheter om Jesus uppst\u00e5ndelse men l\u00e4rjungarna \u00e4r kvar i r\u00e4dslans rum och v\u00e5gar inte tro p\u00e5 det.<\/figcaption><\/figure>\n\n\n\n<h2 class=\"wp-block-heading\">I samma rum som den uppst\u00e5ndne<\/h2>\n\n\n\n<p>Glad p\u00e5sk \u00f6nskar jag er alla, och hej p\u00e5 er. Jag heter Tomas som sagt och ser fram emot att l\u00e4ra k\u00e4nna er nu n\u00e4r jag \u00e4r pr\u00e4st i Ulricehamns f\u00f6rsamling. Idag \u00e4r det annandagen, det \u00e4r dagen d\u00e5 vi ska f\u00f6rs\u00f6ka ta till oss p\u00e5skens stora h\u00e4ndelser och ta dem till v\u00e5rt hj\u00e4rta!<\/p>\n\n\n\n<p>Idag \u00e4r vi p\u00e5 helt r\u00e4tt st\u00e4lle f\u00f6r att k\u00e4nna igen oss i evangelietexten om hur l\u00e4rjungarna tr\u00e4ffar den uppst\u00e5ndne Jesus.<\/p>\n\n\n\n<p>De befinner sig i ett rum. Det g\u00f6r ju vi ocks\u00e5 idag, s\u00e5 passande!<\/p>\n\n\n\n<h2 class=\"wp-block-heading\">R\u00e4dslans rum<\/h2>\n\n\n\n<p>De \u00e4r i r\u00e4dslans rum kan man s\u00e4ga. De har l\u00e5st om sig och \u00e4r r\u00e4dda f\u00f6r att r\u00e5ka ut f\u00f6r samma \u00f6de som sin m\u00e4stare. Allt d\u00e4r utanf\u00f6r k\u00e4nns skr\u00e4mmande. De v\u00e5gar inte g\u00e5 ut, de \u00e4r misst\u00e4nksamma mot de som kommer utifr\u00e5n. Det \u00e4r verkligen inget att f\u00f6rv\u00e5na sig \u00f6ver. Det st\u00e5r visserligen att de har f\u00e5tt h\u00f6ra fr\u00e5n Maria fr\u00e5n Magdala om Jesus men det fattas fortfarande en sak. De har inte m\u00f6tt honom. S\u00e5 de \u00e4r r\u00e4dda och har sv\u00e5rt att tro.<\/p>\n\n\n\n<p>S\u00e5 kommer han genom slutna d\u00f6rrar och finns d\u00e4r mitt ibland dem. Han h\u00e4lsar dem med frid. Det st\u00e5r n\u00e5got som jag faktiskt inte lagt m\u00e4rke till innan, han visar dem genast sina h\u00e4nder och sin sida s\u00e5 att de f\u00e5r se s\u00e5ren, just det som Tomas snart kommer kr\u00e4va att f\u00e5 vara med om f\u00f6r att tro. Det f\u00e5r de genast vara med om. <\/p>\n\n\n\n<p>Och d\u00e5 kommer det som \u00e4r tidernas st\u00f6rsta understatement. \u201dDe blev glada n\u00e4r de s\u00e5g Herren\u201d. Men det st\u00e5r f\u00f6rst\u00e5s s\u00e5 av en anledning, Jesus har sj\u00e4lv sagt i sitt avskedstal p\u00e5 sk\u00e4rtorsdagen att de kommer f\u00e5 s\u00f6rja och klaga, men deras sorg kommer att v\u00e4ndas i gl\u00e4dje och ingen kommer ta den gl\u00e4djen ifr\u00e5n dem. Nu \u00e4r de d\u00e4r. Nu \u00e5terv\u00e4nder gl\u00e4djen!<\/p>\n\n\n\n<p>Och de f\u00e5r del i Jesus Ande och i hans uppdrag, det h\u00e4r \u00e4r johannesevangeliets version av missionsbefallningen och pingsten. Jesus andas p\u00e5 dem, som Gud en g\u00e5ng andades liv i de f\u00f6rsta m\u00e4nniskorna och nu \u00e4r de del av den nya skapelsen som b\u00e4rs av Jesus uppst\u00e5ndelseliv.<\/p>\n\n\n\n<h2 class=\"wp-block-heading\">Gl\u00e4djens rum<\/h2>\n\n\n\n<p>Jag t\u00e4nker som sagt framf\u00f6rallt p\u00e5 rummet de satt i. Man ser l\u00e4tt framf\u00f6r sig att de satt med f\u00f6rdragna gardiner och hade det r\u00e4tt m\u00f6rkt och s\u00e5g r\u00e4tt m\u00f6rkt p\u00e5 allt. Men rummet kanske genast s\u00e5g helt annorlunda ut n\u00e4r Jesus var d\u00e4r ibland dem? Kanske k\u00e4ndes takh\u00f6jden pl\u00f6tsligt h\u00f6gre, kanske fanns det \u00e4nd\u00e5 kvar en hel del dagsljus n\u00e4r man t\u00e4nkte efter? L\u00e4ttare att andas och se en framtid. Gl\u00e4djen f\u00f6rjagade r\u00e4dslan.<\/p>\n\n\n\n<p>Vi \u00e4r ju ocks\u00e5 l\u00e4rjungar. Vi \u00e4r som de. Idag \u00e4r vi samlade i det h\u00e4r stora och vackra rummet och vi tror att det \u00e4r ett rum d\u00e4r Jesus finns mitt ibland oss, nu som d\u00e5. Det vore lite f\u00f6rm\u00e4tet att s\u00e4ga att det \u00e4r helt samma sak som d\u00e5 Jesus faktiskt stod mitt ibland dem och visade sina s\u00e5r men \u00e4nd\u00e5 tror vi ju det p\u00e5 s\u00e4tt och vis. <\/p>\n\n\n\n<p>Vi v\u00e4nder oss till honom i v\u00e5ra b\u00f6ner, vi tar emot honom n\u00e4r vi firar nattvard, och vi kanske ocks\u00e5 k\u00e4nner igen oss i att gl\u00e4djen kan v\u00e4ckas i oss n\u00e4r vi erfar att vi inte \u00e4r ensamma utan att han \u00e4r h\u00e4r och delar v\u00e5ra liv. Den heliga Anden g\u00f6r Jesus levande f\u00f6r oss.<\/p>\n\n\n\n<h2 class=\"wp-block-heading\">Olika behov f\u00f6r att kunna tro<\/h2>\n\n\n\n<p>Den d\u00e4r Tomas \u00e4r inte med, han kommer komma sedan och visserligen ha h\u00f6rt om den tomma graven men inte sett Jesus sj\u00e4lv, f\u00f6r honom \u00e4r det sv\u00e5rt att tro. Jag heter ju som han s\u00e5 jag vill g\u00e4rna t\u00e4nka att han var en smart l\u00e4rjunge, en som t\u00e4nkte kritiskt. Kritiskt t\u00e4nkande \u00e4r ju h\u00f6gt i kurs i v\u00e5ra dagar s\u00e5 f\u00f6r m\u00e5nga av oss kr\u00e4vs det kanske ganska goda sk\u00e4l att tro. Eller att man p\u00e5 ett eller annat s\u00e4tt f\u00e5r ha en egen erfarenhet av ett m\u00f6te med Gud. <\/p>\n\n\n\n<p>F\u00f6r andra \u00e4r det som n\u00e4r Jesus s\u00e4ger \u201dsaliga de som inte ser men \u00e4nd\u00e5 tror\u201d. Det \u00e4r olika f\u00f6r oss helt enkelt, hur mycket vi beh\u00f6ver f\u00f6r att ta till oss budskapet och tro. Det \u00e4r str\u00e4ngt taget olika f\u00f6r oss allihop h\u00e4r. Det st\u00e4ller bara till det f\u00f6r oss om vi tror att vi borde k\u00e4nna eller t\u00e4nka likadant som andra, Jesus s\u00e4ger ocks\u00e5 i johannesevangeliets slut att han har en egen v\u00e4g f\u00f6r var och en av oss.<\/p>\n\n\n\n<h2 class=\"wp-block-heading\">Gudstj\u00e4nst i gl\u00e4djens rum<\/h2>\n\n\n\n<p>Det d\u00e4r var p\u00e5 p\u00e5skdagens kv\u00e4ll, p\u00e5 s\u00f6ndagen, som de m\u00f6tte Jesus och rummet f\u00f6rvandlades. S\u00f6ndagen \u00e4r ju v\u00e5r vanliga gudstj\u00e4nstdag. Id\u00e9n teologiskt sett (jag s\u00e4ger id\u00e9n f\u00f6r det \u00e4r ju inte alls s\u00e4kert att det verkligen fungerar s\u00e5 f\u00f6r oss i praktiken) \u00e4r att vi samlas i gl\u00e4djens rum varje vecka, kring den uppst\u00e5ndne. <\/p>\n\n\n\n<p>Vi kanske kommer hit med bekymmer och oro och allt s\u00e5dant men s\u00e5 f\u00e5r vi byta perspektiv, p\u00e5minna oss om att han finns mitt ibland oss, har besegrat d\u00f6den och \u00e4r starkare \u00e4n allt vi fruktar och s\u00e5 f\u00e5r vi fatta nytt mod, h\u00e4mta ny gl\u00e4dje. Den kanske snabbt falnar n\u00e4r vi g\u00e5r ut och livets bekymmer g\u00f6r sig p\u00e5minda men en liten stund har vi f\u00e5tt h\u00f6ja blicken, p\u00e5minna oss. Tro. Jesus s\u00e4ger \u201dFrid \u00e5t er alla\u201d. Det \u00e4r det han vill ge oss. Den best\u00e5r i hans egen n\u00e4rvaro.<\/p>\n\n\n\n<h2 class=\"wp-block-heading\">Att komma ih\u00e5g<\/h2>\n\n\n\n<p>Det \u00e4r s\u00e5 l\u00e4tt att gl\u00f6mma. Jag t\u00e4nker ofta att tro till v\u00e4ldigt stor del best\u00e5r i att komma ih\u00e5g. Jag menar vi lever ju alla i den h\u00e4r v\u00e4rlden. Det finns s\u00e5 mycket sanningar i omlopp om hur vi ska se p\u00e5 livet, varandra, d\u00f6den, vad som \u00e4r framg\u00e5ng och s\u00e5d\u00e4r. Det r\u00e4cker att jag g\u00e5r utanf\u00f6r d\u00f6rren h\u00e4r s\u00e5 g\u00f6r sig v\u00e4rldens s\u00e4tt att t\u00e4nka snabbt p\u00e5mind och man kanske sveps med bums. <\/p>\n\n\n\n<p>Jag har precis varit i kyrkan och h\u00f6rt om Jesus perspektiv och hans rike. Och h\u00e5llit med om allt. Men hur l\u00e4tt \u00e4r det inte att t\u00e4nka v\u00e4rldens tankar igen? Om status eller ekonomi eller allt vad det \u00e4r. S\u00e5 jag beh\u00f6ver komma tillbaka hela tiden till bibeln, till b\u00f6nen och gudstj\u00e4nsten f\u00f6r att lyfta blicken. V\u00e4nda mig mot Gud. Se med de \u00f6gonen. Komma ih\u00e5g att jag lever i det h\u00e4r rummet med den uppst\u00e5ndne. Vi beh\u00f6ver p\u00e5minnas. Att komma ih\u00e5g och att tro h\u00f6r ihop. Ska det beh\u00f6va vara s\u00e5 att man st\u00e4ndigt ska p\u00e5minna sig? Jo i alla fall s\u00e5 l\u00e4nge vi lever i den h\u00e4r v\u00e4rlden antar jag.<\/p>\n\n\n\n<h2 class=\"wp-block-heading\">I v\u00e5rt inre rum<\/h2>\n\n\n\n<p>Vi har ett inre rum ocks\u00e5 f\u00f6rst\u00e5s. V\u00e5rt hj\u00e4rta. Det \u00e4r ett mysterium vad som r\u00f6r sig d\u00e4r. F\u00f6r en del \u00e4r det s\u00e4kert l\u00e4tt att k\u00e4nna igen sig i att det kan vara som i evangeliet, Jesus finns d\u00e4r i v\u00e5rt inre och ger sitt ljus. Men kanske knappast f\u00f6r alla och knappast alltid. Det \u00e4r s\u00e4kert s\u00e5 att vi alla vet hur det \u00e4r n\u00e4r det inre rummet liknar det l\u00e4rjungarna g\u00f6mmer sig i. <\/p>\n\n\n\n<p>M\u00e5nga har det s\u00e4kert s\u00e5 just nu \u00e4ven om det kanske inte syns p\u00e5 utsidan. Tr\u00e5ngt och m\u00f6rkt. Man kanske g\u00e5r och v\u00e4ntar och hoppas p\u00e5 att sorgen ska v\u00e4ndas i gl\u00e4dje men det verkar om\u00f6jligt. Det finns s\u00e5 mycket inre r\u00f6ster och kaos man kan ha att k\u00e4mpa med. Har du det s\u00e5 vill jag v\u00e4ldigt g\u00e4rna s\u00e4ga n\u00e5gra tr\u00f6stande ord. Men det \u00e4r ocks\u00e5 sv\u00e5rt f\u00f6r s\u00e5 pass har jag l\u00e4rt mig att l\u00e4gen verkligen kan vara v\u00e4ldigt l\u00e5sta och hoppl\u00f6sa.<\/p>\n\n\n\n<p>Du har i alla fall min f\u00f6rb\u00f6n. Jag vill s\u00e4ga att Jesus \u00e4r den han \u00e4r vare sig vi k\u00e4nner att han st\u00e5r i rummet eller inte. Det han har att s\u00e4ga \u00e4r alltid Frid vare med dig. M\u00f6rkret kommer inte fr\u00e5n honom. I v\u00e4ntan p\u00e5 p\u00e5skdagsljus f\u00e5r vi \u00e5tminstone minnas l\u00e5ngfredagen. Han delar sm\u00e4rtan med oss. Inf\u00f6r honom beh\u00f6ver vi inte sk\u00e4mmas \u00f6ver hur vi har det, han h\u00f6r v\u00e5ra ordl\u00f6sa suckar.<\/p>\n\n\n\n<h2 class=\"wp-block-heading\">I v\u00e5rt gemensamma rum<\/h2>\n\n\n\n<p>F\u00f6rsamlingen delar ju det h\u00e4r stora rummet, eller hur. F\u00f6rsamlingen \u00e4r ett slags rum. Vi beh\u00f6ver varandra f\u00f6r att f\u00f6rsamlingen ska kunna vara ett gl\u00e4djens rum och inte r\u00e4dslans. Kristna kan v\u00e4l ofta verka ganska r\u00e4dda. Jag med vet jag. Det finns m\u00e4nniskor som lever liv man inte begriper sig p\u00e5. Samh\u00e4llet \u00e4r inte som f\u00f6rr och man ser m\u00f6rkt p\u00e5 framtiden. <\/p>\n\n\n\n<p>Vi beh\u00f6ver fundera mycket p\u00e5 hur vi kan vara en gemenskap d\u00e4r vi finner hopp och gl\u00e4dje. Jag tror det har mycket med de d\u00e4r inre rummen att g\u00f6ra. Att jag inte m\u00e5ste f\u00f6rst\u00e4lla mig alltf\u00f6r mycket utan \u00e4r v\u00e4lkommen som jag \u00e4r. Att vi kan t\u00e5la att vara olika. Se p\u00e5 varandra med f\u00f6rsonlig blick. L\u00e5ta andra se mig med goda \u00f6gon. Vi tror ju att Gud besegrat allt ont och att det inte finns n\u00e5got att vara r\u00e4dd f\u00f6r men f\u00f6r att vi verkligen ska kunna tro p\u00e5 det m\u00e5ste vi leva ut det tillsammans i en k\u00e4rleksfull gemenskap.<\/p>\n\n\n\n<p>Det konstiga i evangelietexten \u00e4r att \u00e4ven om l\u00e4rjungarna sitter och har l\u00e5st in sig och \u00e4r r\u00e4dda s\u00e5 \u00e4r Jesus fri ute p\u00e5 gatorna. Han har kommit in utifr\u00e5n. Han str\u00f6var fritt. Inte r\u00e4dd f\u00f6r n\u00e5got. Jag vill bli som han. Frid vare med denna f\u00f6rsamling, v\u00e5ra f\u00f6rsamlingar. Frid vare mer er, s\u00e4ger Herren. Jag ber att vi uppt\u00e4cker Jesus mitt ibland oss och att det f\u00f6rvandlar r\u00e4dsla till gl\u00e4dje.<\/p>\n\n\n\n<h2 class=\"wp-block-heading\">I v\u00e4rldens st\u00f6rsta rum<\/h2>\n\n\n\n<p>Det st\u00f6rsta rum vi vet \u00e4r hela v\u00e5r v\u00e4rld. Det \u00e4r v\u00e4l lika bra att k\u00f6ra p\u00e5 \u00e4nda till slutet \ud83d\ude0a Jesus s\u00e4ger till alla m\u00e4nniskor att han \u00f6nskar oss sin frid. Hans k\u00e4rlek g\u00e4ller alla. Det h\u00e4r vet vi ocks\u00e5 f\u00f6rst\u00e5s, det \u00e4r ju helt grundl\u00e4ggande kristendom. Men \u00e4nd\u00e5 beh\u00f6ver vi p\u00e5minna oss om det ocks\u00e5, eller hur? Och v\u00e4rlden \u00e4r sannerligen ett r\u00e4dslans rum. Det beh\u00f6vs som aldrig f\u00f6rr m\u00e4nniskor som vill fred och frid, v\u00e4gra se m\u00e4nniskor som annat \u00e4n syskon.<\/p>\n\n\n\n<p>Som slut p\u00e5 predikan \u00e4r min b\u00f6n att vi ska f\u00e5 s\u00e5 mycket av Jesus frid, ett ljus i v\u00e5rt inre, att vi f\u00e5r finna styrka hos varandra i f\u00f6rsamlingen, att vi ska kunna b\u00e4ra friden med oss ut i v\u00e4rlden. Vi kommer alldeles s\u00e4kert beh\u00f6va \u00e5terv\u00e4nda in i gl\u00e4djens rum m\u00e5nga g\u00e5nger f\u00f6r att h\u00e4mta nytt ljus men d\u00e5 f\u00e5r vi v\u00e4l g\u00f6ra det.<\/p>\n\n\n\n<p>Frid vare med er.<\/p>\n","protected":false},"excerpt":{"rendered":"<p>I samma rum som den uppst\u00e5ndne Glad p\u00e5sk \u00f6nskar jag er alla, och hej p\u00e5 er. Jag heter Tomas som sagt och ser fram emot att l\u00e4ra k\u00e4nna er nu n\u00e4r jag \u00e4r pr\u00e4st i Ulricehamns f\u00f6rsamling. Idag \u00e4r det annandagen, det \u00e4r dagen d\u00e5 vi ska f\u00f6rs\u00f6ka ta till oss p\u00e5skens stora h\u00e4ndelser och [&hellip;]<\/p>\n","protected":false},"author":392,"featured_media":9350,"comment_status":"open","ping_status":"open","sticky":false,"template":"","format":"standard","meta":{"_acf_changed":false,"footnotes":""},"categories":[8252,7964,114],"tags":[84177,83926,84181,84180,83878,83880,83879,83901,83890,83866,83875,84179,83902,84178],"class_list":["post-9349","post","type-post","status-publish","format-standard","has-post-thumbnail","hentry","category-kyrkoaret","category-pask","category-predikan","tag-annandag-pask","tag-bibeln","tag-gladje","tag-hopp","tag-jesus","tag-kristen","tag-kristen-tro","tag-kyrka","tag-kyrkan","tag-pask","tag-predikan","tag-radsla","tag-svenska-kyrkan","tag-uppstandelsen"],"acf":[],"yoast_head":"<!-- This site is optimized with the Yoast SEO plugin v27.1.1 - https:\/\/yoast.com\/product\/yoast-seo-wordpress\/ -->\n<title>I samma rum som den uppst\u00e5ndne - Vandra V\u00e4gen<\/title>\n<meta name=\"robots\" content=\"index, follow, max-snippet:-1, max-image-preview:large, max-video-preview:-1\" \/>\n<link rel=\"canonical\" href=\"https:\/\/blogg.svenskakyrkan.se\/vandravagen\/2023\/04\/12\/i-samma-rum-som-den-uppstandne\/\" \/>\n<meta property=\"og:locale\" content=\"sv_SE\" \/>\n<meta property=\"og:type\" content=\"article\" \/>\n<meta property=\"og:title\" content=\"I samma rum som den uppst\u00e5ndne - Vandra V\u00e4gen\" \/>\n<meta property=\"og:description\" content=\"I samma rum som den uppst\u00e5ndne Glad p\u00e5sk \u00f6nskar jag er alla, och hej p\u00e5 er. Jag heter Tomas som sagt och ser fram emot att l\u00e4ra k\u00e4nna er nu n\u00e4r jag \u00e4r pr\u00e4st i Ulricehamns f\u00f6rsamling. Idag \u00e4r det annandagen, det \u00e4r dagen d\u00e5 vi ska f\u00f6rs\u00f6ka ta till oss p\u00e5skens stora h\u00e4ndelser och [&hellip;]\" \/>\n<meta property=\"og:url\" content=\"https:\/\/blogg.svenskakyrkan.se\/vandravagen\/2023\/04\/12\/i-samma-rum-som-den-uppstandne\/\" \/>\n<meta property=\"og:site_name\" content=\"Vandra V\u00e4gen\" \/>\n<meta property=\"article:publisher\" content=\"http:\/\/facebook.com\/vandravagen\" \/>\n<meta property=\"article:published_time\" content=\"2023-04-12T05:00:00+00:00\" \/>\n<meta property=\"og:image\" content=\"https:\/\/blogg.svenskakyrkan.se\/vandravagen\/files\/2023\/04\/IMG_2381.jpg\" \/>\n\t<meta property=\"og:image:width\" content=\"939\" \/>\n\t<meta property=\"og:image:height\" content=\"1283\" \/>\n\t<meta property=\"og:image:type\" content=\"image\/jpeg\" \/>\n<meta name=\"author\" content=\"Tomas Jarvid\" \/>\n<meta name=\"twitter:card\" content=\"summary_large_image\" \/>\n<meta name=\"twitter:creator\" content=\"@fadertomas\" \/>\n<meta name=\"twitter:site\" content=\"@fadertomas\" \/>\n<meta name=\"twitter:label1\" content=\"Skriven av\" \/>\n\t<meta name=\"twitter:data1\" content=\"Tomas Jarvid\" \/>\n\t<meta name=\"twitter:label2\" content=\"Ber\u00e4knad l\u00e4stid\" \/>\n\t<meta name=\"twitter:data2\" content=\"11 minuter\" \/>\n<script type=\"application\/ld+json\" class=\"yoast-schema-graph\">{\"@context\":\"https:\/\/schema.org\",\"@graph\":[{\"@type\":\"Article\",\"@id\":\"https:\/\/blogg.svenskakyrkan.se\/vandravagen\/2023\/04\/12\/i-samma-rum-som-den-uppstandne\/#article\",\"isPartOf\":{\"@id\":\"https:\/\/blogg.svenskakyrkan.se\/vandravagen\/2023\/04\/12\/i-samma-rum-som-den-uppstandne\/\"},\"author\":{\"name\":\"Tomas Jarvid\",\"@id\":\"https:\/\/blogg.svenskakyrkan.se\/vandravagen\/#\/schema\/person\/25da02d4f76b137d04291711e2c9fc16\"},\"headline\":\"I samma rum som den uppst\u00e5ndne\",\"datePublished\":\"2023-04-12T05:00:00+00:00\",\"mainEntityOfPage\":{\"@id\":\"https:\/\/blogg.svenskakyrkan.se\/vandravagen\/2023\/04\/12\/i-samma-rum-som-den-uppstandne\/\"},\"wordCount\":2138,\"commentCount\":4,\"publisher\":{\"@id\":\"https:\/\/blogg.svenskakyrkan.se\/vandravagen\/#organization\"},\"image\":{\"@id\":\"https:\/\/blogg.svenskakyrkan.se\/vandravagen\/2023\/04\/12\/i-samma-rum-som-den-uppstandne\/#primaryimage\"},\"thumbnailUrl\":\"https:\/\/blogg.svenskakyrkan.se\/vandravagen\/files\/2023\/04\/IMG_2381.jpg\",\"keywords\":[\"annandag p\u00e5sk\",\"bibeln\",\"gl\u00e4dje\",\"hopp\",\"Jesus\",\"kristen\",\"kristen tro\",\"kyrka\",\"kyrkan\",\"p\u00e5sk\",\"predikan\",\"r\u00e4dsla\",\"svenska kyrkan\",\"uppst\u00e5ndelsen\"],\"articleSection\":[\"kyrko\u00e5ret\",\"p\u00e5sk\",\"predikan\"],\"inLanguage\":\"sv-SE\",\"potentialAction\":[{\"@type\":\"CommentAction\",\"name\":\"Comment\",\"target\":[\"https:\/\/blogg.svenskakyrkan.se\/vandravagen\/2023\/04\/12\/i-samma-rum-som-den-uppstandne\/#respond\"]}]},{\"@type\":\"WebPage\",\"@id\":\"https:\/\/blogg.svenskakyrkan.se\/vandravagen\/2023\/04\/12\/i-samma-rum-som-den-uppstandne\/\",\"url\":\"https:\/\/blogg.svenskakyrkan.se\/vandravagen\/2023\/04\/12\/i-samma-rum-som-den-uppstandne\/\",\"name\":\"I samma rum som den uppst\u00e5ndne - Vandra V\u00e4gen\",\"isPartOf\":{\"@id\":\"https:\/\/blogg.svenskakyrkan.se\/vandravagen\/#website\"},\"primaryImageOfPage\":{\"@id\":\"https:\/\/blogg.svenskakyrkan.se\/vandravagen\/2023\/04\/12\/i-samma-rum-som-den-uppstandne\/#primaryimage\"},\"image\":{\"@id\":\"https:\/\/blogg.svenskakyrkan.se\/vandravagen\/2023\/04\/12\/i-samma-rum-som-den-uppstandne\/#primaryimage\"},\"thumbnailUrl\":\"https:\/\/blogg.svenskakyrkan.se\/vandravagen\/files\/2023\/04\/IMG_2381.jpg\",\"datePublished\":\"2023-04-12T05:00:00+00:00\",\"breadcrumb\":{\"@id\":\"https:\/\/blogg.svenskakyrkan.se\/vandravagen\/2023\/04\/12\/i-samma-rum-som-den-uppstandne\/#breadcrumb\"},\"inLanguage\":\"sv-SE\",\"potentialAction\":[{\"@type\":\"ReadAction\",\"target\":[\"https:\/\/blogg.svenskakyrkan.se\/vandravagen\/2023\/04\/12\/i-samma-rum-som-den-uppstandne\/\"]}]},{\"@type\":\"ImageObject\",\"inLanguage\":\"sv-SE\",\"@id\":\"https:\/\/blogg.svenskakyrkan.se\/vandravagen\/2023\/04\/12\/i-samma-rum-som-den-uppstandne\/#primaryimage\",\"url\":\"https:\/\/blogg.svenskakyrkan.se\/vandravagen\/files\/2023\/04\/IMG_2381.jpg\",\"contentUrl\":\"https:\/\/blogg.svenskakyrkan.se\/vandravagen\/files\/2023\/04\/IMG_2381.jpg\",\"width\":939,\"height\":1283,\"caption\":\"maria fr\u00e5n magdala kommer med nyheter om uppst\u00e5ndelsen till r\u00e4dda l\u00e4rjungar\"},{\"@type\":\"BreadcrumbList\",\"@id\":\"https:\/\/blogg.svenskakyrkan.se\/vandravagen\/2023\/04\/12\/i-samma-rum-som-den-uppstandne\/#breadcrumb\",\"itemListElement\":[{\"@type\":\"ListItem\",\"position\":1,\"name\":\"Hem\",\"item\":\"https:\/\/blogg.svenskakyrkan.se\/vandravagen\/\"},{\"@type\":\"ListItem\",\"position\":2,\"name\":\"annandag p\u00e5sk\",\"item\":\"https:\/\/blogg.svenskakyrkan.se\/vandravagen\/tag\/annandag-pask\/\"},{\"@type\":\"ListItem\",\"position\":3,\"name\":\"I samma rum som den uppst\u00e5ndne\"}]},{\"@type\":\"WebSite\",\"@id\":\"https:\/\/blogg.svenskakyrkan.se\/vandravagen\/#website\",\"url\":\"https:\/\/blogg.svenskakyrkan.se\/vandravagen\/\",\"name\":\"Vandra V\u00e4gen\",\"description\":\"-Mot en tro f\u00f6r hela livet\",\"publisher\":{\"@id\":\"https:\/\/blogg.svenskakyrkan.se\/vandravagen\/#organization\"},\"potentialAction\":[{\"@type\":\"SearchAction\",\"target\":{\"@type\":\"EntryPoint\",\"urlTemplate\":\"https:\/\/blogg.svenskakyrkan.se\/vandravagen\/?s={search_term_string}\"},\"query-input\":{\"@type\":\"PropertyValueSpecification\",\"valueRequired\":true,\"valueName\":\"search_term_string\"}}],\"inLanguage\":\"sv-SE\"},{\"@type\":\"Organization\",\"@id\":\"https:\/\/blogg.svenskakyrkan.se\/vandravagen\/#organization\",\"name\":\"ulricehamns pastorat\",\"alternateName\":\"ulricehamns pastorat\",\"url\":\"https:\/\/blogg.svenskakyrkan.se\/vandravagen\/\",\"logo\":{\"@type\":\"ImageObject\",\"inLanguage\":\"sv-SE\",\"@id\":\"https:\/\/blogg.svenskakyrkan.se\/vandravagen\/#\/schema\/logo\/image\/\",\"url\":\"https:\/\/blogg.svenskakyrkan.se\/vandravagen\/files\/2023\/05\/Ulr_logo_RGB.png\",\"contentUrl\":\"https:\/\/blogg.svenskakyrkan.se\/vandravagen\/files\/2023\/05\/Ulr_logo_RGB.png\",\"width\":205,\"height\":77,\"caption\":\"ulricehamns pastorat\"},\"image\":{\"@id\":\"https:\/\/blogg.svenskakyrkan.se\/vandravagen\/#\/schema\/logo\/image\/\"},\"sameAs\":[\"http:\/\/facebook.com\/vandravagen\",\"https:\/\/x.com\/fadertomas\",\"http:\/\/www.facebook.com\/svenskakyrkaniulricehamn\"]},{\"@type\":\"Person\",\"@id\":\"https:\/\/blogg.svenskakyrkan.se\/vandravagen\/#\/schema\/person\/25da02d4f76b137d04291711e2c9fc16\",\"name\":\"Tomas Jarvid\",\"image\":{\"@type\":\"ImageObject\",\"inLanguage\":\"sv-SE\",\"@id\":\"https:\/\/blogg.svenskakyrkan.se\/vandravagen\/#\/schema\/person\/image\/\",\"url\":\"https:\/\/secure.gravatar.com\/avatar\/7fa71899795e8f540f615a1f5ab25255dc27aa40f05ee7ddd21aac521e01bf50?s=96&d=identicon&r=g\",\"contentUrl\":\"https:\/\/secure.gravatar.com\/avatar\/7fa71899795e8f540f615a1f5ab25255dc27aa40f05ee7ddd21aac521e01bf50?s=96&d=identicon&r=g\",\"caption\":\"Tomas Jarvid\"},\"description\":\"Jag bor i Ulricehamn i V\u00e4sterg\u00f6tland och \u00e4r f\u00f6rsamlingspr\u00e4st i Svenska Kyrkan f\u00f6r Dalstorps f\u00f6rsamling i Kinds pastorat. P\u00e5 den h\u00e4r bloggen skriver jag ner tankar om vandringen som kristen.\",\"sameAs\":[\"http:\/\/www.vandravagen.se\"],\"url\":\"https:\/\/blogg.svenskakyrkan.se\/vandravagen\/author\/vandravagen\/\"}]}<\/script>\n<!-- \/ Yoast SEO plugin. -->","yoast_head_json":{"title":"I samma rum som den uppst\u00e5ndne - Vandra V\u00e4gen","robots":{"index":"index","follow":"follow","max-snippet":"max-snippet:-1","max-image-preview":"max-image-preview:large","max-video-preview":"max-video-preview:-1"},"canonical":"https:\/\/blogg.svenskakyrkan.se\/vandravagen\/2023\/04\/12\/i-samma-rum-som-den-uppstandne\/","og_locale":"sv_SE","og_type":"article","og_title":"I samma rum som den uppst\u00e5ndne - Vandra V\u00e4gen","og_description":"I samma rum som den uppst\u00e5ndne Glad p\u00e5sk \u00f6nskar jag er alla, och hej p\u00e5 er. Jag heter Tomas som sagt och ser fram emot att l\u00e4ra k\u00e4nna er nu n\u00e4r jag \u00e4r pr\u00e4st i Ulricehamns f\u00f6rsamling. Idag \u00e4r det annandagen, det \u00e4r dagen d\u00e5 vi ska f\u00f6rs\u00f6ka ta till oss p\u00e5skens stora h\u00e4ndelser och [&hellip;]","og_url":"https:\/\/blogg.svenskakyrkan.se\/vandravagen\/2023\/04\/12\/i-samma-rum-som-den-uppstandne\/","og_site_name":"Vandra V\u00e4gen","article_publisher":"http:\/\/facebook.com\/vandravagen","article_published_time":"2023-04-12T05:00:00+00:00","og_image":[{"width":939,"height":1283,"url":"https:\/\/blogg.svenskakyrkan.se\/vandravagen\/files\/2023\/04\/IMG_2381.jpg","type":"image\/jpeg"}],"author":"Tomas Jarvid","twitter_card":"summary_large_image","twitter_creator":"@fadertomas","twitter_site":"@fadertomas","twitter_misc":{"Skriven av":"Tomas Jarvid","Ber\u00e4knad l\u00e4stid":"11 minuter"},"schema":{"@context":"https:\/\/schema.org","@graph":[{"@type":"Article","@id":"https:\/\/blogg.svenskakyrkan.se\/vandravagen\/2023\/04\/12\/i-samma-rum-som-den-uppstandne\/#article","isPartOf":{"@id":"https:\/\/blogg.svenskakyrkan.se\/vandravagen\/2023\/04\/12\/i-samma-rum-som-den-uppstandne\/"},"author":{"name":"Tomas Jarvid","@id":"https:\/\/blogg.svenskakyrkan.se\/vandravagen\/#\/schema\/person\/25da02d4f76b137d04291711e2c9fc16"},"headline":"I samma rum som den uppst\u00e5ndne","datePublished":"2023-04-12T05:00:00+00:00","mainEntityOfPage":{"@id":"https:\/\/blogg.svenskakyrkan.se\/vandravagen\/2023\/04\/12\/i-samma-rum-som-den-uppstandne\/"},"wordCount":2138,"commentCount":4,"publisher":{"@id":"https:\/\/blogg.svenskakyrkan.se\/vandravagen\/#organization"},"image":{"@id":"https:\/\/blogg.svenskakyrkan.se\/vandravagen\/2023\/04\/12\/i-samma-rum-som-den-uppstandne\/#primaryimage"},"thumbnailUrl":"https:\/\/blogg.svenskakyrkan.se\/vandravagen\/files\/2023\/04\/IMG_2381.jpg","keywords":["annandag p\u00e5sk","bibeln","gl\u00e4dje","hopp","Jesus","kristen","kristen tro","kyrka","kyrkan","p\u00e5sk","predikan","r\u00e4dsla","svenska kyrkan","uppst\u00e5ndelsen"],"articleSection":["kyrko\u00e5ret","p\u00e5sk","predikan"],"inLanguage":"sv-SE","potentialAction":[{"@type":"CommentAction","name":"Comment","target":["https:\/\/blogg.svenskakyrkan.se\/vandravagen\/2023\/04\/12\/i-samma-rum-som-den-uppstandne\/#respond"]}]},{"@type":"WebPage","@id":"https:\/\/blogg.svenskakyrkan.se\/vandravagen\/2023\/04\/12\/i-samma-rum-som-den-uppstandne\/","url":"https:\/\/blogg.svenskakyrkan.se\/vandravagen\/2023\/04\/12\/i-samma-rum-som-den-uppstandne\/","name":"I samma rum som den uppst\u00e5ndne - Vandra V\u00e4gen","isPartOf":{"@id":"https:\/\/blogg.svenskakyrkan.se\/vandravagen\/#website"},"primaryImageOfPage":{"@id":"https:\/\/blogg.svenskakyrkan.se\/vandravagen\/2023\/04\/12\/i-samma-rum-som-den-uppstandne\/#primaryimage"},"image":{"@id":"https:\/\/blogg.svenskakyrkan.se\/vandravagen\/2023\/04\/12\/i-samma-rum-som-den-uppstandne\/#primaryimage"},"thumbnailUrl":"https:\/\/blogg.svenskakyrkan.se\/vandravagen\/files\/2023\/04\/IMG_2381.jpg","datePublished":"2023-04-12T05:00:00+00:00","breadcrumb":{"@id":"https:\/\/blogg.svenskakyrkan.se\/vandravagen\/2023\/04\/12\/i-samma-rum-som-den-uppstandne\/#breadcrumb"},"inLanguage":"sv-SE","potentialAction":[{"@type":"ReadAction","target":["https:\/\/blogg.svenskakyrkan.se\/vandravagen\/2023\/04\/12\/i-samma-rum-som-den-uppstandne\/"]}]},{"@type":"ImageObject","inLanguage":"sv-SE","@id":"https:\/\/blogg.svenskakyrkan.se\/vandravagen\/2023\/04\/12\/i-samma-rum-som-den-uppstandne\/#primaryimage","url":"https:\/\/blogg.svenskakyrkan.se\/vandravagen\/files\/2023\/04\/IMG_2381.jpg","contentUrl":"https:\/\/blogg.svenskakyrkan.se\/vandravagen\/files\/2023\/04\/IMG_2381.jpg","width":939,"height":1283,"caption":"maria fr\u00e5n magdala kommer med nyheter om uppst\u00e5ndelsen till r\u00e4dda l\u00e4rjungar"},{"@type":"BreadcrumbList","@id":"https:\/\/blogg.svenskakyrkan.se\/vandravagen\/2023\/04\/12\/i-samma-rum-som-den-uppstandne\/#breadcrumb","itemListElement":[{"@type":"ListItem","position":1,"name":"Hem","item":"https:\/\/blogg.svenskakyrkan.se\/vandravagen\/"},{"@type":"ListItem","position":2,"name":"annandag p\u00e5sk","item":"https:\/\/blogg.svenskakyrkan.se\/vandravagen\/tag\/annandag-pask\/"},{"@type":"ListItem","position":3,"name":"I samma rum som den uppst\u00e5ndne"}]},{"@type":"WebSite","@id":"https:\/\/blogg.svenskakyrkan.se\/vandravagen\/#website","url":"https:\/\/blogg.svenskakyrkan.se\/vandravagen\/","name":"Vandra V\u00e4gen","description":"-Mot en tro f\u00f6r hela livet","publisher":{"@id":"https:\/\/blogg.svenskakyrkan.se\/vandravagen\/#organization"},"potentialAction":[{"@type":"SearchAction","target":{"@type":"EntryPoint","urlTemplate":"https:\/\/blogg.svenskakyrkan.se\/vandravagen\/?s={search_term_string}"},"query-input":{"@type":"PropertyValueSpecification","valueRequired":true,"valueName":"search_term_string"}}],"inLanguage":"sv-SE"},{"@type":"Organization","@id":"https:\/\/blogg.svenskakyrkan.se\/vandravagen\/#organization","name":"ulricehamns pastorat","alternateName":"ulricehamns pastorat","url":"https:\/\/blogg.svenskakyrkan.se\/vandravagen\/","logo":{"@type":"ImageObject","inLanguage":"sv-SE","@id":"https:\/\/blogg.svenskakyrkan.se\/vandravagen\/#\/schema\/logo\/image\/","url":"https:\/\/blogg.svenskakyrkan.se\/vandravagen\/files\/2023\/05\/Ulr_logo_RGB.png","contentUrl":"https:\/\/blogg.svenskakyrkan.se\/vandravagen\/files\/2023\/05\/Ulr_logo_RGB.png","width":205,"height":77,"caption":"ulricehamns pastorat"},"image":{"@id":"https:\/\/blogg.svenskakyrkan.se\/vandravagen\/#\/schema\/logo\/image\/"},"sameAs":["http:\/\/facebook.com\/vandravagen","https:\/\/x.com\/fadertomas","http:\/\/www.facebook.com\/svenskakyrkaniulricehamn"]},{"@type":"Person","@id":"https:\/\/blogg.svenskakyrkan.se\/vandravagen\/#\/schema\/person\/25da02d4f76b137d04291711e2c9fc16","name":"Tomas Jarvid","image":{"@type":"ImageObject","inLanguage":"sv-SE","@id":"https:\/\/blogg.svenskakyrkan.se\/vandravagen\/#\/schema\/person\/image\/","url":"https:\/\/secure.gravatar.com\/avatar\/7fa71899795e8f540f615a1f5ab25255dc27aa40f05ee7ddd21aac521e01bf50?s=96&d=identicon&r=g","contentUrl":"https:\/\/secure.gravatar.com\/avatar\/7fa71899795e8f540f615a1f5ab25255dc27aa40f05ee7ddd21aac521e01bf50?s=96&d=identicon&r=g","caption":"Tomas Jarvid"},"description":"Jag bor i Ulricehamn i V\u00e4sterg\u00f6tland och \u00e4r f\u00f6rsamlingspr\u00e4st i Svenska Kyrkan f\u00f6r Dalstorps f\u00f6rsamling i Kinds pastorat. P\u00e5 den h\u00e4r bloggen skriver jag ner tankar om vandringen som kristen.","sameAs":["http:\/\/www.vandravagen.se"],"url":"https:\/\/blogg.svenskakyrkan.se\/vandravagen\/author\/vandravagen\/"}]}},"author_meta":{"ID":"392","user_nicename":"vandravagen","user_url":"http:\/\/www.vandravagen.se","user_registered":"2014-05-19 05:44:52","display_name":"Tomas Jarvid","first_name":"Tomas","last_name":"Jarvid","avatar":"https:\/\/secure.gravatar.com\/avatar\/7fa71899795e8f540f615a1f5ab25255dc27aa40f05ee7ddd21aac521e01bf50?s=96&d=identicon&r=g"},"featured_image":["https:\/\/blogg.svenskakyrkan.se\/vandravagen\/files\/2023\/04\/IMG_2381.jpg",939,1283,false],"bloginfo":{"name":"Vandra V\u00e4gen","url":"https:\/\/blogg.svenskakyrkan.se\/vandravagen"},"_links":{"self":[{"href":"https:\/\/blogg.svenskakyrkan.se\/vandravagen\/wp-json\/wp\/v2\/posts\/9349","targetHints":{"allow":["GET"]}}],"collection":[{"href":"https:\/\/blogg.svenskakyrkan.se\/vandravagen\/wp-json\/wp\/v2\/posts"}],"about":[{"href":"https:\/\/blogg.svenskakyrkan.se\/vandravagen\/wp-json\/wp\/v2\/types\/post"}],"author":[{"embeddable":true,"href":"https:\/\/blogg.svenskakyrkan.se\/vandravagen\/wp-json\/wp\/v2\/users\/392"}],"replies":[{"embeddable":true,"href":"https:\/\/blogg.svenskakyrkan.se\/vandravagen\/wp-json\/wp\/v2\/comments?post=9349"}],"version-history":[{"count":1,"href":"https:\/\/blogg.svenskakyrkan.se\/vandravagen\/wp-json\/wp\/v2\/posts\/9349\/revisions"}],"predecessor-version":[{"id":9351,"href":"https:\/\/blogg.svenskakyrkan.se\/vandravagen\/wp-json\/wp\/v2\/posts\/9349\/revisions\/9351"}],"wp:featuredmedia":[{"embeddable":true,"href":"https:\/\/blogg.svenskakyrkan.se\/vandravagen\/wp-json\/wp\/v2\/media\/9350"}],"wp:attachment":[{"href":"https:\/\/blogg.svenskakyrkan.se\/vandravagen\/wp-json\/wp\/v2\/media?parent=9349"}],"wp:term":[{"taxonomy":"category","embeddable":true,"href":"https:\/\/blogg.svenskakyrkan.se\/vandravagen\/wp-json\/wp\/v2\/categories?post=9349"},{"taxonomy":"post_tag","embeddable":true,"href":"https:\/\/blogg.svenskakyrkan.se\/vandravagen\/wp-json\/wp\/v2\/tags?post=9349"}],"curies":[{"name":"wp","href":"https:\/\/api.w.org\/{rel}","templated":true}]}}