{"id":9357,"date":"2023-04-23T07:00:00","date_gmt":"2023-04-23T05:00:00","guid":{"rendered":"https:\/\/blogg.svenskakyrkan.se\/vandravagen\/?p=9357"},"modified":"2023-04-22T22:19:34","modified_gmt":"2023-04-22T20:19:34","slug":"11-blandade-tankar-pa-sondagen-22","status":"publish","type":"post","link":"https:\/\/blogg.svenskakyrkan.se\/vandravagen\/2023\/04\/23\/11-blandade-tankar-pa-sondagen-22\/","title":{"rendered":"11 blandade tankar p\u00e5 s\u00f6ndagen"},"content":{"rendered":"\n\n\n<figure class=\"wp-block-image size-large\"><img loading=\"lazy\" decoding=\"async\" width=\"1024\" height=\"708\" src=\"https:\/\/blogg.svenskakyrkan.se\/vandravagen\/files\/2023\/04\/grodor-1024x708.jpg\" alt=\"\" class=\"wp-image-9358\" srcset=\"https:\/\/blogg.svenskakyrkan.se\/vandravagen\/files\/2023\/04\/grodor-1024x708.jpg 1024w, https:\/\/blogg.svenskakyrkan.se\/vandravagen\/files\/2023\/04\/grodor-300x207.jpg 300w, https:\/\/blogg.svenskakyrkan.se\/vandravagen\/files\/2023\/04\/grodor-768x531.jpg 768w, https:\/\/blogg.svenskakyrkan.se\/vandravagen\/files\/2023\/04\/grodor-1536x1062.jpg 1536w, https:\/\/blogg.svenskakyrkan.se\/vandravagen\/files\/2023\/04\/grodor-2048x1416.jpg 2048w, https:\/\/blogg.svenskakyrkan.se\/vandravagen\/files\/2023\/04\/grodor-1200x829.jpg 1200w\" sizes=\"auto, (max-width: 1024px) 100vw, 1024px\" \/><figcaption class=\"wp-element-caption\">En hel klump med grodor\/paddor i dammen.<\/figcaption><\/figure>\n\n\n\n<ol class=\"wp-block-list\">\n<li>Glad s\u00f6ndag k\u00e4ra l\u00e4sare!<\/li>\n<\/ol>\n\n\n\n<p>2. Idag \u00e4r det tredje s\u00f6ndagen i p\u00e5sktiden &#8221;den gode herdens s\u00f6ndag&#8221;. Vet inte hur det kommer bli med gudstj\u00e4nst idag f\u00f6r det \u00e4r lite mycket att hantera hemma just nu men annars \u00e4r det en rolig f\u00f6rel\u00e4sning om bibel\u00f6vers\u00e4ttning efter h\u00f6gm\u00e4ssan i Ulricehamn idag.<\/p>\n\n\n\n<p>3. Ena dottern \u00e4r borta p\u00e5 musikl\u00e4ger och de b\u00e5da andra sover i t\u00e4lt i tr\u00e4dg\u00e5rden denna pl\u00f6tsligt varma helg. Som f\u00f6r\u00e4lder f\u00e5r man jobba steg f\u00f6r steg p\u00e5 att f\u00f6rl\u00e4nga navelstr\u00e4ngen och lita p\u00e5 att de klarar av saker.<\/p>\n\n\n\n<p>4. Jag har f\u00e5tt fr\u00e5gan om att vara med och prova nya bloggfunktioner h\u00e4r p\u00e5 svenska kyrkans bloggportal. Jag anv\u00e4nder v\u00e4l egentligen s\u00e4kert bara en br\u00e5kdel av de nuvarande m\u00f6jligheterna men det kan s\u00e4kert bli l\u00e4rorikt.<\/p>\n\n\n\n<p>5. Jag fyllde 41 i torsdags och man kan s\u00e4ga att det gick betydligt mycket mer obem\u00e4rkt f\u00f6rbi \u00e4n 40 men jag tycker \u00e4nd\u00e5 det var en fin dag och som det blev hade jag en rolig kv\u00e4ll p\u00e5 lovs\u00e5ngsgudstj\u00e4nst med ungdomarna. Egentligen r\u00e4tt lyxigt att f\u00e5 h\u00e5lla p\u00e5 med gudstj\u00e4nst och bibelstudier och annat jag tycker om som arbete.<\/p>\n\n\n\n<p>6. Det \u00e4r v\u00e4ldigt mycket grodor i dammen n\u00e5gra kilometer hemifr\u00e5n. S\u00e4kert paddor ocks\u00e5 skulle jag tro. Jag f\u00f6rs\u00f6kte lite att artbest\u00e4mma men det var f\u00f6r sv\u00e5rt f\u00f6r mig. Se bilden f\u00f6r en stor klump av grodor. <\/p>\n\n\n\n<p>7. Jag b\u00f6rjar v\u00e4nja mig vid att jobba h\u00e4r inne i Ulricehamn. Jag tror det blir hur bra som helst. Nu \u00e4r ju planen att bita sig fast p\u00e5 tj\u00e4nsten i 25 \u00e5r eller s\u00e5. I veckan har jag \u00e4nd\u00e5 varit flera g\u00e5nger ute i G\u00e4llstad p\u00e5 min gamla arbetsplats och det har ocks\u00e5 varit v\u00e4ldigt fint. <\/p>\n\n\n\n<p>8. Och i juni ska jag och min fru bidra med musik p\u00e5 sommarcaf\u00e9 i \u00d6lsremma missionskyrka. Dit ska det bli roligt att \u00e5terkomma!<\/p>\n\n\n\n<p>9. Armen \u00e4r s\u00e5pass bra att jag kan cykla l\u00e5ngt nu utan att k\u00e4nna av det s\u00e5 v\u00e4rst. Och springa g\u00e5r ocks\u00e5 bra. \u00c4nd\u00e5 imponerande av kroppen att l\u00e4ka ihop som den g\u00f6r (med lite hj\u00e4lp av den stora metallbiten de satte in i och f\u00f6r sig).<\/p>\n\n\n\n<p>10. P\u00e5 tisdag \u00e4r det sjukgymnast igen. F\u00e5r se vad det kan bli f\u00f6r stegring. <\/p>\n\n\n\n<p>11. Hur har du det nu? Sett n\u00e5gra roliga djur eller v\u00e4xter p\u00e5 sistone? Skriv en rad och ber\u00e4tta!<\/p>\n","protected":false},"excerpt":{"rendered":"<p>2. Idag \u00e4r det tredje s\u00f6ndagen i p\u00e5sktiden &#8221;den gode herdens s\u00f6ndag&#8221;. Vet inte hur det kommer bli med gudstj\u00e4nst idag f\u00f6r det \u00e4r lite mycket att hantera hemma just nu men annars \u00e4r det en rolig f\u00f6rel\u00e4sning om bibel\u00f6vers\u00e4ttning efter h\u00f6gm\u00e4ssan i Ulricehamn idag. 3. Ena dottern \u00e4r borta p\u00e5 musikl\u00e4ger och de b\u00e5da [&hellip;]<\/p>\n","protected":false},"author":392,"featured_media":9358,"comment_status":"open","ping_status":"open","sticky":false,"template":"","format":"standard","meta":{"_acf_changed":false,"footnotes":""},"categories":[9],"tags":[],"class_list":["post-9357","post","type-post","status-publish","format-standard","has-post-thumbnail","hentry","category-okategoriserade"],"acf":[],"yoast_head":"<!-- This site is optimized with the Yoast SEO plugin v27.1.1 - https:\/\/yoast.com\/product\/yoast-seo-wordpress\/ -->\n<title>11 blandade tankar p\u00e5 s\u00f6ndagen - Vandra V\u00e4gen<\/title>\n<meta name=\"robots\" content=\"index, follow, max-snippet:-1, max-image-preview:large, max-video-preview:-1\" \/>\n<link rel=\"canonical\" href=\"https:\/\/blogg.svenskakyrkan.se\/vandravagen\/2023\/04\/23\/11-blandade-tankar-pa-sondagen-22\/\" \/>\n<meta property=\"og:locale\" content=\"sv_SE\" \/>\n<meta property=\"og:type\" content=\"article\" \/>\n<meta property=\"og:title\" content=\"11 blandade tankar p\u00e5 s\u00f6ndagen - Vandra V\u00e4gen\" \/>\n<meta property=\"og:description\" content=\"2. Idag \u00e4r det tredje s\u00f6ndagen i p\u00e5sktiden &#8221;den gode herdens s\u00f6ndag&#8221;. Vet inte hur det kommer bli med gudstj\u00e4nst idag f\u00f6r det \u00e4r lite mycket att hantera hemma just nu men annars \u00e4r det en rolig f\u00f6rel\u00e4sning om bibel\u00f6vers\u00e4ttning efter h\u00f6gm\u00e4ssan i Ulricehamn idag. 3. Ena dottern \u00e4r borta p\u00e5 musikl\u00e4ger och de b\u00e5da [&hellip;]\" \/>\n<meta property=\"og:url\" content=\"https:\/\/blogg.svenskakyrkan.se\/vandravagen\/2023\/04\/23\/11-blandade-tankar-pa-sondagen-22\/\" \/>\n<meta property=\"og:site_name\" content=\"Vandra V\u00e4gen\" \/>\n<meta property=\"article:publisher\" content=\"http:\/\/facebook.com\/vandravagen\" \/>\n<meta property=\"article:published_time\" content=\"2023-04-23T05:00:00+00:00\" \/>\n<meta property=\"og:image\" content=\"https:\/\/blogg.svenskakyrkan.se\/vandravagen\/files\/2023\/04\/grodor-scaled.jpg\" \/>\n\t<meta property=\"og:image:width\" content=\"2560\" \/>\n\t<meta property=\"og:image:height\" content=\"1770\" \/>\n\t<meta property=\"og:image:type\" content=\"image\/jpeg\" \/>\n<meta name=\"author\" content=\"Tomas Jarvid\" \/>\n<meta name=\"twitter:card\" content=\"summary_large_image\" \/>\n<meta name=\"twitter:creator\" content=\"@fadertomas\" \/>\n<meta name=\"twitter:site\" content=\"@fadertomas\" \/>\n<meta name=\"twitter:label1\" content=\"Skriven av\" \/>\n\t<meta name=\"twitter:data1\" content=\"Tomas Jarvid\" \/>\n\t<meta name=\"twitter:label2\" content=\"Ber\u00e4knad l\u00e4stid\" \/>\n\t<meta name=\"twitter:data2\" content=\"2 minuter\" \/>\n<script type=\"application\/ld+json\" class=\"yoast-schema-graph\">{\"@context\":\"https:\/\/schema.org\",\"@graph\":[{\"@type\":\"Article\",\"@id\":\"https:\/\/blogg.svenskakyrkan.se\/vandravagen\/2023\/04\/23\/11-blandade-tankar-pa-sondagen-22\/#article\",\"isPartOf\":{\"@id\":\"https:\/\/blogg.svenskakyrkan.se\/vandravagen\/2023\/04\/23\/11-blandade-tankar-pa-sondagen-22\/\"},\"author\":{\"name\":\"Tomas Jarvid\",\"@id\":\"https:\/\/blogg.svenskakyrkan.se\/vandravagen\/#\/schema\/person\/25da02d4f76b137d04291711e2c9fc16\"},\"headline\":\"11 blandade tankar p\u00e5 s\u00f6ndagen\",\"datePublished\":\"2023-04-23T05:00:00+00:00\",\"mainEntityOfPage\":{\"@id\":\"https:\/\/blogg.svenskakyrkan.se\/vandravagen\/2023\/04\/23\/11-blandade-tankar-pa-sondagen-22\/\"},\"wordCount\":462,\"commentCount\":6,\"publisher\":{\"@id\":\"https:\/\/blogg.svenskakyrkan.se\/vandravagen\/#organization\"},\"image\":{\"@id\":\"https:\/\/blogg.svenskakyrkan.se\/vandravagen\/2023\/04\/23\/11-blandade-tankar-pa-sondagen-22\/#primaryimage\"},\"thumbnailUrl\":\"https:\/\/blogg.svenskakyrkan.se\/vandravagen\/files\/2023\/04\/grodor-scaled.jpg\",\"inLanguage\":\"sv-SE\",\"potentialAction\":[{\"@type\":\"CommentAction\",\"name\":\"Comment\",\"target\":[\"https:\/\/blogg.svenskakyrkan.se\/vandravagen\/2023\/04\/23\/11-blandade-tankar-pa-sondagen-22\/#respond\"]}]},{\"@type\":\"WebPage\",\"@id\":\"https:\/\/blogg.svenskakyrkan.se\/vandravagen\/2023\/04\/23\/11-blandade-tankar-pa-sondagen-22\/\",\"url\":\"https:\/\/blogg.svenskakyrkan.se\/vandravagen\/2023\/04\/23\/11-blandade-tankar-pa-sondagen-22\/\",\"name\":\"11 blandade tankar p\u00e5 s\u00f6ndagen - Vandra V\u00e4gen\",\"isPartOf\":{\"@id\":\"https:\/\/blogg.svenskakyrkan.se\/vandravagen\/#website\"},\"primaryImageOfPage\":{\"@id\":\"https:\/\/blogg.svenskakyrkan.se\/vandravagen\/2023\/04\/23\/11-blandade-tankar-pa-sondagen-22\/#primaryimage\"},\"image\":{\"@id\":\"https:\/\/blogg.svenskakyrkan.se\/vandravagen\/2023\/04\/23\/11-blandade-tankar-pa-sondagen-22\/#primaryimage\"},\"thumbnailUrl\":\"https:\/\/blogg.svenskakyrkan.se\/vandravagen\/files\/2023\/04\/grodor-scaled.jpg\",\"datePublished\":\"2023-04-23T05:00:00+00:00\",\"breadcrumb\":{\"@id\":\"https:\/\/blogg.svenskakyrkan.se\/vandravagen\/2023\/04\/23\/11-blandade-tankar-pa-sondagen-22\/#breadcrumb\"},\"inLanguage\":\"sv-SE\",\"potentialAction\":[{\"@type\":\"ReadAction\",\"target\":[\"https:\/\/blogg.svenskakyrkan.se\/vandravagen\/2023\/04\/23\/11-blandade-tankar-pa-sondagen-22\/\"]}]},{\"@type\":\"ImageObject\",\"inLanguage\":\"sv-SE\",\"@id\":\"https:\/\/blogg.svenskakyrkan.se\/vandravagen\/2023\/04\/23\/11-blandade-tankar-pa-sondagen-22\/#primaryimage\",\"url\":\"https:\/\/blogg.svenskakyrkan.se\/vandravagen\/files\/2023\/04\/grodor-scaled.jpg\",\"contentUrl\":\"https:\/\/blogg.svenskakyrkan.se\/vandravagen\/files\/2023\/04\/grodor-scaled.jpg\",\"width\":2560,\"height\":1770},{\"@type\":\"BreadcrumbList\",\"@id\":\"https:\/\/blogg.svenskakyrkan.se\/vandravagen\/2023\/04\/23\/11-blandade-tankar-pa-sondagen-22\/#breadcrumb\",\"itemListElement\":[{\"@type\":\"ListItem\",\"position\":1,\"name\":\"Hem\",\"item\":\"https:\/\/blogg.svenskakyrkan.se\/vandravagen\/\"},{\"@type\":\"ListItem\",\"position\":2,\"name\":\"11 blandade tankar p\u00e5 s\u00f6ndagen\"}]},{\"@type\":\"WebSite\",\"@id\":\"https:\/\/blogg.svenskakyrkan.se\/vandravagen\/#website\",\"url\":\"https:\/\/blogg.svenskakyrkan.se\/vandravagen\/\",\"name\":\"Vandra V\u00e4gen\",\"description\":\"-Mot en tro f\u00f6r hela livet\",\"publisher\":{\"@id\":\"https:\/\/blogg.svenskakyrkan.se\/vandravagen\/#organization\"},\"potentialAction\":[{\"@type\":\"SearchAction\",\"target\":{\"@type\":\"EntryPoint\",\"urlTemplate\":\"https:\/\/blogg.svenskakyrkan.se\/vandravagen\/?s={search_term_string}\"},\"query-input\":{\"@type\":\"PropertyValueSpecification\",\"valueRequired\":true,\"valueName\":\"search_term_string\"}}],\"inLanguage\":\"sv-SE\"},{\"@type\":\"Organization\",\"@id\":\"https:\/\/blogg.svenskakyrkan.se\/vandravagen\/#organization\",\"name\":\"ulricehamns pastorat\",\"alternateName\":\"ulricehamns pastorat\",\"url\":\"https:\/\/blogg.svenskakyrkan.se\/vandravagen\/\",\"logo\":{\"@type\":\"ImageObject\",\"inLanguage\":\"sv-SE\",\"@id\":\"https:\/\/blogg.svenskakyrkan.se\/vandravagen\/#\/schema\/logo\/image\/\",\"url\":\"https:\/\/blogg.svenskakyrkan.se\/vandravagen\/files\/2023\/05\/Ulr_logo_RGB.png\",\"contentUrl\":\"https:\/\/blogg.svenskakyrkan.se\/vandravagen\/files\/2023\/05\/Ulr_logo_RGB.png\",\"width\":205,\"height\":77,\"caption\":\"ulricehamns pastorat\"},\"image\":{\"@id\":\"https:\/\/blogg.svenskakyrkan.se\/vandravagen\/#\/schema\/logo\/image\/\"},\"sameAs\":[\"http:\/\/facebook.com\/vandravagen\",\"https:\/\/x.com\/fadertomas\",\"http:\/\/www.facebook.com\/svenskakyrkaniulricehamn\"]},{\"@type\":\"Person\",\"@id\":\"https:\/\/blogg.svenskakyrkan.se\/vandravagen\/#\/schema\/person\/25da02d4f76b137d04291711e2c9fc16\",\"name\":\"Tomas Jarvid\",\"image\":{\"@type\":\"ImageObject\",\"inLanguage\":\"sv-SE\",\"@id\":\"https:\/\/blogg.svenskakyrkan.se\/vandravagen\/#\/schema\/person\/image\/\",\"url\":\"https:\/\/secure.gravatar.com\/avatar\/7fa71899795e8f540f615a1f5ab25255dc27aa40f05ee7ddd21aac521e01bf50?s=96&d=identicon&r=g\",\"contentUrl\":\"https:\/\/secure.gravatar.com\/avatar\/7fa71899795e8f540f615a1f5ab25255dc27aa40f05ee7ddd21aac521e01bf50?s=96&d=identicon&r=g\",\"caption\":\"Tomas Jarvid\"},\"description\":\"Jag bor i Ulricehamn i V\u00e4sterg\u00f6tland och \u00e4r f\u00f6rsamlingspr\u00e4st i Svenska Kyrkan f\u00f6r Dalstorps f\u00f6rsamling i Kinds pastorat. P\u00e5 den h\u00e4r bloggen skriver jag ner tankar om vandringen som kristen.\",\"sameAs\":[\"http:\/\/www.vandravagen.se\"],\"url\":\"https:\/\/blogg.svenskakyrkan.se\/vandravagen\/author\/vandravagen\/\"}]}<\/script>\n<!-- \/ Yoast SEO plugin. -->","yoast_head_json":{"title":"11 blandade tankar p\u00e5 s\u00f6ndagen - Vandra V\u00e4gen","robots":{"index":"index","follow":"follow","max-snippet":"max-snippet:-1","max-image-preview":"max-image-preview:large","max-video-preview":"max-video-preview:-1"},"canonical":"https:\/\/blogg.svenskakyrkan.se\/vandravagen\/2023\/04\/23\/11-blandade-tankar-pa-sondagen-22\/","og_locale":"sv_SE","og_type":"article","og_title":"11 blandade tankar p\u00e5 s\u00f6ndagen - Vandra V\u00e4gen","og_description":"2. Idag \u00e4r det tredje s\u00f6ndagen i p\u00e5sktiden &#8221;den gode herdens s\u00f6ndag&#8221;. Vet inte hur det kommer bli med gudstj\u00e4nst idag f\u00f6r det \u00e4r lite mycket att hantera hemma just nu men annars \u00e4r det en rolig f\u00f6rel\u00e4sning om bibel\u00f6vers\u00e4ttning efter h\u00f6gm\u00e4ssan i Ulricehamn idag. 3. Ena dottern \u00e4r borta p\u00e5 musikl\u00e4ger och de b\u00e5da [&hellip;]","og_url":"https:\/\/blogg.svenskakyrkan.se\/vandravagen\/2023\/04\/23\/11-blandade-tankar-pa-sondagen-22\/","og_site_name":"Vandra V\u00e4gen","article_publisher":"http:\/\/facebook.com\/vandravagen","article_published_time":"2023-04-23T05:00:00+00:00","og_image":[{"width":2560,"height":1770,"url":"https:\/\/blogg.svenskakyrkan.se\/vandravagen\/files\/2023\/04\/grodor-scaled.jpg","type":"image\/jpeg"}],"author":"Tomas Jarvid","twitter_card":"summary_large_image","twitter_creator":"@fadertomas","twitter_site":"@fadertomas","twitter_misc":{"Skriven av":"Tomas Jarvid","Ber\u00e4knad l\u00e4stid":"2 minuter"},"schema":{"@context":"https:\/\/schema.org","@graph":[{"@type":"Article","@id":"https:\/\/blogg.svenskakyrkan.se\/vandravagen\/2023\/04\/23\/11-blandade-tankar-pa-sondagen-22\/#article","isPartOf":{"@id":"https:\/\/blogg.svenskakyrkan.se\/vandravagen\/2023\/04\/23\/11-blandade-tankar-pa-sondagen-22\/"},"author":{"name":"Tomas Jarvid","@id":"https:\/\/blogg.svenskakyrkan.se\/vandravagen\/#\/schema\/person\/25da02d4f76b137d04291711e2c9fc16"},"headline":"11 blandade tankar p\u00e5 s\u00f6ndagen","datePublished":"2023-04-23T05:00:00+00:00","mainEntityOfPage":{"@id":"https:\/\/blogg.svenskakyrkan.se\/vandravagen\/2023\/04\/23\/11-blandade-tankar-pa-sondagen-22\/"},"wordCount":462,"commentCount":6,"publisher":{"@id":"https:\/\/blogg.svenskakyrkan.se\/vandravagen\/#organization"},"image":{"@id":"https:\/\/blogg.svenskakyrkan.se\/vandravagen\/2023\/04\/23\/11-blandade-tankar-pa-sondagen-22\/#primaryimage"},"thumbnailUrl":"https:\/\/blogg.svenskakyrkan.se\/vandravagen\/files\/2023\/04\/grodor-scaled.jpg","inLanguage":"sv-SE","potentialAction":[{"@type":"CommentAction","name":"Comment","target":["https:\/\/blogg.svenskakyrkan.se\/vandravagen\/2023\/04\/23\/11-blandade-tankar-pa-sondagen-22\/#respond"]}]},{"@type":"WebPage","@id":"https:\/\/blogg.svenskakyrkan.se\/vandravagen\/2023\/04\/23\/11-blandade-tankar-pa-sondagen-22\/","url":"https:\/\/blogg.svenskakyrkan.se\/vandravagen\/2023\/04\/23\/11-blandade-tankar-pa-sondagen-22\/","name":"11 blandade tankar p\u00e5 s\u00f6ndagen - Vandra V\u00e4gen","isPartOf":{"@id":"https:\/\/blogg.svenskakyrkan.se\/vandravagen\/#website"},"primaryImageOfPage":{"@id":"https:\/\/blogg.svenskakyrkan.se\/vandravagen\/2023\/04\/23\/11-blandade-tankar-pa-sondagen-22\/#primaryimage"},"image":{"@id":"https:\/\/blogg.svenskakyrkan.se\/vandravagen\/2023\/04\/23\/11-blandade-tankar-pa-sondagen-22\/#primaryimage"},"thumbnailUrl":"https:\/\/blogg.svenskakyrkan.se\/vandravagen\/files\/2023\/04\/grodor-scaled.jpg","datePublished":"2023-04-23T05:00:00+00:00","breadcrumb":{"@id":"https:\/\/blogg.svenskakyrkan.se\/vandravagen\/2023\/04\/23\/11-blandade-tankar-pa-sondagen-22\/#breadcrumb"},"inLanguage":"sv-SE","potentialAction":[{"@type":"ReadAction","target":["https:\/\/blogg.svenskakyrkan.se\/vandravagen\/2023\/04\/23\/11-blandade-tankar-pa-sondagen-22\/"]}]},{"@type":"ImageObject","inLanguage":"sv-SE","@id":"https:\/\/blogg.svenskakyrkan.se\/vandravagen\/2023\/04\/23\/11-blandade-tankar-pa-sondagen-22\/#primaryimage","url":"https:\/\/blogg.svenskakyrkan.se\/vandravagen\/files\/2023\/04\/grodor-scaled.jpg","contentUrl":"https:\/\/blogg.svenskakyrkan.se\/vandravagen\/files\/2023\/04\/grodor-scaled.jpg","width":2560,"height":1770},{"@type":"BreadcrumbList","@id":"https:\/\/blogg.svenskakyrkan.se\/vandravagen\/2023\/04\/23\/11-blandade-tankar-pa-sondagen-22\/#breadcrumb","itemListElement":[{"@type":"ListItem","position":1,"name":"Hem","item":"https:\/\/blogg.svenskakyrkan.se\/vandravagen\/"},{"@type":"ListItem","position":2,"name":"11 blandade tankar p\u00e5 s\u00f6ndagen"}]},{"@type":"WebSite","@id":"https:\/\/blogg.svenskakyrkan.se\/vandravagen\/#website","url":"https:\/\/blogg.svenskakyrkan.se\/vandravagen\/","name":"Vandra V\u00e4gen","description":"-Mot en tro f\u00f6r hela livet","publisher":{"@id":"https:\/\/blogg.svenskakyrkan.se\/vandravagen\/#organization"},"potentialAction":[{"@type":"SearchAction","target":{"@type":"EntryPoint","urlTemplate":"https:\/\/blogg.svenskakyrkan.se\/vandravagen\/?s={search_term_string}"},"query-input":{"@type":"PropertyValueSpecification","valueRequired":true,"valueName":"search_term_string"}}],"inLanguage":"sv-SE"},{"@type":"Organization","@id":"https:\/\/blogg.svenskakyrkan.se\/vandravagen\/#organization","name":"ulricehamns pastorat","alternateName":"ulricehamns pastorat","url":"https:\/\/blogg.svenskakyrkan.se\/vandravagen\/","logo":{"@type":"ImageObject","inLanguage":"sv-SE","@id":"https:\/\/blogg.svenskakyrkan.se\/vandravagen\/#\/schema\/logo\/image\/","url":"https:\/\/blogg.svenskakyrkan.se\/vandravagen\/files\/2023\/05\/Ulr_logo_RGB.png","contentUrl":"https:\/\/blogg.svenskakyrkan.se\/vandravagen\/files\/2023\/05\/Ulr_logo_RGB.png","width":205,"height":77,"caption":"ulricehamns pastorat"},"image":{"@id":"https:\/\/blogg.svenskakyrkan.se\/vandravagen\/#\/schema\/logo\/image\/"},"sameAs":["http:\/\/facebook.com\/vandravagen","https:\/\/x.com\/fadertomas","http:\/\/www.facebook.com\/svenskakyrkaniulricehamn"]},{"@type":"Person","@id":"https:\/\/blogg.svenskakyrkan.se\/vandravagen\/#\/schema\/person\/25da02d4f76b137d04291711e2c9fc16","name":"Tomas Jarvid","image":{"@type":"ImageObject","inLanguage":"sv-SE","@id":"https:\/\/blogg.svenskakyrkan.se\/vandravagen\/#\/schema\/person\/image\/","url":"https:\/\/secure.gravatar.com\/avatar\/7fa71899795e8f540f615a1f5ab25255dc27aa40f05ee7ddd21aac521e01bf50?s=96&d=identicon&r=g","contentUrl":"https:\/\/secure.gravatar.com\/avatar\/7fa71899795e8f540f615a1f5ab25255dc27aa40f05ee7ddd21aac521e01bf50?s=96&d=identicon&r=g","caption":"Tomas Jarvid"},"description":"Jag bor i Ulricehamn i V\u00e4sterg\u00f6tland och \u00e4r f\u00f6rsamlingspr\u00e4st i Svenska Kyrkan f\u00f6r Dalstorps f\u00f6rsamling i Kinds pastorat. P\u00e5 den h\u00e4r bloggen skriver jag ner tankar om vandringen som kristen.","sameAs":["http:\/\/www.vandravagen.se"],"url":"https:\/\/blogg.svenskakyrkan.se\/vandravagen\/author\/vandravagen\/"}]}},"author_meta":{"ID":"392","user_nicename":"vandravagen","user_url":"http:\/\/www.vandravagen.se","user_registered":"2014-05-19 05:44:52","display_name":"Tomas Jarvid","first_name":"Tomas","last_name":"Jarvid","avatar":"https:\/\/secure.gravatar.com\/avatar\/7fa71899795e8f540f615a1f5ab25255dc27aa40f05ee7ddd21aac521e01bf50?s=96&d=identicon&r=g"},"featured_image":["https:\/\/blogg.svenskakyrkan.se\/vandravagen\/files\/2023\/04\/grodor-1024x708.jpg",1024,708,true],"bloginfo":{"name":"Vandra V\u00e4gen","url":"https:\/\/blogg.svenskakyrkan.se\/vandravagen"},"_links":{"self":[{"href":"https:\/\/blogg.svenskakyrkan.se\/vandravagen\/wp-json\/wp\/v2\/posts\/9357","targetHints":{"allow":["GET"]}}],"collection":[{"href":"https:\/\/blogg.svenskakyrkan.se\/vandravagen\/wp-json\/wp\/v2\/posts"}],"about":[{"href":"https:\/\/blogg.svenskakyrkan.se\/vandravagen\/wp-json\/wp\/v2\/types\/post"}],"author":[{"embeddable":true,"href":"https:\/\/blogg.svenskakyrkan.se\/vandravagen\/wp-json\/wp\/v2\/users\/392"}],"replies":[{"embeddable":true,"href":"https:\/\/blogg.svenskakyrkan.se\/vandravagen\/wp-json\/wp\/v2\/comments?post=9357"}],"version-history":[{"count":1,"href":"https:\/\/blogg.svenskakyrkan.se\/vandravagen\/wp-json\/wp\/v2\/posts\/9357\/revisions"}],"predecessor-version":[{"id":9359,"href":"https:\/\/blogg.svenskakyrkan.se\/vandravagen\/wp-json\/wp\/v2\/posts\/9357\/revisions\/9359"}],"wp:featuredmedia":[{"embeddable":true,"href":"https:\/\/blogg.svenskakyrkan.se\/vandravagen\/wp-json\/wp\/v2\/media\/9358"}],"wp:attachment":[{"href":"https:\/\/blogg.svenskakyrkan.se\/vandravagen\/wp-json\/wp\/v2\/media?parent=9357"}],"wp:term":[{"taxonomy":"category","embeddable":true,"href":"https:\/\/blogg.svenskakyrkan.se\/vandravagen\/wp-json\/wp\/v2\/categories?post=9357"},{"taxonomy":"post_tag","embeddable":true,"href":"https:\/\/blogg.svenskakyrkan.se\/vandravagen\/wp-json\/wp\/v2\/tags?post=9357"}],"curies":[{"name":"wp","href":"https:\/\/api.w.org\/{rel}","templated":true}]}}