{"id":9377,"date":"2023-05-08T22:42:30","date_gmt":"2023-05-08T20:42:30","guid":{"rendered":"https:\/\/blogg.svenskakyrkan.se\/vandravagen\/?p=9377"},"modified":"2023-05-08T22:42:32","modified_gmt":"2023-05-08T20:42:32","slug":"ballonger-i-predikan-och-hur-man-vaxer-i-tro","status":"publish","type":"post","link":"https:\/\/blogg.svenskakyrkan.se\/vandravagen\/2023\/05\/08\/ballonger-i-predikan-och-hur-man-vaxer-i-tro\/","title":{"rendered":"Ballonger i predikan (och hur man v\u00e4xer i tro)"},"content":{"rendered":"\n\n\n<figure class=\"wp-block-image size-large\"><img loading=\"lazy\" decoding=\"async\" width=\"1024\" height=\"1365\" src=\"https:\/\/blogg.svenskakyrkan.se\/vandravagen\/files\/2023\/05\/ballong-1024x1365.jpg\" alt=\"\" class=\"wp-image-9378\" srcset=\"https:\/\/blogg.svenskakyrkan.se\/vandravagen\/files\/2023\/05\/ballong-1024x1365.jpg 1024w, https:\/\/blogg.svenskakyrkan.se\/vandravagen\/files\/2023\/05\/ballong-300x400.jpg 300w, https:\/\/blogg.svenskakyrkan.se\/vandravagen\/files\/2023\/05\/ballong-768x1024.jpg 768w, https:\/\/blogg.svenskakyrkan.se\/vandravagen\/files\/2023\/05\/ballong-1152x1536.jpg 1152w, https:\/\/blogg.svenskakyrkan.se\/vandravagen\/files\/2023\/05\/ballong-1536x2048.jpg 1536w, https:\/\/blogg.svenskakyrkan.se\/vandravagen\/files\/2023\/05\/ballong-1200x1600.jpg 1200w, https:\/\/blogg.svenskakyrkan.se\/vandravagen\/files\/2023\/05\/ballong-scaled.jpg 1920w\" sizes=\"auto, (max-width: 1024px) 100vw, 1024px\" \/><figcaption class=\"wp-element-caption\">Blommor och ballonger! Baks\u00e4tet p\u00e5 min bil mellan f\u00f6rmiddagens konfirmation och gudstj\u00e4nsten i Tv\u00e4rred.<\/figcaption><\/figure>\n\n\n\n<h2 class=\"wp-block-heading\"><mark class=\"has-inline-color has-primary-color\">Vad sm\u00e5 och stora beh\u00f6ver f\u00f6r att v\u00e4xa<\/mark><\/h2>\n\n\n\n<p><strong>Jag har en r\u00e4tt ovanlig sak p\u00e5 g\u00e5ng <\/strong>till slutet av predikan s\u00e5 n\u00e4r den v\u00e4l drar ig\u00e5ng blir det nog sv\u00e5rt att ni lyssnar s\u00e5 v\u00e4rst mycket efter det s\u00e5 vi spar p\u00e5 det. Bygger upp f\u00f6rv\u00e4ntningar\u2026\u00a0<\/p>\n\n\n\n<p>\u00d6verskriften f\u00f6r idag \u00e4r att \u201dv\u00e4xa i tro\u201d. Och det \u00e4r ett s\u00e5 bra \u00e4mne att jag m\u00e5ste s\u00e4ga n\u00e5got om det i allm\u00e4nhet. Jag t\u00e4nker p\u00e5 ett tr\u00e4d. Jag har till och med med mig lite tr\u00e4 h\u00e4r. S\u00e4tter man ett fr\u00f6 i jorden s\u00e5 \u00e4r den lilla v\u00e4xten lite \u00f6mt\u00e5lig eller hur? N\u00e5gon kan trampa p\u00e5 den eller s\u00e5 blir det torrt som den inte klarar \u00e4n. Det \u00e4r m\u00e5nga barn h\u00e4r och barn beh\u00f6ver nog lite samma saker f\u00f6r att f\u00e5 v\u00e4xa i sin tro p\u00e5 Gud som de beh\u00f6ver f\u00f6r att m\u00e5 bra i allm\u00e4nhet. Vad beh\u00f6ver man?\u00a0<\/p>\n\n\n\n<h2 class=\"wp-block-heading\"><mark class=\"has-inline-color has-primary-color\">Vad beh\u00f6ver en liten?<\/mark><\/h2>\n\n\n\n<p><strong>Man m\u00e5ste f\u00e5<\/strong> komma med sina egna tankar och fr\u00e5gor, utforska och f\u00f6rst\u00e5 p\u00e5 sitt eget s\u00e4tt.&nbsp;&nbsp;<\/p>\n\n\n\n<p><strong>Man m\u00e5ste f\u00e5<\/strong> prova. Att be till exempel, l\u00e4ra sig Gud som haver eller att testa att be med egna ord. Att det inte m\u00e5ste l\u00e5ta s\u00e5 kr\u00e5ngligt. Man m\u00e5ste f\u00e5 l\u00e4ra sig lite s\u00e5nger och kanske f\u00e5 g\u00e5 till nattvarden redan som liten och k\u00e4nna att man \u00e4r v\u00e4lkommen d\u00e4r.&nbsp;<\/p>\n\n\n\n<p><strong>Man m\u00e5ste f\u00e5<\/strong> bli \u00e4lskad och trygg. Det m\u00e5ste man f\u00f6r all v\u00e4xt i livet.&nbsp;<\/p>\n\n\n\n<p><strong>Man m\u00e5ste f\u00e5<\/strong> se p\u00e5 stora och ta efter s\u00e5 man har n\u00e5got att ha som f\u00f6rebild. Man beh\u00f6ver gemenskap f\u00f6r kristen \u00e4r man inte bara p\u00e5 egen hand.&nbsp;<\/p>\n\n\n\n<p>Fint att vi har mycket av <strong>allt det i v\u00e5ra barngrupper<\/strong>! Och s\u00e5 f\u00e5r man ha det hemma ocks\u00e5 p\u00e5 det s\u00e4tt man kan. Man beh\u00f6ver inte vara n\u00e5gon expert f\u00f6r att hj\u00e4lpa barn v\u00e4xa, det r\u00e4cker att vara sig sj\u00e4lv och det kan vi ju allihop.\u00a0<\/p>\n\n\n\n<h2 class=\"wp-block-heading\"><mark class=\"has-inline-color has-primary-color\">Vad beh\u00f6ver en st\u00f6rre?<\/mark><\/h2>\n\n\n\n<p>N\u00e4r man \u00e4r st\u00f6rre, vad beh\u00f6ver man d\u00e5?\u00a0\u00a0<\/p>\n\n\n\n<p>P\u00e5 ett s\u00e4tt beh\u00f6ver man samma saker va? Utforska vidare p\u00e5 eget s\u00e4tt, prova, eller ut\u00f6va kan man s\u00e4ga. Att man faktiskt ber och l\u00e4r sig lite mer och mer. F\u00e5r lita p\u00e5 att Gud \u00e4r god och vill oss v\u00e4l s\u00e5 att vi g\u00e4rna v\u00e4nder oss till Gud. Ha f\u00f6rebilder, det beh\u00f6ver man fortfarande. Och en gemenskap, en f\u00f6rsamling.&nbsp;<\/p>\n\n\n\n<p>Man kanske beh\u00f6ver delvis annat ocks\u00e5. Det blir viktigare f\u00f6r en vuxen tro att vi f\u00e5r k\u00e4nna att den verkligen \u00e4r v\u00e5r egen nu och inte n\u00e5got vi r\u00e5kat ta \u00f6ver fr\u00e5n andra. <strong>Att man \u00e4r \u00e4rlig<\/strong> mot sig sj\u00e4lv och att det g\u00e5r ihop med hur vi ser p\u00e5 resten av livet. <\/p>\n\n\n\n<p>Jag t\u00e4nker att det m\u00e5ste f\u00e5 g\u00e5 ihop med att l\u00e4ra k\u00e4nna sin egen personlighet och sina egna k\u00e4nslor. Att hela vi f\u00e5r plats s\u00e5 att det inte \u00e4r n\u00e5gra sidor vi m\u00e5ste utel\u00e4mna n\u00e4r vi v\u00e4nder oss till Gud.\u00a0\u00a0<\/p>\n\n\n\n<p>Vi kanske kommer p\u00e5 att inga f\u00f6rebilder var fullkomliga och det kan bli besvikelser s\u00e5 till slut f\u00e5r man vara vuxen sj\u00e4lv. G\u00e5 trons v\u00e4g och sj\u00e4lv f\u00f6rs\u00f6ka vara en f\u00f6rebild.\u00a0\u00a0<\/p>\n\n\n\n<h2 class=\"wp-block-heading\"><mark class=\"has-inline-color has-primary-color\">Oj\u00e4mn tillv\u00e4xt<\/mark><\/h2>\n\n\n\n<p>Man kan se h\u00e4r p\u00e5 min vedbit att den har sina \u00e5rsringar. En del \u00e4r tjockare \u00e4n andra. Det har inte vuxit i j\u00e4mn takt hela tiden. Det \u00e4r l\u00e5ngsamt p\u00e5 vintern och kanske under sv\u00e5ra \u00e5r, andra tider kanske man kan ta ett spr\u00e5ng. Det beror p\u00e5 m\u00e5nga saker. Det h\u00e4r tr\u00e4der har inte br\u00e5ttom. Det g\u00e5r s\u00e5 fort det g\u00e5r och precis s\u00e5 \u00e4r det p\u00e5 insidan i oss ocks\u00e5. Insidan \u00e4r tidl\u00f6s kan man s\u00e4ga. <\/p>\n\n\n\n<p>N\u00e5gon sa att i sekter \u00e4r det alltid br\u00e5ttom, man m\u00e5ste bli insyltad snabbt och sen vet man inte riktigt hur man kommer ur, men i sund kristen tro t\u00e4nker vi att Gud har mycket t\u00e5lamod med oss och l\u00e5ter oss f\u00e5 ta saker i den takt vi klarar av.\u00a0\u00a0<\/p>\n\n\n\n<h2 class=\"wp-block-heading\"><mark class=\"has-inline-color has-primary-color\">Inget vi kan styra \u00f6ver<\/mark><\/h2>\n\n\n\n<p>Sen g\u00e4ller det f\u00f6r b\u00e5de sm\u00e5 och stora att det faktiskt inte riktigt g\u00e5r att styra \u00f6ver v\u00e5r tro och hur den v\u00e4xer fram. Det \u00e4r ocks\u00e5 Gud som osynligt verkar i v\u00e5ra hj\u00e4rtan och lockar oss till sig. Vi tror f\u00f6r att Gud hj\u00e4lper oss med det med sin heliga Ande. Att vi s\u00f6ker Gud beror p\u00e5 att Gud s\u00f6kt oss f\u00f6rst.&nbsp;&nbsp;<\/p>\n\n\n\n<p><strong>Nu tar vi den d\u00e4r andra grejen<\/strong> jag sparat p\u00e5. Det har med ballonger att g\u00f6ra! Och med n\u00e5gra rader fr\u00e5n evangelietexten:\u00a0<\/p>\n\n\n\n<h2 class=\"wp-block-heading\"><mark class=\"has-inline-color has-primary-color\">BALLONGER! SAKER ATT TA HAND OM<\/mark><\/h2>\n\n\n\n<p>Jesus ber inte f\u00f6r v\u00e4rlden s\u00e4ger han, och det kanske l\u00e5ter som att Gud inte bryr sig om livet p\u00e5 jorden utan bara att vi ska till himlen n\u00e4r vi d\u00f6r eller s\u00e5 men det kan inte st\u00e4mma. Det st\u00e5r ju p\u00e5 ett annat ber\u00f6mt st\u00e4lle att \u201dS\u00e5 \u00e4lskade Gud v\u00e4rlden att han gav den sin ende son, f\u00f6r att var och en som tror p\u00e5 honom inte ska g\u00e5 under utan ha evigt liv\u201d. Gud \u00e4lskar den h\u00e4r v\u00e4rlden. Gud har skapat v\u00e4rlden och vill att vi ska ta hand om den och om varandra.&nbsp;&nbsp;<\/p>\n\n\n\n<p>N\u00e4r det st\u00e5r om \u201dv\u00e4rlden\u201d i bibeln kan det betyda \u201ddet i v\u00e4rlden som \u00e4r motst\u00e5ndare till Gud\u201d. Jesus kanske inte ber att det ska g\u00e5 bra f\u00f6r alla som sk\u00f6vlar v\u00e5r jord i jakt p\u00e5 vinst eller de som utnyttjar andra m\u00e4nniskor f\u00f6r att bli m\u00e4ktiga, det vore ju konstigt. <\/p>\n\n\n\n<p>Han ber f\u00f6r sina l\u00e4rjungar s\u00e4ger han, f\u00f6r alla som vill f\u00f6rs\u00f6ka leva sitt liv som medborgare i Guds rike p\u00e5 jorden. Som vill v\u00e5rda v\u00e5r jord och vill f\u00f6rs\u00f6ka \u00e4lska sin n\u00e4sta, till och med \u00e4lska sina fiender som han sj\u00e4lv gjorde. De som f\u00f6rs\u00f6ker g\u00f6ra s\u00e5 beh\u00f6ver nog mycket f\u00f6rb\u00f6n verkar han mena f\u00f6r det \u00e4r sv\u00e5rt att st\u00e5 emot det onda men Gud \u00e4r f\u00f6r alla som vill verka f\u00f6r det goda.\u00a0<\/p>\n\n\n\n<h2 class=\"wp-block-heading\"><mark class=\"has-inline-color has-primary-color\">Hj\u00e4lpas \u00e5t att h\u00e5lla allt i luften<\/mark><\/h2>\n\n\n\n<p>Idag har vi haft konfirmationsgudstj\u00e4nst i G\u00e4llstad och d\u00e5 har vi haft en massa ballonger. Jag tog med dem hit! Ballonger \u00e4r ju lite \u00f6mt\u00e5liga men fina. Konfirmanderna har best\u00e4mt att de st\u00e5r f\u00f6r olika viktiga saker som vi m\u00e5ste ta hand om. Och d\u00e5 gjorde vi s\u00e5 att jag kan s\u00e4ga vad varje ballong st\u00e5r f\u00f6r och s\u00e5 puttar vi ut den till er s\u00e5 f\u00e5r ni hj\u00e4lpas \u00e5t att h\u00e5lla dem i luften, ramlar de ner f\u00e5r v\u00e4l n\u00e5gon ta upp dem igen och forts\u00e4tta. Fattar ni? V\u00e4ldigt ovanlig sak att g\u00f6ra i kyrkan.\u00a0<\/p>\n\n\n\n<p>(H\u00e4r f\u00f6ljde ett visst tumult d\u00e5 f\u00f6rsamlingen pl\u00f6tsligt skulle h\u00e5lla en massa ballonger i luften medan jag talade)<\/p>\n\n\n\n<p><strong>Det \u00e4r viktigt att f\u00e5 vara sig sj\u00e4lv. Det \u00e4r viktigt att barn har det bra. Det \u00e4r viktigt att ta hand om de \u00e4ldre. Det \u00e4r viktigt att f\u00e5 bli lyssnad p\u00e5. Det \u00e4r viktigt att v\u00e5rda naturen. Det \u00e4r viktigt att f\u00e5 m\u00e5 bra. Det \u00e4r viktigt att tacka f\u00f6r allt gott. Det \u00e4r viktigt att hj\u00e4lpa varandra. Det \u00e4r viktigt att sprida gott i v\u00e4rlden. Det \u00e4r viktigt att be. Det \u00e4r viktigt att l\u00e4ra sig om Gud. Det \u00e4r viktigt att ha roligt tillsammans. Det \u00e4r viktigt att leka. Det \u00e4r viktigt med r\u00e4ttvisa. Det \u00e4r viktigt att ha v\u00e4nner. Det \u00e4r viktigt att bli klokare.\u00a0\u00a0<\/strong><\/p>\n\n\n\n<p>Puh, det gjorde vi bra. Det \u00e4r inte l\u00e4tt att h\u00e5lla allt det i luften samtidigt. Jag tror inte n\u00e5gon av oss skulle klara det sj\u00e4lv va? Vi beh\u00f6ver varandra och m\u00e5nga, m\u00e5nga fler f\u00f6r att g\u00f6ra s\u00e5 att det \u00e4r gott f\u00f6r alla.&nbsp;<\/p>\n","protected":false},"excerpt":{"rendered":"<p>Vad sm\u00e5 och stora beh\u00f6ver f\u00f6r att v\u00e4xa Jag har en r\u00e4tt ovanlig sak p\u00e5 g\u00e5ng till slutet av predikan s\u00e5 n\u00e4r den v\u00e4l drar ig\u00e5ng blir det nog sv\u00e5rt att ni lyssnar s\u00e5 v\u00e4rst mycket efter det s\u00e5 vi spar p\u00e5 det. Bygger upp f\u00f6rv\u00e4ntningar\u2026\u00a0 \u00d6verskriften f\u00f6r idag \u00e4r att \u201dv\u00e4xa i tro\u201d. Och [&hellip;]<\/p>\n","protected":false},"author":392,"featured_media":9378,"comment_status":"open","ping_status":"open","sticky":false,"template":"","format":"standard","meta":{"_acf_changed":false,"footnotes":""},"categories":[114,77554],"tags":[84189,83926,83878,83880,83879,83901,83890,83866,83875,84190],"class_list":["post-9377","post","type-post","status-publish","format-standard","has-post-thumbnail","hentry","category-predikan","category-vara-manniska","tag-ballonger","tag-bibeln","tag-jesus","tag-kristen","tag-kristen-tro","tag-kyrka","tag-kyrkan","tag-pask","tag-predikan","tag-vaxa-i-tro"],"acf":[],"yoast_head":"<!-- This site is optimized with the Yoast SEO plugin v27.1.1 - https:\/\/yoast.com\/product\/yoast-seo-wordpress\/ -->\n<title>Ballonger i predikan (och hur man v\u00e4xer i tro) - Vandra V\u00e4gen<\/title>\n<meta name=\"robots\" content=\"index, follow, max-snippet:-1, max-image-preview:large, max-video-preview:-1\" \/>\n<link rel=\"canonical\" href=\"https:\/\/blogg.svenskakyrkan.se\/vandravagen\/2023\/05\/08\/ballonger-i-predikan-och-hur-man-vaxer-i-tro\/\" \/>\n<meta property=\"og:locale\" content=\"sv_SE\" \/>\n<meta property=\"og:type\" content=\"article\" \/>\n<meta property=\"og:title\" content=\"Ballonger i predikan (och hur man v\u00e4xer i tro) - Vandra V\u00e4gen\" \/>\n<meta property=\"og:description\" content=\"Vad sm\u00e5 och stora beh\u00f6ver f\u00f6r att v\u00e4xa Jag har en r\u00e4tt ovanlig sak p\u00e5 g\u00e5ng till slutet av predikan s\u00e5 n\u00e4r den v\u00e4l drar ig\u00e5ng blir det nog sv\u00e5rt att ni lyssnar s\u00e5 v\u00e4rst mycket efter det s\u00e5 vi spar p\u00e5 det. Bygger upp f\u00f6rv\u00e4ntningar\u2026\u00a0 \u00d6verskriften f\u00f6r idag \u00e4r att \u201dv\u00e4xa i tro\u201d. Och [&hellip;]\" \/>\n<meta property=\"og:url\" content=\"https:\/\/blogg.svenskakyrkan.se\/vandravagen\/2023\/05\/08\/ballonger-i-predikan-och-hur-man-vaxer-i-tro\/\" \/>\n<meta property=\"og:site_name\" content=\"Vandra V\u00e4gen\" \/>\n<meta property=\"article:publisher\" content=\"http:\/\/facebook.com\/vandravagen\" \/>\n<meta property=\"article:published_time\" content=\"2023-05-08T20:42:30+00:00\" \/>\n<meta property=\"article:modified_time\" content=\"2023-05-08T20:42:32+00:00\" \/>\n<meta property=\"og:image\" content=\"http:\/\/blogg.svenskakyrkan.se\/vandravagen\/files\/2023\/05\/ballong-scaled.jpg\" \/>\n\t<meta property=\"og:image:width\" content=\"1920\" \/>\n\t<meta property=\"og:image:height\" content=\"2560\" \/>\n\t<meta property=\"og:image:type\" content=\"image\/jpeg\" \/>\n<meta name=\"author\" content=\"Tomas Jarvid\" \/>\n<meta name=\"twitter:card\" content=\"summary_large_image\" \/>\n<meta name=\"twitter:creator\" content=\"@fadertomas\" \/>\n<meta name=\"twitter:site\" content=\"@fadertomas\" \/>\n<meta name=\"twitter:label1\" content=\"Skriven av\" \/>\n\t<meta name=\"twitter:data1\" content=\"Tomas Jarvid\" \/>\n\t<meta name=\"twitter:label2\" content=\"Ber\u00e4knad l\u00e4stid\" \/>\n\t<meta name=\"twitter:data2\" content=\"7 minuter\" \/>\n<script type=\"application\/ld+json\" class=\"yoast-schema-graph\">{\"@context\":\"https:\/\/schema.org\",\"@graph\":[{\"@type\":\"Article\",\"@id\":\"https:\/\/blogg.svenskakyrkan.se\/vandravagen\/2023\/05\/08\/ballonger-i-predikan-och-hur-man-vaxer-i-tro\/#article\",\"isPartOf\":{\"@id\":\"https:\/\/blogg.svenskakyrkan.se\/vandravagen\/2023\/05\/08\/ballonger-i-predikan-och-hur-man-vaxer-i-tro\/\"},\"author\":{\"name\":\"Tomas Jarvid\",\"@id\":\"https:\/\/blogg.svenskakyrkan.se\/vandravagen\/#\/schema\/person\/25da02d4f76b137d04291711e2c9fc16\"},\"headline\":\"Ballonger i predikan (och hur man v\u00e4xer i tro)\",\"datePublished\":\"2023-05-08T20:42:30+00:00\",\"dateModified\":\"2023-05-08T20:42:32+00:00\",\"mainEntityOfPage\":{\"@id\":\"https:\/\/blogg.svenskakyrkan.se\/vandravagen\/2023\/05\/08\/ballonger-i-predikan-och-hur-man-vaxer-i-tro\/\"},\"wordCount\":1515,\"commentCount\":0,\"publisher\":{\"@id\":\"https:\/\/blogg.svenskakyrkan.se\/vandravagen\/#organization\"},\"image\":{\"@id\":\"https:\/\/blogg.svenskakyrkan.se\/vandravagen\/2023\/05\/08\/ballonger-i-predikan-och-hur-man-vaxer-i-tro\/#primaryimage\"},\"thumbnailUrl\":\"https:\/\/blogg.svenskakyrkan.se\/vandravagen\/files\/2023\/05\/ballong-scaled.jpg\",\"keywords\":[\"ballonger\",\"bibeln\",\"Jesus\",\"kristen\",\"kristen tro\",\"kyrka\",\"kyrkan\",\"p\u00e5sk\",\"predikan\",\"v\u00e4xa i tro\"],\"articleSection\":[\"predikan\",\"vara m\u00e4nniska\"],\"inLanguage\":\"sv-SE\",\"potentialAction\":[{\"@type\":\"CommentAction\",\"name\":\"Comment\",\"target\":[\"https:\/\/blogg.svenskakyrkan.se\/vandravagen\/2023\/05\/08\/ballonger-i-predikan-och-hur-man-vaxer-i-tro\/#respond\"]}]},{\"@type\":\"WebPage\",\"@id\":\"https:\/\/blogg.svenskakyrkan.se\/vandravagen\/2023\/05\/08\/ballonger-i-predikan-och-hur-man-vaxer-i-tro\/\",\"url\":\"https:\/\/blogg.svenskakyrkan.se\/vandravagen\/2023\/05\/08\/ballonger-i-predikan-och-hur-man-vaxer-i-tro\/\",\"name\":\"Ballonger i predikan (och hur man v\u00e4xer i tro) - Vandra V\u00e4gen\",\"isPartOf\":{\"@id\":\"https:\/\/blogg.svenskakyrkan.se\/vandravagen\/#website\"},\"primaryImageOfPage\":{\"@id\":\"https:\/\/blogg.svenskakyrkan.se\/vandravagen\/2023\/05\/08\/ballonger-i-predikan-och-hur-man-vaxer-i-tro\/#primaryimage\"},\"image\":{\"@id\":\"https:\/\/blogg.svenskakyrkan.se\/vandravagen\/2023\/05\/08\/ballonger-i-predikan-och-hur-man-vaxer-i-tro\/#primaryimage\"},\"thumbnailUrl\":\"https:\/\/blogg.svenskakyrkan.se\/vandravagen\/files\/2023\/05\/ballong-scaled.jpg\",\"datePublished\":\"2023-05-08T20:42:30+00:00\",\"dateModified\":\"2023-05-08T20:42:32+00:00\",\"breadcrumb\":{\"@id\":\"https:\/\/blogg.svenskakyrkan.se\/vandravagen\/2023\/05\/08\/ballonger-i-predikan-och-hur-man-vaxer-i-tro\/#breadcrumb\"},\"inLanguage\":\"sv-SE\",\"potentialAction\":[{\"@type\":\"ReadAction\",\"target\":[\"https:\/\/blogg.svenskakyrkan.se\/vandravagen\/2023\/05\/08\/ballonger-i-predikan-och-hur-man-vaxer-i-tro\/\"]}]},{\"@type\":\"ImageObject\",\"inLanguage\":\"sv-SE\",\"@id\":\"https:\/\/blogg.svenskakyrkan.se\/vandravagen\/2023\/05\/08\/ballonger-i-predikan-och-hur-man-vaxer-i-tro\/#primaryimage\",\"url\":\"https:\/\/blogg.svenskakyrkan.se\/vandravagen\/files\/2023\/05\/ballong-scaled.jpg\",\"contentUrl\":\"https:\/\/blogg.svenskakyrkan.se\/vandravagen\/files\/2023\/05\/ballong-scaled.jpg\",\"width\":1920,\"height\":2560},{\"@type\":\"BreadcrumbList\",\"@id\":\"https:\/\/blogg.svenskakyrkan.se\/vandravagen\/2023\/05\/08\/ballonger-i-predikan-och-hur-man-vaxer-i-tro\/#breadcrumb\",\"itemListElement\":[{\"@type\":\"ListItem\",\"position\":1,\"name\":\"Hem\",\"item\":\"https:\/\/blogg.svenskakyrkan.se\/vandravagen\/\"},{\"@type\":\"ListItem\",\"position\":2,\"name\":\"ballonger\",\"item\":\"https:\/\/blogg.svenskakyrkan.se\/vandravagen\/tag\/ballonger\/\"},{\"@type\":\"ListItem\",\"position\":3,\"name\":\"Ballonger i predikan (och hur man v\u00e4xer i tro)\"}]},{\"@type\":\"WebSite\",\"@id\":\"https:\/\/blogg.svenskakyrkan.se\/vandravagen\/#website\",\"url\":\"https:\/\/blogg.svenskakyrkan.se\/vandravagen\/\",\"name\":\"Vandra V\u00e4gen\",\"description\":\"-Mot en tro f\u00f6r hela livet\",\"publisher\":{\"@id\":\"https:\/\/blogg.svenskakyrkan.se\/vandravagen\/#organization\"},\"potentialAction\":[{\"@type\":\"SearchAction\",\"target\":{\"@type\":\"EntryPoint\",\"urlTemplate\":\"https:\/\/blogg.svenskakyrkan.se\/vandravagen\/?s={search_term_string}\"},\"query-input\":{\"@type\":\"PropertyValueSpecification\",\"valueRequired\":true,\"valueName\":\"search_term_string\"}}],\"inLanguage\":\"sv-SE\"},{\"@type\":\"Organization\",\"@id\":\"https:\/\/blogg.svenskakyrkan.se\/vandravagen\/#organization\",\"name\":\"ulricehamns pastorat\",\"alternateName\":\"ulricehamns pastorat\",\"url\":\"https:\/\/blogg.svenskakyrkan.se\/vandravagen\/\",\"logo\":{\"@type\":\"ImageObject\",\"inLanguage\":\"sv-SE\",\"@id\":\"https:\/\/blogg.svenskakyrkan.se\/vandravagen\/#\/schema\/logo\/image\/\",\"url\":\"https:\/\/blogg.svenskakyrkan.se\/vandravagen\/files\/2023\/05\/Ulr_logo_RGB.png\",\"contentUrl\":\"https:\/\/blogg.svenskakyrkan.se\/vandravagen\/files\/2023\/05\/Ulr_logo_RGB.png\",\"width\":205,\"height\":77,\"caption\":\"ulricehamns pastorat\"},\"image\":{\"@id\":\"https:\/\/blogg.svenskakyrkan.se\/vandravagen\/#\/schema\/logo\/image\/\"},\"sameAs\":[\"http:\/\/facebook.com\/vandravagen\",\"https:\/\/x.com\/fadertomas\",\"http:\/\/www.facebook.com\/svenskakyrkaniulricehamn\"]},{\"@type\":\"Person\",\"@id\":\"https:\/\/blogg.svenskakyrkan.se\/vandravagen\/#\/schema\/person\/25da02d4f76b137d04291711e2c9fc16\",\"name\":\"Tomas Jarvid\",\"image\":{\"@type\":\"ImageObject\",\"inLanguage\":\"sv-SE\",\"@id\":\"https:\/\/blogg.svenskakyrkan.se\/vandravagen\/#\/schema\/person\/image\/\",\"url\":\"https:\/\/secure.gravatar.com\/avatar\/7fa71899795e8f540f615a1f5ab25255dc27aa40f05ee7ddd21aac521e01bf50?s=96&d=identicon&r=g\",\"contentUrl\":\"https:\/\/secure.gravatar.com\/avatar\/7fa71899795e8f540f615a1f5ab25255dc27aa40f05ee7ddd21aac521e01bf50?s=96&d=identicon&r=g\",\"caption\":\"Tomas Jarvid\"},\"description\":\"Jag bor i Ulricehamn i V\u00e4sterg\u00f6tland och \u00e4r f\u00f6rsamlingspr\u00e4st i Svenska Kyrkan f\u00f6r Dalstorps f\u00f6rsamling i Kinds pastorat. P\u00e5 den h\u00e4r bloggen skriver jag ner tankar om vandringen som kristen.\",\"sameAs\":[\"http:\/\/www.vandravagen.se\"],\"url\":\"https:\/\/blogg.svenskakyrkan.se\/vandravagen\/author\/vandravagen\/\"}]}<\/script>\n<!-- \/ Yoast SEO plugin. -->","yoast_head_json":{"title":"Ballonger i predikan (och hur man v\u00e4xer i tro) - Vandra V\u00e4gen","robots":{"index":"index","follow":"follow","max-snippet":"max-snippet:-1","max-image-preview":"max-image-preview:large","max-video-preview":"max-video-preview:-1"},"canonical":"https:\/\/blogg.svenskakyrkan.se\/vandravagen\/2023\/05\/08\/ballonger-i-predikan-och-hur-man-vaxer-i-tro\/","og_locale":"sv_SE","og_type":"article","og_title":"Ballonger i predikan (och hur man v\u00e4xer i tro) - Vandra V\u00e4gen","og_description":"Vad sm\u00e5 och stora beh\u00f6ver f\u00f6r att v\u00e4xa Jag har en r\u00e4tt ovanlig sak p\u00e5 g\u00e5ng till slutet av predikan s\u00e5 n\u00e4r den v\u00e4l drar ig\u00e5ng blir det nog sv\u00e5rt att ni lyssnar s\u00e5 v\u00e4rst mycket efter det s\u00e5 vi spar p\u00e5 det. Bygger upp f\u00f6rv\u00e4ntningar\u2026\u00a0 \u00d6verskriften f\u00f6r idag \u00e4r att \u201dv\u00e4xa i tro\u201d. Och [&hellip;]","og_url":"https:\/\/blogg.svenskakyrkan.se\/vandravagen\/2023\/05\/08\/ballonger-i-predikan-och-hur-man-vaxer-i-tro\/","og_site_name":"Vandra V\u00e4gen","article_publisher":"http:\/\/facebook.com\/vandravagen","article_published_time":"2023-05-08T20:42:30+00:00","article_modified_time":"2023-05-08T20:42:32+00:00","og_image":[{"width":1920,"height":2560,"url":"http:\/\/blogg.svenskakyrkan.se\/vandravagen\/files\/2023\/05\/ballong-scaled.jpg","type":"image\/jpeg"}],"author":"Tomas Jarvid","twitter_card":"summary_large_image","twitter_creator":"@fadertomas","twitter_site":"@fadertomas","twitter_misc":{"Skriven av":"Tomas Jarvid","Ber\u00e4knad l\u00e4stid":"7 minuter"},"schema":{"@context":"https:\/\/schema.org","@graph":[{"@type":"Article","@id":"https:\/\/blogg.svenskakyrkan.se\/vandravagen\/2023\/05\/08\/ballonger-i-predikan-och-hur-man-vaxer-i-tro\/#article","isPartOf":{"@id":"https:\/\/blogg.svenskakyrkan.se\/vandravagen\/2023\/05\/08\/ballonger-i-predikan-och-hur-man-vaxer-i-tro\/"},"author":{"name":"Tomas Jarvid","@id":"https:\/\/blogg.svenskakyrkan.se\/vandravagen\/#\/schema\/person\/25da02d4f76b137d04291711e2c9fc16"},"headline":"Ballonger i predikan (och hur man v\u00e4xer i tro)","datePublished":"2023-05-08T20:42:30+00:00","dateModified":"2023-05-08T20:42:32+00:00","mainEntityOfPage":{"@id":"https:\/\/blogg.svenskakyrkan.se\/vandravagen\/2023\/05\/08\/ballonger-i-predikan-och-hur-man-vaxer-i-tro\/"},"wordCount":1515,"commentCount":0,"publisher":{"@id":"https:\/\/blogg.svenskakyrkan.se\/vandravagen\/#organization"},"image":{"@id":"https:\/\/blogg.svenskakyrkan.se\/vandravagen\/2023\/05\/08\/ballonger-i-predikan-och-hur-man-vaxer-i-tro\/#primaryimage"},"thumbnailUrl":"https:\/\/blogg.svenskakyrkan.se\/vandravagen\/files\/2023\/05\/ballong-scaled.jpg","keywords":["ballonger","bibeln","Jesus","kristen","kristen tro","kyrka","kyrkan","p\u00e5sk","predikan","v\u00e4xa i tro"],"articleSection":["predikan","vara m\u00e4nniska"],"inLanguage":"sv-SE","potentialAction":[{"@type":"CommentAction","name":"Comment","target":["https:\/\/blogg.svenskakyrkan.se\/vandravagen\/2023\/05\/08\/ballonger-i-predikan-och-hur-man-vaxer-i-tro\/#respond"]}]},{"@type":"WebPage","@id":"https:\/\/blogg.svenskakyrkan.se\/vandravagen\/2023\/05\/08\/ballonger-i-predikan-och-hur-man-vaxer-i-tro\/","url":"https:\/\/blogg.svenskakyrkan.se\/vandravagen\/2023\/05\/08\/ballonger-i-predikan-och-hur-man-vaxer-i-tro\/","name":"Ballonger i predikan (och hur man v\u00e4xer i tro) - Vandra V\u00e4gen","isPartOf":{"@id":"https:\/\/blogg.svenskakyrkan.se\/vandravagen\/#website"},"primaryImageOfPage":{"@id":"https:\/\/blogg.svenskakyrkan.se\/vandravagen\/2023\/05\/08\/ballonger-i-predikan-och-hur-man-vaxer-i-tro\/#primaryimage"},"image":{"@id":"https:\/\/blogg.svenskakyrkan.se\/vandravagen\/2023\/05\/08\/ballonger-i-predikan-och-hur-man-vaxer-i-tro\/#primaryimage"},"thumbnailUrl":"https:\/\/blogg.svenskakyrkan.se\/vandravagen\/files\/2023\/05\/ballong-scaled.jpg","datePublished":"2023-05-08T20:42:30+00:00","dateModified":"2023-05-08T20:42:32+00:00","breadcrumb":{"@id":"https:\/\/blogg.svenskakyrkan.se\/vandravagen\/2023\/05\/08\/ballonger-i-predikan-och-hur-man-vaxer-i-tro\/#breadcrumb"},"inLanguage":"sv-SE","potentialAction":[{"@type":"ReadAction","target":["https:\/\/blogg.svenskakyrkan.se\/vandravagen\/2023\/05\/08\/ballonger-i-predikan-och-hur-man-vaxer-i-tro\/"]}]},{"@type":"ImageObject","inLanguage":"sv-SE","@id":"https:\/\/blogg.svenskakyrkan.se\/vandravagen\/2023\/05\/08\/ballonger-i-predikan-och-hur-man-vaxer-i-tro\/#primaryimage","url":"https:\/\/blogg.svenskakyrkan.se\/vandravagen\/files\/2023\/05\/ballong-scaled.jpg","contentUrl":"https:\/\/blogg.svenskakyrkan.se\/vandravagen\/files\/2023\/05\/ballong-scaled.jpg","width":1920,"height":2560},{"@type":"BreadcrumbList","@id":"https:\/\/blogg.svenskakyrkan.se\/vandravagen\/2023\/05\/08\/ballonger-i-predikan-och-hur-man-vaxer-i-tro\/#breadcrumb","itemListElement":[{"@type":"ListItem","position":1,"name":"Hem","item":"https:\/\/blogg.svenskakyrkan.se\/vandravagen\/"},{"@type":"ListItem","position":2,"name":"ballonger","item":"https:\/\/blogg.svenskakyrkan.se\/vandravagen\/tag\/ballonger\/"},{"@type":"ListItem","position":3,"name":"Ballonger i predikan (och hur man v\u00e4xer i tro)"}]},{"@type":"WebSite","@id":"https:\/\/blogg.svenskakyrkan.se\/vandravagen\/#website","url":"https:\/\/blogg.svenskakyrkan.se\/vandravagen\/","name":"Vandra V\u00e4gen","description":"-Mot en tro f\u00f6r hela livet","publisher":{"@id":"https:\/\/blogg.svenskakyrkan.se\/vandravagen\/#organization"},"potentialAction":[{"@type":"SearchAction","target":{"@type":"EntryPoint","urlTemplate":"https:\/\/blogg.svenskakyrkan.se\/vandravagen\/?s={search_term_string}"},"query-input":{"@type":"PropertyValueSpecification","valueRequired":true,"valueName":"search_term_string"}}],"inLanguage":"sv-SE"},{"@type":"Organization","@id":"https:\/\/blogg.svenskakyrkan.se\/vandravagen\/#organization","name":"ulricehamns pastorat","alternateName":"ulricehamns pastorat","url":"https:\/\/blogg.svenskakyrkan.se\/vandravagen\/","logo":{"@type":"ImageObject","inLanguage":"sv-SE","@id":"https:\/\/blogg.svenskakyrkan.se\/vandravagen\/#\/schema\/logo\/image\/","url":"https:\/\/blogg.svenskakyrkan.se\/vandravagen\/files\/2023\/05\/Ulr_logo_RGB.png","contentUrl":"https:\/\/blogg.svenskakyrkan.se\/vandravagen\/files\/2023\/05\/Ulr_logo_RGB.png","width":205,"height":77,"caption":"ulricehamns pastorat"},"image":{"@id":"https:\/\/blogg.svenskakyrkan.se\/vandravagen\/#\/schema\/logo\/image\/"},"sameAs":["http:\/\/facebook.com\/vandravagen","https:\/\/x.com\/fadertomas","http:\/\/www.facebook.com\/svenskakyrkaniulricehamn"]},{"@type":"Person","@id":"https:\/\/blogg.svenskakyrkan.se\/vandravagen\/#\/schema\/person\/25da02d4f76b137d04291711e2c9fc16","name":"Tomas Jarvid","image":{"@type":"ImageObject","inLanguage":"sv-SE","@id":"https:\/\/blogg.svenskakyrkan.se\/vandravagen\/#\/schema\/person\/image\/","url":"https:\/\/secure.gravatar.com\/avatar\/7fa71899795e8f540f615a1f5ab25255dc27aa40f05ee7ddd21aac521e01bf50?s=96&d=identicon&r=g","contentUrl":"https:\/\/secure.gravatar.com\/avatar\/7fa71899795e8f540f615a1f5ab25255dc27aa40f05ee7ddd21aac521e01bf50?s=96&d=identicon&r=g","caption":"Tomas Jarvid"},"description":"Jag bor i Ulricehamn i V\u00e4sterg\u00f6tland och \u00e4r f\u00f6rsamlingspr\u00e4st i Svenska Kyrkan f\u00f6r Dalstorps f\u00f6rsamling i Kinds pastorat. P\u00e5 den h\u00e4r bloggen skriver jag ner tankar om vandringen som kristen.","sameAs":["http:\/\/www.vandravagen.se"],"url":"https:\/\/blogg.svenskakyrkan.se\/vandravagen\/author\/vandravagen\/"}]}},"author_meta":{"ID":"392","user_nicename":"vandravagen","user_url":"http:\/\/www.vandravagen.se","user_registered":"2014-05-19 05:44:52","display_name":"Tomas Jarvid","first_name":"Tomas","last_name":"Jarvid","avatar":"https:\/\/secure.gravatar.com\/avatar\/7fa71899795e8f540f615a1f5ab25255dc27aa40f05ee7ddd21aac521e01bf50?s=96&d=identicon&r=g"},"featured_image":["https:\/\/blogg.svenskakyrkan.se\/vandravagen\/files\/2023\/05\/ballong-1024x1365.jpg",1024,1365,true],"bloginfo":{"name":"Vandra V\u00e4gen","url":"https:\/\/blogg.svenskakyrkan.se\/vandravagen"},"_links":{"self":[{"href":"https:\/\/blogg.svenskakyrkan.se\/vandravagen\/wp-json\/wp\/v2\/posts\/9377","targetHints":{"allow":["GET"]}}],"collection":[{"href":"https:\/\/blogg.svenskakyrkan.se\/vandravagen\/wp-json\/wp\/v2\/posts"}],"about":[{"href":"https:\/\/blogg.svenskakyrkan.se\/vandravagen\/wp-json\/wp\/v2\/types\/post"}],"author":[{"embeddable":true,"href":"https:\/\/blogg.svenskakyrkan.se\/vandravagen\/wp-json\/wp\/v2\/users\/392"}],"replies":[{"embeddable":true,"href":"https:\/\/blogg.svenskakyrkan.se\/vandravagen\/wp-json\/wp\/v2\/comments?post=9377"}],"version-history":[{"count":1,"href":"https:\/\/blogg.svenskakyrkan.se\/vandravagen\/wp-json\/wp\/v2\/posts\/9377\/revisions"}],"predecessor-version":[{"id":9379,"href":"https:\/\/blogg.svenskakyrkan.se\/vandravagen\/wp-json\/wp\/v2\/posts\/9377\/revisions\/9379"}],"wp:featuredmedia":[{"embeddable":true,"href":"https:\/\/blogg.svenskakyrkan.se\/vandravagen\/wp-json\/wp\/v2\/media\/9378"}],"wp:attachment":[{"href":"https:\/\/blogg.svenskakyrkan.se\/vandravagen\/wp-json\/wp\/v2\/media?parent=9377"}],"wp:term":[{"taxonomy":"category","embeddable":true,"href":"https:\/\/blogg.svenskakyrkan.se\/vandravagen\/wp-json\/wp\/v2\/categories?post=9377"},{"taxonomy":"post_tag","embeddable":true,"href":"https:\/\/blogg.svenskakyrkan.se\/vandravagen\/wp-json\/wp\/v2\/tags?post=9377"}],"curies":[{"name":"wp","href":"https:\/\/api.w.org\/{rel}","templated":true}]}}