{"id":9386,"date":"2023-05-17T15:46:25","date_gmt":"2023-05-17T13:46:25","guid":{"rendered":"https:\/\/blogg.svenskakyrkan.se\/vandravagen\/?p=9386"},"modified":"2023-05-17T15:46:26","modified_gmt":"2023-05-17T13:46:26","slug":"en-prast-laser-oceanus-vaktare","status":"publish","type":"post","link":"https:\/\/blogg.svenskakyrkan.se\/vandravagen\/2023\/05\/17\/en-prast-laser-oceanus-vaktare\/","title":{"rendered":"En pr\u00e4st l\u00e4ser &#8221;Oceanus v\u00e4ktare&#8221;"},"content":{"rendered":"\n\n\n<figure class=\"wp-block-image size-large\"><img loading=\"lazy\" decoding=\"async\" width=\"1024\" height=\"1365\" src=\"https:\/\/blogg.svenskakyrkan.se\/vandravagen\/files\/2023\/05\/IMG_2314-1024x1365.jpg\" alt=\"Bokrecension av Oceanus v\u00e4ktare av Mattias L\u00f6nnebo.\" class=\"wp-image-9395\" srcset=\"https:\/\/blogg.svenskakyrkan.se\/vandravagen\/files\/2023\/05\/IMG_2314-1024x1365.jpg 1024w, https:\/\/blogg.svenskakyrkan.se\/vandravagen\/files\/2023\/05\/IMG_2314-300x400.jpg 300w, https:\/\/blogg.svenskakyrkan.se\/vandravagen\/files\/2023\/05\/IMG_2314-768x1024.jpg 768w, https:\/\/blogg.svenskakyrkan.se\/vandravagen\/files\/2023\/05\/IMG_2314-1152x1536.jpg 1152w, https:\/\/blogg.svenskakyrkan.se\/vandravagen\/files\/2023\/05\/IMG_2314-1536x2048.jpg 1536w, https:\/\/blogg.svenskakyrkan.se\/vandravagen\/files\/2023\/05\/IMG_2314-1200x1600.jpg 1200w, https:\/\/blogg.svenskakyrkan.se\/vandravagen\/files\/2023\/05\/IMG_2314-scaled.jpg 1920w\" sizes=\"auto, (max-width: 1024px) 100vw, 1024px\" \/><figcaption class=\"wp-element-caption\">Oceanus v\u00e4ktare av Mattias L\u00f6nnebo.<\/figcaption><\/figure>\n\n\n\n<h2 class=\"wp-block-heading\"><mark class=\"has-inline-color has-primary-color\">Oceanus v\u00e4ktare av Mattias L\u00f6nnebo<\/mark><\/h2>\n\n\n\n<p>Jag har f\u00f6ljt Mattias L\u00f6nnebos f\u00f6rfattarskap l\u00e4nge och oftast l\u00e4st hans b\u00f6cker h\u00f6gt f\u00f6r min fru. Det \u00e4r barn och ungdomsb\u00f6cker han skriver men jag tycker det g\u00e5r bra \u00e4ven f\u00f6r oss att ha mycket beh\u00e5llning av dem. Jag har till exempel skrivit h\u00e4r om &#8221;<a href=\"https:\/\/blogg.svenskakyrkan.se\/vandravagen\/2017\/02\/21\/dromfangarna-av-mattias-lonnebo\/\">Dr\u00f6mf\u00e5ngarna<\/a>&#8221; och &#8221;<a href=\"https:\/\/blogg.svenskakyrkan.se\/vandravagen\/2014\/02\/13\/genom-skuggornas-dal-av-mattias-lonnebo\/\">Genom skuggornas dal<\/a>&#8221;.<\/p>\n\n\n\n<p>Senast i raden \u00e4r <a href=\"https:\/\/www.adlibris.com\/se\/bok\/oceanus-vaktare-9789176343456\">boken &#8221;Oceanus v\u00e4ktare<\/a>&#8221;. Det \u00e4r en Science Fictionhistoria som utspelar sig i jordens framtid. Det \u00e4r inte n\u00e5gon v\u00e4ldigt ljus framtid. Det verkar som att tillst\u00e5ndet p\u00e5 planeten stabiliserats efter den stora klimatkatastrofen och utrotningen av v\u00e4xt och djurarter men m\u00e4nniskorna lever ocks\u00e5 med sorgen och saknaden efter det som g\u00e5tt f\u00f6rlorat.<\/p>\n\n\n\n<p>Oceanus \u00e4r en nyuppt\u00e4ckt planet d\u00e4r det finns liv och m\u00e4nniskornas giriga blickar har riktats dit i jakt p\u00e5 nya naturresurser. Vi f\u00e5r f\u00f6lja n\u00e5gra barn som kommer att hamna i ett l\u00e4ge d\u00e4r de kan f\u00f6rsvara den nya planeten.<\/p>\n\n\n\n<p>Jag kom flera g\u00e5nger under l\u00e4sningen att t\u00e4nka p\u00e5 CS Lewis science fictionb\u00f6cker om &#8221;<a href=\"https:\/\/www.adlibris.com\/se\/bok\/utflykt-fran-tyst-planet-9789173879798\">utflykt fr\u00e5n tyst planet<\/a>&#8221; och &#8221;<a href=\"https:\/\/www.adlibris.com\/se\/bok\/perelandra-9789173879804\">Perelandra<\/a>&#8221; som jag tycker v\u00e4ldigt mycket om. Jag kan inte t\u00e4nka mig annat \u00e4n att Mattias L\u00f6nnebo ocks\u00e5 l\u00e4st dem. Den f\u00f6renande l\u00e4nken \u00e4r funderingen p\u00e5 hur Guds n\u00e4rvaro ser ut p\u00e5 andra v\u00e4rldar \u00e4n v\u00e5r. D\u00e4r det kanske inte skett n\u00e5got syndafall utan skapelsen \u00e4r i harmoni. <\/p>\n\n\n\n<p>Man f\u00e5r ocks\u00e5 fundera mycket \u00f6ver v\u00e5rt ansvar f\u00f6r planeten vi bor p\u00e5 och att det trots allt fortfarande g\u00e5r att r\u00e4dda mycket om m\u00e4nskligheten klarar att h\u00f6ja blicken fr\u00e5n sin girighet.<\/p>\n\n\n\n<p>Jag rekommenderar g\u00e4rna som vanligt Mattias L\u00f6nnebos bok. Bra f\u00f6r barn och vuxna.<\/p>\n","protected":false},"excerpt":{"rendered":"<p>Oceanus v\u00e4ktare av Mattias L\u00f6nnebo Jag har f\u00f6ljt Mattias L\u00f6nnebos f\u00f6rfattarskap l\u00e4nge och oftast l\u00e4st hans b\u00f6cker h\u00f6gt f\u00f6r min fru. Det \u00e4r barn och ungdomsb\u00f6cker han skriver men jag tycker det g\u00e5r bra \u00e4ven f\u00f6r oss att ha mycket beh\u00e5llning av dem. Jag har till exempel skrivit h\u00e4r om &#8221;Dr\u00f6mf\u00e5ngarna&#8221; och &#8221;Genom skuggornas dal&#8221;. [&hellip;]<\/p>\n","protected":false},"author":392,"featured_media":9395,"comment_status":"open","ping_status":"open","sticky":false,"template":"","format":"standard","meta":{"_acf_changed":false,"footnotes":""},"categories":[33559,8253,42374],"tags":[83910,83995,83879,84204,83923,84203,83922],"class_list":["post-9386","post","type-post","status-publish","format-standard","has-post-thumbnail","hentry","category-berattelser","category-bocker","category-boktips","tag-bok","tag-boktips","tag-kristen-tro","tag-mattias-lonnebo","tag-naturen","tag-science-fiction","tag-skapelsen"],"acf":[],"yoast_head":"<!-- This site is optimized with the Yoast SEO plugin v27.1.1 - https:\/\/yoast.com\/product\/yoast-seo-wordpress\/ -->\n<title>En pr\u00e4st l\u00e4ser &quot;Oceanus v\u00e4ktare&quot; - Vandra V\u00e4gen<\/title>\n<meta name=\"description\" content=\"Tomas Jarvid recenserar barn och ungdomsboken Oceanus v\u00e4ktare av Mattias L\u00f6nnebo. Och funderar \u00f6ver en kristen syn p\u00e5 skapelsen.\" \/>\n<meta name=\"robots\" content=\"index, follow, max-snippet:-1, max-image-preview:large, max-video-preview:-1\" \/>\n<link rel=\"canonical\" href=\"https:\/\/blogg.svenskakyrkan.se\/vandravagen\/2023\/05\/17\/en-prast-laser-oceanus-vaktare\/\" \/>\n<meta property=\"og:locale\" content=\"sv_SE\" \/>\n<meta property=\"og:type\" content=\"article\" \/>\n<meta property=\"og:title\" content=\"En pr\u00e4st l\u00e4ser &quot;Oceanus v\u00e4ktare&quot; - Vandra V\u00e4gen\" \/>\n<meta property=\"og:description\" content=\"Tomas Jarvid recenserar barn och ungdomsboken Oceanus v\u00e4ktare av Mattias L\u00f6nnebo. Och funderar \u00f6ver en kristen syn p\u00e5 skapelsen.\" \/>\n<meta property=\"og:url\" content=\"https:\/\/blogg.svenskakyrkan.se\/vandravagen\/2023\/05\/17\/en-prast-laser-oceanus-vaktare\/\" \/>\n<meta property=\"og:site_name\" content=\"Vandra V\u00e4gen\" \/>\n<meta property=\"article:publisher\" content=\"http:\/\/facebook.com\/vandravagen\" \/>\n<meta property=\"article:published_time\" content=\"2023-05-17T13:46:25+00:00\" \/>\n<meta property=\"article:modified_time\" content=\"2023-05-17T13:46:26+00:00\" \/>\n<meta property=\"og:image\" content=\"http:\/\/blogg.svenskakyrkan.se\/vandravagen\/files\/2023\/05\/IMG_2314-scaled.jpg\" \/>\n\t<meta property=\"og:image:width\" content=\"1920\" \/>\n\t<meta property=\"og:image:height\" content=\"2560\" \/>\n\t<meta property=\"og:image:type\" content=\"image\/jpeg\" \/>\n<meta name=\"author\" content=\"Tomas Jarvid\" \/>\n<meta name=\"twitter:card\" content=\"summary_large_image\" \/>\n<meta name=\"twitter:creator\" content=\"@fadertomas\" \/>\n<meta name=\"twitter:site\" content=\"@fadertomas\" \/>\n<meta name=\"twitter:label1\" content=\"Skriven av\" \/>\n\t<meta name=\"twitter:data1\" content=\"Tomas Jarvid\" \/>\n\t<meta name=\"twitter:label2\" content=\"Ber\u00e4knad l\u00e4stid\" \/>\n\t<meta name=\"twitter:data2\" content=\"2 minuter\" \/>\n<script type=\"application\/ld+json\" class=\"yoast-schema-graph\">{\"@context\":\"https:\/\/schema.org\",\"@graph\":[{\"@type\":\"Article\",\"@id\":\"https:\/\/blogg.svenskakyrkan.se\/vandravagen\/2023\/05\/17\/en-prast-laser-oceanus-vaktare\/#article\",\"isPartOf\":{\"@id\":\"https:\/\/blogg.svenskakyrkan.se\/vandravagen\/2023\/05\/17\/en-prast-laser-oceanus-vaktare\/\"},\"author\":{\"name\":\"Tomas Jarvid\",\"@id\":\"https:\/\/blogg.svenskakyrkan.se\/vandravagen\/#\/schema\/person\/25da02d4f76b137d04291711e2c9fc16\"},\"headline\":\"En pr\u00e4st l\u00e4ser &#8221;Oceanus v\u00e4ktare&#8221;\",\"datePublished\":\"2023-05-17T13:46:25+00:00\",\"dateModified\":\"2023-05-17T13:46:26+00:00\",\"mainEntityOfPage\":{\"@id\":\"https:\/\/blogg.svenskakyrkan.se\/vandravagen\/2023\/05\/17\/en-prast-laser-oceanus-vaktare\/\"},\"wordCount\":339,\"commentCount\":0,\"publisher\":{\"@id\":\"https:\/\/blogg.svenskakyrkan.se\/vandravagen\/#organization\"},\"image\":{\"@id\":\"https:\/\/blogg.svenskakyrkan.se\/vandravagen\/2023\/05\/17\/en-prast-laser-oceanus-vaktare\/#primaryimage\"},\"thumbnailUrl\":\"https:\/\/blogg.svenskakyrkan.se\/vandravagen\/files\/2023\/05\/IMG_2314-scaled.jpg\",\"keywords\":[\"bok\",\"boktips\",\"kristen tro\",\"mattias l\u00f6nnebo\",\"naturen\",\"science fiction\",\"skapelsen\"],\"articleSection\":[\"ber\u00e4ttelser\",\"b\u00f6cker\",\"boktips\"],\"inLanguage\":\"sv-SE\",\"potentialAction\":[{\"@type\":\"CommentAction\",\"name\":\"Comment\",\"target\":[\"https:\/\/blogg.svenskakyrkan.se\/vandravagen\/2023\/05\/17\/en-prast-laser-oceanus-vaktare\/#respond\"]}]},{\"@type\":\"WebPage\",\"@id\":\"https:\/\/blogg.svenskakyrkan.se\/vandravagen\/2023\/05\/17\/en-prast-laser-oceanus-vaktare\/\",\"url\":\"https:\/\/blogg.svenskakyrkan.se\/vandravagen\/2023\/05\/17\/en-prast-laser-oceanus-vaktare\/\",\"name\":\"En pr\u00e4st l\u00e4ser \\\"Oceanus v\u00e4ktare\\\" - Vandra V\u00e4gen\",\"isPartOf\":{\"@id\":\"https:\/\/blogg.svenskakyrkan.se\/vandravagen\/#website\"},\"primaryImageOfPage\":{\"@id\":\"https:\/\/blogg.svenskakyrkan.se\/vandravagen\/2023\/05\/17\/en-prast-laser-oceanus-vaktare\/#primaryimage\"},\"image\":{\"@id\":\"https:\/\/blogg.svenskakyrkan.se\/vandravagen\/2023\/05\/17\/en-prast-laser-oceanus-vaktare\/#primaryimage\"},\"thumbnailUrl\":\"https:\/\/blogg.svenskakyrkan.se\/vandravagen\/files\/2023\/05\/IMG_2314-scaled.jpg\",\"datePublished\":\"2023-05-17T13:46:25+00:00\",\"dateModified\":\"2023-05-17T13:46:26+00:00\",\"description\":\"Tomas Jarvid recenserar barn och ungdomsboken Oceanus v\u00e4ktare av Mattias L\u00f6nnebo. Och funderar \u00f6ver en kristen syn p\u00e5 skapelsen.\",\"breadcrumb\":{\"@id\":\"https:\/\/blogg.svenskakyrkan.se\/vandravagen\/2023\/05\/17\/en-prast-laser-oceanus-vaktare\/#breadcrumb\"},\"inLanguage\":\"sv-SE\",\"potentialAction\":[{\"@type\":\"ReadAction\",\"target\":[\"https:\/\/blogg.svenskakyrkan.se\/vandravagen\/2023\/05\/17\/en-prast-laser-oceanus-vaktare\/\"]}]},{\"@type\":\"ImageObject\",\"inLanguage\":\"sv-SE\",\"@id\":\"https:\/\/blogg.svenskakyrkan.se\/vandravagen\/2023\/05\/17\/en-prast-laser-oceanus-vaktare\/#primaryimage\",\"url\":\"https:\/\/blogg.svenskakyrkan.se\/vandravagen\/files\/2023\/05\/IMG_2314-scaled.jpg\",\"contentUrl\":\"https:\/\/blogg.svenskakyrkan.se\/vandravagen\/files\/2023\/05\/IMG_2314-scaled.jpg\",\"width\":1920,\"height\":2560},{\"@type\":\"BreadcrumbList\",\"@id\":\"https:\/\/blogg.svenskakyrkan.se\/vandravagen\/2023\/05\/17\/en-prast-laser-oceanus-vaktare\/#breadcrumb\",\"itemListElement\":[{\"@type\":\"ListItem\",\"position\":1,\"name\":\"Hem\",\"item\":\"https:\/\/blogg.svenskakyrkan.se\/vandravagen\/\"},{\"@type\":\"ListItem\",\"position\":2,\"name\":\"bok\",\"item\":\"https:\/\/blogg.svenskakyrkan.se\/vandravagen\/tag\/bok\/\"},{\"@type\":\"ListItem\",\"position\":3,\"name\":\"En pr\u00e4st l\u00e4ser &#8221;Oceanus v\u00e4ktare&#8221;\"}]},{\"@type\":\"WebSite\",\"@id\":\"https:\/\/blogg.svenskakyrkan.se\/vandravagen\/#website\",\"url\":\"https:\/\/blogg.svenskakyrkan.se\/vandravagen\/\",\"name\":\"Vandra V\u00e4gen\",\"description\":\"-Mot en tro f\u00f6r hela livet\",\"publisher\":{\"@id\":\"https:\/\/blogg.svenskakyrkan.se\/vandravagen\/#organization\"},\"potentialAction\":[{\"@type\":\"SearchAction\",\"target\":{\"@type\":\"EntryPoint\",\"urlTemplate\":\"https:\/\/blogg.svenskakyrkan.se\/vandravagen\/?s={search_term_string}\"},\"query-input\":{\"@type\":\"PropertyValueSpecification\",\"valueRequired\":true,\"valueName\":\"search_term_string\"}}],\"inLanguage\":\"sv-SE\"},{\"@type\":\"Organization\",\"@id\":\"https:\/\/blogg.svenskakyrkan.se\/vandravagen\/#organization\",\"name\":\"ulricehamns pastorat\",\"alternateName\":\"ulricehamns pastorat\",\"url\":\"https:\/\/blogg.svenskakyrkan.se\/vandravagen\/\",\"logo\":{\"@type\":\"ImageObject\",\"inLanguage\":\"sv-SE\",\"@id\":\"https:\/\/blogg.svenskakyrkan.se\/vandravagen\/#\/schema\/logo\/image\/\",\"url\":\"https:\/\/blogg.svenskakyrkan.se\/vandravagen\/files\/2023\/05\/Ulr_logo_RGB.png\",\"contentUrl\":\"https:\/\/blogg.svenskakyrkan.se\/vandravagen\/files\/2023\/05\/Ulr_logo_RGB.png\",\"width\":205,\"height\":77,\"caption\":\"ulricehamns pastorat\"},\"image\":{\"@id\":\"https:\/\/blogg.svenskakyrkan.se\/vandravagen\/#\/schema\/logo\/image\/\"},\"sameAs\":[\"http:\/\/facebook.com\/vandravagen\",\"https:\/\/x.com\/fadertomas\",\"http:\/\/www.facebook.com\/svenskakyrkaniulricehamn\"]},{\"@type\":\"Person\",\"@id\":\"https:\/\/blogg.svenskakyrkan.se\/vandravagen\/#\/schema\/person\/25da02d4f76b137d04291711e2c9fc16\",\"name\":\"Tomas Jarvid\",\"image\":{\"@type\":\"ImageObject\",\"inLanguage\":\"sv-SE\",\"@id\":\"https:\/\/blogg.svenskakyrkan.se\/vandravagen\/#\/schema\/person\/image\/\",\"url\":\"https:\/\/secure.gravatar.com\/avatar\/7fa71899795e8f540f615a1f5ab25255dc27aa40f05ee7ddd21aac521e01bf50?s=96&d=identicon&r=g\",\"contentUrl\":\"https:\/\/secure.gravatar.com\/avatar\/7fa71899795e8f540f615a1f5ab25255dc27aa40f05ee7ddd21aac521e01bf50?s=96&d=identicon&r=g\",\"caption\":\"Tomas Jarvid\"},\"description\":\"Jag bor i Ulricehamn i V\u00e4sterg\u00f6tland och \u00e4r f\u00f6rsamlingspr\u00e4st i Svenska Kyrkan f\u00f6r Dalstorps f\u00f6rsamling i Kinds pastorat. P\u00e5 den h\u00e4r bloggen skriver jag ner tankar om vandringen som kristen.\",\"sameAs\":[\"http:\/\/www.vandravagen.se\"],\"url\":\"https:\/\/blogg.svenskakyrkan.se\/vandravagen\/author\/vandravagen\/\"}]}<\/script>\n<!-- \/ Yoast SEO plugin. -->","yoast_head_json":{"title":"En pr\u00e4st l\u00e4ser \"Oceanus v\u00e4ktare\" - Vandra V\u00e4gen","description":"Tomas Jarvid recenserar barn och ungdomsboken Oceanus v\u00e4ktare av Mattias L\u00f6nnebo. Och funderar \u00f6ver en kristen syn p\u00e5 skapelsen.","robots":{"index":"index","follow":"follow","max-snippet":"max-snippet:-1","max-image-preview":"max-image-preview:large","max-video-preview":"max-video-preview:-1"},"canonical":"https:\/\/blogg.svenskakyrkan.se\/vandravagen\/2023\/05\/17\/en-prast-laser-oceanus-vaktare\/","og_locale":"sv_SE","og_type":"article","og_title":"En pr\u00e4st l\u00e4ser \"Oceanus v\u00e4ktare\" - Vandra V\u00e4gen","og_description":"Tomas Jarvid recenserar barn och ungdomsboken Oceanus v\u00e4ktare av Mattias L\u00f6nnebo. Och funderar \u00f6ver en kristen syn p\u00e5 skapelsen.","og_url":"https:\/\/blogg.svenskakyrkan.se\/vandravagen\/2023\/05\/17\/en-prast-laser-oceanus-vaktare\/","og_site_name":"Vandra V\u00e4gen","article_publisher":"http:\/\/facebook.com\/vandravagen","article_published_time":"2023-05-17T13:46:25+00:00","article_modified_time":"2023-05-17T13:46:26+00:00","og_image":[{"width":1920,"height":2560,"url":"http:\/\/blogg.svenskakyrkan.se\/vandravagen\/files\/2023\/05\/IMG_2314-scaled.jpg","type":"image\/jpeg"}],"author":"Tomas Jarvid","twitter_card":"summary_large_image","twitter_creator":"@fadertomas","twitter_site":"@fadertomas","twitter_misc":{"Skriven av":"Tomas Jarvid","Ber\u00e4knad l\u00e4stid":"2 minuter"},"schema":{"@context":"https:\/\/schema.org","@graph":[{"@type":"Article","@id":"https:\/\/blogg.svenskakyrkan.se\/vandravagen\/2023\/05\/17\/en-prast-laser-oceanus-vaktare\/#article","isPartOf":{"@id":"https:\/\/blogg.svenskakyrkan.se\/vandravagen\/2023\/05\/17\/en-prast-laser-oceanus-vaktare\/"},"author":{"name":"Tomas Jarvid","@id":"https:\/\/blogg.svenskakyrkan.se\/vandravagen\/#\/schema\/person\/25da02d4f76b137d04291711e2c9fc16"},"headline":"En pr\u00e4st l\u00e4ser &#8221;Oceanus v\u00e4ktare&#8221;","datePublished":"2023-05-17T13:46:25+00:00","dateModified":"2023-05-17T13:46:26+00:00","mainEntityOfPage":{"@id":"https:\/\/blogg.svenskakyrkan.se\/vandravagen\/2023\/05\/17\/en-prast-laser-oceanus-vaktare\/"},"wordCount":339,"commentCount":0,"publisher":{"@id":"https:\/\/blogg.svenskakyrkan.se\/vandravagen\/#organization"},"image":{"@id":"https:\/\/blogg.svenskakyrkan.se\/vandravagen\/2023\/05\/17\/en-prast-laser-oceanus-vaktare\/#primaryimage"},"thumbnailUrl":"https:\/\/blogg.svenskakyrkan.se\/vandravagen\/files\/2023\/05\/IMG_2314-scaled.jpg","keywords":["bok","boktips","kristen tro","mattias l\u00f6nnebo","naturen","science fiction","skapelsen"],"articleSection":["ber\u00e4ttelser","b\u00f6cker","boktips"],"inLanguage":"sv-SE","potentialAction":[{"@type":"CommentAction","name":"Comment","target":["https:\/\/blogg.svenskakyrkan.se\/vandravagen\/2023\/05\/17\/en-prast-laser-oceanus-vaktare\/#respond"]}]},{"@type":"WebPage","@id":"https:\/\/blogg.svenskakyrkan.se\/vandravagen\/2023\/05\/17\/en-prast-laser-oceanus-vaktare\/","url":"https:\/\/blogg.svenskakyrkan.se\/vandravagen\/2023\/05\/17\/en-prast-laser-oceanus-vaktare\/","name":"En pr\u00e4st l\u00e4ser \"Oceanus v\u00e4ktare\" - Vandra V\u00e4gen","isPartOf":{"@id":"https:\/\/blogg.svenskakyrkan.se\/vandravagen\/#website"},"primaryImageOfPage":{"@id":"https:\/\/blogg.svenskakyrkan.se\/vandravagen\/2023\/05\/17\/en-prast-laser-oceanus-vaktare\/#primaryimage"},"image":{"@id":"https:\/\/blogg.svenskakyrkan.se\/vandravagen\/2023\/05\/17\/en-prast-laser-oceanus-vaktare\/#primaryimage"},"thumbnailUrl":"https:\/\/blogg.svenskakyrkan.se\/vandravagen\/files\/2023\/05\/IMG_2314-scaled.jpg","datePublished":"2023-05-17T13:46:25+00:00","dateModified":"2023-05-17T13:46:26+00:00","description":"Tomas Jarvid recenserar barn och ungdomsboken Oceanus v\u00e4ktare av Mattias L\u00f6nnebo. Och funderar \u00f6ver en kristen syn p\u00e5 skapelsen.","breadcrumb":{"@id":"https:\/\/blogg.svenskakyrkan.se\/vandravagen\/2023\/05\/17\/en-prast-laser-oceanus-vaktare\/#breadcrumb"},"inLanguage":"sv-SE","potentialAction":[{"@type":"ReadAction","target":["https:\/\/blogg.svenskakyrkan.se\/vandravagen\/2023\/05\/17\/en-prast-laser-oceanus-vaktare\/"]}]},{"@type":"ImageObject","inLanguage":"sv-SE","@id":"https:\/\/blogg.svenskakyrkan.se\/vandravagen\/2023\/05\/17\/en-prast-laser-oceanus-vaktare\/#primaryimage","url":"https:\/\/blogg.svenskakyrkan.se\/vandravagen\/files\/2023\/05\/IMG_2314-scaled.jpg","contentUrl":"https:\/\/blogg.svenskakyrkan.se\/vandravagen\/files\/2023\/05\/IMG_2314-scaled.jpg","width":1920,"height":2560},{"@type":"BreadcrumbList","@id":"https:\/\/blogg.svenskakyrkan.se\/vandravagen\/2023\/05\/17\/en-prast-laser-oceanus-vaktare\/#breadcrumb","itemListElement":[{"@type":"ListItem","position":1,"name":"Hem","item":"https:\/\/blogg.svenskakyrkan.se\/vandravagen\/"},{"@type":"ListItem","position":2,"name":"bok","item":"https:\/\/blogg.svenskakyrkan.se\/vandravagen\/tag\/bok\/"},{"@type":"ListItem","position":3,"name":"En pr\u00e4st l\u00e4ser &#8221;Oceanus v\u00e4ktare&#8221;"}]},{"@type":"WebSite","@id":"https:\/\/blogg.svenskakyrkan.se\/vandravagen\/#website","url":"https:\/\/blogg.svenskakyrkan.se\/vandravagen\/","name":"Vandra V\u00e4gen","description":"-Mot en tro f\u00f6r hela livet","publisher":{"@id":"https:\/\/blogg.svenskakyrkan.se\/vandravagen\/#organization"},"potentialAction":[{"@type":"SearchAction","target":{"@type":"EntryPoint","urlTemplate":"https:\/\/blogg.svenskakyrkan.se\/vandravagen\/?s={search_term_string}"},"query-input":{"@type":"PropertyValueSpecification","valueRequired":true,"valueName":"search_term_string"}}],"inLanguage":"sv-SE"},{"@type":"Organization","@id":"https:\/\/blogg.svenskakyrkan.se\/vandravagen\/#organization","name":"ulricehamns pastorat","alternateName":"ulricehamns pastorat","url":"https:\/\/blogg.svenskakyrkan.se\/vandravagen\/","logo":{"@type":"ImageObject","inLanguage":"sv-SE","@id":"https:\/\/blogg.svenskakyrkan.se\/vandravagen\/#\/schema\/logo\/image\/","url":"https:\/\/blogg.svenskakyrkan.se\/vandravagen\/files\/2023\/05\/Ulr_logo_RGB.png","contentUrl":"https:\/\/blogg.svenskakyrkan.se\/vandravagen\/files\/2023\/05\/Ulr_logo_RGB.png","width":205,"height":77,"caption":"ulricehamns pastorat"},"image":{"@id":"https:\/\/blogg.svenskakyrkan.se\/vandravagen\/#\/schema\/logo\/image\/"},"sameAs":["http:\/\/facebook.com\/vandravagen","https:\/\/x.com\/fadertomas","http:\/\/www.facebook.com\/svenskakyrkaniulricehamn"]},{"@type":"Person","@id":"https:\/\/blogg.svenskakyrkan.se\/vandravagen\/#\/schema\/person\/25da02d4f76b137d04291711e2c9fc16","name":"Tomas Jarvid","image":{"@type":"ImageObject","inLanguage":"sv-SE","@id":"https:\/\/blogg.svenskakyrkan.se\/vandravagen\/#\/schema\/person\/image\/","url":"https:\/\/secure.gravatar.com\/avatar\/7fa71899795e8f540f615a1f5ab25255dc27aa40f05ee7ddd21aac521e01bf50?s=96&d=identicon&r=g","contentUrl":"https:\/\/secure.gravatar.com\/avatar\/7fa71899795e8f540f615a1f5ab25255dc27aa40f05ee7ddd21aac521e01bf50?s=96&d=identicon&r=g","caption":"Tomas Jarvid"},"description":"Jag bor i Ulricehamn i V\u00e4sterg\u00f6tland och \u00e4r f\u00f6rsamlingspr\u00e4st i Svenska Kyrkan f\u00f6r Dalstorps f\u00f6rsamling i Kinds pastorat. P\u00e5 den h\u00e4r bloggen skriver jag ner tankar om vandringen som kristen.","sameAs":["http:\/\/www.vandravagen.se"],"url":"https:\/\/blogg.svenskakyrkan.se\/vandravagen\/author\/vandravagen\/"}]}},"author_meta":{"ID":"392","user_nicename":"vandravagen","user_url":"http:\/\/www.vandravagen.se","user_registered":"2014-05-19 05:44:52","display_name":"Tomas Jarvid","first_name":"Tomas","last_name":"Jarvid","avatar":"https:\/\/secure.gravatar.com\/avatar\/7fa71899795e8f540f615a1f5ab25255dc27aa40f05ee7ddd21aac521e01bf50?s=96&d=identicon&r=g"},"featured_image":["https:\/\/blogg.svenskakyrkan.se\/vandravagen\/files\/2023\/05\/IMG_2314-1024x1365.jpg",1024,1365,true],"bloginfo":{"name":"Vandra V\u00e4gen","url":"https:\/\/blogg.svenskakyrkan.se\/vandravagen"},"_links":{"self":[{"href":"https:\/\/blogg.svenskakyrkan.se\/vandravagen\/wp-json\/wp\/v2\/posts\/9386","targetHints":{"allow":["GET"]}}],"collection":[{"href":"https:\/\/blogg.svenskakyrkan.se\/vandravagen\/wp-json\/wp\/v2\/posts"}],"about":[{"href":"https:\/\/blogg.svenskakyrkan.se\/vandravagen\/wp-json\/wp\/v2\/types\/post"}],"author":[{"embeddable":true,"href":"https:\/\/blogg.svenskakyrkan.se\/vandravagen\/wp-json\/wp\/v2\/users\/392"}],"replies":[{"embeddable":true,"href":"https:\/\/blogg.svenskakyrkan.se\/vandravagen\/wp-json\/wp\/v2\/comments?post=9386"}],"version-history":[{"count":1,"href":"https:\/\/blogg.svenskakyrkan.se\/vandravagen\/wp-json\/wp\/v2\/posts\/9386\/revisions"}],"predecessor-version":[{"id":9396,"href":"https:\/\/blogg.svenskakyrkan.se\/vandravagen\/wp-json\/wp\/v2\/posts\/9386\/revisions\/9396"}],"wp:featuredmedia":[{"embeddable":true,"href":"https:\/\/blogg.svenskakyrkan.se\/vandravagen\/wp-json\/wp\/v2\/media\/9395"}],"wp:attachment":[{"href":"https:\/\/blogg.svenskakyrkan.se\/vandravagen\/wp-json\/wp\/v2\/media?parent=9386"}],"wp:term":[{"taxonomy":"category","embeddable":true,"href":"https:\/\/blogg.svenskakyrkan.se\/vandravagen\/wp-json\/wp\/v2\/categories?post=9386"},{"taxonomy":"post_tag","embeddable":true,"href":"https:\/\/blogg.svenskakyrkan.se\/vandravagen\/wp-json\/wp\/v2\/tags?post=9386"}],"curies":[{"name":"wp","href":"https:\/\/api.w.org\/{rel}","templated":true}]}}