{"id":9387,"date":"2023-05-15T07:00:00","date_gmt":"2023-05-15T05:00:00","guid":{"rendered":"https:\/\/blogg.svenskakyrkan.se\/vandravagen\/?p=9387"},"modified":"2023-05-14T21:49:35","modified_gmt":"2023-05-14T19:49:35","slug":"8-blandade-tankar-pa-mandagen-11","status":"publish","type":"post","link":"https:\/\/blogg.svenskakyrkan.se\/vandravagen\/2023\/05\/15\/8-blandade-tankar-pa-mandagen-11\/","title":{"rendered":"8 blandade tankar p\u00e5 m\u00e5ndagen"},"content":{"rendered":"\n\n\n<figure class=\"wp-block-image size-large\"><img loading=\"lazy\" decoding=\"async\" width=\"1024\" height=\"1187\" src=\"https:\/\/blogg.svenskakyrkan.se\/vandravagen\/files\/2023\/05\/lyra-1024x1187.jpg\" alt=\"\" class=\"wp-image-9388\" srcset=\"https:\/\/blogg.svenskakyrkan.se\/vandravagen\/files\/2023\/05\/lyra-1024x1187.jpg 1024w, https:\/\/blogg.svenskakyrkan.se\/vandravagen\/files\/2023\/05\/lyra-300x348.jpg 300w, https:\/\/blogg.svenskakyrkan.se\/vandravagen\/files\/2023\/05\/lyra-768x890.jpg 768w, https:\/\/blogg.svenskakyrkan.se\/vandravagen\/files\/2023\/05\/lyra-1200x1391.jpg 1200w, https:\/\/blogg.svenskakyrkan.se\/vandravagen\/files\/2023\/05\/lyra.jpg 1294w\" sizes=\"auto, (max-width: 1024px) 100vw, 1024px\" \/><figcaption class=\"wp-element-caption\">Kung David och hans lovs\u00e5ngsband<\/figcaption><\/figure>\n\n\n\n<ol class=\"wp-block-list\">\n<li>Glad m\u00e5ndag k\u00e4ra l\u00e4sare!<\/li>\n<\/ol>\n\n\n\n<p>2. Det blev inga blandade tankar p\u00e5 s\u00f6ndagen men idag \u00e4r vi ikapp. Ig\u00e5r var det b\u00f6ns\u00f6ndagen och jag predika och ledde m\u00e4ssan i Ulricehamns kyrka. Predikan kommer h\u00e4r imorgon eller s\u00e5.<\/p>\n\n\n\n<p>3. Det \u00e4r en ganska ny upplevelse f\u00f6r mig att leda gudstj\u00e4nst i Ulricehamns kyrka f\u00f6r det \u00e4r m\u00e5nga som \u00e4r engagerade och delaktiga i olika uppgifter. Nu var det ocks\u00e5 mycket fin k\u00f6rs\u00e5ng av barnk\u00f6rerna s\u00e5 lite extra mycket dessutom. N\u00e5got att v\u00e4xa in i f\u00f6r min del.<\/p>\n\n\n\n<p>4. Och dagen innan var jag och min fru p\u00e5 H\u00e4ndels Messias i samma kyrka med vuxenk\u00f6rer och musiker. Det var v\u00e4ldigt fint. Jag har aldrig h\u00f6rt hela verket innan. Hallelujak\u00f6ren \u00e4r f\u00f6rst\u00e5s den stora hiten men det var mycket annat som var fint ocks\u00e5. Sj\u00e4lv, lite teologiskadad som man \u00e4r, satt jag mycket och funderade \u00f6ver urvalet p\u00e5 bibeltexter H\u00e4ndel valt att tons\u00e4tta (en enda rad ur ett evangelie men desto mer Jesaja och psaltarpsalmer).<\/p>\n\n\n\n<p>5. B\u00e4sta textsnutten var kanske annars &#8221;great is the company of our preachers&#8221;. Det kunde vi ha som signaturmelodi till v\u00e5ra pr\u00e4stsamlingar fram\u00f6ver.<\/p>\n\n\n\n<p>6. Det g\u00e5r inte s\u00e5 fram\u00e5t med allt p\u00e5 rehab\u00f6vningarna. Jag har k\u00f6rt fast med en \u00f6vning som bara g\u00f6r ont och \u00e4r besv\u00e4rlig. Men p\u00e5 det stora hela \u00e4r jag r\u00e4tt habil numera.<\/p>\n\n\n\n<p>7. Ig\u00e5r var f\u00f6rresten familjen p\u00e5 tre olika gudstj\u00e4nster p\u00e5 f\u00f6rmiddagen. Jag i Uhamn, min fru i H\u00f6ssna och de \u00e4ldsta barnen p\u00e5 avslutande gudstj\u00e4nst p\u00e5 scouthajken. S\u00e5 kan det tydligen vara.<\/p>\n\n\n\n<p>8. Hur har du det just nu? Skriv en rad och ber\u00e4tta!<\/p>\n\n\n\n<p><\/p>\n\n\n\n<p><\/p>\n","protected":false},"excerpt":{"rendered":"<p>2. Det blev inga blandade tankar p\u00e5 s\u00f6ndagen men idag \u00e4r vi ikapp. Ig\u00e5r var det b\u00f6ns\u00f6ndagen och jag predika och ledde m\u00e4ssan i Ulricehamns kyrka. Predikan kommer h\u00e4r imorgon eller s\u00e5. 3. Det \u00e4r en ganska ny upplevelse f\u00f6r mig att leda gudstj\u00e4nst i Ulricehamns kyrka f\u00f6r det \u00e4r m\u00e5nga som \u00e4r engagerade och [&hellip;]<\/p>\n","protected":false},"author":392,"featured_media":9388,"comment_status":"open","ping_status":"open","sticky":false,"template":"","format":"standard","meta":{"_acf_changed":false,"footnotes":""},"categories":[9],"tags":[],"class_list":["post-9387","post","type-post","status-publish","format-standard","has-post-thumbnail","hentry","category-okategoriserade"],"acf":[],"yoast_head":"<!-- This site is optimized with the Yoast SEO plugin v27.1.1 - https:\/\/yoast.com\/product\/yoast-seo-wordpress\/ -->\n<title>8 blandade tankar p\u00e5 m\u00e5ndagen - Vandra V\u00e4gen<\/title>\n<meta name=\"robots\" content=\"index, follow, max-snippet:-1, max-image-preview:large, max-video-preview:-1\" \/>\n<link rel=\"canonical\" href=\"https:\/\/blogg.svenskakyrkan.se\/vandravagen\/2023\/05\/15\/8-blandade-tankar-pa-mandagen-11\/\" \/>\n<meta property=\"og:locale\" content=\"sv_SE\" \/>\n<meta property=\"og:type\" content=\"article\" \/>\n<meta property=\"og:title\" content=\"8 blandade tankar p\u00e5 m\u00e5ndagen - Vandra V\u00e4gen\" \/>\n<meta property=\"og:description\" content=\"2. Det blev inga blandade tankar p\u00e5 s\u00f6ndagen men idag \u00e4r vi ikapp. Ig\u00e5r var det b\u00f6ns\u00f6ndagen och jag predika och ledde m\u00e4ssan i Ulricehamns kyrka. Predikan kommer h\u00e4r imorgon eller s\u00e5. 3. Det \u00e4r en ganska ny upplevelse f\u00f6r mig att leda gudstj\u00e4nst i Ulricehamns kyrka f\u00f6r det \u00e4r m\u00e5nga som \u00e4r engagerade och [&hellip;]\" \/>\n<meta property=\"og:url\" content=\"https:\/\/blogg.svenskakyrkan.se\/vandravagen\/2023\/05\/15\/8-blandade-tankar-pa-mandagen-11\/\" \/>\n<meta property=\"og:site_name\" content=\"Vandra V\u00e4gen\" \/>\n<meta property=\"article:publisher\" content=\"http:\/\/facebook.com\/vandravagen\" \/>\n<meta property=\"article:published_time\" content=\"2023-05-15T05:00:00+00:00\" \/>\n<meta property=\"og:image\" content=\"https:\/\/blogg.svenskakyrkan.se\/vandravagen\/files\/2023\/05\/lyra.jpg\" \/>\n\t<meta property=\"og:image:width\" content=\"1294\" \/>\n\t<meta property=\"og:image:height\" content=\"1500\" \/>\n\t<meta property=\"og:image:type\" content=\"image\/jpeg\" \/>\n<meta name=\"author\" content=\"Tomas Jarvid\" \/>\n<meta name=\"twitter:card\" content=\"summary_large_image\" \/>\n<meta name=\"twitter:creator\" content=\"@fadertomas\" \/>\n<meta name=\"twitter:site\" content=\"@fadertomas\" \/>\n<meta name=\"twitter:label1\" content=\"Skriven av\" \/>\n\t<meta name=\"twitter:data1\" content=\"Tomas Jarvid\" \/>\n\t<meta name=\"twitter:label2\" content=\"Ber\u00e4knad l\u00e4stid\" \/>\n\t<meta name=\"twitter:data2\" content=\"2 minuter\" \/>\n<script type=\"application\/ld+json\" class=\"yoast-schema-graph\">{\"@context\":\"https:\/\/schema.org\",\"@graph\":[{\"@type\":\"Article\",\"@id\":\"https:\/\/blogg.svenskakyrkan.se\/vandravagen\/2023\/05\/15\/8-blandade-tankar-pa-mandagen-11\/#article\",\"isPartOf\":{\"@id\":\"https:\/\/blogg.svenskakyrkan.se\/vandravagen\/2023\/05\/15\/8-blandade-tankar-pa-mandagen-11\/\"},\"author\":{\"name\":\"Tomas Jarvid\",\"@id\":\"https:\/\/blogg.svenskakyrkan.se\/vandravagen\/#\/schema\/person\/25da02d4f76b137d04291711e2c9fc16\"},\"headline\":\"8 blandade tankar p\u00e5 m\u00e5ndagen\",\"datePublished\":\"2023-05-15T05:00:00+00:00\",\"mainEntityOfPage\":{\"@id\":\"https:\/\/blogg.svenskakyrkan.se\/vandravagen\/2023\/05\/15\/8-blandade-tankar-pa-mandagen-11\/\"},\"wordCount\":313,\"commentCount\":4,\"publisher\":{\"@id\":\"https:\/\/blogg.svenskakyrkan.se\/vandravagen\/#organization\"},\"image\":{\"@id\":\"https:\/\/blogg.svenskakyrkan.se\/vandravagen\/2023\/05\/15\/8-blandade-tankar-pa-mandagen-11\/#primaryimage\"},\"thumbnailUrl\":\"https:\/\/blogg.svenskakyrkan.se\/vandravagen\/files\/2023\/05\/lyra.jpg\",\"inLanguage\":\"sv-SE\",\"potentialAction\":[{\"@type\":\"CommentAction\",\"name\":\"Comment\",\"target\":[\"https:\/\/blogg.svenskakyrkan.se\/vandravagen\/2023\/05\/15\/8-blandade-tankar-pa-mandagen-11\/#respond\"]}]},{\"@type\":\"WebPage\",\"@id\":\"https:\/\/blogg.svenskakyrkan.se\/vandravagen\/2023\/05\/15\/8-blandade-tankar-pa-mandagen-11\/\",\"url\":\"https:\/\/blogg.svenskakyrkan.se\/vandravagen\/2023\/05\/15\/8-blandade-tankar-pa-mandagen-11\/\",\"name\":\"8 blandade tankar p\u00e5 m\u00e5ndagen - Vandra V\u00e4gen\",\"isPartOf\":{\"@id\":\"https:\/\/blogg.svenskakyrkan.se\/vandravagen\/#website\"},\"primaryImageOfPage\":{\"@id\":\"https:\/\/blogg.svenskakyrkan.se\/vandravagen\/2023\/05\/15\/8-blandade-tankar-pa-mandagen-11\/#primaryimage\"},\"image\":{\"@id\":\"https:\/\/blogg.svenskakyrkan.se\/vandravagen\/2023\/05\/15\/8-blandade-tankar-pa-mandagen-11\/#primaryimage\"},\"thumbnailUrl\":\"https:\/\/blogg.svenskakyrkan.se\/vandravagen\/files\/2023\/05\/lyra.jpg\",\"datePublished\":\"2023-05-15T05:00:00+00:00\",\"breadcrumb\":{\"@id\":\"https:\/\/blogg.svenskakyrkan.se\/vandravagen\/2023\/05\/15\/8-blandade-tankar-pa-mandagen-11\/#breadcrumb\"},\"inLanguage\":\"sv-SE\",\"potentialAction\":[{\"@type\":\"ReadAction\",\"target\":[\"https:\/\/blogg.svenskakyrkan.se\/vandravagen\/2023\/05\/15\/8-blandade-tankar-pa-mandagen-11\/\"]}]},{\"@type\":\"ImageObject\",\"inLanguage\":\"sv-SE\",\"@id\":\"https:\/\/blogg.svenskakyrkan.se\/vandravagen\/2023\/05\/15\/8-blandade-tankar-pa-mandagen-11\/#primaryimage\",\"url\":\"https:\/\/blogg.svenskakyrkan.se\/vandravagen\/files\/2023\/05\/lyra.jpg\",\"contentUrl\":\"https:\/\/blogg.svenskakyrkan.se\/vandravagen\/files\/2023\/05\/lyra.jpg\",\"width\":1294,\"height\":1500},{\"@type\":\"BreadcrumbList\",\"@id\":\"https:\/\/blogg.svenskakyrkan.se\/vandravagen\/2023\/05\/15\/8-blandade-tankar-pa-mandagen-11\/#breadcrumb\",\"itemListElement\":[{\"@type\":\"ListItem\",\"position\":1,\"name\":\"Hem\",\"item\":\"https:\/\/blogg.svenskakyrkan.se\/vandravagen\/\"},{\"@type\":\"ListItem\",\"position\":2,\"name\":\"8 blandade tankar p\u00e5 m\u00e5ndagen\"}]},{\"@type\":\"WebSite\",\"@id\":\"https:\/\/blogg.svenskakyrkan.se\/vandravagen\/#website\",\"url\":\"https:\/\/blogg.svenskakyrkan.se\/vandravagen\/\",\"name\":\"Vandra V\u00e4gen\",\"description\":\"-Mot en tro f\u00f6r hela livet\",\"publisher\":{\"@id\":\"https:\/\/blogg.svenskakyrkan.se\/vandravagen\/#organization\"},\"potentialAction\":[{\"@type\":\"SearchAction\",\"target\":{\"@type\":\"EntryPoint\",\"urlTemplate\":\"https:\/\/blogg.svenskakyrkan.se\/vandravagen\/?s={search_term_string}\"},\"query-input\":{\"@type\":\"PropertyValueSpecification\",\"valueRequired\":true,\"valueName\":\"search_term_string\"}}],\"inLanguage\":\"sv-SE\"},{\"@type\":\"Organization\",\"@id\":\"https:\/\/blogg.svenskakyrkan.se\/vandravagen\/#organization\",\"name\":\"ulricehamns pastorat\",\"alternateName\":\"ulricehamns pastorat\",\"url\":\"https:\/\/blogg.svenskakyrkan.se\/vandravagen\/\",\"logo\":{\"@type\":\"ImageObject\",\"inLanguage\":\"sv-SE\",\"@id\":\"https:\/\/blogg.svenskakyrkan.se\/vandravagen\/#\/schema\/logo\/image\/\",\"url\":\"https:\/\/blogg.svenskakyrkan.se\/vandravagen\/files\/2023\/05\/Ulr_logo_RGB.png\",\"contentUrl\":\"https:\/\/blogg.svenskakyrkan.se\/vandravagen\/files\/2023\/05\/Ulr_logo_RGB.png\",\"width\":205,\"height\":77,\"caption\":\"ulricehamns pastorat\"},\"image\":{\"@id\":\"https:\/\/blogg.svenskakyrkan.se\/vandravagen\/#\/schema\/logo\/image\/\"},\"sameAs\":[\"http:\/\/facebook.com\/vandravagen\",\"https:\/\/x.com\/fadertomas\",\"http:\/\/www.facebook.com\/svenskakyrkaniulricehamn\"]},{\"@type\":\"Person\",\"@id\":\"https:\/\/blogg.svenskakyrkan.se\/vandravagen\/#\/schema\/person\/25da02d4f76b137d04291711e2c9fc16\",\"name\":\"Tomas Jarvid\",\"image\":{\"@type\":\"ImageObject\",\"inLanguage\":\"sv-SE\",\"@id\":\"https:\/\/blogg.svenskakyrkan.se\/vandravagen\/#\/schema\/person\/image\/\",\"url\":\"https:\/\/secure.gravatar.com\/avatar\/7fa71899795e8f540f615a1f5ab25255dc27aa40f05ee7ddd21aac521e01bf50?s=96&d=identicon&r=g\",\"contentUrl\":\"https:\/\/secure.gravatar.com\/avatar\/7fa71899795e8f540f615a1f5ab25255dc27aa40f05ee7ddd21aac521e01bf50?s=96&d=identicon&r=g\",\"caption\":\"Tomas Jarvid\"},\"description\":\"Jag bor i Ulricehamn i V\u00e4sterg\u00f6tland och \u00e4r f\u00f6rsamlingspr\u00e4st i Svenska Kyrkan f\u00f6r Dalstorps f\u00f6rsamling i Kinds pastorat. P\u00e5 den h\u00e4r bloggen skriver jag ner tankar om vandringen som kristen.\",\"sameAs\":[\"http:\/\/www.vandravagen.se\"],\"url\":\"https:\/\/blogg.svenskakyrkan.se\/vandravagen\/author\/vandravagen\/\"}]}<\/script>\n<!-- \/ Yoast SEO plugin. -->","yoast_head_json":{"title":"8 blandade tankar p\u00e5 m\u00e5ndagen - Vandra V\u00e4gen","robots":{"index":"index","follow":"follow","max-snippet":"max-snippet:-1","max-image-preview":"max-image-preview:large","max-video-preview":"max-video-preview:-1"},"canonical":"https:\/\/blogg.svenskakyrkan.se\/vandravagen\/2023\/05\/15\/8-blandade-tankar-pa-mandagen-11\/","og_locale":"sv_SE","og_type":"article","og_title":"8 blandade tankar p\u00e5 m\u00e5ndagen - Vandra V\u00e4gen","og_description":"2. Det blev inga blandade tankar p\u00e5 s\u00f6ndagen men idag \u00e4r vi ikapp. Ig\u00e5r var det b\u00f6ns\u00f6ndagen och jag predika och ledde m\u00e4ssan i Ulricehamns kyrka. Predikan kommer h\u00e4r imorgon eller s\u00e5. 3. Det \u00e4r en ganska ny upplevelse f\u00f6r mig att leda gudstj\u00e4nst i Ulricehamns kyrka f\u00f6r det \u00e4r m\u00e5nga som \u00e4r engagerade och [&hellip;]","og_url":"https:\/\/blogg.svenskakyrkan.se\/vandravagen\/2023\/05\/15\/8-blandade-tankar-pa-mandagen-11\/","og_site_name":"Vandra V\u00e4gen","article_publisher":"http:\/\/facebook.com\/vandravagen","article_published_time":"2023-05-15T05:00:00+00:00","og_image":[{"width":1294,"height":1500,"url":"https:\/\/blogg.svenskakyrkan.se\/vandravagen\/files\/2023\/05\/lyra.jpg","type":"image\/jpeg"}],"author":"Tomas Jarvid","twitter_card":"summary_large_image","twitter_creator":"@fadertomas","twitter_site":"@fadertomas","twitter_misc":{"Skriven av":"Tomas Jarvid","Ber\u00e4knad l\u00e4stid":"2 minuter"},"schema":{"@context":"https:\/\/schema.org","@graph":[{"@type":"Article","@id":"https:\/\/blogg.svenskakyrkan.se\/vandravagen\/2023\/05\/15\/8-blandade-tankar-pa-mandagen-11\/#article","isPartOf":{"@id":"https:\/\/blogg.svenskakyrkan.se\/vandravagen\/2023\/05\/15\/8-blandade-tankar-pa-mandagen-11\/"},"author":{"name":"Tomas Jarvid","@id":"https:\/\/blogg.svenskakyrkan.se\/vandravagen\/#\/schema\/person\/25da02d4f76b137d04291711e2c9fc16"},"headline":"8 blandade tankar p\u00e5 m\u00e5ndagen","datePublished":"2023-05-15T05:00:00+00:00","mainEntityOfPage":{"@id":"https:\/\/blogg.svenskakyrkan.se\/vandravagen\/2023\/05\/15\/8-blandade-tankar-pa-mandagen-11\/"},"wordCount":313,"commentCount":4,"publisher":{"@id":"https:\/\/blogg.svenskakyrkan.se\/vandravagen\/#organization"},"image":{"@id":"https:\/\/blogg.svenskakyrkan.se\/vandravagen\/2023\/05\/15\/8-blandade-tankar-pa-mandagen-11\/#primaryimage"},"thumbnailUrl":"https:\/\/blogg.svenskakyrkan.se\/vandravagen\/files\/2023\/05\/lyra.jpg","inLanguage":"sv-SE","potentialAction":[{"@type":"CommentAction","name":"Comment","target":["https:\/\/blogg.svenskakyrkan.se\/vandravagen\/2023\/05\/15\/8-blandade-tankar-pa-mandagen-11\/#respond"]}]},{"@type":"WebPage","@id":"https:\/\/blogg.svenskakyrkan.se\/vandravagen\/2023\/05\/15\/8-blandade-tankar-pa-mandagen-11\/","url":"https:\/\/blogg.svenskakyrkan.se\/vandravagen\/2023\/05\/15\/8-blandade-tankar-pa-mandagen-11\/","name":"8 blandade tankar p\u00e5 m\u00e5ndagen - Vandra V\u00e4gen","isPartOf":{"@id":"https:\/\/blogg.svenskakyrkan.se\/vandravagen\/#website"},"primaryImageOfPage":{"@id":"https:\/\/blogg.svenskakyrkan.se\/vandravagen\/2023\/05\/15\/8-blandade-tankar-pa-mandagen-11\/#primaryimage"},"image":{"@id":"https:\/\/blogg.svenskakyrkan.se\/vandravagen\/2023\/05\/15\/8-blandade-tankar-pa-mandagen-11\/#primaryimage"},"thumbnailUrl":"https:\/\/blogg.svenskakyrkan.se\/vandravagen\/files\/2023\/05\/lyra.jpg","datePublished":"2023-05-15T05:00:00+00:00","breadcrumb":{"@id":"https:\/\/blogg.svenskakyrkan.se\/vandravagen\/2023\/05\/15\/8-blandade-tankar-pa-mandagen-11\/#breadcrumb"},"inLanguage":"sv-SE","potentialAction":[{"@type":"ReadAction","target":["https:\/\/blogg.svenskakyrkan.se\/vandravagen\/2023\/05\/15\/8-blandade-tankar-pa-mandagen-11\/"]}]},{"@type":"ImageObject","inLanguage":"sv-SE","@id":"https:\/\/blogg.svenskakyrkan.se\/vandravagen\/2023\/05\/15\/8-blandade-tankar-pa-mandagen-11\/#primaryimage","url":"https:\/\/blogg.svenskakyrkan.se\/vandravagen\/files\/2023\/05\/lyra.jpg","contentUrl":"https:\/\/blogg.svenskakyrkan.se\/vandravagen\/files\/2023\/05\/lyra.jpg","width":1294,"height":1500},{"@type":"BreadcrumbList","@id":"https:\/\/blogg.svenskakyrkan.se\/vandravagen\/2023\/05\/15\/8-blandade-tankar-pa-mandagen-11\/#breadcrumb","itemListElement":[{"@type":"ListItem","position":1,"name":"Hem","item":"https:\/\/blogg.svenskakyrkan.se\/vandravagen\/"},{"@type":"ListItem","position":2,"name":"8 blandade tankar p\u00e5 m\u00e5ndagen"}]},{"@type":"WebSite","@id":"https:\/\/blogg.svenskakyrkan.se\/vandravagen\/#website","url":"https:\/\/blogg.svenskakyrkan.se\/vandravagen\/","name":"Vandra V\u00e4gen","description":"-Mot en tro f\u00f6r hela livet","publisher":{"@id":"https:\/\/blogg.svenskakyrkan.se\/vandravagen\/#organization"},"potentialAction":[{"@type":"SearchAction","target":{"@type":"EntryPoint","urlTemplate":"https:\/\/blogg.svenskakyrkan.se\/vandravagen\/?s={search_term_string}"},"query-input":{"@type":"PropertyValueSpecification","valueRequired":true,"valueName":"search_term_string"}}],"inLanguage":"sv-SE"},{"@type":"Organization","@id":"https:\/\/blogg.svenskakyrkan.se\/vandravagen\/#organization","name":"ulricehamns pastorat","alternateName":"ulricehamns pastorat","url":"https:\/\/blogg.svenskakyrkan.se\/vandravagen\/","logo":{"@type":"ImageObject","inLanguage":"sv-SE","@id":"https:\/\/blogg.svenskakyrkan.se\/vandravagen\/#\/schema\/logo\/image\/","url":"https:\/\/blogg.svenskakyrkan.se\/vandravagen\/files\/2023\/05\/Ulr_logo_RGB.png","contentUrl":"https:\/\/blogg.svenskakyrkan.se\/vandravagen\/files\/2023\/05\/Ulr_logo_RGB.png","width":205,"height":77,"caption":"ulricehamns pastorat"},"image":{"@id":"https:\/\/blogg.svenskakyrkan.se\/vandravagen\/#\/schema\/logo\/image\/"},"sameAs":["http:\/\/facebook.com\/vandravagen","https:\/\/x.com\/fadertomas","http:\/\/www.facebook.com\/svenskakyrkaniulricehamn"]},{"@type":"Person","@id":"https:\/\/blogg.svenskakyrkan.se\/vandravagen\/#\/schema\/person\/25da02d4f76b137d04291711e2c9fc16","name":"Tomas Jarvid","image":{"@type":"ImageObject","inLanguage":"sv-SE","@id":"https:\/\/blogg.svenskakyrkan.se\/vandravagen\/#\/schema\/person\/image\/","url":"https:\/\/secure.gravatar.com\/avatar\/7fa71899795e8f540f615a1f5ab25255dc27aa40f05ee7ddd21aac521e01bf50?s=96&d=identicon&r=g","contentUrl":"https:\/\/secure.gravatar.com\/avatar\/7fa71899795e8f540f615a1f5ab25255dc27aa40f05ee7ddd21aac521e01bf50?s=96&d=identicon&r=g","caption":"Tomas Jarvid"},"description":"Jag bor i Ulricehamn i V\u00e4sterg\u00f6tland och \u00e4r f\u00f6rsamlingspr\u00e4st i Svenska Kyrkan f\u00f6r Dalstorps f\u00f6rsamling i Kinds pastorat. P\u00e5 den h\u00e4r bloggen skriver jag ner tankar om vandringen som kristen.","sameAs":["http:\/\/www.vandravagen.se"],"url":"https:\/\/blogg.svenskakyrkan.se\/vandravagen\/author\/vandravagen\/"}]}},"author_meta":{"ID":"392","user_nicename":"vandravagen","user_url":"http:\/\/www.vandravagen.se","user_registered":"2014-05-19 05:44:52","display_name":"Tomas Jarvid","first_name":"Tomas","last_name":"Jarvid","avatar":"https:\/\/secure.gravatar.com\/avatar\/7fa71899795e8f540f615a1f5ab25255dc27aa40f05ee7ddd21aac521e01bf50?s=96&d=identicon&r=g"},"featured_image":["https:\/\/blogg.svenskakyrkan.se\/vandravagen\/files\/2023\/05\/lyra-1024x1187.jpg",1024,1187,true],"bloginfo":{"name":"Vandra V\u00e4gen","url":"https:\/\/blogg.svenskakyrkan.se\/vandravagen"},"_links":{"self":[{"href":"https:\/\/blogg.svenskakyrkan.se\/vandravagen\/wp-json\/wp\/v2\/posts\/9387","targetHints":{"allow":["GET"]}}],"collection":[{"href":"https:\/\/blogg.svenskakyrkan.se\/vandravagen\/wp-json\/wp\/v2\/posts"}],"about":[{"href":"https:\/\/blogg.svenskakyrkan.se\/vandravagen\/wp-json\/wp\/v2\/types\/post"}],"author":[{"embeddable":true,"href":"https:\/\/blogg.svenskakyrkan.se\/vandravagen\/wp-json\/wp\/v2\/users\/392"}],"replies":[{"embeddable":true,"href":"https:\/\/blogg.svenskakyrkan.se\/vandravagen\/wp-json\/wp\/v2\/comments?post=9387"}],"version-history":[{"count":1,"href":"https:\/\/blogg.svenskakyrkan.se\/vandravagen\/wp-json\/wp\/v2\/posts\/9387\/revisions"}],"predecessor-version":[{"id":9389,"href":"https:\/\/blogg.svenskakyrkan.se\/vandravagen\/wp-json\/wp\/v2\/posts\/9387\/revisions\/9389"}],"wp:featuredmedia":[{"embeddable":true,"href":"https:\/\/blogg.svenskakyrkan.se\/vandravagen\/wp-json\/wp\/v2\/media\/9388"}],"wp:attachment":[{"href":"https:\/\/blogg.svenskakyrkan.se\/vandravagen\/wp-json\/wp\/v2\/media?parent=9387"}],"wp:term":[{"taxonomy":"category","embeddable":true,"href":"https:\/\/blogg.svenskakyrkan.se\/vandravagen\/wp-json\/wp\/v2\/categories?post=9387"},{"taxonomy":"post_tag","embeddable":true,"href":"https:\/\/blogg.svenskakyrkan.se\/vandravagen\/wp-json\/wp\/v2\/tags?post=9387"}],"curies":[{"name":"wp","href":"https:\/\/api.w.org\/{rel}","templated":true}]}}