{"id":9419,"date":"2023-05-30T07:00:00","date_gmt":"2023-05-30T05:00:00","guid":{"rendered":"https:\/\/blogg.svenskakyrkan.se\/vandravagen\/?p=9419"},"modified":"2023-05-29T23:28:27","modified_gmt":"2023-05-29T21:28:27","slug":"helig-ande-i-hjartat-och-helig-anda-omkring-oss","status":"publish","type":"post","link":"https:\/\/blogg.svenskakyrkan.se\/vandravagen\/2023\/05\/30\/helig-ande-i-hjartat-och-helig-anda-omkring-oss\/","title":{"rendered":"Helig Ande i hj\u00e4rtat och helig Anda omkring oss"},"content":{"rendered":"\n\n\n<figure class=\"wp-block-image size-full\"><img loading=\"lazy\" decoding=\"async\" width=\"786\" height=\"884\" src=\"https:\/\/blogg.svenskakyrkan.se\/vandravagen\/files\/2023\/05\/IMG_5483.jpg\" alt=\"\" class=\"wp-image-9420\" srcset=\"https:\/\/blogg.svenskakyrkan.se\/vandravagen\/files\/2023\/05\/IMG_5483.jpg 786w, https:\/\/blogg.svenskakyrkan.se\/vandravagen\/files\/2023\/05\/IMG_5483-300x337.jpg 300w, https:\/\/blogg.svenskakyrkan.se\/vandravagen\/files\/2023\/05\/IMG_5483-768x864.jpg 768w\" sizes=\"auto, (max-width: 786px) 100vw, 786px\" \/><figcaption class=\"wp-element-caption\">Inte helt s\u00e4ker p\u00e5 vad denna mycket gamla bild f\u00f6rest\u00e4ller men det \u00e4r ju i alla fall b\u00e5de vind och vatten och eld s\u00e5 kanske kan det passa till en predikan om Guds Andes verkan i v\u00e4rlden?<\/figcaption><\/figure>\n\n\n\n<p>H\u00e4r \u00e4r min predikan fr\u00e5n ig\u00e5r p\u00e5 annandag pingst. F\u00f6rsta annandagpingstpredikan jag n\u00e5gonsin h\u00e5llit d\u00e5 det inte \u00e4r s\u00e5 vanligt att ha gudstj\u00e4nster p\u00e5 den dagen l\u00e4ngre. Tycker det finns n\u00e5got fint med b\u00e5de del ett och del tv\u00e5 i predikan s\u00e5 jag hoppas den kan vara till gl\u00e4dje!<\/p>\n\n\n\n<h2 class=\"wp-block-heading\"><mark class=\"has-inline-color has-primary-color\">Mitt steg mot att ha en egen tro<\/mark><\/h2>\n\n\n\n<p>Jag har kommit att t\u00e4nka p\u00e5 ett minne fr\u00e5n n\u00e4r jag var kanske 13 \u00e5r. Jag var med i n\u00e5gon slags kyrklig grupp, jag var ju inte konfirmerad \u00e4n s\u00e5 jag fick inte vara med i den riktiga ungdomsgruppen. Men den h\u00e4r g\u00e5ngen var det tillsammans med de stora ungdomarna och vi satt utanf\u00f6r kyrkans g\u00e5rd i Brunn. <\/p>\n\n\n\n<p>Det skulle vara n\u00e5got bibelsamtal och Hillevi som ledde det tog upp \u00e4mnet som var den heliga Anden. Det m\u00e5ste varit s\u00e5h\u00e4r i pingsttid f\u00f6r det var varmt och gr\u00f6nt ute. Vad associerade vi den heliga Anden till?<\/p>\n\n\n\n<p>Jag tyckte att de stora gav s\u00e5 snabba och bra svar s\u00e5 jag blev alldeles f\u00f6rskr\u00e4ckt inf\u00f6r att det skulle bli min tur att s\u00e4ga n\u00e5got. De sa att Anden var som eld, n\u00e5got t\u00e4nkte p\u00e5 vatten och n\u00e5gon sa s\u00e4kert vind. Riktigt vad jag sa vet jag inte helt, det var n\u00e5got stammande om att jag kanske inte upplevt Anden s\u00e5 mycket men att det var fint n\u00e4r man fick k\u00e4nna lugn och frid.<\/p>\n\n\n\n<p>Slut p\u00e5 minnet. N\u00e4stan. F\u00f6r i mitt minne h\u00e4nger det h\u00e4r ihop med en annan h\u00e4ndelse. Jag minns att jag tyckte att jag var st\u00f6rre d\u00e5. Jag hade vuxit upp i olika kyrkgrupper i ansgars och killk\u00f6ren och allt vad det fanns p\u00e5 den tiden. Jag hade f\u00e5tt med mig den kristna tron som allt annat gott man f\u00e5r med sig fr\u00e5n sin uppv\u00e4xt. Men som ni kanske vet s\u00e5 r\u00e4cker det aldrig att forts\u00e4tta s\u00e5. <\/p>\n\n\n\n<p>F\u00f6rr eller senare m\u00e5ste man best\u00e4mma sj\u00e4lv. Jag tyckte att det hade blivit lite dags att best\u00e4mma om det h\u00e4r var MIN tro eller om det liksom mest var n\u00e5got jag hade hamnat med i tack vare f\u00f6r\u00e4ldrar och ledare. Om det var min egen tro s\u00e5 fick jag nog ta det p\u00e5 lite allvar och leva efter det.<\/p>\n\n\n\n<h2 class=\"wp-block-heading\"><mark class=\"has-inline-color has-primary-color\">Inget m\u00e4rkv\u00e4rdigt vittnesb\u00f6rd men det \u00e4r mitt<\/mark><\/h2>\n\n\n\n<p>Det \u00e4r den enda \u00f6gonblicksber\u00e4ttelse jag har om att komma till tro, inte s\u00e5 dramatisk. Ibland som pr\u00e4st kan man f\u00e5 vittna om hur man kom till tro och d\u00e5 k\u00e4nner jag alltid att jag inte har s\u00e5 mycket sp\u00e4nnande att komma med. Och det var KANSKE p\u00e5 samma kv\u00e4ll som vi satt d\u00e4r i Brunn med de stora ungdomarna. Eller s\u00e5 minns jag fel. Hur som helst kanske det spelade roll att vi talat om Anden. Och att det fanns \u00e4ldre d\u00e4r som jag s\u00e5g upp till. Att den kristna tron kunde vara en erfarenhet man levde med, inte bara utantillb\u00f6ner man l\u00e4rt sig och bibelber\u00e4ttelser och s\u00e5.<\/p>\n\n\n\n<h2 class=\"wp-block-heading\"><mark class=\"has-inline-color has-primary-color\">Guds verkan i ditt liv<\/mark><\/h2>\n\n\n\n<p>Det spelar ju ingen roll f\u00f6r er vad jag varit med om men kanske att det kan v\u00e4cka minnen inom er ocks\u00e5 om saker som skett som lett er vidare p\u00e5 trons v\u00e4g. P\u00e5 ett eller annat s\u00e4tt \u00e4r det s\u00e5 att vi alla sitter h\u00e4r idag. Gud har p\u00e5 olika v\u00e4gar f\u00e5tt tag i oss. Gradvis eller pl\u00f6tsligt och \u00f6verraskande. Medf\u00f6tt i hemmet eller som ett ok\u00e4nt omr\u00e5de som \u00f6ppnat sig f\u00f6r oss senare som vi f\u00e5tt utforska. Idag p\u00e5 annandag pingst kan man g\u00e4rna stanna upp inf\u00f6r det i tankarna och fundera p\u00e5 hur Gud verkat med oss. <\/p>\n\n\n\n<p>Vilka m\u00e4nniskor som varit f\u00f6rebilder och f\u00f6ljeslagare, vad som varit sv\u00e5righeter, vad som <strong>\u00e4nnu<\/strong> \u00e4r sv\u00e5righeter, hur livet f\u00f6r\u00e4ndrat oss och v\u00e5r tro. Jag har verkligen inte s\u00e5 s\u00e4rskilt mycket till ber\u00e4ttelse d\u00e4r, om det \u00e4r s\u00e5 f\u00f6r dig ocks\u00e5 att ber\u00e4ttelsen om hur du kom till tro \u00e4r enkel s\u00e5 kan du ju dela klubb med mig och t\u00e4nka att det \u00e4r fint det ocks\u00e5.<\/p>\n\n\n\n<p>D\u00e4r \u00e4r vi p\u00e5 Andens omr\u00e5de. Jag tycker fortfarande att det \u00e4r som n\u00e4r jag st\u00e4lldes inf\u00f6r fr\u00e5gan som 13\u00e5ring. Jag vet inte alls vad jag ska s\u00e4ga om Anden. Inte p\u00e5 ett personligt s\u00e4tt i alla fall. <\/p>\n\n\n\n<p><strong>Jag vet att ibland f\u00e5r man pl\u00f6tsligt tr\u00f6st, f\u00e5r se sitt liv i ett st\u00f6rre sammanhang, f\u00e5r frid, f\u00e5r k\u00e4nna att man nog \u00e4r med p\u00e5 ett h\u00f6rn i Guds stora verk. Det \u00e4r f\u00f6rst\u00e5s Anden. <\/strong><\/p>\n\n\n\n<p>Men jag skulle inte v\u00e5ga s\u00e4ga stora ord som att jag upplevt den stora elden eller vinden fr\u00e5n Guds egen andedr\u00e4kt. Jag l\u00e4ser Narniab\u00f6ckerna f\u00f6r barnen hemma och d\u00e4r \u00e5terkommer det att det stora lejonet Aslan inte talar med n\u00e5gon om sin v\u00e4g i ANDRAS liv. H\u00e4r om n\u00e5got ska vi inte j\u00e4mf\u00f6ra oss utan v\u00e4rdes\u00e4tta Guds unika handlande med oss.<\/p>\n\n\n\n<h2 class=\"wp-block-heading\"><mark class=\"has-inline-color has-primary-color\">Jesajas ord om vatten fr\u00e5n Gud<\/mark><\/h2>\n\n\n\n<p>I dagens texter tycker jag extra mycket om den fr\u00e5n gamla testamentet. S\u00e5 \u00e4r det ofta med Jesaja, men det \u00e4r sv\u00e5rt att predika \u00f6ver i regel.<\/p>\n\n\n\n<p>Det b\u00f6rjar fint med att Gud talar liksom med ett smeknamn, Jeshurun, om Israels sl\u00e4kt. Det klingar av stor \u00f6mhet. Sedan talas det om stora m\u00e4ngder vatten! Stora floder av vatten \u00f6ver t\u00f6rstande mark, och Guds Ande \u00f6ver folket. <\/p>\n\n\n\n<p>Vatten (fanns ju med i samtalet i ungdomsgruppen!) \u00e4r f\u00f6rst\u00e5s livgivande i torra trakter. Det handlar om nya str\u00f6mmar av liv in i v\u00e5r tillvaro. Vattenfl\u00f6den \u00e4r ocks\u00e5 som en smak av Edens lustg\u00e5rd f\u00f6r i bibelns b\u00f6rjan \u00e4r det d\u00e4r alla floder rinner upp! Och de d\u00e4r barnen i folket ska skjuta upp som gr\u00f6nskande skott. Och de ska s\u00e4ga: Jag tillh\u00f6r Herren.<\/p>\n\n\n\n<h2 class=\"wp-block-heading\"><mark class=\"has-inline-color has-primary-color\">Anden l\u00e4r oss att vi \u00e4r Guds barn<\/mark><\/h2>\n\n\n\n<p>Det d\u00e4r \u00e4r ocks\u00e5 Andens verk enligt bibeln. Att det f\u00e5r gro i v\u00e5ra hj\u00e4rtan att vi tillh\u00f6r Gud. Anden l\u00e4r oss att vi \u00e4r Guds barn. Vi f\u00e5r s\u00e4ga, jag tillh\u00f6r Gud.<\/p>\n\n\n\n<p>Ordet \u201djag tillh\u00f6r Herren\u201d \u00e4r f\u00f6rresten i stort sett exakt vad kyrka betyder. <strong>Kyriakos<\/strong>, det som tillh\u00f6r Herren. Kyrkan best\u00e5r, f\u00f6rutom att vara socknar och stenbyggnader och s\u00e5, framf\u00f6rallt av de som ledda av Guds Ande f\u00e5tt tro att de tillh\u00f6r Gud.<\/p>\n\n\n\n<p>\u00a0I sitt sammanhang talar Jesaja till ett folk som beh\u00f6ver tr\u00f6st i stora sv\u00e5righeter. De beh\u00f6ver p\u00e5minnas om att hur det \u00e4n ser ut s\u00e5 \u00e4r de \u00e4nd\u00e5 Guds och Gud sl\u00e4pper dem inte. Ofta \u00e4r det nog vad vi beh\u00f6ver ocks\u00e5.<\/p>\n\n\n\n<h2 class=\"wp-block-heading\"><mark class=\"has-inline-color has-primary-color\">Gud verkar i v\u00e4rlden<\/mark><\/h2>\n\n\n\n<p>Vi har \u00f6verskriften \u201dAndens vind \u00f6ver v\u00e4rlden\u201d. Vi f\u00e5r stanna upp idag inf\u00f6r att Gud faktiskt verkar i m\u00e4nniskors liv och i v\u00e5ra hj\u00e4rtan. Man kan tro att det \u00e4r Guds favorits\u00e4tt att handla i v\u00e4rlden f\u00f6r d\u00e5 forts\u00e4tter vi att vara fria m\u00e4nniskor som i samarbete med Gud f\u00e5r f\u00f6rs\u00f6ka handla med vishet och mod gentemot v\u00e5r omgivning. Gud \u00e4r varsam med v\u00e5r fria vilja.<\/p>\n\n\n\n<p>Lite v\u00e4l mycket kan man n\u00e4stan tycka f\u00f6r det \u00e4r s\u00e5 mycket som \u00e4r f\u00f6r illa nu och framtiden oroar. Framf\u00f6rallt t\u00e4nker jag p\u00e5 hur m\u00e4nniskors girighet och d\u00e5rskap h\u00e5ller p\u00e5 att f\u00f6rst\u00f6ra v\u00e5r jord. Det m\u00e4rks \u00e4nd\u00e5 v\u00e4ldigt tydligt att det kr\u00e4vs omv\u00e4ndelse av m\u00e4nniskorna f\u00f6r hela v\u00e4rldens skull. Vi m\u00e5ste v\u00e4nda om till ett \u00f6dmjukt tj\u00e4nande p\u00e5 jorden. Just ett s\u00e5dant som Jesus visar oss hur det g\u00e5r till.<\/p>\n\n\n\n<p>I veckan har jag tittat p\u00e5 olika folksamlingar jag varit i och funderat p\u00e5 hur Gud verkar bland alla dessa m\u00e4nniskor. Det finns ju ocks\u00e5 andra niv\u00e5er \u00e4n bara individen. V\u00e5r tid \u00e4r s\u00e5 v\u00e4ldigt individuell att man gl\u00f6mmer det men varje m\u00e4nskligt sammanhang har en egen kultur, vi handlar tillsammans p\u00e5 olika s\u00e4tt. Ibland blir vi b\u00e4ttre tillsammans och ibland s\u00e4mre.<\/p>\n\n\n\n<h2 class=\"wp-block-heading\"><mark class=\"has-inline-color has-primary-color\">Vilken Anda\/e r\u00e5der h\u00e4r?<\/mark><\/h2>\n\n\n\n<p>I en andlig tradition talar man mycket om vikten av att \u201dskilja mellan andarna\u201d. Och d\u00e5 menar man snarare \u201danda\u201d \u00e4n \u201dande\u201d. Vad \u00e4r det f\u00f6r anda i det h\u00e4r sammanhanget? Vad \u00e4r det som driver oss? \u00c4r det uppbyggligt h\u00e4r eller \u00e4r det destruktivt? \u00c4r det r\u00e4dslan som styr h\u00e4r eller k\u00e4rleken? Leder den h\u00e4r v\u00e4gen n\u00e4rmare Gud eller l\u00e4ngre bort? Det \u00e4r v\u00e4rt att fundera kring i sin skolklass eller sitt arbetslag eller sin klubb eller sin kommun eller sitt land. Vad har vi f\u00f6r anda? <\/p>\n\n\n\n<p>Finns det en aning av Guds rike i den andan, s\u00e5dant som \u00e4r gott f\u00f6r alla och inte ont f\u00f6r n\u00e5gon, s\u00e5 \u00e4r det nog just den heliga Andens f\u00f6rtj\u00e4nst. Och vi f\u00e5r var och en f\u00f6rs\u00f6ka skilja mellan andarna och be om hj\u00e4lp att medverka till det goda mer \u00e4n till det onda. Anden bl\u00e5ser genom v\u00e4rlden vad vi \u00e4n g\u00f6r, annars skulle det k\u00e4nnas hoppl\u00f6st om\u00f6jligt.<\/p>\n\n\n\n<p>Guds Ande verkar i v\u00e4rlden p\u00e5 otaliga s\u00e4tt. Fler \u00e4n vi kan greppa. Vi f\u00e5r se i backspegeln eller i v\u00e5r nutid och f\u00f6rs\u00f6ka f\u00e5 en skymt av Guds handlande. Gud verkar ha f\u00e5tt f\u00f6r sig att inte tvinga n\u00e5gon utan vill locka oss till sig, och g\u00f6ra oss till en del av hans surdeg som ska genomsyra hela v\u00e4rlden med Guds rike. Guds vind kan bl\u00e5sa genom vilken m\u00e4nsklig sammanslutning som helst och locka oss att h\u00e4nga p\u00e5 i det Gud sj\u00e4lv g\u00f6r i v\u00e4rlden. Vi f\u00e5r be f\u00f6r att det f\u00e5r ske s\u00e4rskilt \u00f6verallt bland de som har makt \u00f6ver andra.<\/p>\n\n\n\n<p>Vi f\u00e5r be att Guds Ande vattnar det livl\u00f6sa och ger nytt liv och nytt hopp. Och dagligen p\u00e5minner oss att se p\u00e5 v\u00e4rlden utifr\u00e5n n\u00e5den att vara Guds barn.<\/p>\n","protected":false},"excerpt":{"rendered":"<p>H\u00e4r \u00e4r min predikan fr\u00e5n ig\u00e5r p\u00e5 annandag pingst. F\u00f6rsta annandagpingstpredikan jag n\u00e5gonsin h\u00e5llit d\u00e5 det inte \u00e4r s\u00e5 vanligt att ha gudstj\u00e4nster p\u00e5 den dagen l\u00e4ngre. Tycker det finns n\u00e5got fint med b\u00e5de del ett och del tv\u00e5 i predikan s\u00e5 jag hoppas den kan vara till gl\u00e4dje! Mitt steg mot att ha en [&hellip;]<\/p>\n","protected":false},"author":392,"featured_media":9420,"comment_status":"open","ping_status":"open","sticky":false,"template":"","format":"standard","meta":{"_acf_changed":false,"footnotes":""},"categories":[8252,114],"tags":[84220,84222,83926,84221,83878,83880,83879,83901,83890,84219,83875],"class_list":["post-9419","post","type-post","status-publish","format-standard","has-post-thumbnail","hentry","category-kyrkoaret","category-predikan","tag-anden","tag-annandag-pingst","tag-bibeln","tag-den-heliga-anden","tag-jesus","tag-kristen","tag-kristen-tro","tag-kyrka","tag-kyrkan","tag-pingst","tag-predikan"],"acf":[],"yoast_head":"<!-- This site is optimized with the Yoast SEO plugin v27.1.1 - https:\/\/yoast.com\/product\/yoast-seo-wordpress\/ -->\n<title>Helig Ande i hj\u00e4rtat och helig Anda omkring oss - Vandra V\u00e4gen<\/title>\n<meta name=\"description\" content=\"Tomas Jarvids predikan p\u00e5 annandag pingst 2023 om hur Guds heliga Ande verkar i v\u00e5ra liv p\u00e5 ett ibland oansenligt s\u00e4tt. Och i v\u00e4rlden i stort\" \/>\n<meta name=\"robots\" content=\"index, follow, max-snippet:-1, max-image-preview:large, max-video-preview:-1\" \/>\n<link rel=\"canonical\" href=\"https:\/\/blogg.svenskakyrkan.se\/vandravagen\/2023\/05\/30\/helig-ande-i-hjartat-och-helig-anda-omkring-oss\/\" \/>\n<meta property=\"og:locale\" content=\"sv_SE\" \/>\n<meta property=\"og:type\" content=\"article\" \/>\n<meta property=\"og:title\" content=\"Helig Ande i hj\u00e4rtat och helig Anda omkring oss - Vandra V\u00e4gen\" \/>\n<meta property=\"og:description\" content=\"Tomas Jarvids predikan p\u00e5 annandag pingst 2023 om hur Guds heliga Ande verkar i v\u00e5ra liv p\u00e5 ett ibland oansenligt s\u00e4tt. Och i v\u00e4rlden i stort\" \/>\n<meta property=\"og:url\" content=\"https:\/\/blogg.svenskakyrkan.se\/vandravagen\/2023\/05\/30\/helig-ande-i-hjartat-och-helig-anda-omkring-oss\/\" \/>\n<meta property=\"og:site_name\" content=\"Vandra V\u00e4gen\" \/>\n<meta property=\"article:publisher\" content=\"http:\/\/facebook.com\/vandravagen\" \/>\n<meta property=\"article:published_time\" content=\"2023-05-30T05:00:00+00:00\" \/>\n<meta property=\"og:image\" content=\"https:\/\/blogg.svenskakyrkan.se\/vandravagen\/files\/2023\/05\/IMG_5483.jpg\" \/>\n\t<meta property=\"og:image:width\" content=\"786\" \/>\n\t<meta property=\"og:image:height\" content=\"884\" \/>\n\t<meta property=\"og:image:type\" content=\"image\/jpeg\" \/>\n<meta name=\"author\" content=\"Tomas Jarvid\" \/>\n<meta name=\"twitter:card\" content=\"summary_large_image\" \/>\n<meta name=\"twitter:creator\" content=\"@fadertomas\" \/>\n<meta name=\"twitter:site\" content=\"@fadertomas\" \/>\n<meta name=\"twitter:label1\" content=\"Skriven av\" \/>\n\t<meta name=\"twitter:data1\" content=\"Tomas Jarvid\" \/>\n\t<meta name=\"twitter:label2\" content=\"Ber\u00e4knad l\u00e4stid\" \/>\n\t<meta name=\"twitter:data2\" content=\"9 minuter\" \/>\n<script type=\"application\/ld+json\" class=\"yoast-schema-graph\">{\"@context\":\"https:\/\/schema.org\",\"@graph\":[{\"@type\":\"Article\",\"@id\":\"https:\/\/blogg.svenskakyrkan.se\/vandravagen\/2023\/05\/30\/helig-ande-i-hjartat-och-helig-anda-omkring-oss\/#article\",\"isPartOf\":{\"@id\":\"https:\/\/blogg.svenskakyrkan.se\/vandravagen\/2023\/05\/30\/helig-ande-i-hjartat-och-helig-anda-omkring-oss\/\"},\"author\":{\"name\":\"Tomas Jarvid\",\"@id\":\"https:\/\/blogg.svenskakyrkan.se\/vandravagen\/#\/schema\/person\/25da02d4f76b137d04291711e2c9fc16\"},\"headline\":\"Helig Ande i hj\u00e4rtat och helig Anda omkring oss\",\"datePublished\":\"2023-05-30T05:00:00+00:00\",\"mainEntityOfPage\":{\"@id\":\"https:\/\/blogg.svenskakyrkan.se\/vandravagen\/2023\/05\/30\/helig-ande-i-hjartat-och-helig-anda-omkring-oss\/\"},\"wordCount\":1883,\"commentCount\":0,\"publisher\":{\"@id\":\"https:\/\/blogg.svenskakyrkan.se\/vandravagen\/#organization\"},\"image\":{\"@id\":\"https:\/\/blogg.svenskakyrkan.se\/vandravagen\/2023\/05\/30\/helig-ande-i-hjartat-och-helig-anda-omkring-oss\/#primaryimage\"},\"thumbnailUrl\":\"https:\/\/blogg.svenskakyrkan.se\/vandravagen\/files\/2023\/05\/IMG_5483.jpg\",\"keywords\":[\"anden\",\"annandag pingst\",\"bibeln\",\"den heliga anden\",\"Jesus\",\"kristen\",\"kristen tro\",\"kyrka\",\"kyrkan\",\"pingst\",\"predikan\"],\"articleSection\":[\"kyrko\u00e5ret\",\"predikan\"],\"inLanguage\":\"sv-SE\",\"potentialAction\":[{\"@type\":\"CommentAction\",\"name\":\"Comment\",\"target\":[\"https:\/\/blogg.svenskakyrkan.se\/vandravagen\/2023\/05\/30\/helig-ande-i-hjartat-och-helig-anda-omkring-oss\/#respond\"]}]},{\"@type\":\"WebPage\",\"@id\":\"https:\/\/blogg.svenskakyrkan.se\/vandravagen\/2023\/05\/30\/helig-ande-i-hjartat-och-helig-anda-omkring-oss\/\",\"url\":\"https:\/\/blogg.svenskakyrkan.se\/vandravagen\/2023\/05\/30\/helig-ande-i-hjartat-och-helig-anda-omkring-oss\/\",\"name\":\"Helig Ande i hj\u00e4rtat och helig Anda omkring oss - Vandra V\u00e4gen\",\"isPartOf\":{\"@id\":\"https:\/\/blogg.svenskakyrkan.se\/vandravagen\/#website\"},\"primaryImageOfPage\":{\"@id\":\"https:\/\/blogg.svenskakyrkan.se\/vandravagen\/2023\/05\/30\/helig-ande-i-hjartat-och-helig-anda-omkring-oss\/#primaryimage\"},\"image\":{\"@id\":\"https:\/\/blogg.svenskakyrkan.se\/vandravagen\/2023\/05\/30\/helig-ande-i-hjartat-och-helig-anda-omkring-oss\/#primaryimage\"},\"thumbnailUrl\":\"https:\/\/blogg.svenskakyrkan.se\/vandravagen\/files\/2023\/05\/IMG_5483.jpg\",\"datePublished\":\"2023-05-30T05:00:00+00:00\",\"description\":\"Tomas Jarvids predikan p\u00e5 annandag pingst 2023 om hur Guds heliga Ande verkar i v\u00e5ra liv p\u00e5 ett ibland oansenligt s\u00e4tt. Och i v\u00e4rlden i stort\",\"breadcrumb\":{\"@id\":\"https:\/\/blogg.svenskakyrkan.se\/vandravagen\/2023\/05\/30\/helig-ande-i-hjartat-och-helig-anda-omkring-oss\/#breadcrumb\"},\"inLanguage\":\"sv-SE\",\"potentialAction\":[{\"@type\":\"ReadAction\",\"target\":[\"https:\/\/blogg.svenskakyrkan.se\/vandravagen\/2023\/05\/30\/helig-ande-i-hjartat-och-helig-anda-omkring-oss\/\"]}]},{\"@type\":\"ImageObject\",\"inLanguage\":\"sv-SE\",\"@id\":\"https:\/\/blogg.svenskakyrkan.se\/vandravagen\/2023\/05\/30\/helig-ande-i-hjartat-och-helig-anda-omkring-oss\/#primaryimage\",\"url\":\"https:\/\/blogg.svenskakyrkan.se\/vandravagen\/files\/2023\/05\/IMG_5483.jpg\",\"contentUrl\":\"https:\/\/blogg.svenskakyrkan.se\/vandravagen\/files\/2023\/05\/IMG_5483.jpg\",\"width\":786,\"height\":884,\"caption\":\"Gammal bild p\u00e5 eld \u00f6ver havet.\"},{\"@type\":\"BreadcrumbList\",\"@id\":\"https:\/\/blogg.svenskakyrkan.se\/vandravagen\/2023\/05\/30\/helig-ande-i-hjartat-och-helig-anda-omkring-oss\/#breadcrumb\",\"itemListElement\":[{\"@type\":\"ListItem\",\"position\":1,\"name\":\"Hem\",\"item\":\"https:\/\/blogg.svenskakyrkan.se\/vandravagen\/\"},{\"@type\":\"ListItem\",\"position\":2,\"name\":\"anden\",\"item\":\"https:\/\/blogg.svenskakyrkan.se\/vandravagen\/tag\/anden\/\"},{\"@type\":\"ListItem\",\"position\":3,\"name\":\"Helig Ande i hj\u00e4rtat och helig Anda omkring oss\"}]},{\"@type\":\"WebSite\",\"@id\":\"https:\/\/blogg.svenskakyrkan.se\/vandravagen\/#website\",\"url\":\"https:\/\/blogg.svenskakyrkan.se\/vandravagen\/\",\"name\":\"Vandra V\u00e4gen\",\"description\":\"-Mot en tro f\u00f6r hela livet\",\"publisher\":{\"@id\":\"https:\/\/blogg.svenskakyrkan.se\/vandravagen\/#organization\"},\"potentialAction\":[{\"@type\":\"SearchAction\",\"target\":{\"@type\":\"EntryPoint\",\"urlTemplate\":\"https:\/\/blogg.svenskakyrkan.se\/vandravagen\/?s={search_term_string}\"},\"query-input\":{\"@type\":\"PropertyValueSpecification\",\"valueRequired\":true,\"valueName\":\"search_term_string\"}}],\"inLanguage\":\"sv-SE\"},{\"@type\":\"Organization\",\"@id\":\"https:\/\/blogg.svenskakyrkan.se\/vandravagen\/#organization\",\"name\":\"ulricehamns pastorat\",\"alternateName\":\"ulricehamns pastorat\",\"url\":\"https:\/\/blogg.svenskakyrkan.se\/vandravagen\/\",\"logo\":{\"@type\":\"ImageObject\",\"inLanguage\":\"sv-SE\",\"@id\":\"https:\/\/blogg.svenskakyrkan.se\/vandravagen\/#\/schema\/logo\/image\/\",\"url\":\"https:\/\/blogg.svenskakyrkan.se\/vandravagen\/files\/2023\/05\/Ulr_logo_RGB.png\",\"contentUrl\":\"https:\/\/blogg.svenskakyrkan.se\/vandravagen\/files\/2023\/05\/Ulr_logo_RGB.png\",\"width\":205,\"height\":77,\"caption\":\"ulricehamns pastorat\"},\"image\":{\"@id\":\"https:\/\/blogg.svenskakyrkan.se\/vandravagen\/#\/schema\/logo\/image\/\"},\"sameAs\":[\"http:\/\/facebook.com\/vandravagen\",\"https:\/\/x.com\/fadertomas\",\"http:\/\/www.facebook.com\/svenskakyrkaniulricehamn\"]},{\"@type\":\"Person\",\"@id\":\"https:\/\/blogg.svenskakyrkan.se\/vandravagen\/#\/schema\/person\/25da02d4f76b137d04291711e2c9fc16\",\"name\":\"Tomas Jarvid\",\"image\":{\"@type\":\"ImageObject\",\"inLanguage\":\"sv-SE\",\"@id\":\"https:\/\/blogg.svenskakyrkan.se\/vandravagen\/#\/schema\/person\/image\/\",\"url\":\"https:\/\/secure.gravatar.com\/avatar\/7fa71899795e8f540f615a1f5ab25255dc27aa40f05ee7ddd21aac521e01bf50?s=96&d=identicon&r=g\",\"contentUrl\":\"https:\/\/secure.gravatar.com\/avatar\/7fa71899795e8f540f615a1f5ab25255dc27aa40f05ee7ddd21aac521e01bf50?s=96&d=identicon&r=g\",\"caption\":\"Tomas Jarvid\"},\"description\":\"Jag bor i Ulricehamn i V\u00e4sterg\u00f6tland och \u00e4r f\u00f6rsamlingspr\u00e4st i Svenska Kyrkan f\u00f6r Dalstorps f\u00f6rsamling i Kinds pastorat. P\u00e5 den h\u00e4r bloggen skriver jag ner tankar om vandringen som kristen.\",\"sameAs\":[\"http:\/\/www.vandravagen.se\"],\"url\":\"https:\/\/blogg.svenskakyrkan.se\/vandravagen\/author\/vandravagen\/\"}]}<\/script>\n<!-- \/ Yoast SEO plugin. -->","yoast_head_json":{"title":"Helig Ande i hj\u00e4rtat och helig Anda omkring oss - Vandra V\u00e4gen","description":"Tomas Jarvids predikan p\u00e5 annandag pingst 2023 om hur Guds heliga Ande verkar i v\u00e5ra liv p\u00e5 ett ibland oansenligt s\u00e4tt. Och i v\u00e4rlden i stort","robots":{"index":"index","follow":"follow","max-snippet":"max-snippet:-1","max-image-preview":"max-image-preview:large","max-video-preview":"max-video-preview:-1"},"canonical":"https:\/\/blogg.svenskakyrkan.se\/vandravagen\/2023\/05\/30\/helig-ande-i-hjartat-och-helig-anda-omkring-oss\/","og_locale":"sv_SE","og_type":"article","og_title":"Helig Ande i hj\u00e4rtat och helig Anda omkring oss - Vandra V\u00e4gen","og_description":"Tomas Jarvids predikan p\u00e5 annandag pingst 2023 om hur Guds heliga Ande verkar i v\u00e5ra liv p\u00e5 ett ibland oansenligt s\u00e4tt. Och i v\u00e4rlden i stort","og_url":"https:\/\/blogg.svenskakyrkan.se\/vandravagen\/2023\/05\/30\/helig-ande-i-hjartat-och-helig-anda-omkring-oss\/","og_site_name":"Vandra V\u00e4gen","article_publisher":"http:\/\/facebook.com\/vandravagen","article_published_time":"2023-05-30T05:00:00+00:00","og_image":[{"width":786,"height":884,"url":"https:\/\/blogg.svenskakyrkan.se\/vandravagen\/files\/2023\/05\/IMG_5483.jpg","type":"image\/jpeg"}],"author":"Tomas Jarvid","twitter_card":"summary_large_image","twitter_creator":"@fadertomas","twitter_site":"@fadertomas","twitter_misc":{"Skriven av":"Tomas Jarvid","Ber\u00e4knad l\u00e4stid":"9 minuter"},"schema":{"@context":"https:\/\/schema.org","@graph":[{"@type":"Article","@id":"https:\/\/blogg.svenskakyrkan.se\/vandravagen\/2023\/05\/30\/helig-ande-i-hjartat-och-helig-anda-omkring-oss\/#article","isPartOf":{"@id":"https:\/\/blogg.svenskakyrkan.se\/vandravagen\/2023\/05\/30\/helig-ande-i-hjartat-och-helig-anda-omkring-oss\/"},"author":{"name":"Tomas Jarvid","@id":"https:\/\/blogg.svenskakyrkan.se\/vandravagen\/#\/schema\/person\/25da02d4f76b137d04291711e2c9fc16"},"headline":"Helig Ande i hj\u00e4rtat och helig Anda omkring oss","datePublished":"2023-05-30T05:00:00+00:00","mainEntityOfPage":{"@id":"https:\/\/blogg.svenskakyrkan.se\/vandravagen\/2023\/05\/30\/helig-ande-i-hjartat-och-helig-anda-omkring-oss\/"},"wordCount":1883,"commentCount":0,"publisher":{"@id":"https:\/\/blogg.svenskakyrkan.se\/vandravagen\/#organization"},"image":{"@id":"https:\/\/blogg.svenskakyrkan.se\/vandravagen\/2023\/05\/30\/helig-ande-i-hjartat-och-helig-anda-omkring-oss\/#primaryimage"},"thumbnailUrl":"https:\/\/blogg.svenskakyrkan.se\/vandravagen\/files\/2023\/05\/IMG_5483.jpg","keywords":["anden","annandag pingst","bibeln","den heliga anden","Jesus","kristen","kristen tro","kyrka","kyrkan","pingst","predikan"],"articleSection":["kyrko\u00e5ret","predikan"],"inLanguage":"sv-SE","potentialAction":[{"@type":"CommentAction","name":"Comment","target":["https:\/\/blogg.svenskakyrkan.se\/vandravagen\/2023\/05\/30\/helig-ande-i-hjartat-och-helig-anda-omkring-oss\/#respond"]}]},{"@type":"WebPage","@id":"https:\/\/blogg.svenskakyrkan.se\/vandravagen\/2023\/05\/30\/helig-ande-i-hjartat-och-helig-anda-omkring-oss\/","url":"https:\/\/blogg.svenskakyrkan.se\/vandravagen\/2023\/05\/30\/helig-ande-i-hjartat-och-helig-anda-omkring-oss\/","name":"Helig Ande i hj\u00e4rtat och helig Anda omkring oss - Vandra V\u00e4gen","isPartOf":{"@id":"https:\/\/blogg.svenskakyrkan.se\/vandravagen\/#website"},"primaryImageOfPage":{"@id":"https:\/\/blogg.svenskakyrkan.se\/vandravagen\/2023\/05\/30\/helig-ande-i-hjartat-och-helig-anda-omkring-oss\/#primaryimage"},"image":{"@id":"https:\/\/blogg.svenskakyrkan.se\/vandravagen\/2023\/05\/30\/helig-ande-i-hjartat-och-helig-anda-omkring-oss\/#primaryimage"},"thumbnailUrl":"https:\/\/blogg.svenskakyrkan.se\/vandravagen\/files\/2023\/05\/IMG_5483.jpg","datePublished":"2023-05-30T05:00:00+00:00","description":"Tomas Jarvids predikan p\u00e5 annandag pingst 2023 om hur Guds heliga Ande verkar i v\u00e5ra liv p\u00e5 ett ibland oansenligt s\u00e4tt. Och i v\u00e4rlden i stort","breadcrumb":{"@id":"https:\/\/blogg.svenskakyrkan.se\/vandravagen\/2023\/05\/30\/helig-ande-i-hjartat-och-helig-anda-omkring-oss\/#breadcrumb"},"inLanguage":"sv-SE","potentialAction":[{"@type":"ReadAction","target":["https:\/\/blogg.svenskakyrkan.se\/vandravagen\/2023\/05\/30\/helig-ande-i-hjartat-och-helig-anda-omkring-oss\/"]}]},{"@type":"ImageObject","inLanguage":"sv-SE","@id":"https:\/\/blogg.svenskakyrkan.se\/vandravagen\/2023\/05\/30\/helig-ande-i-hjartat-och-helig-anda-omkring-oss\/#primaryimage","url":"https:\/\/blogg.svenskakyrkan.se\/vandravagen\/files\/2023\/05\/IMG_5483.jpg","contentUrl":"https:\/\/blogg.svenskakyrkan.se\/vandravagen\/files\/2023\/05\/IMG_5483.jpg","width":786,"height":884,"caption":"Gammal bild p\u00e5 eld \u00f6ver havet."},{"@type":"BreadcrumbList","@id":"https:\/\/blogg.svenskakyrkan.se\/vandravagen\/2023\/05\/30\/helig-ande-i-hjartat-och-helig-anda-omkring-oss\/#breadcrumb","itemListElement":[{"@type":"ListItem","position":1,"name":"Hem","item":"https:\/\/blogg.svenskakyrkan.se\/vandravagen\/"},{"@type":"ListItem","position":2,"name":"anden","item":"https:\/\/blogg.svenskakyrkan.se\/vandravagen\/tag\/anden\/"},{"@type":"ListItem","position":3,"name":"Helig Ande i hj\u00e4rtat och helig Anda omkring oss"}]},{"@type":"WebSite","@id":"https:\/\/blogg.svenskakyrkan.se\/vandravagen\/#website","url":"https:\/\/blogg.svenskakyrkan.se\/vandravagen\/","name":"Vandra V\u00e4gen","description":"-Mot en tro f\u00f6r hela livet","publisher":{"@id":"https:\/\/blogg.svenskakyrkan.se\/vandravagen\/#organization"},"potentialAction":[{"@type":"SearchAction","target":{"@type":"EntryPoint","urlTemplate":"https:\/\/blogg.svenskakyrkan.se\/vandravagen\/?s={search_term_string}"},"query-input":{"@type":"PropertyValueSpecification","valueRequired":true,"valueName":"search_term_string"}}],"inLanguage":"sv-SE"},{"@type":"Organization","@id":"https:\/\/blogg.svenskakyrkan.se\/vandravagen\/#organization","name":"ulricehamns pastorat","alternateName":"ulricehamns pastorat","url":"https:\/\/blogg.svenskakyrkan.se\/vandravagen\/","logo":{"@type":"ImageObject","inLanguage":"sv-SE","@id":"https:\/\/blogg.svenskakyrkan.se\/vandravagen\/#\/schema\/logo\/image\/","url":"https:\/\/blogg.svenskakyrkan.se\/vandravagen\/files\/2023\/05\/Ulr_logo_RGB.png","contentUrl":"https:\/\/blogg.svenskakyrkan.se\/vandravagen\/files\/2023\/05\/Ulr_logo_RGB.png","width":205,"height":77,"caption":"ulricehamns pastorat"},"image":{"@id":"https:\/\/blogg.svenskakyrkan.se\/vandravagen\/#\/schema\/logo\/image\/"},"sameAs":["http:\/\/facebook.com\/vandravagen","https:\/\/x.com\/fadertomas","http:\/\/www.facebook.com\/svenskakyrkaniulricehamn"]},{"@type":"Person","@id":"https:\/\/blogg.svenskakyrkan.se\/vandravagen\/#\/schema\/person\/25da02d4f76b137d04291711e2c9fc16","name":"Tomas Jarvid","image":{"@type":"ImageObject","inLanguage":"sv-SE","@id":"https:\/\/blogg.svenskakyrkan.se\/vandravagen\/#\/schema\/person\/image\/","url":"https:\/\/secure.gravatar.com\/avatar\/7fa71899795e8f540f615a1f5ab25255dc27aa40f05ee7ddd21aac521e01bf50?s=96&d=identicon&r=g","contentUrl":"https:\/\/secure.gravatar.com\/avatar\/7fa71899795e8f540f615a1f5ab25255dc27aa40f05ee7ddd21aac521e01bf50?s=96&d=identicon&r=g","caption":"Tomas Jarvid"},"description":"Jag bor i Ulricehamn i V\u00e4sterg\u00f6tland och \u00e4r f\u00f6rsamlingspr\u00e4st i Svenska Kyrkan f\u00f6r Dalstorps f\u00f6rsamling i Kinds pastorat. P\u00e5 den h\u00e4r bloggen skriver jag ner tankar om vandringen som kristen.","sameAs":["http:\/\/www.vandravagen.se"],"url":"https:\/\/blogg.svenskakyrkan.se\/vandravagen\/author\/vandravagen\/"}]}},"author_meta":{"ID":"392","user_nicename":"vandravagen","user_url":"http:\/\/www.vandravagen.se","user_registered":"2014-05-19 05:44:52","display_name":"Tomas Jarvid","first_name":"Tomas","last_name":"Jarvid","avatar":"https:\/\/secure.gravatar.com\/avatar\/7fa71899795e8f540f615a1f5ab25255dc27aa40f05ee7ddd21aac521e01bf50?s=96&d=identicon&r=g"},"featured_image":["https:\/\/blogg.svenskakyrkan.se\/vandravagen\/files\/2023\/05\/IMG_5483.jpg",786,884,false],"bloginfo":{"name":"Vandra V\u00e4gen","url":"https:\/\/blogg.svenskakyrkan.se\/vandravagen"},"_links":{"self":[{"href":"https:\/\/blogg.svenskakyrkan.se\/vandravagen\/wp-json\/wp\/v2\/posts\/9419","targetHints":{"allow":["GET"]}}],"collection":[{"href":"https:\/\/blogg.svenskakyrkan.se\/vandravagen\/wp-json\/wp\/v2\/posts"}],"about":[{"href":"https:\/\/blogg.svenskakyrkan.se\/vandravagen\/wp-json\/wp\/v2\/types\/post"}],"author":[{"embeddable":true,"href":"https:\/\/blogg.svenskakyrkan.se\/vandravagen\/wp-json\/wp\/v2\/users\/392"}],"replies":[{"embeddable":true,"href":"https:\/\/blogg.svenskakyrkan.se\/vandravagen\/wp-json\/wp\/v2\/comments?post=9419"}],"version-history":[{"count":1,"href":"https:\/\/blogg.svenskakyrkan.se\/vandravagen\/wp-json\/wp\/v2\/posts\/9419\/revisions"}],"predecessor-version":[{"id":9421,"href":"https:\/\/blogg.svenskakyrkan.se\/vandravagen\/wp-json\/wp\/v2\/posts\/9419\/revisions\/9421"}],"wp:featuredmedia":[{"embeddable":true,"href":"https:\/\/blogg.svenskakyrkan.se\/vandravagen\/wp-json\/wp\/v2\/media\/9420"}],"wp:attachment":[{"href":"https:\/\/blogg.svenskakyrkan.se\/vandravagen\/wp-json\/wp\/v2\/media?parent=9419"}],"wp:term":[{"taxonomy":"category","embeddable":true,"href":"https:\/\/blogg.svenskakyrkan.se\/vandravagen\/wp-json\/wp\/v2\/categories?post=9419"},{"taxonomy":"post_tag","embeddable":true,"href":"https:\/\/blogg.svenskakyrkan.se\/vandravagen\/wp-json\/wp\/v2\/tags?post=9419"}],"curies":[{"name":"wp","href":"https:\/\/api.w.org\/{rel}","templated":true}]}}