{"id":9463,"date":"2023-07-03T07:00:00","date_gmt":"2023-07-03T05:00:00","guid":{"rendered":"https:\/\/blogg.svenskakyrkan.se\/vandravagen\/?p=9463"},"modified":"2023-07-02T22:36:16","modified_gmt":"2023-07-02T20:36:16","slug":"9-blandade-tankar-pa-mandagen-21","status":"publish","type":"post","link":"https:\/\/blogg.svenskakyrkan.se\/vandravagen\/2023\/07\/03\/9-blandade-tankar-pa-mandagen-21\/","title":{"rendered":"9 blandade tankar p\u00e5 m\u00e5ndagen"},"content":{"rendered":"\n<figure class=\"wp-block-image size-large\"><img loading=\"lazy\" decoding=\"async\" width=\"1024\" height=\"768\" src=\"https:\/\/blogg.svenskakyrkan.se\/vandravagen\/files\/2023\/07\/tunnel-1024x768.jpg\" alt=\"\" class=\"wp-image-9464\" srcset=\"https:\/\/blogg.svenskakyrkan.se\/vandravagen\/files\/2023\/07\/tunnel-1024x768.jpg 1024w, https:\/\/blogg.svenskakyrkan.se\/vandravagen\/files\/2023\/07\/tunnel-300x225.jpg 300w, https:\/\/blogg.svenskakyrkan.se\/vandravagen\/files\/2023\/07\/tunnel-768x576.jpg 768w, https:\/\/blogg.svenskakyrkan.se\/vandravagen\/files\/2023\/07\/tunnel-1536x1152.jpg 1536w, https:\/\/blogg.svenskakyrkan.se\/vandravagen\/files\/2023\/07\/tunnel-2048x1536.jpg 2048w, https:\/\/blogg.svenskakyrkan.se\/vandravagen\/files\/2023\/07\/tunnel-1200x900.jpg 1200w\" sizes=\"auto, (max-width: 1024px) 100vw, 1024px\" \/><figcaption class=\"wp-element-caption\">V\u00e5r gamla t\u00e5gtunnel vid \u00c5sunden g\u00f6r sig alltid bra p\u00e5 kort. Nu med smultron och bl\u00e5b\u00e4r i sn\u00e5ren.<\/figcaption><\/figure>\n\n\n\n<ol class=\"wp-block-list\">\n<li>Glad m\u00e5ndag k\u00e4ra l\u00e4sare!<\/li>\n<\/ol>\n\n\n\n<p>2. \u00c5terigen lite f\u00f6rsenade blandade tankar. Det har varit v\u00e4ldigt mycket i helgen. Tre intensiva konfirmandveckor f\u00f6ljt av konfirmationsgudstj\u00e4nster och ig\u00e5r h\u00f6gm\u00e4ssa. <\/p>\n\n\n\n<p>3. Predikan kommer h\u00e4r i vanlig ordning i n\u00e4sta bloggpost. Det var roligt att predika ig\u00e5r. Och en vanlig gudstj\u00e4nst k\u00e4ndes v\u00e4ldigt okomplicerad j\u00e4mf\u00f6rt med allt som h\u00e4nder i en konfirmation med m\u00e4ssa.<\/p>\n\n\n\n<p>4. Konfirmanderna var v\u00e4ldigt duktiga. De sk\u00f6tte egentligen det mesta av konfirmationen, de h\u00f6ll inledningsord och talade om gott, ont och f\u00f6rl\u00e5telse, sk\u00f6tte predika i form av drama och annat och var med vid nattvarden. De sa v\u00e4ldigt mycket kloka saker s\u00e5 det verkar som att de verkligen f\u00f6rst\u00e5tt mycket vad tron handlar om. Och f\u00f6rsamlingen lyssnar helt klar med mer spetsade \u00f6ron n\u00e4r det \u00e4r ungdomarna sj\u00e4lva som talar.<\/p>\n\n\n\n<p>5. Konfirmationstiden \u00e4r \u00f6ver huvud taget en bra grej. Det k\u00e4nns som att det \u00e4r ganska ovanligt med s\u00e5na h\u00e4r forum f\u00f6r unga m\u00e4nniskor att t\u00e4nka kring livet. Det kunde gott alla f\u00f6r\u00e4ldrar \u00f6nska sina barn.<\/p>\n\n\n\n<p>6. Min bror och hans barn \u00e4r h\u00e4r p\u00e5 bes\u00f6k. Det \u00e4r v\u00e4ldigt roligt. Undrar vad man kan hitta p\u00e5 att g\u00f6ra i trakten i regnv\u00e4dret. <\/p>\n\n\n\n<p>7. Det \u00e4r tv\u00e5 veckor kvar till semestern. Det \u00e4r egentligen bara roliga saker som h\u00e4nder i kyrkan p\u00e5 sommaren s\u00e5 det g\u00e5r ingen n\u00f6d p\u00e5 mig med att jobba men som f\u00f6r alla andra f\u00f6r\u00e4ldrar \u00e4r det sv\u00e5rt att f\u00e5 till n\u00e5gorlunda vettiga dagar f\u00f6r barnen hemma samtidigt.<\/p>\n\n\n\n<p>8. Idag ska jag skaffa mitt f\u00f6rsta gymkort n\u00e5gonsin. Det \u00e4r lite l\u00e4skigt f\u00f6r det \u00e4r jag inte van vid men det \u00e4r nog bra om jag ska bli stark som f\u00f6rr i h\u00f6gerarmen. Jag har f\u00e5tt r\u00e4tt bra r\u00f6rlighet nu tycker jag men h\u00f6ger \u00e4r helt klart svagare \u00e4n v\u00e4nster \u00e4n.<\/p>\n\n\n\n<p>9. Hur har du det i sommaren? Skriv en rad och ber\u00e4tta!<\/p>\n\n\n\n<p><\/p>\n\n\n\n<p><\/p>\n\n\n<div id=\"latest-posts-block_743ecc5cd1963678367ea937346fc8e6\"  class=\"b-latest-posts alignfull\">\n    \n    \n    <div class=\"wp-block-query alignfull is-layout-flow wp-block-query-is-layout-flow\">\n        <h2>Senaste inl\u00e4gg<\/h2>\n        <ul class=\"is-flex-container columns-3 alignfull latest-posts__content wp-block-post-template is-layout-flow wp-block-post-template-is-layout-flow\"><li class=\"wp-block-post post-10799 post type-post status-publish format-standard has-post-thumbnail hentry category-pask category-predikan tag-bibeln tag-grogu tag-hitta-ut tag-jesus tag-kristen tag-kristen-tro tag-kyrka tag-kyrkan tag-mandalorian tag-orienterare tag-orientering tag-pask tag-predikan tag-process tag-skapelsen tag-star-wars tag-starwars tag-stig tag-the-mandalorian tag-vag tag-vagen tag-vandring\">\n            \n            <div class=\"wp-block-group post__content is-layout-flow wp-block-group-is-layout-flow\">\n                <figure style=\"margin-bottom:var(--wp--preset--spacing--50);\" class=\"wp-block-post-featured-image\"><a href=\"https:\/\/blogg.svenskakyrkan.se\/vandravagen\/2026\/04\/27\/detta-ar-vagen\/\" target=\"_self\"  ><img loading=\"lazy\" decoding=\"async\" width=\"2048\" height=\"1593\" src=\"https:\/\/blogg.svenskakyrkan.se\/vandravagen\/files\/2026\/04\/fiskafanget.jpg\" class=\"attachment-post-thumbnail size-post-thumbnail wp-post-image\" alt=\"&#8221;Detta \u00e4r v\u00e4gen&#8221;\" style=\"object-fit:cover;\" srcset=\"https:\/\/blogg.svenskakyrkan.se\/vandravagen\/files\/2026\/04\/fiskafanget.jpg 2048w, https:\/\/blogg.svenskakyrkan.se\/vandravagen\/files\/2026\/04\/fiskafanget-300x233.jpg 300w, https:\/\/blogg.svenskakyrkan.se\/vandravagen\/files\/2026\/04\/fiskafanget-1024x797.jpg 1024w, https:\/\/blogg.svenskakyrkan.se\/vandravagen\/files\/2026\/04\/fiskafanget-768x597.jpg 768w, https:\/\/blogg.svenskakyrkan.se\/vandravagen\/files\/2026\/04\/fiskafanget-1536x1195.jpg 1536w, https:\/\/blogg.svenskakyrkan.se\/vandravagen\/files\/2026\/04\/fiskafanget-1200x933.jpg 1200w\" sizes=\"auto, (max-width: 2048px) 100vw, 2048px\" \/><\/a><\/figure>\n                <h2 class=\"wp-block-post-title has-h-3-font-size\"><a href=\"https:\/\/blogg.svenskakyrkan.se\/vandravagen\/2026\/04\/27\/detta-ar-vagen\/\" target=\"_self\" >&#8221;Detta \u00e4r v\u00e4gen&#8221;<\/a><\/h2>\n                <div class=\"wp-block-post-date\"><time datetime=\"2026-04-27T21:50:48+02:00\">27 april, 2026<\/time><\/div>\n                <div class=\"wp-block-post-excerpt\"><p class=\"wp-block-post-excerpt__excerpt\">Min predikan om Jesus som v\u00e4gen. Och lite starwars&#8230;<\/p><\/div>\n            <\/div>\n            \n        <\/li><li class=\"wp-block-post post-10801 post type-post status-publish format-standard has-post-thumbnail hentry category-blandat\">\n            \n            <div class=\"wp-block-group post__content is-layout-flow wp-block-group-is-layout-flow\">\n                <figure style=\"margin-bottom:var(--wp--preset--spacing--50);\" class=\"wp-block-post-featured-image\"><a href=\"https:\/\/blogg.svenskakyrkan.se\/vandravagen\/2026\/04\/26\/7-blandade-tankar-pa-fjarde-pasksondagen\/\" target=\"_self\"  ><img loading=\"lazy\" decoding=\"async\" width=\"505\" height=\"590\" src=\"https:\/\/blogg.svenskakyrkan.se\/vandravagen\/files\/2026\/04\/ikonmalaren-thamar.jpg\" class=\"attachment-post-thumbnail size-post-thumbnail wp-post-image\" alt=\"7 blandade tankar p\u00e5 fj\u00e4rde p\u00e5sks\u00f6ndagen\" style=\"object-fit:cover;\" srcset=\"https:\/\/blogg.svenskakyrkan.se\/vandravagen\/files\/2026\/04\/ikonmalaren-thamar.jpg 505w, https:\/\/blogg.svenskakyrkan.se\/vandravagen\/files\/2026\/04\/ikonmalaren-thamar-300x350.jpg 300w\" sizes=\"auto, (max-width: 505px) 100vw, 505px\" \/><\/a><\/figure>\n                <h2 class=\"wp-block-post-title has-h-3-font-size\"><a href=\"https:\/\/blogg.svenskakyrkan.se\/vandravagen\/2026\/04\/26\/7-blandade-tankar-pa-fjarde-pasksondagen\/\" target=\"_self\" >7 blandade tankar p\u00e5 fj\u00e4rde p\u00e5sks\u00f6ndagen<\/a><\/h2>\n                <div class=\"wp-block-post-date\"><time datetime=\"2026-04-26T22:59:45+02:00\">26 april, 2026<\/time><\/div>\n                <div class=\"wp-block-post-excerpt\"><p class=\"wp-block-post-excerpt__excerpt\">Ny s\u00f6ndag, nya blandade tankar!<\/p><\/div>\n            <\/div>\n            \n        <\/li><li class=\"wp-block-post post-10796 post type-post status-publish format-standard has-post-thumbnail hentry category-blandat\">\n            \n            <div class=\"wp-block-group post__content is-layout-flow wp-block-group-is-layout-flow\">\n                <figure style=\"margin-bottom:var(--wp--preset--spacing--50);\" class=\"wp-block-post-featured-image\"><a href=\"https:\/\/blogg.svenskakyrkan.se\/vandravagen\/2026\/04\/20\/11-blandade-tankar-pa-fodelsedagen\/\" target=\"_self\"  ><img loading=\"lazy\" decoding=\"async\" width=\"983\" height=\"821\" src=\"https:\/\/blogg.svenskakyrkan.se\/vandravagen\/files\/2026\/04\/armborst.jpg\" class=\"attachment-post-thumbnail size-post-thumbnail wp-post-image\" alt=\"11 blandade tankar p\u00e5 f\u00f6delsedagen\" style=\"object-fit:cover;\" srcset=\"https:\/\/blogg.svenskakyrkan.se\/vandravagen\/files\/2026\/04\/armborst.jpg 983w, https:\/\/blogg.svenskakyrkan.se\/vandravagen\/files\/2026\/04\/armborst-300x251.jpg 300w, https:\/\/blogg.svenskakyrkan.se\/vandravagen\/files\/2026\/04\/armborst-768x641.jpg 768w\" sizes=\"auto, (max-width: 983px) 100vw, 983px\" \/><\/a><\/figure>\n                <h2 class=\"wp-block-post-title has-h-3-font-size\"><a href=\"https:\/\/blogg.svenskakyrkan.se\/vandravagen\/2026\/04\/20\/11-blandade-tankar-pa-fodelsedagen\/\" target=\"_self\" >11 blandade tankar p\u00e5 f\u00f6delsedagen<\/a><\/h2>\n                <div class=\"wp-block-post-date\"><time datetime=\"2026-04-20T21:48:56+02:00\">20 april, 2026<\/time><\/div>\n                <div class=\"wp-block-post-excerpt\"><p class=\"wp-block-post-excerpt__excerpt\">Ny f\u00f6delsedag, nya blandade tankar!<\/p><\/div>\n            <\/div>\n            \n        <\/li><\/ul>\n        \n    <\/div>\n    <\/div>\n","protected":false},"excerpt":{"rendered":"<p>2. \u00c5terigen lite f\u00f6rsenade blandade tankar. Det har varit v\u00e4ldigt mycket i helgen. Tre intensiva konfirmandveckor f\u00f6ljt av konfirmationsgudstj\u00e4nster och ig\u00e5r h\u00f6gm\u00e4ssa. 3. Predikan kommer h\u00e4r i vanlig ordning i n\u00e4sta bloggpost. Det var roligt att predika ig\u00e5r. Och en vanlig gudstj\u00e4nst k\u00e4ndes v\u00e4ldigt okomplicerad j\u00e4mf\u00f6rt med allt som h\u00e4nder i en konfirmation med m\u00e4ssa. [&hellip;]<\/p>\n","protected":false},"author":392,"featured_media":9464,"comment_status":"open","ping_status":"open","sticky":false,"template":"","format":"standard","meta":{"_acf_changed":false,"footnotes":""},"categories":[9],"tags":[],"class_list":["post-9463","post","type-post","status-publish","format-standard","has-post-thumbnail","hentry","category-okategoriserade"],"acf":[],"yoast_head":"<!-- This site is optimized with the Yoast SEO plugin v27.1.1 - https:\/\/yoast.com\/product\/yoast-seo-wordpress\/ -->\n<title>9 blandade tankar p\u00e5 m\u00e5ndagen - Vandra V\u00e4gen<\/title>\n<meta name=\"robots\" content=\"index, follow, max-snippet:-1, max-image-preview:large, max-video-preview:-1\" \/>\n<link rel=\"canonical\" href=\"https:\/\/blogg.svenskakyrkan.se\/vandravagen\/2023\/07\/03\/9-blandade-tankar-pa-mandagen-21\/\" \/>\n<meta property=\"og:locale\" content=\"sv_SE\" \/>\n<meta property=\"og:type\" content=\"article\" \/>\n<meta property=\"og:title\" content=\"9 blandade tankar p\u00e5 m\u00e5ndagen - Vandra V\u00e4gen\" \/>\n<meta property=\"og:description\" content=\"2. \u00c5terigen lite f\u00f6rsenade blandade tankar. Det har varit v\u00e4ldigt mycket i helgen. Tre intensiva konfirmandveckor f\u00f6ljt av konfirmationsgudstj\u00e4nster och ig\u00e5r h\u00f6gm\u00e4ssa. 3. Predikan kommer h\u00e4r i vanlig ordning i n\u00e4sta bloggpost. Det var roligt att predika ig\u00e5r. Och en vanlig gudstj\u00e4nst k\u00e4ndes v\u00e4ldigt okomplicerad j\u00e4mf\u00f6rt med allt som h\u00e4nder i en konfirmation med m\u00e4ssa. [&hellip;]\" \/>\n<meta property=\"og:url\" content=\"https:\/\/blogg.svenskakyrkan.se\/vandravagen\/2023\/07\/03\/9-blandade-tankar-pa-mandagen-21\/\" \/>\n<meta property=\"og:site_name\" content=\"Vandra V\u00e4gen\" \/>\n<meta property=\"article:publisher\" content=\"http:\/\/facebook.com\/vandravagen\" \/>\n<meta property=\"article:published_time\" content=\"2023-07-03T05:00:00+00:00\" \/>\n<meta property=\"og:image\" content=\"https:\/\/blogg.svenskakyrkan.se\/vandravagen\/files\/2023\/07\/tunnel-scaled.jpg\" \/>\n\t<meta property=\"og:image:width\" content=\"2560\" \/>\n\t<meta property=\"og:image:height\" content=\"1920\" \/>\n\t<meta property=\"og:image:type\" content=\"image\/jpeg\" \/>\n<meta name=\"author\" content=\"Tomas Jarvid\" \/>\n<meta name=\"twitter:card\" content=\"summary_large_image\" \/>\n<meta name=\"twitter:creator\" content=\"@fadertomas\" \/>\n<meta name=\"twitter:site\" content=\"@fadertomas\" \/>\n<meta name=\"twitter:label1\" content=\"Skriven av\" \/>\n\t<meta name=\"twitter:data1\" content=\"Tomas Jarvid\" \/>\n\t<meta name=\"twitter:label2\" content=\"Ber\u00e4knad l\u00e4stid\" \/>\n\t<meta name=\"twitter:data2\" content=\"2 minuter\" \/>\n<script type=\"application\/ld+json\" class=\"yoast-schema-graph\">{\"@context\":\"https:\/\/schema.org\",\"@graph\":[{\"@type\":\"Article\",\"@id\":\"https:\/\/blogg.svenskakyrkan.se\/vandravagen\/2023\/07\/03\/9-blandade-tankar-pa-mandagen-21\/#article\",\"isPartOf\":{\"@id\":\"https:\/\/blogg.svenskakyrkan.se\/vandravagen\/2023\/07\/03\/9-blandade-tankar-pa-mandagen-21\/\"},\"author\":{\"name\":\"Tomas Jarvid\",\"@id\":\"https:\/\/blogg.svenskakyrkan.se\/vandravagen\/#\/schema\/person\/25da02d4f76b137d04291711e2c9fc16\"},\"headline\":\"9 blandade tankar p\u00e5 m\u00e5ndagen\",\"datePublished\":\"2023-07-03T05:00:00+00:00\",\"mainEntityOfPage\":{\"@id\":\"https:\/\/blogg.svenskakyrkan.se\/vandravagen\/2023\/07\/03\/9-blandade-tankar-pa-mandagen-21\/\"},\"wordCount\":391,\"commentCount\":4,\"publisher\":{\"@id\":\"https:\/\/blogg.svenskakyrkan.se\/vandravagen\/#organization\"},\"image\":{\"@id\":\"https:\/\/blogg.svenskakyrkan.se\/vandravagen\/2023\/07\/03\/9-blandade-tankar-pa-mandagen-21\/#primaryimage\"},\"thumbnailUrl\":\"https:\/\/blogg.svenskakyrkan.se\/vandravagen\/files\/2023\/07\/tunnel-scaled.jpg\",\"inLanguage\":\"sv-SE\",\"potentialAction\":[{\"@type\":\"CommentAction\",\"name\":\"Comment\",\"target\":[\"https:\/\/blogg.svenskakyrkan.se\/vandravagen\/2023\/07\/03\/9-blandade-tankar-pa-mandagen-21\/#respond\"]}]},{\"@type\":\"WebPage\",\"@id\":\"https:\/\/blogg.svenskakyrkan.se\/vandravagen\/2023\/07\/03\/9-blandade-tankar-pa-mandagen-21\/\",\"url\":\"https:\/\/blogg.svenskakyrkan.se\/vandravagen\/2023\/07\/03\/9-blandade-tankar-pa-mandagen-21\/\",\"name\":\"9 blandade tankar p\u00e5 m\u00e5ndagen - Vandra V\u00e4gen\",\"isPartOf\":{\"@id\":\"https:\/\/blogg.svenskakyrkan.se\/vandravagen\/#website\"},\"primaryImageOfPage\":{\"@id\":\"https:\/\/blogg.svenskakyrkan.se\/vandravagen\/2023\/07\/03\/9-blandade-tankar-pa-mandagen-21\/#primaryimage\"},\"image\":{\"@id\":\"https:\/\/blogg.svenskakyrkan.se\/vandravagen\/2023\/07\/03\/9-blandade-tankar-pa-mandagen-21\/#primaryimage\"},\"thumbnailUrl\":\"https:\/\/blogg.svenskakyrkan.se\/vandravagen\/files\/2023\/07\/tunnel-scaled.jpg\",\"datePublished\":\"2023-07-03T05:00:00+00:00\",\"breadcrumb\":{\"@id\":\"https:\/\/blogg.svenskakyrkan.se\/vandravagen\/2023\/07\/03\/9-blandade-tankar-pa-mandagen-21\/#breadcrumb\"},\"inLanguage\":\"sv-SE\",\"potentialAction\":[{\"@type\":\"ReadAction\",\"target\":[\"https:\/\/blogg.svenskakyrkan.se\/vandravagen\/2023\/07\/03\/9-blandade-tankar-pa-mandagen-21\/\"]}]},{\"@type\":\"ImageObject\",\"inLanguage\":\"sv-SE\",\"@id\":\"https:\/\/blogg.svenskakyrkan.se\/vandravagen\/2023\/07\/03\/9-blandade-tankar-pa-mandagen-21\/#primaryimage\",\"url\":\"https:\/\/blogg.svenskakyrkan.se\/vandravagen\/files\/2023\/07\/tunnel-scaled.jpg\",\"contentUrl\":\"https:\/\/blogg.svenskakyrkan.se\/vandravagen\/files\/2023\/07\/tunnel-scaled.jpg\",\"width\":2560,\"height\":1920},{\"@type\":\"BreadcrumbList\",\"@id\":\"https:\/\/blogg.svenskakyrkan.se\/vandravagen\/2023\/07\/03\/9-blandade-tankar-pa-mandagen-21\/#breadcrumb\",\"itemListElement\":[{\"@type\":\"ListItem\",\"position\":1,\"name\":\"Hem\",\"item\":\"https:\/\/blogg.svenskakyrkan.se\/vandravagen\/\"},{\"@type\":\"ListItem\",\"position\":2,\"name\":\"9 blandade tankar p\u00e5 m\u00e5ndagen\"}]},{\"@type\":\"WebSite\",\"@id\":\"https:\/\/blogg.svenskakyrkan.se\/vandravagen\/#website\",\"url\":\"https:\/\/blogg.svenskakyrkan.se\/vandravagen\/\",\"name\":\"Vandra V\u00e4gen\",\"description\":\"-Mot en tro f\u00f6r hela livet\",\"publisher\":{\"@id\":\"https:\/\/blogg.svenskakyrkan.se\/vandravagen\/#organization\"},\"potentialAction\":[{\"@type\":\"SearchAction\",\"target\":{\"@type\":\"EntryPoint\",\"urlTemplate\":\"https:\/\/blogg.svenskakyrkan.se\/vandravagen\/?s={search_term_string}\"},\"query-input\":{\"@type\":\"PropertyValueSpecification\",\"valueRequired\":true,\"valueName\":\"search_term_string\"}}],\"inLanguage\":\"sv-SE\"},{\"@type\":\"Organization\",\"@id\":\"https:\/\/blogg.svenskakyrkan.se\/vandravagen\/#organization\",\"name\":\"ulricehamns pastorat\",\"alternateName\":\"ulricehamns pastorat\",\"url\":\"https:\/\/blogg.svenskakyrkan.se\/vandravagen\/\",\"logo\":{\"@type\":\"ImageObject\",\"inLanguage\":\"sv-SE\",\"@id\":\"https:\/\/blogg.svenskakyrkan.se\/vandravagen\/#\/schema\/logo\/image\/\",\"url\":\"https:\/\/blogg.svenskakyrkan.se\/vandravagen\/files\/2023\/05\/Ulr_logo_RGB.png\",\"contentUrl\":\"https:\/\/blogg.svenskakyrkan.se\/vandravagen\/files\/2023\/05\/Ulr_logo_RGB.png\",\"width\":205,\"height\":77,\"caption\":\"ulricehamns pastorat\"},\"image\":{\"@id\":\"https:\/\/blogg.svenskakyrkan.se\/vandravagen\/#\/schema\/logo\/image\/\"},\"sameAs\":[\"http:\/\/facebook.com\/vandravagen\",\"https:\/\/x.com\/fadertomas\",\"http:\/\/www.facebook.com\/svenskakyrkaniulricehamn\"]},{\"@type\":\"Person\",\"@id\":\"https:\/\/blogg.svenskakyrkan.se\/vandravagen\/#\/schema\/person\/25da02d4f76b137d04291711e2c9fc16\",\"name\":\"Tomas Jarvid\",\"image\":{\"@type\":\"ImageObject\",\"inLanguage\":\"sv-SE\",\"@id\":\"https:\/\/blogg.svenskakyrkan.se\/vandravagen\/#\/schema\/person\/image\/\",\"url\":\"https:\/\/secure.gravatar.com\/avatar\/7fa71899795e8f540f615a1f5ab25255dc27aa40f05ee7ddd21aac521e01bf50?s=96&d=identicon&r=g\",\"contentUrl\":\"https:\/\/secure.gravatar.com\/avatar\/7fa71899795e8f540f615a1f5ab25255dc27aa40f05ee7ddd21aac521e01bf50?s=96&d=identicon&r=g\",\"caption\":\"Tomas Jarvid\"},\"description\":\"Jag bor i Ulricehamn i V\u00e4sterg\u00f6tland och \u00e4r f\u00f6rsamlingspr\u00e4st i Svenska Kyrkan f\u00f6r Dalstorps f\u00f6rsamling i Kinds pastorat. P\u00e5 den h\u00e4r bloggen skriver jag ner tankar om vandringen som kristen.\",\"sameAs\":[\"http:\/\/www.vandravagen.se\"],\"url\":\"https:\/\/blogg.svenskakyrkan.se\/vandravagen\/author\/vandravagen\/\"}]}<\/script>\n<!-- \/ Yoast SEO plugin. -->","yoast_head_json":{"title":"9 blandade tankar p\u00e5 m\u00e5ndagen - Vandra V\u00e4gen","robots":{"index":"index","follow":"follow","max-snippet":"max-snippet:-1","max-image-preview":"max-image-preview:large","max-video-preview":"max-video-preview:-1"},"canonical":"https:\/\/blogg.svenskakyrkan.se\/vandravagen\/2023\/07\/03\/9-blandade-tankar-pa-mandagen-21\/","og_locale":"sv_SE","og_type":"article","og_title":"9 blandade tankar p\u00e5 m\u00e5ndagen - Vandra V\u00e4gen","og_description":"2. \u00c5terigen lite f\u00f6rsenade blandade tankar. Det har varit v\u00e4ldigt mycket i helgen. Tre intensiva konfirmandveckor f\u00f6ljt av konfirmationsgudstj\u00e4nster och ig\u00e5r h\u00f6gm\u00e4ssa. 3. Predikan kommer h\u00e4r i vanlig ordning i n\u00e4sta bloggpost. Det var roligt att predika ig\u00e5r. Och en vanlig gudstj\u00e4nst k\u00e4ndes v\u00e4ldigt okomplicerad j\u00e4mf\u00f6rt med allt som h\u00e4nder i en konfirmation med m\u00e4ssa. [&hellip;]","og_url":"https:\/\/blogg.svenskakyrkan.se\/vandravagen\/2023\/07\/03\/9-blandade-tankar-pa-mandagen-21\/","og_site_name":"Vandra V\u00e4gen","article_publisher":"http:\/\/facebook.com\/vandravagen","article_published_time":"2023-07-03T05:00:00+00:00","og_image":[{"width":2560,"height":1920,"url":"https:\/\/blogg.svenskakyrkan.se\/vandravagen\/files\/2023\/07\/tunnel-scaled.jpg","type":"image\/jpeg"}],"author":"Tomas Jarvid","twitter_card":"summary_large_image","twitter_creator":"@fadertomas","twitter_site":"@fadertomas","twitter_misc":{"Skriven av":"Tomas Jarvid","Ber\u00e4knad l\u00e4stid":"2 minuter"},"schema":{"@context":"https:\/\/schema.org","@graph":[{"@type":"Article","@id":"https:\/\/blogg.svenskakyrkan.se\/vandravagen\/2023\/07\/03\/9-blandade-tankar-pa-mandagen-21\/#article","isPartOf":{"@id":"https:\/\/blogg.svenskakyrkan.se\/vandravagen\/2023\/07\/03\/9-blandade-tankar-pa-mandagen-21\/"},"author":{"name":"Tomas Jarvid","@id":"https:\/\/blogg.svenskakyrkan.se\/vandravagen\/#\/schema\/person\/25da02d4f76b137d04291711e2c9fc16"},"headline":"9 blandade tankar p\u00e5 m\u00e5ndagen","datePublished":"2023-07-03T05:00:00+00:00","mainEntityOfPage":{"@id":"https:\/\/blogg.svenskakyrkan.se\/vandravagen\/2023\/07\/03\/9-blandade-tankar-pa-mandagen-21\/"},"wordCount":391,"commentCount":4,"publisher":{"@id":"https:\/\/blogg.svenskakyrkan.se\/vandravagen\/#organization"},"image":{"@id":"https:\/\/blogg.svenskakyrkan.se\/vandravagen\/2023\/07\/03\/9-blandade-tankar-pa-mandagen-21\/#primaryimage"},"thumbnailUrl":"https:\/\/blogg.svenskakyrkan.se\/vandravagen\/files\/2023\/07\/tunnel-scaled.jpg","inLanguage":"sv-SE","potentialAction":[{"@type":"CommentAction","name":"Comment","target":["https:\/\/blogg.svenskakyrkan.se\/vandravagen\/2023\/07\/03\/9-blandade-tankar-pa-mandagen-21\/#respond"]}]},{"@type":"WebPage","@id":"https:\/\/blogg.svenskakyrkan.se\/vandravagen\/2023\/07\/03\/9-blandade-tankar-pa-mandagen-21\/","url":"https:\/\/blogg.svenskakyrkan.se\/vandravagen\/2023\/07\/03\/9-blandade-tankar-pa-mandagen-21\/","name":"9 blandade tankar p\u00e5 m\u00e5ndagen - Vandra V\u00e4gen","isPartOf":{"@id":"https:\/\/blogg.svenskakyrkan.se\/vandravagen\/#website"},"primaryImageOfPage":{"@id":"https:\/\/blogg.svenskakyrkan.se\/vandravagen\/2023\/07\/03\/9-blandade-tankar-pa-mandagen-21\/#primaryimage"},"image":{"@id":"https:\/\/blogg.svenskakyrkan.se\/vandravagen\/2023\/07\/03\/9-blandade-tankar-pa-mandagen-21\/#primaryimage"},"thumbnailUrl":"https:\/\/blogg.svenskakyrkan.se\/vandravagen\/files\/2023\/07\/tunnel-scaled.jpg","datePublished":"2023-07-03T05:00:00+00:00","breadcrumb":{"@id":"https:\/\/blogg.svenskakyrkan.se\/vandravagen\/2023\/07\/03\/9-blandade-tankar-pa-mandagen-21\/#breadcrumb"},"inLanguage":"sv-SE","potentialAction":[{"@type":"ReadAction","target":["https:\/\/blogg.svenskakyrkan.se\/vandravagen\/2023\/07\/03\/9-blandade-tankar-pa-mandagen-21\/"]}]},{"@type":"ImageObject","inLanguage":"sv-SE","@id":"https:\/\/blogg.svenskakyrkan.se\/vandravagen\/2023\/07\/03\/9-blandade-tankar-pa-mandagen-21\/#primaryimage","url":"https:\/\/blogg.svenskakyrkan.se\/vandravagen\/files\/2023\/07\/tunnel-scaled.jpg","contentUrl":"https:\/\/blogg.svenskakyrkan.se\/vandravagen\/files\/2023\/07\/tunnel-scaled.jpg","width":2560,"height":1920},{"@type":"BreadcrumbList","@id":"https:\/\/blogg.svenskakyrkan.se\/vandravagen\/2023\/07\/03\/9-blandade-tankar-pa-mandagen-21\/#breadcrumb","itemListElement":[{"@type":"ListItem","position":1,"name":"Hem","item":"https:\/\/blogg.svenskakyrkan.se\/vandravagen\/"},{"@type":"ListItem","position":2,"name":"9 blandade tankar p\u00e5 m\u00e5ndagen"}]},{"@type":"WebSite","@id":"https:\/\/blogg.svenskakyrkan.se\/vandravagen\/#website","url":"https:\/\/blogg.svenskakyrkan.se\/vandravagen\/","name":"Vandra V\u00e4gen","description":"-Mot en tro f\u00f6r hela livet","publisher":{"@id":"https:\/\/blogg.svenskakyrkan.se\/vandravagen\/#organization"},"potentialAction":[{"@type":"SearchAction","target":{"@type":"EntryPoint","urlTemplate":"https:\/\/blogg.svenskakyrkan.se\/vandravagen\/?s={search_term_string}"},"query-input":{"@type":"PropertyValueSpecification","valueRequired":true,"valueName":"search_term_string"}}],"inLanguage":"sv-SE"},{"@type":"Organization","@id":"https:\/\/blogg.svenskakyrkan.se\/vandravagen\/#organization","name":"ulricehamns pastorat","alternateName":"ulricehamns pastorat","url":"https:\/\/blogg.svenskakyrkan.se\/vandravagen\/","logo":{"@type":"ImageObject","inLanguage":"sv-SE","@id":"https:\/\/blogg.svenskakyrkan.se\/vandravagen\/#\/schema\/logo\/image\/","url":"https:\/\/blogg.svenskakyrkan.se\/vandravagen\/files\/2023\/05\/Ulr_logo_RGB.png","contentUrl":"https:\/\/blogg.svenskakyrkan.se\/vandravagen\/files\/2023\/05\/Ulr_logo_RGB.png","width":205,"height":77,"caption":"ulricehamns pastorat"},"image":{"@id":"https:\/\/blogg.svenskakyrkan.se\/vandravagen\/#\/schema\/logo\/image\/"},"sameAs":["http:\/\/facebook.com\/vandravagen","https:\/\/x.com\/fadertomas","http:\/\/www.facebook.com\/svenskakyrkaniulricehamn"]},{"@type":"Person","@id":"https:\/\/blogg.svenskakyrkan.se\/vandravagen\/#\/schema\/person\/25da02d4f76b137d04291711e2c9fc16","name":"Tomas Jarvid","image":{"@type":"ImageObject","inLanguage":"sv-SE","@id":"https:\/\/blogg.svenskakyrkan.se\/vandravagen\/#\/schema\/person\/image\/","url":"https:\/\/secure.gravatar.com\/avatar\/7fa71899795e8f540f615a1f5ab25255dc27aa40f05ee7ddd21aac521e01bf50?s=96&d=identicon&r=g","contentUrl":"https:\/\/secure.gravatar.com\/avatar\/7fa71899795e8f540f615a1f5ab25255dc27aa40f05ee7ddd21aac521e01bf50?s=96&d=identicon&r=g","caption":"Tomas Jarvid"},"description":"Jag bor i Ulricehamn i V\u00e4sterg\u00f6tland och \u00e4r f\u00f6rsamlingspr\u00e4st i Svenska Kyrkan f\u00f6r Dalstorps f\u00f6rsamling i Kinds pastorat. P\u00e5 den h\u00e4r bloggen skriver jag ner tankar om vandringen som kristen.","sameAs":["http:\/\/www.vandravagen.se"],"url":"https:\/\/blogg.svenskakyrkan.se\/vandravagen\/author\/vandravagen\/"}]}},"author_meta":{"ID":"392","user_nicename":"vandravagen","user_url":"http:\/\/www.vandravagen.se","user_registered":"2014-05-19 05:44:52","display_name":"Tomas Jarvid","first_name":"Tomas","last_name":"Jarvid","avatar":"https:\/\/secure.gravatar.com\/avatar\/7fa71899795e8f540f615a1f5ab25255dc27aa40f05ee7ddd21aac521e01bf50?s=96&d=identicon&r=g"},"featured_image":["https:\/\/blogg.svenskakyrkan.se\/vandravagen\/files\/2023\/07\/tunnel-1024x768.jpg",1024,768,true],"bloginfo":{"name":"Vandra V\u00e4gen","url":"https:\/\/blogg.svenskakyrkan.se\/vandravagen"},"_links":{"self":[{"href":"https:\/\/blogg.svenskakyrkan.se\/vandravagen\/wp-json\/wp\/v2\/posts\/9463","targetHints":{"allow":["GET"]}}],"collection":[{"href":"https:\/\/blogg.svenskakyrkan.se\/vandravagen\/wp-json\/wp\/v2\/posts"}],"about":[{"href":"https:\/\/blogg.svenskakyrkan.se\/vandravagen\/wp-json\/wp\/v2\/types\/post"}],"author":[{"embeddable":true,"href":"https:\/\/blogg.svenskakyrkan.se\/vandravagen\/wp-json\/wp\/v2\/users\/392"}],"replies":[{"embeddable":true,"href":"https:\/\/blogg.svenskakyrkan.se\/vandravagen\/wp-json\/wp\/v2\/comments?post=9463"}],"version-history":[{"count":1,"href":"https:\/\/blogg.svenskakyrkan.se\/vandravagen\/wp-json\/wp\/v2\/posts\/9463\/revisions"}],"predecessor-version":[{"id":9465,"href":"https:\/\/blogg.svenskakyrkan.se\/vandravagen\/wp-json\/wp\/v2\/posts\/9463\/revisions\/9465"}],"wp:featuredmedia":[{"embeddable":true,"href":"https:\/\/blogg.svenskakyrkan.se\/vandravagen\/wp-json\/wp\/v2\/media\/9464"}],"wp:attachment":[{"href":"https:\/\/blogg.svenskakyrkan.se\/vandravagen\/wp-json\/wp\/v2\/media?parent=9463"}],"wp:term":[{"taxonomy":"category","embeddable":true,"href":"https:\/\/blogg.svenskakyrkan.se\/vandravagen\/wp-json\/wp\/v2\/categories?post=9463"},{"taxonomy":"post_tag","embeddable":true,"href":"https:\/\/blogg.svenskakyrkan.se\/vandravagen\/wp-json\/wp\/v2\/tags?post=9463"}],"curies":[{"name":"wp","href":"https:\/\/api.w.org\/{rel}","templated":true}]}}