{"id":9659,"date":"2024-01-04T18:19:41","date_gmt":"2024-01-04T17:19:41","guid":{"rendered":"https:\/\/blogg.svenskakyrkan.se\/vandravagen\/?p=9659"},"modified":"2024-01-04T18:19:43","modified_gmt":"2024-01-04T17:19:43","slug":"hedra","status":"publish","type":"post","link":"https:\/\/blogg.svenskakyrkan.se\/vandravagen\/2024\/01\/04\/hedra\/","title":{"rendered":"Hedra"},"content":{"rendered":"\n<p class=\"is-style-intro\">Poesi p\u00e5 Vandra V\u00e4gen.<\/p>\n\n\n\n<figure class=\"wp-block-image size-large\"><img loading=\"lazy\" decoding=\"async\" width=\"1024\" height=\"1365\" src=\"https:\/\/blogg.svenskakyrkan.se\/vandravagen\/files\/2023\/12\/IMG_7476-1024x1365.jpg\" alt=\"\" class=\"wp-image-9675\" srcset=\"https:\/\/blogg.svenskakyrkan.se\/vandravagen\/files\/2023\/12\/IMG_7476-1024x1365.jpg 1024w, https:\/\/blogg.svenskakyrkan.se\/vandravagen\/files\/2023\/12\/IMG_7476-300x400.jpg 300w, https:\/\/blogg.svenskakyrkan.se\/vandravagen\/files\/2023\/12\/IMG_7476-768x1024.jpg 768w, https:\/\/blogg.svenskakyrkan.se\/vandravagen\/files\/2023\/12\/IMG_7476-1152x1536.jpg 1152w, https:\/\/blogg.svenskakyrkan.se\/vandravagen\/files\/2023\/12\/IMG_7476-1536x2048.jpg 1536w, https:\/\/blogg.svenskakyrkan.se\/vandravagen\/files\/2023\/12\/IMG_7476-1200x1600.jpg 1200w, https:\/\/blogg.svenskakyrkan.se\/vandravagen\/files\/2023\/12\/IMG_7476-scaled.jpg 1920w\" sizes=\"auto, (max-width: 1024px) 100vw, 1024px\" \/><\/figure>\n\n\n\n<p><strong>Hedra<\/strong><\/p>\n\n\n\n<p>Min definiton<\/p>\n\n\n\n<p>av att hedra n\u00e5gon:<\/p>\n\n\n\n<p>N\u00e4r man inte kan g\u00f6ra gott mot den man respekterar<\/p>\n\n\n\n<p>f\u00e5r man g\u00f6ra det mot dem<\/p>\n\n\n\n<p>som finns till hands<\/p>\n\n\n\n<p>som stand-in.<\/p>\n\n\n\n<p>K\u00e4rlek best\u00e5r<\/p>\n\n\n\n<p>mellan 20% och 100%<\/p>\n\n\n\n<p>av det.<\/p>\n\n\n\n<p>Gissar jag.<\/p>\n\n\n\n<p> S\u00e5 enklaste s\u00e4ttet<\/p>\n\n\n\n<p>att \u00e4lska<\/p>\n\n\n\n<p>mer \u00e4r<\/p>\n\n\n\n<p>att hedra mer.<\/p>\n\n\n<div id=\"related-posts-block_22d79bd7be4c36f80a0a2c957f517e68\"  class=\"b-related-posts alignfull\">\n    <div class=\"acf-innerblocks-container\">\n\n<h2 class=\"wp-block-heading\">Liknande inl\u00e4gg<\/h2>\n\n<\/div>\n    \n    \n    <div class=\"wp-block-query alignfull is-layout-flow wp-block-query-is-layout-flow\">\n        <ul class=\"is-flex-container columns-3 alignfull related-posts__content wp-block-post-template is-layout-flow wp-block-post-template-is-layout-flow\"><li class=\"wp-block-post post-10490 post type-post status-publish format-standard has-post-thumbnail hentry category-poesi tag-bibeln tag-dikt tag-forlorad tag-jesaja tag-jesus tag-kristen tag-kristen-tro tag-kyrkan tag-poesi tag-sjal tag-ve\">\n            \n            <div class=\"wp-block-group post__content is-layout-flow wp-block-group-is-layout-flow\">\n                <figure style=\"margin-bottom:var(--wp--preset--spacing--50);\" class=\"wp-block-post-featured-image\"><a href=\"https:\/\/blogg.svenskakyrkan.se\/vandravagen\/2025\/10\/29\/ve-mig\/\" target=\"_self\"  ><img loading=\"lazy\" decoding=\"async\" width=\"750\" height=\"592\" src=\"https:\/\/blogg.svenskakyrkan.se\/vandravagen\/files\/2025\/05\/prophet-isaiah-1968.jpgLarge.jpg\" class=\"attachment-post-thumbnail size-post-thumbnail wp-post-image\" alt=\"Ve mig\" style=\"object-fit:cover;\" srcset=\"https:\/\/blogg.svenskakyrkan.se\/vandravagen\/files\/2025\/05\/prophet-isaiah-1968.jpgLarge.jpg 750w, https:\/\/blogg.svenskakyrkan.se\/vandravagen\/files\/2025\/05\/prophet-isaiah-1968.jpgLarge-300x237.jpg 300w\" sizes=\"auto, (max-width: 750px) 100vw, 750px\" \/><\/a><\/figure>\n                <h2 class=\"wp-block-post-title has-h-3-font-size\"><a href=\"https:\/\/blogg.svenskakyrkan.se\/vandravagen\/2025\/10\/29\/ve-mig\/\" target=\"_self\" >Ve mig<\/a><\/h2>\n                <div class=\"wp-block-post-date\"><time datetime=\"2025-10-29T09:13:13+01:00\">29 oktober, 2025<\/time><\/div>\n                <div class=\"wp-block-post-excerpt\"><p class=\"wp-block-post-excerpt__excerpt\">Poesi p\u00e5 Vandra V\u00e4gen<\/p><\/div>\n            <\/div>\n            \n        <\/li><li class=\"wp-block-post post-10486 post type-post status-publish format-standard has-post-thumbnail hentry category-poesi tag-bibeln tag-bud tag-budgivning tag-jesus tag-kristen tag-kristen-tro tag-kyrka tag-kyrkan tag-sedd tag-talamod tag-tarning\">\n            \n            <div class=\"wp-block-group post__content is-layout-flow wp-block-group-is-layout-flow\">\n                <figure style=\"margin-bottom:var(--wp--preset--spacing--50);\" class=\"wp-block-post-featured-image\"><a href=\"https:\/\/blogg.svenskakyrkan.se\/vandravagen\/2025\/05\/23\/ett-bud\/\" target=\"_self\"  ><img loading=\"lazy\" decoding=\"async\" width=\"2009\" height=\"2293\" src=\"https:\/\/blogg.svenskakyrkan.se\/vandravagen\/files\/2025\/05\/IMG_7241.jpg\" class=\"attachment-post-thumbnail size-post-thumbnail wp-post-image\" alt=\"Ett bud\" style=\"object-fit:cover;\" srcset=\"https:\/\/blogg.svenskakyrkan.se\/vandravagen\/files\/2025\/05\/IMG_7241.jpg 2009w, https:\/\/blogg.svenskakyrkan.se\/vandravagen\/files\/2025\/05\/IMG_7241-300x342.jpg 300w, https:\/\/blogg.svenskakyrkan.se\/vandravagen\/files\/2025\/05\/IMG_7241-1024x1169.jpg 1024w, https:\/\/blogg.svenskakyrkan.se\/vandravagen\/files\/2025\/05\/IMG_7241-768x877.jpg 768w, https:\/\/blogg.svenskakyrkan.se\/vandravagen\/files\/2025\/05\/IMG_7241-1346x1536.jpg 1346w, https:\/\/blogg.svenskakyrkan.se\/vandravagen\/files\/2025\/05\/IMG_7241-1794x2048.jpg 1794w, https:\/\/blogg.svenskakyrkan.se\/vandravagen\/files\/2025\/05\/IMG_7241-1200x1370.jpg 1200w\" sizes=\"auto, (max-width: 2009px) 100vw, 2009px\" \/><\/a><\/figure>\n                <h2 class=\"wp-block-post-title has-h-3-font-size\"><a href=\"https:\/\/blogg.svenskakyrkan.se\/vandravagen\/2025\/05\/23\/ett-bud\/\" target=\"_self\" >Ett bud<\/a><\/h2>\n                <div class=\"wp-block-post-date\"><time datetime=\"2025-05-23T08:22:33+02:00\">23 maj, 2025<\/time><\/div>\n                <div class=\"wp-block-post-excerpt\"><p class=\"wp-block-post-excerpt__excerpt\">Poesi p\u00e5 Vandra V\u00e4gen<\/p><\/div>\n            <\/div>\n            \n        <\/li><li class=\"wp-block-post post-10420 post type-post status-publish format-standard has-post-thumbnail hentry category-poesi tag-dikt tag-fallen tag-jesus tag-kristen tag-kristen-tro tag-kyrka tag-kyrkan tag-ljus tag-poesi tag-syndafallet\">\n            \n            <div class=\"wp-block-group post__content is-layout-flow wp-block-group-is-layout-flow\">\n                <figure style=\"margin-bottom:var(--wp--preset--spacing--50);\" class=\"wp-block-post-featured-image\"><a href=\"https:\/\/blogg.svenskakyrkan.se\/vandravagen\/2025\/04\/08\/fallen\/\" target=\"_self\"  ><img loading=\"lazy\" decoding=\"async\" width=\"750\" height=\"768\" src=\"https:\/\/blogg.svenskakyrkan.se\/vandravagen\/files\/2025\/04\/IMG_2370.jpg\" class=\"attachment-post-thumbnail size-post-thumbnail wp-post-image\" alt=\"Fallen\" style=\"object-fit:cover;\" srcset=\"https:\/\/blogg.svenskakyrkan.se\/vandravagen\/files\/2025\/04\/IMG_2370.jpg 750w, https:\/\/blogg.svenskakyrkan.se\/vandravagen\/files\/2025\/04\/IMG_2370-300x307.jpg 300w\" sizes=\"auto, (max-width: 750px) 100vw, 750px\" \/><\/a><\/figure>\n                <h2 class=\"wp-block-post-title has-h-3-font-size\"><a href=\"https:\/\/blogg.svenskakyrkan.se\/vandravagen\/2025\/04\/08\/fallen\/\" target=\"_self\" >Fallen<\/a><\/h2>\n                <div class=\"wp-block-post-date\"><time datetime=\"2025-04-08T08:42:54+02:00\">8 april, 2025<\/time><\/div>\n                <div class=\"wp-block-post-excerpt\"><p class=\"wp-block-post-excerpt__excerpt\">Poesi p\u00e5 Vandra V\u00e4genAlla tror p\u00e5 den fallna m\u00e4nniskan. Alla som satt ett l\u00e5s p\u00e5 n\u00e5got. Alla som tvekar att s\u00e4tta barn till v\u00e4rlden. Alla som satt p\u00e5 sig en mask som p\u00e5 samma g\u00e5ng \u00e4r skydd och f\u00f6rkl\u00e4dnad.Det sv\u00e5ra \u00e4r att tro en m\u00e4nniska kan resa sig igen. Sv\u00e5rt[\u2026]<\/p><\/div>\n            <\/div>\n            \n        <\/li><\/ul>\n        \n    <\/div>\n    <\/div>\n","protected":false},"excerpt":{"rendered":"<p>Poesi p\u00e5 Vandra V\u00e4gen. Hedra Min definiton av att hedra n\u00e5gon: N\u00e4r man inte kan g\u00f6ra gott mot den man respekterar f\u00e5r man g\u00f6ra det mot dem som finns till hands som stand-in. K\u00e4rlek best\u00e5r mellan 20% och 100% av det. Gissar jag. S\u00e5 enklaste s\u00e4ttet att \u00e4lska mer \u00e4r att hedra mer.<\/p>\n","protected":false},"author":392,"featured_media":9675,"comment_status":"open","ping_status":"open","sticky":false,"template":"","format":"standard","meta":{"_acf_changed":false,"footnotes":""},"categories":[17159],"tags":[84263,83878,84176,83880,83879,83890,84325],"class_list":["post-9659","post","type-post","status-publish","format-standard","has-post-thumbnail","hentry","category-poesi","tag-alska","tag-jesus","tag-karlek","tag-kristen","tag-kristen-tro","tag-kyrkan","tag-poesi"],"acf":[],"yoast_head":"<!-- This site is optimized with the Yoast SEO plugin v27.1.1 - https:\/\/yoast.com\/product\/yoast-seo-wordpress\/ -->\n<title>Hedra - Vandra V\u00e4gen<\/title>\n<meta name=\"description\" content=\"Dikt av Tomas Jarvid om k\u00e4rlek och vad det \u00e4r att hedra n\u00e5gon.\" \/>\n<meta name=\"robots\" content=\"index, follow, max-snippet:-1, max-image-preview:large, max-video-preview:-1\" \/>\n<link rel=\"canonical\" href=\"https:\/\/blogg.svenskakyrkan.se\/vandravagen\/2024\/01\/04\/hedra\/\" \/>\n<meta property=\"og:locale\" content=\"sv_SE\" \/>\n<meta property=\"og:type\" content=\"article\" \/>\n<meta property=\"og:title\" content=\"Hedra - Vandra V\u00e4gen\" \/>\n<meta property=\"og:description\" content=\"Dikt av Tomas Jarvid om k\u00e4rlek och vad det \u00e4r att hedra n\u00e5gon.\" \/>\n<meta property=\"og:url\" content=\"https:\/\/blogg.svenskakyrkan.se\/vandravagen\/2024\/01\/04\/hedra\/\" \/>\n<meta property=\"og:site_name\" content=\"Vandra V\u00e4gen\" \/>\n<meta property=\"article:publisher\" content=\"http:\/\/facebook.com\/vandravagen\" \/>\n<meta property=\"article:published_time\" content=\"2024-01-04T17:19:41+00:00\" \/>\n<meta property=\"article:modified_time\" content=\"2024-01-04T17:19:43+00:00\" \/>\n<meta property=\"og:image\" content=\"http:\/\/blogg.svenskakyrkan.se\/vandravagen\/files\/2023\/12\/IMG_7476-scaled.jpg\" \/>\n\t<meta property=\"og:image:width\" content=\"1920\" \/>\n\t<meta property=\"og:image:height\" content=\"2560\" \/>\n\t<meta property=\"og:image:type\" content=\"image\/jpeg\" \/>\n<meta name=\"author\" content=\"Tomas Jarvid\" \/>\n<meta name=\"twitter:card\" content=\"summary_large_image\" \/>\n<meta name=\"twitter:creator\" content=\"@fadertomas\" \/>\n<meta name=\"twitter:site\" content=\"@fadertomas\" \/>\n<meta name=\"twitter:label1\" content=\"Skriven av\" \/>\n\t<meta name=\"twitter:data1\" content=\"Tomas Jarvid\" \/>\n\t<meta name=\"twitter:label2\" content=\"Ber\u00e4knad l\u00e4stid\" \/>\n\t<meta name=\"twitter:data2\" content=\"1 minut\" \/>\n<script type=\"application\/ld+json\" class=\"yoast-schema-graph\">{\"@context\":\"https:\/\/schema.org\",\"@graph\":[{\"@type\":\"Article\",\"@id\":\"https:\/\/blogg.svenskakyrkan.se\/vandravagen\/2024\/01\/04\/hedra\/#article\",\"isPartOf\":{\"@id\":\"https:\/\/blogg.svenskakyrkan.se\/vandravagen\/2024\/01\/04\/hedra\/\"},\"author\":{\"name\":\"Tomas Jarvid\",\"@id\":\"https:\/\/blogg.svenskakyrkan.se\/vandravagen\/#\/schema\/person\/25da02d4f76b137d04291711e2c9fc16\"},\"headline\":\"Hedra\",\"datePublished\":\"2024-01-04T17:19:41+00:00\",\"dateModified\":\"2024-01-04T17:19:43+00:00\",\"mainEntityOfPage\":{\"@id\":\"https:\/\/blogg.svenskakyrkan.se\/vandravagen\/2024\/01\/04\/hedra\/\"},\"wordCount\":64,\"commentCount\":2,\"publisher\":{\"@id\":\"https:\/\/blogg.svenskakyrkan.se\/vandravagen\/#organization\"},\"image\":{\"@id\":\"https:\/\/blogg.svenskakyrkan.se\/vandravagen\/2024\/01\/04\/hedra\/#primaryimage\"},\"thumbnailUrl\":\"https:\/\/blogg.svenskakyrkan.se\/vandravagen\/files\/2023\/12\/IMG_7476-scaled.jpg\",\"keywords\":[\"\u00e4lska\",\"Jesus\",\"k\u00e4rlek\",\"kristen\",\"kristen tro\",\"kyrkan\",\"poesi\"],\"articleSection\":[\"poesi\"],\"inLanguage\":\"sv-SE\",\"potentialAction\":[{\"@type\":\"CommentAction\",\"name\":\"Comment\",\"target\":[\"https:\/\/blogg.svenskakyrkan.se\/vandravagen\/2024\/01\/04\/hedra\/#respond\"]}]},{\"@type\":\"WebPage\",\"@id\":\"https:\/\/blogg.svenskakyrkan.se\/vandravagen\/2024\/01\/04\/hedra\/\",\"url\":\"https:\/\/blogg.svenskakyrkan.se\/vandravagen\/2024\/01\/04\/hedra\/\",\"name\":\"Hedra - Vandra V\u00e4gen\",\"isPartOf\":{\"@id\":\"https:\/\/blogg.svenskakyrkan.se\/vandravagen\/#website\"},\"primaryImageOfPage\":{\"@id\":\"https:\/\/blogg.svenskakyrkan.se\/vandravagen\/2024\/01\/04\/hedra\/#primaryimage\"},\"image\":{\"@id\":\"https:\/\/blogg.svenskakyrkan.se\/vandravagen\/2024\/01\/04\/hedra\/#primaryimage\"},\"thumbnailUrl\":\"https:\/\/blogg.svenskakyrkan.se\/vandravagen\/files\/2023\/12\/IMG_7476-scaled.jpg\",\"datePublished\":\"2024-01-04T17:19:41+00:00\",\"dateModified\":\"2024-01-04T17:19:43+00:00\",\"description\":\"Dikt av Tomas Jarvid om k\u00e4rlek och vad det \u00e4r att hedra n\u00e5gon.\",\"breadcrumb\":{\"@id\":\"https:\/\/blogg.svenskakyrkan.se\/vandravagen\/2024\/01\/04\/hedra\/#breadcrumb\"},\"inLanguage\":\"sv-SE\",\"potentialAction\":[{\"@type\":\"ReadAction\",\"target\":[\"https:\/\/blogg.svenskakyrkan.se\/vandravagen\/2024\/01\/04\/hedra\/\"]}]},{\"@type\":\"ImageObject\",\"inLanguage\":\"sv-SE\",\"@id\":\"https:\/\/blogg.svenskakyrkan.se\/vandravagen\/2024\/01\/04\/hedra\/#primaryimage\",\"url\":\"https:\/\/blogg.svenskakyrkan.se\/vandravagen\/files\/2023\/12\/IMG_7476-scaled.jpg\",\"contentUrl\":\"https:\/\/blogg.svenskakyrkan.se\/vandravagen\/files\/2023\/12\/IMG_7476-scaled.jpg\",\"width\":1920,\"height\":2560,\"caption\":\"Lyfta h\u00e4nder mot himlen.\"},{\"@type\":\"BreadcrumbList\",\"@id\":\"https:\/\/blogg.svenskakyrkan.se\/vandravagen\/2024\/01\/04\/hedra\/#breadcrumb\",\"itemListElement\":[{\"@type\":\"ListItem\",\"position\":1,\"name\":\"Hem\",\"item\":\"https:\/\/blogg.svenskakyrkan.se\/vandravagen\/\"},{\"@type\":\"ListItem\",\"position\":2,\"name\":\"\u00e4lska\",\"item\":\"https:\/\/blogg.svenskakyrkan.se\/vandravagen\/tag\/alska\/\"},{\"@type\":\"ListItem\",\"position\":3,\"name\":\"Hedra\"}]},{\"@type\":\"WebSite\",\"@id\":\"https:\/\/blogg.svenskakyrkan.se\/vandravagen\/#website\",\"url\":\"https:\/\/blogg.svenskakyrkan.se\/vandravagen\/\",\"name\":\"Vandra V\u00e4gen\",\"description\":\"-Mot en tro f\u00f6r hela livet\",\"publisher\":{\"@id\":\"https:\/\/blogg.svenskakyrkan.se\/vandravagen\/#organization\"},\"potentialAction\":[{\"@type\":\"SearchAction\",\"target\":{\"@type\":\"EntryPoint\",\"urlTemplate\":\"https:\/\/blogg.svenskakyrkan.se\/vandravagen\/?s={search_term_string}\"},\"query-input\":{\"@type\":\"PropertyValueSpecification\",\"valueRequired\":true,\"valueName\":\"search_term_string\"}}],\"inLanguage\":\"sv-SE\"},{\"@type\":\"Organization\",\"@id\":\"https:\/\/blogg.svenskakyrkan.se\/vandravagen\/#organization\",\"name\":\"ulricehamns pastorat\",\"alternateName\":\"ulricehamns pastorat\",\"url\":\"https:\/\/blogg.svenskakyrkan.se\/vandravagen\/\",\"logo\":{\"@type\":\"ImageObject\",\"inLanguage\":\"sv-SE\",\"@id\":\"https:\/\/blogg.svenskakyrkan.se\/vandravagen\/#\/schema\/logo\/image\/\",\"url\":\"https:\/\/blogg.svenskakyrkan.se\/vandravagen\/files\/2023\/05\/Ulr_logo_RGB.png\",\"contentUrl\":\"https:\/\/blogg.svenskakyrkan.se\/vandravagen\/files\/2023\/05\/Ulr_logo_RGB.png\",\"width\":205,\"height\":77,\"caption\":\"ulricehamns pastorat\"},\"image\":{\"@id\":\"https:\/\/blogg.svenskakyrkan.se\/vandravagen\/#\/schema\/logo\/image\/\"},\"sameAs\":[\"http:\/\/facebook.com\/vandravagen\",\"https:\/\/x.com\/fadertomas\",\"http:\/\/www.facebook.com\/svenskakyrkaniulricehamn\"]},{\"@type\":\"Person\",\"@id\":\"https:\/\/blogg.svenskakyrkan.se\/vandravagen\/#\/schema\/person\/25da02d4f76b137d04291711e2c9fc16\",\"name\":\"Tomas Jarvid\",\"image\":{\"@type\":\"ImageObject\",\"inLanguage\":\"sv-SE\",\"@id\":\"https:\/\/blogg.svenskakyrkan.se\/vandravagen\/#\/schema\/person\/image\/\",\"url\":\"https:\/\/secure.gravatar.com\/avatar\/7fa71899795e8f540f615a1f5ab25255dc27aa40f05ee7ddd21aac521e01bf50?s=96&d=identicon&r=g\",\"contentUrl\":\"https:\/\/secure.gravatar.com\/avatar\/7fa71899795e8f540f615a1f5ab25255dc27aa40f05ee7ddd21aac521e01bf50?s=96&d=identicon&r=g\",\"caption\":\"Tomas Jarvid\"},\"description\":\"Jag bor i Ulricehamn i V\u00e4sterg\u00f6tland och \u00e4r f\u00f6rsamlingspr\u00e4st i Svenska Kyrkan f\u00f6r Dalstorps f\u00f6rsamling i Kinds pastorat. P\u00e5 den h\u00e4r bloggen skriver jag ner tankar om vandringen som kristen.\",\"sameAs\":[\"http:\/\/www.vandravagen.se\"],\"url\":\"https:\/\/blogg.svenskakyrkan.se\/vandravagen\/author\/vandravagen\/\"}]}<\/script>\n<!-- \/ Yoast SEO plugin. -->","yoast_head_json":{"title":"Hedra - Vandra V\u00e4gen","description":"Dikt av Tomas Jarvid om k\u00e4rlek och vad det \u00e4r att hedra n\u00e5gon.","robots":{"index":"index","follow":"follow","max-snippet":"max-snippet:-1","max-image-preview":"max-image-preview:large","max-video-preview":"max-video-preview:-1"},"canonical":"https:\/\/blogg.svenskakyrkan.se\/vandravagen\/2024\/01\/04\/hedra\/","og_locale":"sv_SE","og_type":"article","og_title":"Hedra - Vandra V\u00e4gen","og_description":"Dikt av Tomas Jarvid om k\u00e4rlek och vad det \u00e4r att hedra n\u00e5gon.","og_url":"https:\/\/blogg.svenskakyrkan.se\/vandravagen\/2024\/01\/04\/hedra\/","og_site_name":"Vandra V\u00e4gen","article_publisher":"http:\/\/facebook.com\/vandravagen","article_published_time":"2024-01-04T17:19:41+00:00","article_modified_time":"2024-01-04T17:19:43+00:00","og_image":[{"width":1920,"height":2560,"url":"http:\/\/blogg.svenskakyrkan.se\/vandravagen\/files\/2023\/12\/IMG_7476-scaled.jpg","type":"image\/jpeg"}],"author":"Tomas Jarvid","twitter_card":"summary_large_image","twitter_creator":"@fadertomas","twitter_site":"@fadertomas","twitter_misc":{"Skriven av":"Tomas Jarvid","Ber\u00e4knad l\u00e4stid":"1 minut"},"schema":{"@context":"https:\/\/schema.org","@graph":[{"@type":"Article","@id":"https:\/\/blogg.svenskakyrkan.se\/vandravagen\/2024\/01\/04\/hedra\/#article","isPartOf":{"@id":"https:\/\/blogg.svenskakyrkan.se\/vandravagen\/2024\/01\/04\/hedra\/"},"author":{"name":"Tomas Jarvid","@id":"https:\/\/blogg.svenskakyrkan.se\/vandravagen\/#\/schema\/person\/25da02d4f76b137d04291711e2c9fc16"},"headline":"Hedra","datePublished":"2024-01-04T17:19:41+00:00","dateModified":"2024-01-04T17:19:43+00:00","mainEntityOfPage":{"@id":"https:\/\/blogg.svenskakyrkan.se\/vandravagen\/2024\/01\/04\/hedra\/"},"wordCount":64,"commentCount":2,"publisher":{"@id":"https:\/\/blogg.svenskakyrkan.se\/vandravagen\/#organization"},"image":{"@id":"https:\/\/blogg.svenskakyrkan.se\/vandravagen\/2024\/01\/04\/hedra\/#primaryimage"},"thumbnailUrl":"https:\/\/blogg.svenskakyrkan.se\/vandravagen\/files\/2023\/12\/IMG_7476-scaled.jpg","keywords":["\u00e4lska","Jesus","k\u00e4rlek","kristen","kristen tro","kyrkan","poesi"],"articleSection":["poesi"],"inLanguage":"sv-SE","potentialAction":[{"@type":"CommentAction","name":"Comment","target":["https:\/\/blogg.svenskakyrkan.se\/vandravagen\/2024\/01\/04\/hedra\/#respond"]}]},{"@type":"WebPage","@id":"https:\/\/blogg.svenskakyrkan.se\/vandravagen\/2024\/01\/04\/hedra\/","url":"https:\/\/blogg.svenskakyrkan.se\/vandravagen\/2024\/01\/04\/hedra\/","name":"Hedra - Vandra V\u00e4gen","isPartOf":{"@id":"https:\/\/blogg.svenskakyrkan.se\/vandravagen\/#website"},"primaryImageOfPage":{"@id":"https:\/\/blogg.svenskakyrkan.se\/vandravagen\/2024\/01\/04\/hedra\/#primaryimage"},"image":{"@id":"https:\/\/blogg.svenskakyrkan.se\/vandravagen\/2024\/01\/04\/hedra\/#primaryimage"},"thumbnailUrl":"https:\/\/blogg.svenskakyrkan.se\/vandravagen\/files\/2023\/12\/IMG_7476-scaled.jpg","datePublished":"2024-01-04T17:19:41+00:00","dateModified":"2024-01-04T17:19:43+00:00","description":"Dikt av Tomas Jarvid om k\u00e4rlek och vad det \u00e4r att hedra n\u00e5gon.","breadcrumb":{"@id":"https:\/\/blogg.svenskakyrkan.se\/vandravagen\/2024\/01\/04\/hedra\/#breadcrumb"},"inLanguage":"sv-SE","potentialAction":[{"@type":"ReadAction","target":["https:\/\/blogg.svenskakyrkan.se\/vandravagen\/2024\/01\/04\/hedra\/"]}]},{"@type":"ImageObject","inLanguage":"sv-SE","@id":"https:\/\/blogg.svenskakyrkan.se\/vandravagen\/2024\/01\/04\/hedra\/#primaryimage","url":"https:\/\/blogg.svenskakyrkan.se\/vandravagen\/files\/2023\/12\/IMG_7476-scaled.jpg","contentUrl":"https:\/\/blogg.svenskakyrkan.se\/vandravagen\/files\/2023\/12\/IMG_7476-scaled.jpg","width":1920,"height":2560,"caption":"Lyfta h\u00e4nder mot himlen."},{"@type":"BreadcrumbList","@id":"https:\/\/blogg.svenskakyrkan.se\/vandravagen\/2024\/01\/04\/hedra\/#breadcrumb","itemListElement":[{"@type":"ListItem","position":1,"name":"Hem","item":"https:\/\/blogg.svenskakyrkan.se\/vandravagen\/"},{"@type":"ListItem","position":2,"name":"\u00e4lska","item":"https:\/\/blogg.svenskakyrkan.se\/vandravagen\/tag\/alska\/"},{"@type":"ListItem","position":3,"name":"Hedra"}]},{"@type":"WebSite","@id":"https:\/\/blogg.svenskakyrkan.se\/vandravagen\/#website","url":"https:\/\/blogg.svenskakyrkan.se\/vandravagen\/","name":"Vandra V\u00e4gen","description":"-Mot en tro f\u00f6r hela livet","publisher":{"@id":"https:\/\/blogg.svenskakyrkan.se\/vandravagen\/#organization"},"potentialAction":[{"@type":"SearchAction","target":{"@type":"EntryPoint","urlTemplate":"https:\/\/blogg.svenskakyrkan.se\/vandravagen\/?s={search_term_string}"},"query-input":{"@type":"PropertyValueSpecification","valueRequired":true,"valueName":"search_term_string"}}],"inLanguage":"sv-SE"},{"@type":"Organization","@id":"https:\/\/blogg.svenskakyrkan.se\/vandravagen\/#organization","name":"ulricehamns pastorat","alternateName":"ulricehamns pastorat","url":"https:\/\/blogg.svenskakyrkan.se\/vandravagen\/","logo":{"@type":"ImageObject","inLanguage":"sv-SE","@id":"https:\/\/blogg.svenskakyrkan.se\/vandravagen\/#\/schema\/logo\/image\/","url":"https:\/\/blogg.svenskakyrkan.se\/vandravagen\/files\/2023\/05\/Ulr_logo_RGB.png","contentUrl":"https:\/\/blogg.svenskakyrkan.se\/vandravagen\/files\/2023\/05\/Ulr_logo_RGB.png","width":205,"height":77,"caption":"ulricehamns pastorat"},"image":{"@id":"https:\/\/blogg.svenskakyrkan.se\/vandravagen\/#\/schema\/logo\/image\/"},"sameAs":["http:\/\/facebook.com\/vandravagen","https:\/\/x.com\/fadertomas","http:\/\/www.facebook.com\/svenskakyrkaniulricehamn"]},{"@type":"Person","@id":"https:\/\/blogg.svenskakyrkan.se\/vandravagen\/#\/schema\/person\/25da02d4f76b137d04291711e2c9fc16","name":"Tomas Jarvid","image":{"@type":"ImageObject","inLanguage":"sv-SE","@id":"https:\/\/blogg.svenskakyrkan.se\/vandravagen\/#\/schema\/person\/image\/","url":"https:\/\/secure.gravatar.com\/avatar\/7fa71899795e8f540f615a1f5ab25255dc27aa40f05ee7ddd21aac521e01bf50?s=96&d=identicon&r=g","contentUrl":"https:\/\/secure.gravatar.com\/avatar\/7fa71899795e8f540f615a1f5ab25255dc27aa40f05ee7ddd21aac521e01bf50?s=96&d=identicon&r=g","caption":"Tomas Jarvid"},"description":"Jag bor i Ulricehamn i V\u00e4sterg\u00f6tland och \u00e4r f\u00f6rsamlingspr\u00e4st i Svenska Kyrkan f\u00f6r Dalstorps f\u00f6rsamling i Kinds pastorat. P\u00e5 den h\u00e4r bloggen skriver jag ner tankar om vandringen som kristen.","sameAs":["http:\/\/www.vandravagen.se"],"url":"https:\/\/blogg.svenskakyrkan.se\/vandravagen\/author\/vandravagen\/"}]}},"author_meta":{"ID":"392","user_nicename":"vandravagen","user_url":"http:\/\/www.vandravagen.se","user_registered":"2014-05-19 05:44:52","display_name":"Tomas Jarvid","first_name":"Tomas","last_name":"Jarvid","avatar":"https:\/\/secure.gravatar.com\/avatar\/7fa71899795e8f540f615a1f5ab25255dc27aa40f05ee7ddd21aac521e01bf50?s=96&d=identicon&r=g"},"featured_image":["https:\/\/blogg.svenskakyrkan.se\/vandravagen\/files\/2023\/12\/IMG_7476-1024x1365.jpg",1024,1365,true],"bloginfo":{"name":"Vandra V\u00e4gen","url":"https:\/\/blogg.svenskakyrkan.se\/vandravagen"},"_links":{"self":[{"href":"https:\/\/blogg.svenskakyrkan.se\/vandravagen\/wp-json\/wp\/v2\/posts\/9659","targetHints":{"allow":["GET"]}}],"collection":[{"href":"https:\/\/blogg.svenskakyrkan.se\/vandravagen\/wp-json\/wp\/v2\/posts"}],"about":[{"href":"https:\/\/blogg.svenskakyrkan.se\/vandravagen\/wp-json\/wp\/v2\/types\/post"}],"author":[{"embeddable":true,"href":"https:\/\/blogg.svenskakyrkan.se\/vandravagen\/wp-json\/wp\/v2\/users\/392"}],"replies":[{"embeddable":true,"href":"https:\/\/blogg.svenskakyrkan.se\/vandravagen\/wp-json\/wp\/v2\/comments?post=9659"}],"version-history":[{"count":3,"href":"https:\/\/blogg.svenskakyrkan.se\/vandravagen\/wp-json\/wp\/v2\/posts\/9659\/revisions"}],"predecessor-version":[{"id":9689,"href":"https:\/\/blogg.svenskakyrkan.se\/vandravagen\/wp-json\/wp\/v2\/posts\/9659\/revisions\/9689"}],"wp:featuredmedia":[{"embeddable":true,"href":"https:\/\/blogg.svenskakyrkan.se\/vandravagen\/wp-json\/wp\/v2\/media\/9675"}],"wp:attachment":[{"href":"https:\/\/blogg.svenskakyrkan.se\/vandravagen\/wp-json\/wp\/v2\/media?parent=9659"}],"wp:term":[{"taxonomy":"category","embeddable":true,"href":"https:\/\/blogg.svenskakyrkan.se\/vandravagen\/wp-json\/wp\/v2\/categories?post=9659"},{"taxonomy":"post_tag","embeddable":true,"href":"https:\/\/blogg.svenskakyrkan.se\/vandravagen\/wp-json\/wp\/v2\/tags?post=9659"}],"curies":[{"name":"wp","href":"https:\/\/api.w.org\/{rel}","templated":true}]}}