{"id":9677,"date":"2023-12-30T09:06:05","date_gmt":"2023-12-30T08:06:05","guid":{"rendered":"https:\/\/blogg.svenskakyrkan.se\/vandravagen\/?p=9677"},"modified":"2023-12-30T09:06:06","modified_gmt":"2023-12-30T08:06:06","slug":"den-som-foddes-tre-ganger","status":"publish","type":"post","link":"https:\/\/blogg.svenskakyrkan.se\/vandravagen\/2023\/12\/30\/den-som-foddes-tre-ganger\/","title":{"rendered":"Den som f\u00f6ddes tre g\u00e5nger"},"content":{"rendered":"\n<p class=\"is-style-intro\">Ett julinl\u00e4gg om Jesus trefaldiga f\u00f6delse<\/p>\n\n\n\n<figure class=\"wp-block-image size-large\"><img loading=\"lazy\" decoding=\"async\" width=\"1024\" height=\"917\" src=\"https:\/\/blogg.svenskakyrkan.se\/vandravagen\/files\/2023\/12\/IMG_3844-1024x917.jpg\" alt=\"Etiopisk bild av Jesus f\u00f6delse.\" class=\"wp-image-9679\" srcset=\"https:\/\/blogg.svenskakyrkan.se\/vandravagen\/files\/2023\/12\/IMG_3844-1024x917.jpg 1024w, https:\/\/blogg.svenskakyrkan.se\/vandravagen\/files\/2023\/12\/IMG_3844-300x269.jpg 300w, https:\/\/blogg.svenskakyrkan.se\/vandravagen\/files\/2023\/12\/IMG_3844-768x688.jpg 768w, https:\/\/blogg.svenskakyrkan.se\/vandravagen\/files\/2023\/12\/IMG_3844.jpg 1200w\" sizes=\"auto, (max-width: 1024px) 100vw, 1024px\" \/><figcaption class=\"wp-element-caption\">F\u00f6delse nummer tv\u00e5. In i v\u00e4rlden. Etiopisk bild.<\/figcaption><\/figure>\n\n\n\n<h2 class=\"wp-block-heading\">Jesus trefaldiga f\u00f6delse<\/h2>\n\n\n\n<p>I mellandagarna brukar det kunna bli n\u00e5gon bloggpost med koppling till den kristna julen. Tydligen har jag aldrig skrivit om &#8221;Jesus trefaldiga f\u00f6delse&#8221; s\u00e5 idag tar vi oss en titt p\u00e5 det!<\/p>\n\n\n\n<p>Det kan l\u00e4tt bli r\u00f6rigt med teologin kring Jesus p\u00e5 julen. Jesus f\u00f6ds ju som ett litet barn i krubba men vi talar ocks\u00e5 om honom som &#8221;Sonen&#8221; i treenigheten. Och treenigheten \u00e4r lika evig som Gud. Hur funkar det?<\/p>\n\n\n\n<h2 class=\"wp-block-heading\">F\u00f6dd i evigheten<\/h2>\n\n\n\n<p>Hur det \u00e4r med treenigheten \u00e4r i grunden ett obegripligt mysterium f\u00f6r oss. Att Gud \u00e4r en enda och samtidigt Fader, Son och Ande. <strong>Den f\u00f6rsta f\u00f6delsen<\/strong> vi ska n\u00e4mna nu \u00e4r Faderns f\u00f6delse av Sonen f\u00f6re all tid i evigheten. &#8221;F\u00f6dd och inte skapad, av samma v\u00e4sen som Fadern&#8221; som det st\u00e5r i den niceanska trosbek\u00e4nnelsen. Det ligger verkligen \u00f6ver min f\u00f6rm\u00e5ga att f\u00f6rklara det h\u00e4r f\u00f6r som min teologil\u00e4rare sa: v\u00e5rt t\u00e4nkande och spr\u00e5k blir alltmer paradoxalt och bryter samman n\u00e4r vi ska f\u00f6rs\u00f6ka f\u00f6rst\u00e5 oss p\u00e5 treenigheten. Som det framg\u00e5r i bibeln s\u00e4ger Jesus att han \u00e4r ett med Fadern samtidigt som det tydligen g\u00e5r att st\u00e4lla Fadern och Sonen i relation till varandra s\u00e5 att Fadern \u00e4r \u00e4nnu mer ursprunglig. Hur det nu kan fungera om det skett innan tiden fanns.<\/p>\n\n\n\n<p>F\u00f6r v\u00e5ra syften idag kan vi i alla fall konstatera att Gud alltid varit treenig. Det har funnits en person i Gud som \u00e4r &#8221;Sonen&#8221; \u00e4ven innan Jesus f\u00f6ddes till jorden som m\u00e4nniska. <\/p>\n\n\n\n<h2 class=\"wp-block-heading\">F\u00f6dd till jorden<\/h2>\n\n\n\n<p>Den andra f\u00f6delsen \u00e4r den vi firar i julens gudstj\u00e4nster. Gud Sonen blev &#8221;inkarnerad&#8221; -blev k\u00f6tt och blod och f\u00f6ddes som m\u00e4nniska genom jungfru Maria (som d\u00e4rf\u00f6r har den paradoxala \u00e4retiteln &#8221;Gudsmodern&#8221;). <\/p>\n\n\n\n<p>Det \u00e4r som om en vi lever i en bok och f\u00f6rfattaren pl\u00f6tsligt skulle finnas med sj\u00e4lv i handlingen. En som finns bortom v\u00e5r v\u00e4rld men som ocks\u00e5 skapat den som uttryck f\u00f6r sin egen fantasi och sedan ocks\u00e5 kliver in i den. <\/p>\n\n\n\n<p>\u00c4ven detta \u00e4r ett mysterium vi aldrig till fullo kan f\u00f6rst\u00e5 men det betyder att den eviga Sonen nu ocks\u00e5 \u00e4r en m\u00e4nsklig son till Maria.<\/p>\n\n\n\n<h2 class=\"wp-block-heading\">F\u00f6dd i m\u00e4nniskors hj\u00e4rtan<\/h2>\n\n\n\n<blockquote class=\"wp-block-quote is-layout-flow wp-block-quote-is-layout-flow\">\n<p>&#8221;Vad spelar det f\u00f6r roll om Gud f\u00f6ddes i Betlehem f\u00f6r 2000 \u00e5r sedan om han inte ocks\u00e5 f\u00f6ds i ditt hj\u00e4rta?&#8221;<\/p>\n<\/blockquote>\n\n\n\n<p>Den tredje f\u00f6delsen har direkt med oss och v\u00e5r tro att g\u00f6ra. Den inneb\u00e4r att Gud blir en levande verklighet i v\u00e5ra liv. Detta kallas f\u00f6r tro. <\/p>\n\n\n\n<p>Tro \u00e4r ocks\u00e5 ett mysterium p\u00e5 sitt s\u00e4tt. Vi brukar f\u00f6rst\u00e5s t\u00e4nka att vi best\u00e4mmer r\u00e4tt mycket \u00f6ver vad vi t\u00e4nker och tror om saker men kan vi best\u00e4mma oss f\u00f6r att tro och lita p\u00e5 Gud? Jag skulle s\u00e4ga att tron \u00e4r en g\u00e5va fr\u00e5n Gud, en mystisk f\u00f6delse av Gud i v\u00e5ra hj\u00e4rtan. F\u00f6r en del har den s\u00e4kert vuxit fram v\u00e4ldigt odramatiskt men f\u00f6r andra har den pl\u00f6tsligt funnits d\u00e4r. Teologiskt kan man s\u00e4ga att denna f\u00f6delse i hj\u00e4rtat \u00e4r ett verk av Guds heliga Ande.<\/p>\n\n\n\n<h2 class=\"wp-block-heading\">Tre stora mysterier<\/h2>\n\n\n\n<p>Det \u00e4r tre stora mysterier detta. Ingen av dem g\u00e5r egentligen att f\u00f6rst\u00e5 sig p\u00e5 helt och h\u00e5llet men s\u00e5 h\u00e4r har det uttryckts genom tiderna i kyrkans trosbek\u00e4nnelser. F\u00f6delsen i Betlehem \u00e4r ju en mer p\u00e5taglig fysisk h\u00e4ndelse men kanske samtidigt den allra mest obegripliga av dem alla? <\/p>\n\n\n\n<p>Har du tankar om detta f\u00e5r du g\u00e4rna skriva en kommentar!<\/p>\n\n\n<div id=\"related-posts-block_b65547890bbbecf281330b48f0a3142c\"  class=\"b-related-posts alignfull\">\n    <div class=\"acf-innerblocks-container\">\n\n<h2 class=\"wp-block-heading\">Liknande inl\u00e4gg<\/h2>\n\n<\/div>\n    \n    \n    <div class=\"wp-block-query alignfull is-layout-flow wp-block-query-is-layout-flow\">\n        <ul class=\"is-flex-container columns-3 alignfull related-posts__content wp-block-post-template is-layout-flow wp-block-post-template-is-layout-flow\"><li class=\"wp-block-post post-10777 post type-post status-publish format-standard has-post-thumbnail hentry category-historia category-skapelseteologi category-teologi tag-25-mars tag-bibeln tag-datum tag-jesus tag-jul tag-jungfru-marie-bebadelsedag tag-korsfastelse tag-kristen tag-kristen-tro tag-kyrka tag-kyrkan tag-langfredag tag-lilja tag-maria tag-pask tag-predikan tag-skapelse tag-skapelsen tag-vardagjamning\">\n            \n            <div class=\"wp-block-group post__content is-layout-flow wp-block-group-is-layout-flow\">\n                <figure style=\"margin-bottom:var(--wp--preset--spacing--50);\" class=\"wp-block-post-featured-image\"><a href=\"https:\/\/blogg.svenskakyrkan.se\/vandravagen\/2026\/04\/02\/25-mars-varldens-viktigaste-datum\/\" target=\"_self\"  ><img loading=\"lazy\" decoding=\"async\" width=\"949\" height=\"1648\" src=\"https:\/\/blogg.svenskakyrkan.se\/vandravagen\/files\/2026\/03\/maria.jpg\" class=\"attachment-post-thumbnail size-post-thumbnail wp-post-image\" alt=\"25 mars, v\u00e4rldens viktigaste datum\" style=\"object-fit:cover;\" srcset=\"https:\/\/blogg.svenskakyrkan.se\/vandravagen\/files\/2026\/03\/maria.jpg 949w, https:\/\/blogg.svenskakyrkan.se\/vandravagen\/files\/2026\/03\/maria-300x521.jpg 300w, https:\/\/blogg.svenskakyrkan.se\/vandravagen\/files\/2026\/03\/maria-768x1334.jpg 768w, https:\/\/blogg.svenskakyrkan.se\/vandravagen\/files\/2026\/03\/maria-885x1536.jpg 885w\" sizes=\"auto, (max-width: 949px) 100vw, 949px\" \/><\/a><\/figure>\n                <h2 class=\"wp-block-post-title has-h-3-font-size\"><a href=\"https:\/\/blogg.svenskakyrkan.se\/vandravagen\/2026\/04\/02\/25-mars-varldens-viktigaste-datum\/\" target=\"_self\" >25 mars, v\u00e4rldens viktigaste datum<\/a><\/h2>\n                <div class=\"wp-block-post-date\"><time datetime=\"2026-04-02T11:15:52+02:00\">2 april, 2026<\/time><\/div>\n                <div class=\"wp-block-post-excerpt\"><p class=\"wp-block-post-excerpt__excerpt\">Om teologin och almanackan dagarna kring v\u00e5rdagj\u00e4mningen<\/p><\/div>\n            <\/div>\n            \n        <\/li><li class=\"wp-block-post post-10707 post type-post status-publish format-standard has-post-thumbnail hentry category-historia category-teologi category-tro tag-aterforena tag-augustinus tag-betydelse tag-betyder tag-bibeln tag-cicero tag-innebord tag-jesus tag-kristen tag-kristen-tro tag-kyrka tag-kyrkan tag-religion\">\n            \n            <div class=\"wp-block-group post__content is-layout-flow wp-block-group-is-layout-flow\">\n                <figure style=\"margin-bottom:var(--wp--preset--spacing--50);\" class=\"wp-block-post-featured-image\"><a href=\"https:\/\/blogg.svenskakyrkan.se\/vandravagen\/2026\/02\/04\/vad-betyder-ordet-religion\/\" target=\"_self\"  ><img loading=\"lazy\" decoding=\"async\" width=\"1582\" height=\"2048\" src=\"https:\/\/blogg.svenskakyrkan.se\/vandravagen\/files\/2026\/01\/paulus-omvandelse.jpg\" class=\"attachment-post-thumbnail size-post-thumbnail wp-post-image\" alt=\"Vad betyder ordet &#8221;religion&#8221;?\" style=\"object-fit:cover;\" srcset=\"https:\/\/blogg.svenskakyrkan.se\/vandravagen\/files\/2026\/01\/paulus-omvandelse.jpg 1582w, https:\/\/blogg.svenskakyrkan.se\/vandravagen\/files\/2026\/01\/paulus-omvandelse-300x388.jpg 300w, https:\/\/blogg.svenskakyrkan.se\/vandravagen\/files\/2026\/01\/paulus-omvandelse-1024x1326.jpg 1024w, https:\/\/blogg.svenskakyrkan.se\/vandravagen\/files\/2026\/01\/paulus-omvandelse-768x994.jpg 768w, https:\/\/blogg.svenskakyrkan.se\/vandravagen\/files\/2026\/01\/paulus-omvandelse-1187x1536.jpg 1187w, https:\/\/blogg.svenskakyrkan.se\/vandravagen\/files\/2026\/01\/paulus-omvandelse-1200x1553.jpg 1200w\" sizes=\"auto, (max-width: 1582px) 100vw, 1582px\" \/><\/a><\/figure>\n                <h2 class=\"wp-block-post-title has-h-3-font-size\"><a href=\"https:\/\/blogg.svenskakyrkan.se\/vandravagen\/2026\/02\/04\/vad-betyder-ordet-religion\/\" target=\"_self\" >Vad betyder ordet &#8221;religion&#8221;?<\/a><\/h2>\n                <div class=\"wp-block-post-date\"><time datetime=\"2026-02-04T14:03:11+01:00\">4 februari, 2026<\/time><\/div>\n                <div class=\"wp-block-post-excerpt\"><p class=\"wp-block-post-excerpt__excerpt\">Ett ord som kan passa i v\u00e5r tid?<\/p><\/div>\n            <\/div>\n            \n        <\/li><li class=\"wp-block-post post-10700 post type-post status-publish format-standard has-post-thumbnail hentry category-historia category-kyrkan category-teologi tag-84940 tag-bibeln tag-filioque tag-filoquestriden tag-gebremedhin tag-jesus tag-katolsk tag-kristen tag-kristen-tro tag-kyrka tag-kyrkan tag-ortodox tag-ost tag-philioque tag-stora-schismen tag-vast\">\n            \n            <div class=\"wp-block-group post__content is-layout-flow wp-block-group-is-layout-flow\">\n                <figure style=\"margin-bottom:var(--wp--preset--spacing--50);\" class=\"wp-block-post-featured-image\"><a href=\"https:\/\/blogg.svenskakyrkan.se\/vandravagen\/2026\/01\/13\/det-magiska-ordet-filioque\/\" target=\"_self\"  ><img loading=\"lazy\" decoding=\"async\" width=\"515\" height=\"720\" src=\"https:\/\/blogg.svenskakyrkan.se\/vandravagen\/files\/2026\/01\/gudstjanst.jpg\" class=\"attachment-post-thumbnail size-post-thumbnail wp-post-image\" alt=\"Det magiska ordet &#8221;filioque&#8221;\" style=\"object-fit:cover;\" srcset=\"https:\/\/blogg.svenskakyrkan.se\/vandravagen\/files\/2026\/01\/gudstjanst.jpg 515w, https:\/\/blogg.svenskakyrkan.se\/vandravagen\/files\/2026\/01\/gudstjanst-300x419.jpg 300w\" sizes=\"auto, (max-width: 515px) 100vw, 515px\" \/><\/a><\/figure>\n                <h2 class=\"wp-block-post-title has-h-3-font-size\"><a href=\"https:\/\/blogg.svenskakyrkan.se\/vandravagen\/2026\/01\/13\/det-magiska-ordet-filioque\/\" target=\"_self\" >Det magiska ordet &#8221;filioque&#8221;<\/a><\/h2>\n                <div class=\"wp-block-post-date\"><time datetime=\"2026-01-13T16:50:53+01:00\">13 januari, 2026<\/time><\/div>\n                <div class=\"wp-block-post-excerpt\"><p class=\"wp-block-post-excerpt__excerpt\">Om ett litet ord som en g\u00e5ng f\u00f6rm\u00e5dde splittra hela kyrkan<\/p><\/div>\n            <\/div>\n            \n        <\/li><\/ul>\n        \n    <\/div>\n    <\/div>\n","protected":false},"excerpt":{"rendered":"<p>Ett julinl\u00e4gg om Jesus trefaldiga f\u00f6delse Jesus trefaldiga f\u00f6delse I mellandagarna brukar det kunna bli n\u00e5gon bloggpost med koppling till den kristna julen. Tydligen har jag aldrig skrivit om &#8221;Jesus trefaldiga f\u00f6delse&#8221; s\u00e5 idag tar vi oss en titt p\u00e5 det! Det kan l\u00e4tt bli r\u00f6rigt med teologin kring Jesus p\u00e5 julen. Jesus f\u00f6ds ju [&hellip;]<\/p>\n","protected":false},"author":392,"featured_media":0,"comment_status":"open","ping_status":"open","sticky":false,"template":"","format":"standard","meta":{"_acf_changed":false,"footnotes":""},"categories":[8341,117],"tags":[84381,83878,84050,83880,83879,83890,84071,84226,83956,84238],"class_list":["post-9677","post","type-post","status-publish","format-standard","hentry","category-jul","category-teologi","tag-inkarnation","tag-jesus","tag-jul","tag-kristen","tag-kristen-tro","tag-kyrkan","tag-teologi","tag-treenigheten","tag-tro","tag-trosbekannelsen"],"acf":[],"yoast_head":"<!-- This site is optimized with the Yoast SEO plugin v27.1.1 - https:\/\/yoast.com\/product\/yoast-seo-wordpress\/ -->\n<title>Den som f\u00f6ddes tre g\u00e5nger - Vandra V\u00e4gen<\/title>\n<meta name=\"description\" content=\"Tomas Jarvid skriver om Jesus trefaldiga f\u00f6delse. F\u00f6dd av Fadern f\u00f6re all tid, f\u00f6dd av Maria i Betlehem och f\u00f6dd av Guds Ande i v\u00e5ra hj\u00e4rtan.\" \/>\n<meta name=\"robots\" content=\"index, follow, max-snippet:-1, max-image-preview:large, max-video-preview:-1\" \/>\n<link rel=\"canonical\" href=\"https:\/\/blogg.svenskakyrkan.se\/vandravagen\/2023\/12\/30\/den-som-foddes-tre-ganger\/\" \/>\n<meta property=\"og:locale\" content=\"sv_SE\" \/>\n<meta property=\"og:type\" content=\"article\" \/>\n<meta property=\"og:title\" content=\"Den som f\u00f6ddes tre g\u00e5nger - Vandra V\u00e4gen\" \/>\n<meta property=\"og:description\" content=\"Tomas Jarvid skriver om Jesus trefaldiga f\u00f6delse. F\u00f6dd av Fadern f\u00f6re all tid, f\u00f6dd av Maria i Betlehem och f\u00f6dd av Guds Ande i v\u00e5ra hj\u00e4rtan.\" \/>\n<meta property=\"og:url\" content=\"https:\/\/blogg.svenskakyrkan.se\/vandravagen\/2023\/12\/30\/den-som-foddes-tre-ganger\/\" \/>\n<meta property=\"og:site_name\" content=\"Vandra V\u00e4gen\" \/>\n<meta property=\"article:publisher\" content=\"http:\/\/facebook.com\/vandravagen\" \/>\n<meta property=\"article:published_time\" content=\"2023-12-30T08:06:05+00:00\" \/>\n<meta property=\"article:modified_time\" content=\"2023-12-30T08:06:06+00:00\" \/>\n<meta property=\"og:image\" content=\"https:\/\/blogg.svenskakyrkan.se\/vandravagen\/files\/2023\/12\/IMG_3844-1024x917.jpg\" \/>\n<meta name=\"author\" content=\"Tomas Jarvid\" \/>\n<meta name=\"twitter:card\" content=\"summary_large_image\" \/>\n<meta name=\"twitter:creator\" content=\"@fadertomas\" \/>\n<meta name=\"twitter:site\" content=\"@fadertomas\" \/>\n<meta name=\"twitter:label1\" content=\"Skriven av\" \/>\n\t<meta name=\"twitter:data1\" content=\"Tomas Jarvid\" \/>\n\t<meta name=\"twitter:label2\" content=\"Ber\u00e4knad l\u00e4stid\" \/>\n\t<meta name=\"twitter:data2\" content=\"3 minuter\" \/>\n<script type=\"application\/ld+json\" class=\"yoast-schema-graph\">{\"@context\":\"https:\/\/schema.org\",\"@graph\":[{\"@type\":\"Article\",\"@id\":\"https:\/\/blogg.svenskakyrkan.se\/vandravagen\/2023\/12\/30\/den-som-foddes-tre-ganger\/#article\",\"isPartOf\":{\"@id\":\"https:\/\/blogg.svenskakyrkan.se\/vandravagen\/2023\/12\/30\/den-som-foddes-tre-ganger\/\"},\"author\":{\"name\":\"Tomas Jarvid\",\"@id\":\"https:\/\/blogg.svenskakyrkan.se\/vandravagen\/#\/schema\/person\/25da02d4f76b137d04291711e2c9fc16\"},\"headline\":\"Den som f\u00f6ddes tre g\u00e5nger\",\"datePublished\":\"2023-12-30T08:06:05+00:00\",\"dateModified\":\"2023-12-30T08:06:06+00:00\",\"mainEntityOfPage\":{\"@id\":\"https:\/\/blogg.svenskakyrkan.se\/vandravagen\/2023\/12\/30\/den-som-foddes-tre-ganger\/\"},\"wordCount\":684,\"commentCount\":5,\"publisher\":{\"@id\":\"https:\/\/blogg.svenskakyrkan.se\/vandravagen\/#organization\"},\"image\":{\"@id\":\"https:\/\/blogg.svenskakyrkan.se\/vandravagen\/2023\/12\/30\/den-som-foddes-tre-ganger\/#primaryimage\"},\"thumbnailUrl\":\"https:\/\/blogg.svenskakyrkan.se\/vandravagen\/files\/2023\/12\/IMG_3844-1024x917.jpg\",\"keywords\":[\"inkarnation\",\"Jesus\",\"jul\",\"kristen\",\"kristen tro\",\"kyrkan\",\"teologi\",\"treenigheten\",\"tro\",\"trosbek\u00e4nnelsen\"],\"articleSection\":[\"jul\",\"Teologi\"],\"inLanguage\":\"sv-SE\",\"potentialAction\":[{\"@type\":\"CommentAction\",\"name\":\"Comment\",\"target\":[\"https:\/\/blogg.svenskakyrkan.se\/vandravagen\/2023\/12\/30\/den-som-foddes-tre-ganger\/#respond\"]}]},{\"@type\":\"WebPage\",\"@id\":\"https:\/\/blogg.svenskakyrkan.se\/vandravagen\/2023\/12\/30\/den-som-foddes-tre-ganger\/\",\"url\":\"https:\/\/blogg.svenskakyrkan.se\/vandravagen\/2023\/12\/30\/den-som-foddes-tre-ganger\/\",\"name\":\"Den som f\u00f6ddes tre g\u00e5nger - Vandra V\u00e4gen\",\"isPartOf\":{\"@id\":\"https:\/\/blogg.svenskakyrkan.se\/vandravagen\/#website\"},\"primaryImageOfPage\":{\"@id\":\"https:\/\/blogg.svenskakyrkan.se\/vandravagen\/2023\/12\/30\/den-som-foddes-tre-ganger\/#primaryimage\"},\"image\":{\"@id\":\"https:\/\/blogg.svenskakyrkan.se\/vandravagen\/2023\/12\/30\/den-som-foddes-tre-ganger\/#primaryimage\"},\"thumbnailUrl\":\"https:\/\/blogg.svenskakyrkan.se\/vandravagen\/files\/2023\/12\/IMG_3844-1024x917.jpg\",\"datePublished\":\"2023-12-30T08:06:05+00:00\",\"dateModified\":\"2023-12-30T08:06:06+00:00\",\"description\":\"Tomas Jarvid skriver om Jesus trefaldiga f\u00f6delse. F\u00f6dd av Fadern f\u00f6re all tid, f\u00f6dd av Maria i Betlehem och f\u00f6dd av Guds Ande i v\u00e5ra hj\u00e4rtan.\",\"breadcrumb\":{\"@id\":\"https:\/\/blogg.svenskakyrkan.se\/vandravagen\/2023\/12\/30\/den-som-foddes-tre-ganger\/#breadcrumb\"},\"inLanguage\":\"sv-SE\",\"potentialAction\":[{\"@type\":\"ReadAction\",\"target\":[\"https:\/\/blogg.svenskakyrkan.se\/vandravagen\/2023\/12\/30\/den-som-foddes-tre-ganger\/\"]}]},{\"@type\":\"ImageObject\",\"inLanguage\":\"sv-SE\",\"@id\":\"https:\/\/blogg.svenskakyrkan.se\/vandravagen\/2023\/12\/30\/den-som-foddes-tre-ganger\/#primaryimage\",\"url\":\"https:\/\/blogg.svenskakyrkan.se\/vandravagen\/files\/2023\/12\/IMG_3844.jpg\",\"contentUrl\":\"https:\/\/blogg.svenskakyrkan.se\/vandravagen\/files\/2023\/12\/IMG_3844.jpg\",\"width\":1200,\"height\":1075},{\"@type\":\"BreadcrumbList\",\"@id\":\"https:\/\/blogg.svenskakyrkan.se\/vandravagen\/2023\/12\/30\/den-som-foddes-tre-ganger\/#breadcrumb\",\"itemListElement\":[{\"@type\":\"ListItem\",\"position\":1,\"name\":\"Hem\",\"item\":\"https:\/\/blogg.svenskakyrkan.se\/vandravagen\/\"},{\"@type\":\"ListItem\",\"position\":2,\"name\":\"inkarnation\",\"item\":\"https:\/\/blogg.svenskakyrkan.se\/vandravagen\/tag\/inkarnation\/\"},{\"@type\":\"ListItem\",\"position\":3,\"name\":\"Den som f\u00f6ddes tre g\u00e5nger\"}]},{\"@type\":\"WebSite\",\"@id\":\"https:\/\/blogg.svenskakyrkan.se\/vandravagen\/#website\",\"url\":\"https:\/\/blogg.svenskakyrkan.se\/vandravagen\/\",\"name\":\"Vandra V\u00e4gen\",\"description\":\"-Mot en tro f\u00f6r hela livet\",\"publisher\":{\"@id\":\"https:\/\/blogg.svenskakyrkan.se\/vandravagen\/#organization\"},\"potentialAction\":[{\"@type\":\"SearchAction\",\"target\":{\"@type\":\"EntryPoint\",\"urlTemplate\":\"https:\/\/blogg.svenskakyrkan.se\/vandravagen\/?s={search_term_string}\"},\"query-input\":{\"@type\":\"PropertyValueSpecification\",\"valueRequired\":true,\"valueName\":\"search_term_string\"}}],\"inLanguage\":\"sv-SE\"},{\"@type\":\"Organization\",\"@id\":\"https:\/\/blogg.svenskakyrkan.se\/vandravagen\/#organization\",\"name\":\"ulricehamns pastorat\",\"alternateName\":\"ulricehamns pastorat\",\"url\":\"https:\/\/blogg.svenskakyrkan.se\/vandravagen\/\",\"logo\":{\"@type\":\"ImageObject\",\"inLanguage\":\"sv-SE\",\"@id\":\"https:\/\/blogg.svenskakyrkan.se\/vandravagen\/#\/schema\/logo\/image\/\",\"url\":\"https:\/\/blogg.svenskakyrkan.se\/vandravagen\/files\/2023\/05\/Ulr_logo_RGB.png\",\"contentUrl\":\"https:\/\/blogg.svenskakyrkan.se\/vandravagen\/files\/2023\/05\/Ulr_logo_RGB.png\",\"width\":205,\"height\":77,\"caption\":\"ulricehamns pastorat\"},\"image\":{\"@id\":\"https:\/\/blogg.svenskakyrkan.se\/vandravagen\/#\/schema\/logo\/image\/\"},\"sameAs\":[\"http:\/\/facebook.com\/vandravagen\",\"https:\/\/x.com\/fadertomas\",\"http:\/\/www.facebook.com\/svenskakyrkaniulricehamn\"]},{\"@type\":\"Person\",\"@id\":\"https:\/\/blogg.svenskakyrkan.se\/vandravagen\/#\/schema\/person\/25da02d4f76b137d04291711e2c9fc16\",\"name\":\"Tomas Jarvid\",\"image\":{\"@type\":\"ImageObject\",\"inLanguage\":\"sv-SE\",\"@id\":\"https:\/\/blogg.svenskakyrkan.se\/vandravagen\/#\/schema\/person\/image\/\",\"url\":\"https:\/\/secure.gravatar.com\/avatar\/7fa71899795e8f540f615a1f5ab25255dc27aa40f05ee7ddd21aac521e01bf50?s=96&d=identicon&r=g\",\"contentUrl\":\"https:\/\/secure.gravatar.com\/avatar\/7fa71899795e8f540f615a1f5ab25255dc27aa40f05ee7ddd21aac521e01bf50?s=96&d=identicon&r=g\",\"caption\":\"Tomas Jarvid\"},\"description\":\"Jag bor i Ulricehamn i V\u00e4sterg\u00f6tland och \u00e4r f\u00f6rsamlingspr\u00e4st i Svenska Kyrkan f\u00f6r Dalstorps f\u00f6rsamling i Kinds pastorat. P\u00e5 den h\u00e4r bloggen skriver jag ner tankar om vandringen som kristen.\",\"sameAs\":[\"http:\/\/www.vandravagen.se\"],\"url\":\"https:\/\/blogg.svenskakyrkan.se\/vandravagen\/author\/vandravagen\/\"}]}<\/script>\n<!-- \/ Yoast SEO plugin. -->","yoast_head_json":{"title":"Den som f\u00f6ddes tre g\u00e5nger - Vandra V\u00e4gen","description":"Tomas Jarvid skriver om Jesus trefaldiga f\u00f6delse. F\u00f6dd av Fadern f\u00f6re all tid, f\u00f6dd av Maria i Betlehem och f\u00f6dd av Guds Ande i v\u00e5ra hj\u00e4rtan.","robots":{"index":"index","follow":"follow","max-snippet":"max-snippet:-1","max-image-preview":"max-image-preview:large","max-video-preview":"max-video-preview:-1"},"canonical":"https:\/\/blogg.svenskakyrkan.se\/vandravagen\/2023\/12\/30\/den-som-foddes-tre-ganger\/","og_locale":"sv_SE","og_type":"article","og_title":"Den som f\u00f6ddes tre g\u00e5nger - Vandra V\u00e4gen","og_description":"Tomas Jarvid skriver om Jesus trefaldiga f\u00f6delse. F\u00f6dd av Fadern f\u00f6re all tid, f\u00f6dd av Maria i Betlehem och f\u00f6dd av Guds Ande i v\u00e5ra hj\u00e4rtan.","og_url":"https:\/\/blogg.svenskakyrkan.se\/vandravagen\/2023\/12\/30\/den-som-foddes-tre-ganger\/","og_site_name":"Vandra V\u00e4gen","article_publisher":"http:\/\/facebook.com\/vandravagen","article_published_time":"2023-12-30T08:06:05+00:00","article_modified_time":"2023-12-30T08:06:06+00:00","og_image":[{"url":"https:\/\/blogg.svenskakyrkan.se\/vandravagen\/files\/2023\/12\/IMG_3844-1024x917.jpg","type":"","width":"","height":""}],"author":"Tomas Jarvid","twitter_card":"summary_large_image","twitter_creator":"@fadertomas","twitter_site":"@fadertomas","twitter_misc":{"Skriven av":"Tomas Jarvid","Ber\u00e4knad l\u00e4stid":"3 minuter"},"schema":{"@context":"https:\/\/schema.org","@graph":[{"@type":"Article","@id":"https:\/\/blogg.svenskakyrkan.se\/vandravagen\/2023\/12\/30\/den-som-foddes-tre-ganger\/#article","isPartOf":{"@id":"https:\/\/blogg.svenskakyrkan.se\/vandravagen\/2023\/12\/30\/den-som-foddes-tre-ganger\/"},"author":{"name":"Tomas Jarvid","@id":"https:\/\/blogg.svenskakyrkan.se\/vandravagen\/#\/schema\/person\/25da02d4f76b137d04291711e2c9fc16"},"headline":"Den som f\u00f6ddes tre g\u00e5nger","datePublished":"2023-12-30T08:06:05+00:00","dateModified":"2023-12-30T08:06:06+00:00","mainEntityOfPage":{"@id":"https:\/\/blogg.svenskakyrkan.se\/vandravagen\/2023\/12\/30\/den-som-foddes-tre-ganger\/"},"wordCount":684,"commentCount":5,"publisher":{"@id":"https:\/\/blogg.svenskakyrkan.se\/vandravagen\/#organization"},"image":{"@id":"https:\/\/blogg.svenskakyrkan.se\/vandravagen\/2023\/12\/30\/den-som-foddes-tre-ganger\/#primaryimage"},"thumbnailUrl":"https:\/\/blogg.svenskakyrkan.se\/vandravagen\/files\/2023\/12\/IMG_3844-1024x917.jpg","keywords":["inkarnation","Jesus","jul","kristen","kristen tro","kyrkan","teologi","treenigheten","tro","trosbek\u00e4nnelsen"],"articleSection":["jul","Teologi"],"inLanguage":"sv-SE","potentialAction":[{"@type":"CommentAction","name":"Comment","target":["https:\/\/blogg.svenskakyrkan.se\/vandravagen\/2023\/12\/30\/den-som-foddes-tre-ganger\/#respond"]}]},{"@type":"WebPage","@id":"https:\/\/blogg.svenskakyrkan.se\/vandravagen\/2023\/12\/30\/den-som-foddes-tre-ganger\/","url":"https:\/\/blogg.svenskakyrkan.se\/vandravagen\/2023\/12\/30\/den-som-foddes-tre-ganger\/","name":"Den som f\u00f6ddes tre g\u00e5nger - Vandra V\u00e4gen","isPartOf":{"@id":"https:\/\/blogg.svenskakyrkan.se\/vandravagen\/#website"},"primaryImageOfPage":{"@id":"https:\/\/blogg.svenskakyrkan.se\/vandravagen\/2023\/12\/30\/den-som-foddes-tre-ganger\/#primaryimage"},"image":{"@id":"https:\/\/blogg.svenskakyrkan.se\/vandravagen\/2023\/12\/30\/den-som-foddes-tre-ganger\/#primaryimage"},"thumbnailUrl":"https:\/\/blogg.svenskakyrkan.se\/vandravagen\/files\/2023\/12\/IMG_3844-1024x917.jpg","datePublished":"2023-12-30T08:06:05+00:00","dateModified":"2023-12-30T08:06:06+00:00","description":"Tomas Jarvid skriver om Jesus trefaldiga f\u00f6delse. F\u00f6dd av Fadern f\u00f6re all tid, f\u00f6dd av Maria i Betlehem och f\u00f6dd av Guds Ande i v\u00e5ra hj\u00e4rtan.","breadcrumb":{"@id":"https:\/\/blogg.svenskakyrkan.se\/vandravagen\/2023\/12\/30\/den-som-foddes-tre-ganger\/#breadcrumb"},"inLanguage":"sv-SE","potentialAction":[{"@type":"ReadAction","target":["https:\/\/blogg.svenskakyrkan.se\/vandravagen\/2023\/12\/30\/den-som-foddes-tre-ganger\/"]}]},{"@type":"ImageObject","inLanguage":"sv-SE","@id":"https:\/\/blogg.svenskakyrkan.se\/vandravagen\/2023\/12\/30\/den-som-foddes-tre-ganger\/#primaryimage","url":"https:\/\/blogg.svenskakyrkan.se\/vandravagen\/files\/2023\/12\/IMG_3844.jpg","contentUrl":"https:\/\/blogg.svenskakyrkan.se\/vandravagen\/files\/2023\/12\/IMG_3844.jpg","width":1200,"height":1075},{"@type":"BreadcrumbList","@id":"https:\/\/blogg.svenskakyrkan.se\/vandravagen\/2023\/12\/30\/den-som-foddes-tre-ganger\/#breadcrumb","itemListElement":[{"@type":"ListItem","position":1,"name":"Hem","item":"https:\/\/blogg.svenskakyrkan.se\/vandravagen\/"},{"@type":"ListItem","position":2,"name":"inkarnation","item":"https:\/\/blogg.svenskakyrkan.se\/vandravagen\/tag\/inkarnation\/"},{"@type":"ListItem","position":3,"name":"Den som f\u00f6ddes tre g\u00e5nger"}]},{"@type":"WebSite","@id":"https:\/\/blogg.svenskakyrkan.se\/vandravagen\/#website","url":"https:\/\/blogg.svenskakyrkan.se\/vandravagen\/","name":"Vandra V\u00e4gen","description":"-Mot en tro f\u00f6r hela livet","publisher":{"@id":"https:\/\/blogg.svenskakyrkan.se\/vandravagen\/#organization"},"potentialAction":[{"@type":"SearchAction","target":{"@type":"EntryPoint","urlTemplate":"https:\/\/blogg.svenskakyrkan.se\/vandravagen\/?s={search_term_string}"},"query-input":{"@type":"PropertyValueSpecification","valueRequired":true,"valueName":"search_term_string"}}],"inLanguage":"sv-SE"},{"@type":"Organization","@id":"https:\/\/blogg.svenskakyrkan.se\/vandravagen\/#organization","name":"ulricehamns pastorat","alternateName":"ulricehamns pastorat","url":"https:\/\/blogg.svenskakyrkan.se\/vandravagen\/","logo":{"@type":"ImageObject","inLanguage":"sv-SE","@id":"https:\/\/blogg.svenskakyrkan.se\/vandravagen\/#\/schema\/logo\/image\/","url":"https:\/\/blogg.svenskakyrkan.se\/vandravagen\/files\/2023\/05\/Ulr_logo_RGB.png","contentUrl":"https:\/\/blogg.svenskakyrkan.se\/vandravagen\/files\/2023\/05\/Ulr_logo_RGB.png","width":205,"height":77,"caption":"ulricehamns pastorat"},"image":{"@id":"https:\/\/blogg.svenskakyrkan.se\/vandravagen\/#\/schema\/logo\/image\/"},"sameAs":["http:\/\/facebook.com\/vandravagen","https:\/\/x.com\/fadertomas","http:\/\/www.facebook.com\/svenskakyrkaniulricehamn"]},{"@type":"Person","@id":"https:\/\/blogg.svenskakyrkan.se\/vandravagen\/#\/schema\/person\/25da02d4f76b137d04291711e2c9fc16","name":"Tomas Jarvid","image":{"@type":"ImageObject","inLanguage":"sv-SE","@id":"https:\/\/blogg.svenskakyrkan.se\/vandravagen\/#\/schema\/person\/image\/","url":"https:\/\/secure.gravatar.com\/avatar\/7fa71899795e8f540f615a1f5ab25255dc27aa40f05ee7ddd21aac521e01bf50?s=96&d=identicon&r=g","contentUrl":"https:\/\/secure.gravatar.com\/avatar\/7fa71899795e8f540f615a1f5ab25255dc27aa40f05ee7ddd21aac521e01bf50?s=96&d=identicon&r=g","caption":"Tomas Jarvid"},"description":"Jag bor i Ulricehamn i V\u00e4sterg\u00f6tland och \u00e4r f\u00f6rsamlingspr\u00e4st i Svenska Kyrkan f\u00f6r Dalstorps f\u00f6rsamling i Kinds pastorat. P\u00e5 den h\u00e4r bloggen skriver jag ner tankar om vandringen som kristen.","sameAs":["http:\/\/www.vandravagen.se"],"url":"https:\/\/blogg.svenskakyrkan.se\/vandravagen\/author\/vandravagen\/"}]}},"author_meta":{"ID":"392","user_nicename":"vandravagen","user_url":"http:\/\/www.vandravagen.se","user_registered":"2014-05-19 05:44:52","display_name":"Tomas Jarvid","first_name":"Tomas","last_name":"Jarvid","avatar":"https:\/\/secure.gravatar.com\/avatar\/7fa71899795e8f540f615a1f5ab25255dc27aa40f05ee7ddd21aac521e01bf50?s=96&d=identicon&r=g"},"featured_image":false,"bloginfo":{"name":"Vandra V\u00e4gen","url":"https:\/\/blogg.svenskakyrkan.se\/vandravagen"},"_links":{"self":[{"href":"https:\/\/blogg.svenskakyrkan.se\/vandravagen\/wp-json\/wp\/v2\/posts\/9677","targetHints":{"allow":["GET"]}}],"collection":[{"href":"https:\/\/blogg.svenskakyrkan.se\/vandravagen\/wp-json\/wp\/v2\/posts"}],"about":[{"href":"https:\/\/blogg.svenskakyrkan.se\/vandravagen\/wp-json\/wp\/v2\/types\/post"}],"author":[{"embeddable":true,"href":"https:\/\/blogg.svenskakyrkan.se\/vandravagen\/wp-json\/wp\/v2\/users\/392"}],"replies":[{"embeddable":true,"href":"https:\/\/blogg.svenskakyrkan.se\/vandravagen\/wp-json\/wp\/v2\/comments?post=9677"}],"version-history":[{"count":2,"href":"https:\/\/blogg.svenskakyrkan.se\/vandravagen\/wp-json\/wp\/v2\/posts\/9677\/revisions"}],"predecessor-version":[{"id":9680,"href":"https:\/\/blogg.svenskakyrkan.se\/vandravagen\/wp-json\/wp\/v2\/posts\/9677\/revisions\/9680"}],"wp:attachment":[{"href":"https:\/\/blogg.svenskakyrkan.se\/vandravagen\/wp-json\/wp\/v2\/media?parent=9677"}],"wp:term":[{"taxonomy":"category","embeddable":true,"href":"https:\/\/blogg.svenskakyrkan.se\/vandravagen\/wp-json\/wp\/v2\/categories?post=9677"},{"taxonomy":"post_tag","embeddable":true,"href":"https:\/\/blogg.svenskakyrkan.se\/vandravagen\/wp-json\/wp\/v2\/tags?post=9677"}],"curies":[{"name":"wp","href":"https:\/\/api.w.org\/{rel}","templated":true}]}}