{"id":9703,"date":"2024-01-19T09:35:46","date_gmt":"2024-01-19T08:35:46","guid":{"rendered":"https:\/\/blogg.svenskakyrkan.se\/vandravagen\/?p=9703"},"modified":"2024-01-19T09:35:48","modified_gmt":"2024-01-19T08:35:48","slug":"an-ar-jag-langt-ifran-sadelfast","status":"publish","type":"post","link":"https:\/\/blogg.svenskakyrkan.se\/vandravagen\/2024\/01\/19\/an-ar-jag-langt-ifran-sadelfast\/","title":{"rendered":"&#8221;\u00c4n \u00e4r jag l\u00e5ngt ifr\u00e5n sadelfast&#8221;"},"content":{"rendered":"\n<p class=\"is-style-intro\">Biskop Sven Danells h\u00e4lsning till ungdomen 1956<\/p>\n\n\n\n<figure class=\"wp-block-image size-full\"><img loading=\"lazy\" decoding=\"async\" width=\"640\" height=\"623\" src=\"https:\/\/blogg.svenskakyrkan.se\/vandravagen\/files\/2024\/01\/husar.jpg\" alt=\"\" class=\"wp-image-9704\" srcset=\"https:\/\/blogg.svenskakyrkan.se\/vandravagen\/files\/2024\/01\/husar.jpg 640w, https:\/\/blogg.svenskakyrkan.se\/vandravagen\/files\/2024\/01\/husar-300x292.jpg 300w\" sizes=\"auto, (max-width: 640px) 100vw, 640px\" \/><figcaption class=\"wp-element-caption\"><a href=\"https:\/\/garystockbridge617.getarchive.net\/amp\/media\/livhusarernas-standar-framfor-husarkasernen-i-skovde-oljemalning-av-john-sjosward-1e6772\">Livhusarernas standar framf\u00f6r husarkasernen i Sk\u00f6vde. Oljem\u00e5lning av John Sj\u00f6sw\u00e4rd 1946.<\/a><\/figcaption><\/figure>\n\n\n\n<h2 class=\"wp-block-heading\">\u00c4nnu inte sadelfast<\/h2>\n\n\n\n<p>Min mor ger mig ganska ofta olika gamla kyrkliga dokument. Det har ofta varit fr\u00e5n min mormors och hennes systers konfirmandtid (vilket ju \u00e4r v\u00e4ldigt roligt att j\u00e4mf\u00f6ra mot hur det g\u00e5r till i v\u00e5ra dagar) men nu har jag f\u00e5tt lite papper fr\u00e5n n\u00e4r min farmors syster var p\u00e5 &#8221;Kyrklig ungdoms&#8221; l\u00e4ger i Sk\u00f6vde 1956. <\/p>\n\n\n\n<p>Programmet rymmer en hel del f\u00f6redrag av olika pr\u00e4ster och s\u00e5 var det ofta kaffe. Det var ocks\u00e5 m\u00f6tesf\u00f6rhandlingar och grupparbete kring evigt aktuella fr\u00e5gor som <strong>&#8221;vad \u00e4r det f\u00f6r sv\u00e5righeter f\u00f6r en ung m\u00e4nniska att v\u00e4xa in i samh\u00e4llet och i kyrkans liv?&#8221; <\/strong>Eller &#8221;<strong>Varf\u00f6r g\u00e5r inte folk i kyrkan, l\u00e4ser bibeln o.s.v.&#8221; <\/strong>Uppbackat med en hel del litteratur att l\u00e4sa in sig p\u00e5. <\/p>\n\n\n\n<p>Jag hittade en rolig och slagkraftig bild i d\u00e5varande biskop Sven Danells inbjudan till m\u00f6tet. Han skriver:<\/p>\n\n\n\n<blockquote class=\"wp-block-quote is-layout-flow wp-block-quote-is-layout-flow\">\n<p>\u201dUngdom vinner ungdom -s\u00e5 lyder mottot f\u00f6r \u00e5rets ungdomsting. Platsen \u00e4r Sk\u00f6vde, den stad d\u00e4r m\u00e5nga av oss tj\u00e4nat kronan. En och annan, som gjorde det p\u00e5 h\u00e4stryggen, minns nog hur han sagt till sig sj\u00e4lv: <\/p>\n\n\n\n<p><strong>\u201d\u00c4n \u00e4r jag l\u00e5ngt ifr\u00e5n sadelfast, och s\u00e5 beg\u00e4r man, att jag ska g\u00e5 till angrepp p\u00e5 andra!<\/strong>\u201d <\/p>\n\n\n\n<p>\u00c4r inte detta ungef\u00e4r vad som g\u00e4ller oss alla som soldater i Kristi h\u00e4r? Vi ha sv\u00e5rt nog att klara v\u00e5ra egna problem \u2013 hur skulle vi d\u00e5 kunna ge oss i kast med kamraternas? <\/p>\n\n\n\n<p>Men Kristi str\u00e4nga och goda vilja \u00e4r, att vi g\u00f6ra det. Lyda vi honom, s\u00e5 svarar Han f\u00f6r att vi skola bli sadelfasta, bibelfasta, trosfasta. Med b\u00f6n att s\u00e5 m\u00e5tte ske, inbjuder jag till 1956 \u00e5rs ungdomsting i Sk\u00f6vde.\u201d<\/p>\n<cite>Skara 9 februari 1956 f\u00f6r Skara stifts ungdomsr\u00e5d, biskop Sven Danell<\/cite><\/blockquote>\n\n\n\n<h2 class=\"wp-block-heading\">Del i uppdraget direkt<\/h2>\n\n\n\n<p>Man kan riktigt k\u00e4nna i kroppen hur det skulle vara att svaja iv\u00e4g p\u00e5 en h\u00e4st man knappt klarar att h\u00e5lla sig kvar p\u00e5 och b\u00f6rja vifta med n\u00e5gon sabel mot fienden. <\/p>\n\n\n\n<p>I v\u00e5ra dagar \u00e4r det inte lika vanligt att anv\u00e4nda arm\u00e9liknelser i kyrkan men biskopens po\u00e4ng st\u00e5r fast. Vi har alla del i kyrkans uppdrag fr\u00e5n f\u00f6rsta stund. Vi tycker nog \u00e4rligt talat fortfarande att vi har fullt upp med att h\u00e5lla oss i sadeln sj\u00e4lva men kyrkan vore inte kyrka utan sitt uppdrag f\u00f6r v\u00e4rlden. Att hj\u00e4lpa varandra, verka f\u00f6r fred och r\u00e4ttvisa och sprida evangeliet om Jesus. <\/p>\n\n\n\n<p>Vad s\u00e4ger du k\u00e4ra l\u00e4sare om detta? Skriv g\u00e4rna en kommentar!<\/p>\n\n\n<div id=\"related-posts-block_cf6c4d1fe9a05a812b9afa5a61f5b31a\"  class=\"b-related-posts alignfull\">\n    <div class=\"acf-innerblocks-container\">\n\n<h2 class=\"wp-block-heading\">Liknande inl\u00e4gg<\/h2>\n\n<\/div>\n    \n    \n    <div class=\"wp-block-query alignfull is-layout-flow wp-block-query-is-layout-flow\">\n        <ul class=\"is-flex-container columns-3 alignfull related-posts__content wp-block-post-template is-layout-flow wp-block-post-template-is-layout-flow\"><li class=\"wp-block-post post-10799 post type-post status-publish format-standard has-post-thumbnail hentry category-pask category-predikan tag-bibeln tag-grogu tag-hitta-ut tag-jesus tag-kristen tag-kristen-tro tag-kyrka tag-kyrkan tag-mandalorian tag-orienterare tag-orientering tag-pask tag-predikan tag-process tag-skapelsen tag-star-wars tag-starwars tag-stig tag-the-mandalorian tag-vag tag-vagen tag-vandring\">\n            \n            <div class=\"wp-block-group post__content is-layout-flow wp-block-group-is-layout-flow\">\n                <figure style=\"margin-bottom:var(--wp--preset--spacing--50);\" class=\"wp-block-post-featured-image\"><a href=\"https:\/\/blogg.svenskakyrkan.se\/vandravagen\/2026\/04\/27\/detta-ar-vagen\/\" target=\"_self\"  ><img loading=\"lazy\" decoding=\"async\" width=\"2048\" height=\"1593\" src=\"https:\/\/blogg.svenskakyrkan.se\/vandravagen\/files\/2026\/04\/fiskafanget.jpg\" class=\"attachment-post-thumbnail size-post-thumbnail wp-post-image\" alt=\"&#8221;Detta \u00e4r v\u00e4gen&#8221;\" style=\"object-fit:cover;\" srcset=\"https:\/\/blogg.svenskakyrkan.se\/vandravagen\/files\/2026\/04\/fiskafanget.jpg 2048w, https:\/\/blogg.svenskakyrkan.se\/vandravagen\/files\/2026\/04\/fiskafanget-300x233.jpg 300w, https:\/\/blogg.svenskakyrkan.se\/vandravagen\/files\/2026\/04\/fiskafanget-1024x797.jpg 1024w, https:\/\/blogg.svenskakyrkan.se\/vandravagen\/files\/2026\/04\/fiskafanget-768x597.jpg 768w, https:\/\/blogg.svenskakyrkan.se\/vandravagen\/files\/2026\/04\/fiskafanget-1536x1195.jpg 1536w, https:\/\/blogg.svenskakyrkan.se\/vandravagen\/files\/2026\/04\/fiskafanget-1200x933.jpg 1200w\" sizes=\"auto, (max-width: 2048px) 100vw, 2048px\" \/><\/a><\/figure>\n                <h2 class=\"wp-block-post-title has-h-3-font-size\"><a href=\"https:\/\/blogg.svenskakyrkan.se\/vandravagen\/2026\/04\/27\/detta-ar-vagen\/\" target=\"_self\" >&#8221;Detta \u00e4r v\u00e4gen&#8221;<\/a><\/h2>\n                <div class=\"wp-block-post-date\"><time datetime=\"2026-04-27T21:50:48+02:00\">27 april, 2026<\/time><\/div>\n                <div class=\"wp-block-post-excerpt\"><p class=\"wp-block-post-excerpt__excerpt\">Min predikan om Jesus som v\u00e4gen. Och lite starwars&#8230;<\/p><\/div>\n            <\/div>\n            \n        <\/li><li class=\"wp-block-post post-10783 post type-post status-publish format-standard has-post-thumbnail hentry category-kyrkoaret category-pask category-predikan tag-anglar tag-bibeln tag-evangelium tag-graven tag-jesus tag-kristen tag-kristen-tro tag-kvinnor tag-kyrka tag-kyrkan tag-ljus tag-lukas tag-omojligt tag-pask tag-predikan tag-uppstandelse\">\n            \n            <div class=\"wp-block-group post__content is-layout-flow wp-block-group-is-layout-flow\">\n                <figure style=\"margin-bottom:var(--wp--preset--spacing--50);\" class=\"wp-block-post-featured-image\"><a href=\"https:\/\/blogg.svenskakyrkan.se\/vandravagen\/2026\/04\/06\/vi-ar-kvinnorna-vid-graven\/\" target=\"_self\"  ><img loading=\"lazy\" decoding=\"async\" width=\"593\" height=\"776\" src=\"https:\/\/blogg.svenskakyrkan.se\/vandravagen\/files\/2026\/04\/dodens-gap.jpg\" class=\"attachment-post-thumbnail size-post-thumbnail wp-post-image\" alt=\"Vi \u00e4r kvinnorna vid graven\" style=\"object-fit:cover;\" srcset=\"https:\/\/blogg.svenskakyrkan.se\/vandravagen\/files\/2026\/04\/dodens-gap.jpg 593w, https:\/\/blogg.svenskakyrkan.se\/vandravagen\/files\/2026\/04\/dodens-gap-300x393.jpg 300w\" sizes=\"auto, (max-width: 593px) 100vw, 593px\" \/><\/a><\/figure>\n                <h2 class=\"wp-block-post-title has-h-3-font-size\"><a href=\"https:\/\/blogg.svenskakyrkan.se\/vandravagen\/2026\/04\/06\/vi-ar-kvinnorna-vid-graven\/\" target=\"_self\" >Vi \u00e4r kvinnorna vid graven<\/a><\/h2>\n                <div class=\"wp-block-post-date\"><time datetime=\"2026-04-06T18:53:58+02:00\">6 april, 2026<\/time><\/div>\n                <div class=\"wp-block-post-excerpt\"><p class=\"wp-block-post-excerpt__excerpt\">Min predikan fr\u00e5n p\u00e5sknatten i Ulricehamns kyrka<\/p><\/div>\n            <\/div>\n            \n        <\/li><li class=\"wp-block-post post-10777 post type-post status-publish format-standard has-post-thumbnail hentry category-historia category-skapelseteologi category-teologi tag-25-mars tag-bibeln tag-datum tag-jesus tag-jul tag-jungfru-marie-bebadelsedag tag-korsfastelse tag-kristen tag-kristen-tro tag-kyrka tag-kyrkan tag-langfredag tag-lilja tag-maria tag-pask tag-predikan tag-skapelse tag-skapelsen tag-vardagjamning\">\n            \n            <div class=\"wp-block-group post__content is-layout-flow wp-block-group-is-layout-flow\">\n                <figure style=\"margin-bottom:var(--wp--preset--spacing--50);\" class=\"wp-block-post-featured-image\"><a href=\"https:\/\/blogg.svenskakyrkan.se\/vandravagen\/2026\/04\/02\/25-mars-varldens-viktigaste-datum\/\" target=\"_self\"  ><img loading=\"lazy\" decoding=\"async\" width=\"949\" height=\"1648\" src=\"https:\/\/blogg.svenskakyrkan.se\/vandravagen\/files\/2026\/03\/maria.jpg\" class=\"attachment-post-thumbnail size-post-thumbnail wp-post-image\" alt=\"25 mars, v\u00e4rldens viktigaste datum\" style=\"object-fit:cover;\" srcset=\"https:\/\/blogg.svenskakyrkan.se\/vandravagen\/files\/2026\/03\/maria.jpg 949w, https:\/\/blogg.svenskakyrkan.se\/vandravagen\/files\/2026\/03\/maria-300x521.jpg 300w, https:\/\/blogg.svenskakyrkan.se\/vandravagen\/files\/2026\/03\/maria-768x1334.jpg 768w, https:\/\/blogg.svenskakyrkan.se\/vandravagen\/files\/2026\/03\/maria-885x1536.jpg 885w\" sizes=\"auto, (max-width: 949px) 100vw, 949px\" \/><\/a><\/figure>\n                <h2 class=\"wp-block-post-title has-h-3-font-size\"><a href=\"https:\/\/blogg.svenskakyrkan.se\/vandravagen\/2026\/04\/02\/25-mars-varldens-viktigaste-datum\/\" target=\"_self\" >25 mars, v\u00e4rldens viktigaste datum<\/a><\/h2>\n                <div class=\"wp-block-post-date\"><time datetime=\"2026-04-02T11:15:52+02:00\">2 april, 2026<\/time><\/div>\n                <div class=\"wp-block-post-excerpt\"><p class=\"wp-block-post-excerpt__excerpt\">Om teologin och almanackan dagarna kring v\u00e5rdagj\u00e4mningen<\/p><\/div>\n            <\/div>\n            \n        <\/li><\/ul>\n        \n    <\/div>\n    <\/div>\n","protected":false},"excerpt":{"rendered":"<p>Biskop Sven Danells h\u00e4lsning till ungdomen 1956 \u00c4nnu inte sadelfast Min mor ger mig ganska ofta olika gamla kyrkliga dokument. Det har ofta varit fr\u00e5n min mormors och hennes systers konfirmandtid (vilket ju \u00e4r v\u00e4ldigt roligt att j\u00e4mf\u00f6ra mot hur det g\u00e5r till i v\u00e5ra dagar) men nu har jag f\u00e5tt lite papper fr\u00e5n n\u00e4r [&hellip;]<\/p>\n","protected":false},"author":392,"featured_media":9704,"comment_status":"open","ping_status":"open","sticky":false,"template":"","format":"standard","meta":{"_acf_changed":false,"footnotes":""},"categories":[8337,33574,8287],"tags":[84393,84038,84397,83878,83880,83879,83901,83890,84395,84090,84392,84396,84394],"class_list":["post-9703","post","type-post","status-publish","format-standard","has-post-thumbnail","hentry","category-historia","category-kyrkan","category-mission","tag-biskop-danell","tag-hast","tag-husarer","tag-jesus","tag-kristen","tag-kristen-tro","tag-kyrka","tag-kyrkan","tag-kyrklig-ungdom","tag-mission","tag-sadelfast","tag-skovde-regemente","tag-sven-danell"],"acf":[],"yoast_head":"<!-- This site is optimized with the Yoast SEO plugin v27.1.1 - https:\/\/yoast.com\/product\/yoast-seo-wordpress\/ -->\n<title>&quot;\u00c4n \u00e4r jag l\u00e5ngt ifr\u00e5n sadelfast&quot; - Vandra V\u00e4gen<\/title>\n<meta name=\"description\" content=\"Tomas Jarvid skriver om kyrkliga ungdomsl\u00e4ger p\u00e5 1950-talet och biskopens h\u00e4lsning om att redan ha del i kyrkans uppdrag.\" \/>\n<meta name=\"robots\" content=\"index, follow, max-snippet:-1, max-image-preview:large, max-video-preview:-1\" \/>\n<link rel=\"canonical\" href=\"https:\/\/blogg.svenskakyrkan.se\/vandravagen\/2024\/01\/19\/an-ar-jag-langt-ifran-sadelfast\/\" \/>\n<meta property=\"og:locale\" content=\"sv_SE\" \/>\n<meta property=\"og:type\" content=\"article\" \/>\n<meta property=\"og:title\" content=\"&quot;\u00c4n \u00e4r jag l\u00e5ngt ifr\u00e5n sadelfast&quot; - Vandra V\u00e4gen\" \/>\n<meta property=\"og:description\" content=\"Tomas Jarvid skriver om kyrkliga ungdomsl\u00e4ger p\u00e5 1950-talet och biskopens h\u00e4lsning om att redan ha del i kyrkans uppdrag.\" \/>\n<meta property=\"og:url\" content=\"https:\/\/blogg.svenskakyrkan.se\/vandravagen\/2024\/01\/19\/an-ar-jag-langt-ifran-sadelfast\/\" \/>\n<meta property=\"og:site_name\" content=\"Vandra V\u00e4gen\" \/>\n<meta property=\"article:publisher\" content=\"http:\/\/facebook.com\/vandravagen\" \/>\n<meta property=\"article:published_time\" content=\"2024-01-19T08:35:46+00:00\" \/>\n<meta property=\"article:modified_time\" content=\"2024-01-19T08:35:48+00:00\" \/>\n<meta property=\"og:image\" content=\"http:\/\/blogg.svenskakyrkan.se\/vandravagen\/files\/2024\/01\/husar.jpg\" \/>\n\t<meta property=\"og:image:width\" content=\"640\" \/>\n\t<meta property=\"og:image:height\" content=\"623\" \/>\n\t<meta property=\"og:image:type\" content=\"image\/jpeg\" \/>\n<meta name=\"author\" content=\"Tomas Jarvid\" \/>\n<meta name=\"twitter:card\" content=\"summary_large_image\" \/>\n<meta name=\"twitter:creator\" content=\"@fadertomas\" \/>\n<meta name=\"twitter:site\" content=\"@fadertomas\" \/>\n<meta name=\"twitter:label1\" content=\"Skriven av\" \/>\n\t<meta name=\"twitter:data1\" content=\"Tomas Jarvid\" \/>\n\t<meta name=\"twitter:label2\" content=\"Ber\u00e4knad l\u00e4stid\" \/>\n\t<meta name=\"twitter:data2\" content=\"2 minuter\" \/>\n<script type=\"application\/ld+json\" class=\"yoast-schema-graph\">{\"@context\":\"https:\/\/schema.org\",\"@graph\":[{\"@type\":\"Article\",\"@id\":\"https:\/\/blogg.svenskakyrkan.se\/vandravagen\/2024\/01\/19\/an-ar-jag-langt-ifran-sadelfast\/#article\",\"isPartOf\":{\"@id\":\"https:\/\/blogg.svenskakyrkan.se\/vandravagen\/2024\/01\/19\/an-ar-jag-langt-ifran-sadelfast\/\"},\"author\":{\"name\":\"Tomas Jarvid\",\"@id\":\"https:\/\/blogg.svenskakyrkan.se\/vandravagen\/#\/schema\/person\/25da02d4f76b137d04291711e2c9fc16\"},\"headline\":\"&#8221;\u00c4n \u00e4r jag l\u00e5ngt ifr\u00e5n sadelfast&#8221;\",\"datePublished\":\"2024-01-19T08:35:46+00:00\",\"dateModified\":\"2024-01-19T08:35:48+00:00\",\"mainEntityOfPage\":{\"@id\":\"https:\/\/blogg.svenskakyrkan.se\/vandravagen\/2024\/01\/19\/an-ar-jag-langt-ifran-sadelfast\/\"},\"wordCount\":501,\"commentCount\":0,\"publisher\":{\"@id\":\"https:\/\/blogg.svenskakyrkan.se\/vandravagen\/#organization\"},\"image\":{\"@id\":\"https:\/\/blogg.svenskakyrkan.se\/vandravagen\/2024\/01\/19\/an-ar-jag-langt-ifran-sadelfast\/#primaryimage\"},\"thumbnailUrl\":\"https:\/\/blogg.svenskakyrkan.se\/vandravagen\/files\/2024\/01\/husar.jpg\",\"keywords\":[\"biskop danell\",\"h\u00e4st\",\"husarer\",\"Jesus\",\"kristen\",\"kristen tro\",\"kyrka\",\"kyrkan\",\"kyrklig ungdom\",\"mission\",\"sadelfast\",\"sk\u00f6vde regemente\",\"sven danell\"],\"articleSection\":[\"historia\",\"kyrkan\",\"mission\"],\"inLanguage\":\"sv-SE\",\"potentialAction\":[{\"@type\":\"CommentAction\",\"name\":\"Comment\",\"target\":[\"https:\/\/blogg.svenskakyrkan.se\/vandravagen\/2024\/01\/19\/an-ar-jag-langt-ifran-sadelfast\/#respond\"]}]},{\"@type\":\"WebPage\",\"@id\":\"https:\/\/blogg.svenskakyrkan.se\/vandravagen\/2024\/01\/19\/an-ar-jag-langt-ifran-sadelfast\/\",\"url\":\"https:\/\/blogg.svenskakyrkan.se\/vandravagen\/2024\/01\/19\/an-ar-jag-langt-ifran-sadelfast\/\",\"name\":\"\\\"\u00c4n \u00e4r jag l\u00e5ngt ifr\u00e5n sadelfast\\\" - Vandra V\u00e4gen\",\"isPartOf\":{\"@id\":\"https:\/\/blogg.svenskakyrkan.se\/vandravagen\/#website\"},\"primaryImageOfPage\":{\"@id\":\"https:\/\/blogg.svenskakyrkan.se\/vandravagen\/2024\/01\/19\/an-ar-jag-langt-ifran-sadelfast\/#primaryimage\"},\"image\":{\"@id\":\"https:\/\/blogg.svenskakyrkan.se\/vandravagen\/2024\/01\/19\/an-ar-jag-langt-ifran-sadelfast\/#primaryimage\"},\"thumbnailUrl\":\"https:\/\/blogg.svenskakyrkan.se\/vandravagen\/files\/2024\/01\/husar.jpg\",\"datePublished\":\"2024-01-19T08:35:46+00:00\",\"dateModified\":\"2024-01-19T08:35:48+00:00\",\"description\":\"Tomas Jarvid skriver om kyrkliga ungdomsl\u00e4ger p\u00e5 1950-talet och biskopens h\u00e4lsning om att redan ha del i kyrkans uppdrag.\",\"breadcrumb\":{\"@id\":\"https:\/\/blogg.svenskakyrkan.se\/vandravagen\/2024\/01\/19\/an-ar-jag-langt-ifran-sadelfast\/#breadcrumb\"},\"inLanguage\":\"sv-SE\",\"potentialAction\":[{\"@type\":\"ReadAction\",\"target\":[\"https:\/\/blogg.svenskakyrkan.se\/vandravagen\/2024\/01\/19\/an-ar-jag-langt-ifran-sadelfast\/\"]}]},{\"@type\":\"ImageObject\",\"inLanguage\":\"sv-SE\",\"@id\":\"https:\/\/blogg.svenskakyrkan.se\/vandravagen\/2024\/01\/19\/an-ar-jag-langt-ifran-sadelfast\/#primaryimage\",\"url\":\"https:\/\/blogg.svenskakyrkan.se\/vandravagen\/files\/2024\/01\/husar.jpg\",\"contentUrl\":\"https:\/\/blogg.svenskakyrkan.se\/vandravagen\/files\/2024\/01\/husar.jpg\",\"width\":640,\"height\":623,\"caption\":\"Husar i Sk\u00f6vde\"},{\"@type\":\"BreadcrumbList\",\"@id\":\"https:\/\/blogg.svenskakyrkan.se\/vandravagen\/2024\/01\/19\/an-ar-jag-langt-ifran-sadelfast\/#breadcrumb\",\"itemListElement\":[{\"@type\":\"ListItem\",\"position\":1,\"name\":\"Hem\",\"item\":\"https:\/\/blogg.svenskakyrkan.se\/vandravagen\/\"},{\"@type\":\"ListItem\",\"position\":2,\"name\":\"biskop danell\",\"item\":\"https:\/\/blogg.svenskakyrkan.se\/vandravagen\/tag\/biskop-danell\/\"},{\"@type\":\"ListItem\",\"position\":3,\"name\":\"&#8221;\u00c4n \u00e4r jag l\u00e5ngt ifr\u00e5n sadelfast&#8221;\"}]},{\"@type\":\"WebSite\",\"@id\":\"https:\/\/blogg.svenskakyrkan.se\/vandravagen\/#website\",\"url\":\"https:\/\/blogg.svenskakyrkan.se\/vandravagen\/\",\"name\":\"Vandra V\u00e4gen\",\"description\":\"-Mot en tro f\u00f6r hela livet\",\"publisher\":{\"@id\":\"https:\/\/blogg.svenskakyrkan.se\/vandravagen\/#organization\"},\"potentialAction\":[{\"@type\":\"SearchAction\",\"target\":{\"@type\":\"EntryPoint\",\"urlTemplate\":\"https:\/\/blogg.svenskakyrkan.se\/vandravagen\/?s={search_term_string}\"},\"query-input\":{\"@type\":\"PropertyValueSpecification\",\"valueRequired\":true,\"valueName\":\"search_term_string\"}}],\"inLanguage\":\"sv-SE\"},{\"@type\":\"Organization\",\"@id\":\"https:\/\/blogg.svenskakyrkan.se\/vandravagen\/#organization\",\"name\":\"ulricehamns pastorat\",\"alternateName\":\"ulricehamns pastorat\",\"url\":\"https:\/\/blogg.svenskakyrkan.se\/vandravagen\/\",\"logo\":{\"@type\":\"ImageObject\",\"inLanguage\":\"sv-SE\",\"@id\":\"https:\/\/blogg.svenskakyrkan.se\/vandravagen\/#\/schema\/logo\/image\/\",\"url\":\"https:\/\/blogg.svenskakyrkan.se\/vandravagen\/files\/2023\/05\/Ulr_logo_RGB.png\",\"contentUrl\":\"https:\/\/blogg.svenskakyrkan.se\/vandravagen\/files\/2023\/05\/Ulr_logo_RGB.png\",\"width\":205,\"height\":77,\"caption\":\"ulricehamns pastorat\"},\"image\":{\"@id\":\"https:\/\/blogg.svenskakyrkan.se\/vandravagen\/#\/schema\/logo\/image\/\"},\"sameAs\":[\"http:\/\/facebook.com\/vandravagen\",\"https:\/\/x.com\/fadertomas\",\"http:\/\/www.facebook.com\/svenskakyrkaniulricehamn\"]},{\"@type\":\"Person\",\"@id\":\"https:\/\/blogg.svenskakyrkan.se\/vandravagen\/#\/schema\/person\/25da02d4f76b137d04291711e2c9fc16\",\"name\":\"Tomas Jarvid\",\"image\":{\"@type\":\"ImageObject\",\"inLanguage\":\"sv-SE\",\"@id\":\"https:\/\/blogg.svenskakyrkan.se\/vandravagen\/#\/schema\/person\/image\/\",\"url\":\"https:\/\/secure.gravatar.com\/avatar\/7fa71899795e8f540f615a1f5ab25255dc27aa40f05ee7ddd21aac521e01bf50?s=96&d=identicon&r=g\",\"contentUrl\":\"https:\/\/secure.gravatar.com\/avatar\/7fa71899795e8f540f615a1f5ab25255dc27aa40f05ee7ddd21aac521e01bf50?s=96&d=identicon&r=g\",\"caption\":\"Tomas Jarvid\"},\"description\":\"Jag bor i Ulricehamn i V\u00e4sterg\u00f6tland och \u00e4r f\u00f6rsamlingspr\u00e4st i Svenska Kyrkan f\u00f6r Dalstorps f\u00f6rsamling i Kinds pastorat. P\u00e5 den h\u00e4r bloggen skriver jag ner tankar om vandringen som kristen.\",\"sameAs\":[\"http:\/\/www.vandravagen.se\"],\"url\":\"https:\/\/blogg.svenskakyrkan.se\/vandravagen\/author\/vandravagen\/\"}]}<\/script>\n<!-- \/ Yoast SEO plugin. -->","yoast_head_json":{"title":"\"\u00c4n \u00e4r jag l\u00e5ngt ifr\u00e5n sadelfast\" - Vandra V\u00e4gen","description":"Tomas Jarvid skriver om kyrkliga ungdomsl\u00e4ger p\u00e5 1950-talet och biskopens h\u00e4lsning om att redan ha del i kyrkans uppdrag.","robots":{"index":"index","follow":"follow","max-snippet":"max-snippet:-1","max-image-preview":"max-image-preview:large","max-video-preview":"max-video-preview:-1"},"canonical":"https:\/\/blogg.svenskakyrkan.se\/vandravagen\/2024\/01\/19\/an-ar-jag-langt-ifran-sadelfast\/","og_locale":"sv_SE","og_type":"article","og_title":"\"\u00c4n \u00e4r jag l\u00e5ngt ifr\u00e5n sadelfast\" - Vandra V\u00e4gen","og_description":"Tomas Jarvid skriver om kyrkliga ungdomsl\u00e4ger p\u00e5 1950-talet och biskopens h\u00e4lsning om att redan ha del i kyrkans uppdrag.","og_url":"https:\/\/blogg.svenskakyrkan.se\/vandravagen\/2024\/01\/19\/an-ar-jag-langt-ifran-sadelfast\/","og_site_name":"Vandra V\u00e4gen","article_publisher":"http:\/\/facebook.com\/vandravagen","article_published_time":"2024-01-19T08:35:46+00:00","article_modified_time":"2024-01-19T08:35:48+00:00","og_image":[{"width":640,"height":623,"url":"http:\/\/blogg.svenskakyrkan.se\/vandravagen\/files\/2024\/01\/husar.jpg","type":"image\/jpeg"}],"author":"Tomas Jarvid","twitter_card":"summary_large_image","twitter_creator":"@fadertomas","twitter_site":"@fadertomas","twitter_misc":{"Skriven av":"Tomas Jarvid","Ber\u00e4knad l\u00e4stid":"2 minuter"},"schema":{"@context":"https:\/\/schema.org","@graph":[{"@type":"Article","@id":"https:\/\/blogg.svenskakyrkan.se\/vandravagen\/2024\/01\/19\/an-ar-jag-langt-ifran-sadelfast\/#article","isPartOf":{"@id":"https:\/\/blogg.svenskakyrkan.se\/vandravagen\/2024\/01\/19\/an-ar-jag-langt-ifran-sadelfast\/"},"author":{"name":"Tomas Jarvid","@id":"https:\/\/blogg.svenskakyrkan.se\/vandravagen\/#\/schema\/person\/25da02d4f76b137d04291711e2c9fc16"},"headline":"&#8221;\u00c4n \u00e4r jag l\u00e5ngt ifr\u00e5n sadelfast&#8221;","datePublished":"2024-01-19T08:35:46+00:00","dateModified":"2024-01-19T08:35:48+00:00","mainEntityOfPage":{"@id":"https:\/\/blogg.svenskakyrkan.se\/vandravagen\/2024\/01\/19\/an-ar-jag-langt-ifran-sadelfast\/"},"wordCount":501,"commentCount":0,"publisher":{"@id":"https:\/\/blogg.svenskakyrkan.se\/vandravagen\/#organization"},"image":{"@id":"https:\/\/blogg.svenskakyrkan.se\/vandravagen\/2024\/01\/19\/an-ar-jag-langt-ifran-sadelfast\/#primaryimage"},"thumbnailUrl":"https:\/\/blogg.svenskakyrkan.se\/vandravagen\/files\/2024\/01\/husar.jpg","keywords":["biskop danell","h\u00e4st","husarer","Jesus","kristen","kristen tro","kyrka","kyrkan","kyrklig ungdom","mission","sadelfast","sk\u00f6vde regemente","sven danell"],"articleSection":["historia","kyrkan","mission"],"inLanguage":"sv-SE","potentialAction":[{"@type":"CommentAction","name":"Comment","target":["https:\/\/blogg.svenskakyrkan.se\/vandravagen\/2024\/01\/19\/an-ar-jag-langt-ifran-sadelfast\/#respond"]}]},{"@type":"WebPage","@id":"https:\/\/blogg.svenskakyrkan.se\/vandravagen\/2024\/01\/19\/an-ar-jag-langt-ifran-sadelfast\/","url":"https:\/\/blogg.svenskakyrkan.se\/vandravagen\/2024\/01\/19\/an-ar-jag-langt-ifran-sadelfast\/","name":"\"\u00c4n \u00e4r jag l\u00e5ngt ifr\u00e5n sadelfast\" - Vandra V\u00e4gen","isPartOf":{"@id":"https:\/\/blogg.svenskakyrkan.se\/vandravagen\/#website"},"primaryImageOfPage":{"@id":"https:\/\/blogg.svenskakyrkan.se\/vandravagen\/2024\/01\/19\/an-ar-jag-langt-ifran-sadelfast\/#primaryimage"},"image":{"@id":"https:\/\/blogg.svenskakyrkan.se\/vandravagen\/2024\/01\/19\/an-ar-jag-langt-ifran-sadelfast\/#primaryimage"},"thumbnailUrl":"https:\/\/blogg.svenskakyrkan.se\/vandravagen\/files\/2024\/01\/husar.jpg","datePublished":"2024-01-19T08:35:46+00:00","dateModified":"2024-01-19T08:35:48+00:00","description":"Tomas Jarvid skriver om kyrkliga ungdomsl\u00e4ger p\u00e5 1950-talet och biskopens h\u00e4lsning om att redan ha del i kyrkans uppdrag.","breadcrumb":{"@id":"https:\/\/blogg.svenskakyrkan.se\/vandravagen\/2024\/01\/19\/an-ar-jag-langt-ifran-sadelfast\/#breadcrumb"},"inLanguage":"sv-SE","potentialAction":[{"@type":"ReadAction","target":["https:\/\/blogg.svenskakyrkan.se\/vandravagen\/2024\/01\/19\/an-ar-jag-langt-ifran-sadelfast\/"]}]},{"@type":"ImageObject","inLanguage":"sv-SE","@id":"https:\/\/blogg.svenskakyrkan.se\/vandravagen\/2024\/01\/19\/an-ar-jag-langt-ifran-sadelfast\/#primaryimage","url":"https:\/\/blogg.svenskakyrkan.se\/vandravagen\/files\/2024\/01\/husar.jpg","contentUrl":"https:\/\/blogg.svenskakyrkan.se\/vandravagen\/files\/2024\/01\/husar.jpg","width":640,"height":623,"caption":"Husar i Sk\u00f6vde"},{"@type":"BreadcrumbList","@id":"https:\/\/blogg.svenskakyrkan.se\/vandravagen\/2024\/01\/19\/an-ar-jag-langt-ifran-sadelfast\/#breadcrumb","itemListElement":[{"@type":"ListItem","position":1,"name":"Hem","item":"https:\/\/blogg.svenskakyrkan.se\/vandravagen\/"},{"@type":"ListItem","position":2,"name":"biskop danell","item":"https:\/\/blogg.svenskakyrkan.se\/vandravagen\/tag\/biskop-danell\/"},{"@type":"ListItem","position":3,"name":"&#8221;\u00c4n \u00e4r jag l\u00e5ngt ifr\u00e5n sadelfast&#8221;"}]},{"@type":"WebSite","@id":"https:\/\/blogg.svenskakyrkan.se\/vandravagen\/#website","url":"https:\/\/blogg.svenskakyrkan.se\/vandravagen\/","name":"Vandra V\u00e4gen","description":"-Mot en tro f\u00f6r hela livet","publisher":{"@id":"https:\/\/blogg.svenskakyrkan.se\/vandravagen\/#organization"},"potentialAction":[{"@type":"SearchAction","target":{"@type":"EntryPoint","urlTemplate":"https:\/\/blogg.svenskakyrkan.se\/vandravagen\/?s={search_term_string}"},"query-input":{"@type":"PropertyValueSpecification","valueRequired":true,"valueName":"search_term_string"}}],"inLanguage":"sv-SE"},{"@type":"Organization","@id":"https:\/\/blogg.svenskakyrkan.se\/vandravagen\/#organization","name":"ulricehamns pastorat","alternateName":"ulricehamns pastorat","url":"https:\/\/blogg.svenskakyrkan.se\/vandravagen\/","logo":{"@type":"ImageObject","inLanguage":"sv-SE","@id":"https:\/\/blogg.svenskakyrkan.se\/vandravagen\/#\/schema\/logo\/image\/","url":"https:\/\/blogg.svenskakyrkan.se\/vandravagen\/files\/2023\/05\/Ulr_logo_RGB.png","contentUrl":"https:\/\/blogg.svenskakyrkan.se\/vandravagen\/files\/2023\/05\/Ulr_logo_RGB.png","width":205,"height":77,"caption":"ulricehamns pastorat"},"image":{"@id":"https:\/\/blogg.svenskakyrkan.se\/vandravagen\/#\/schema\/logo\/image\/"},"sameAs":["http:\/\/facebook.com\/vandravagen","https:\/\/x.com\/fadertomas","http:\/\/www.facebook.com\/svenskakyrkaniulricehamn"]},{"@type":"Person","@id":"https:\/\/blogg.svenskakyrkan.se\/vandravagen\/#\/schema\/person\/25da02d4f76b137d04291711e2c9fc16","name":"Tomas Jarvid","image":{"@type":"ImageObject","inLanguage":"sv-SE","@id":"https:\/\/blogg.svenskakyrkan.se\/vandravagen\/#\/schema\/person\/image\/","url":"https:\/\/secure.gravatar.com\/avatar\/7fa71899795e8f540f615a1f5ab25255dc27aa40f05ee7ddd21aac521e01bf50?s=96&d=identicon&r=g","contentUrl":"https:\/\/secure.gravatar.com\/avatar\/7fa71899795e8f540f615a1f5ab25255dc27aa40f05ee7ddd21aac521e01bf50?s=96&d=identicon&r=g","caption":"Tomas Jarvid"},"description":"Jag bor i Ulricehamn i V\u00e4sterg\u00f6tland och \u00e4r f\u00f6rsamlingspr\u00e4st i Svenska Kyrkan f\u00f6r Dalstorps f\u00f6rsamling i Kinds pastorat. P\u00e5 den h\u00e4r bloggen skriver jag ner tankar om vandringen som kristen.","sameAs":["http:\/\/www.vandravagen.se"],"url":"https:\/\/blogg.svenskakyrkan.se\/vandravagen\/author\/vandravagen\/"}]}},"author_meta":{"ID":"392","user_nicename":"vandravagen","user_url":"http:\/\/www.vandravagen.se","user_registered":"2014-05-19 05:44:52","display_name":"Tomas Jarvid","first_name":"Tomas","last_name":"Jarvid","avatar":"https:\/\/secure.gravatar.com\/avatar\/7fa71899795e8f540f615a1f5ab25255dc27aa40f05ee7ddd21aac521e01bf50?s=96&d=identicon&r=g"},"featured_image":["https:\/\/blogg.svenskakyrkan.se\/vandravagen\/files\/2024\/01\/husar.jpg",640,623,false],"bloginfo":{"name":"Vandra V\u00e4gen","url":"https:\/\/blogg.svenskakyrkan.se\/vandravagen"},"_links":{"self":[{"href":"https:\/\/blogg.svenskakyrkan.se\/vandravagen\/wp-json\/wp\/v2\/posts\/9703","targetHints":{"allow":["GET"]}}],"collection":[{"href":"https:\/\/blogg.svenskakyrkan.se\/vandravagen\/wp-json\/wp\/v2\/posts"}],"about":[{"href":"https:\/\/blogg.svenskakyrkan.se\/vandravagen\/wp-json\/wp\/v2\/types\/post"}],"author":[{"embeddable":true,"href":"https:\/\/blogg.svenskakyrkan.se\/vandravagen\/wp-json\/wp\/v2\/users\/392"}],"replies":[{"embeddable":true,"href":"https:\/\/blogg.svenskakyrkan.se\/vandravagen\/wp-json\/wp\/v2\/comments?post=9703"}],"version-history":[{"count":2,"href":"https:\/\/blogg.svenskakyrkan.se\/vandravagen\/wp-json\/wp\/v2\/posts\/9703\/revisions"}],"predecessor-version":[{"id":9706,"href":"https:\/\/blogg.svenskakyrkan.se\/vandravagen\/wp-json\/wp\/v2\/posts\/9703\/revisions\/9706"}],"wp:featuredmedia":[{"embeddable":true,"href":"https:\/\/blogg.svenskakyrkan.se\/vandravagen\/wp-json\/wp\/v2\/media\/9704"}],"wp:attachment":[{"href":"https:\/\/blogg.svenskakyrkan.se\/vandravagen\/wp-json\/wp\/v2\/media?parent=9703"}],"wp:term":[{"taxonomy":"category","embeddable":true,"href":"https:\/\/blogg.svenskakyrkan.se\/vandravagen\/wp-json\/wp\/v2\/categories?post=9703"},{"taxonomy":"post_tag","embeddable":true,"href":"https:\/\/blogg.svenskakyrkan.se\/vandravagen\/wp-json\/wp\/v2\/tags?post=9703"}],"curies":[{"name":"wp","href":"https:\/\/api.w.org\/{rel}","templated":true}]}}