{"id":9770,"date":"2024-05-02T12:26:24","date_gmt":"2024-05-02T10:26:24","guid":{"rendered":"https:\/\/blogg.svenskakyrkan.se\/vandravagen\/?p=9770"},"modified":"2024-05-02T12:26:26","modified_gmt":"2024-05-02T10:26:26","slug":"guds-oversatta-ord","status":"publish","type":"post","link":"https:\/\/blogg.svenskakyrkan.se\/vandravagen\/2024\/05\/02\/guds-oversatta-ord\/","title":{"rendered":"Guds \u00f6versatta ord"},"content":{"rendered":"\n<p>Om att Gud vill tala till alla m\u00e4nniskor p\u00e5 deras eget spr\u00e5k.<\/p>\n\n\n\n<figure class=\"wp-block-image size-large\"><img loading=\"lazy\" decoding=\"async\" width=\"1024\" height=\"768\" src=\"https:\/\/blogg.svenskakyrkan.se\/vandravagen\/files\/2024\/05\/IMG_4394-1024x768.jpg\" alt=\"\" class=\"wp-image-9922\" srcset=\"https:\/\/blogg.svenskakyrkan.se\/vandravagen\/files\/2024\/05\/IMG_4394-1024x768.jpg 1024w, https:\/\/blogg.svenskakyrkan.se\/vandravagen\/files\/2024\/05\/IMG_4394-300x225.jpg 300w, https:\/\/blogg.svenskakyrkan.se\/vandravagen\/files\/2024\/05\/IMG_4394-768x576.jpg 768w, https:\/\/blogg.svenskakyrkan.se\/vandravagen\/files\/2024\/05\/IMG_4394-1536x1152.jpg 1536w, https:\/\/blogg.svenskakyrkan.se\/vandravagen\/files\/2024\/05\/IMG_4394-2048x1536.jpg 2048w, https:\/\/blogg.svenskakyrkan.se\/vandravagen\/files\/2024\/05\/IMG_4394-1200x900.jpg 1200w\" sizes=\"auto, (max-width: 1024px) 100vw, 1024px\" \/><figcaption class=\"wp-element-caption\">Bibeln p\u00e5 en hel dr\u00f6s spr\u00e5k. S\u00e5 att m\u00e5nga som kommer in i Ulricehamns kyrka ska kunna l\u00e4sa p\u00e5 sitt eget spr\u00e5k.<\/figcaption><\/figure>\n\n\n\n<p>Detta skrev jag i f\u00f6rra numret av v\u00e5r pastoratstidning &#8221;kyrkbacken&#8221;. Nu \u00e4ven p\u00e5 bloggen \ud83d\ude42<\/p>\n\n\n\n<h2 class=\"wp-block-heading\">Guds \u00f6versatta ord<\/h2>\n\n\n\n<p>Genast d\u00e5 bibeln tagit form b\u00f6rjade den ocks\u00e5 att bli \u00f6versatt till andra spr\u00e5k. Man kan till och med s\u00e4ga om nya testamentet att <strong>det var en \u00f6vers\u00e4ttning redan d\u00e5 det skrevs ner<\/strong>. Jesus sj\u00e4lv talade arameiska s\u00e5 det var p\u00e5 det spr\u00e5ket han undervisade sina l\u00e4rjungar. N\u00e4r evangelierna sedan skrevs ner s\u00e5 var det p\u00e5 grekiska. P\u00e5 sin tids engelska kan man s\u00e4ga. Ett spr\u00e5k m\u00e5nga f\u00f6rstod \u00e4ven om de inte hade det som modersm\u00e5l.<\/p>\n\n\n\n<h2 class=\"wp-block-heading\">704 och stigande<\/h2>\n\n\n\n<p>Detta \u00f6vers\u00e4ttande har sedan fortsatt d\u00e5 bibeln st\u00e4ndigt ges ut p\u00e5 nya spr\u00e5k. Just nu finns hela bibeln \u00f6versatt till 704 spr\u00e5k vilket g\u00f6r den tillg\u00e4nglig f\u00f6r 5,7 miljarder m\u00e4nniskor. Ytterligare 825 miljoner m\u00e4nniskor kan l\u00e4sa Nya testamentet p\u00e5 sitt spr\u00e5k och 450 miljoner till kan \u00e5tminstone l\u00e4sa delar av bibeln p\u00e5 sitt hemspr\u00e5k. Uppgifterna kommer fr\u00e5n Svenska Bibels\u00e4llskapet som arbetar med \u00f6vers\u00e4ttning och spridning av bibeln b\u00e5de i Sverige och internationellt.<\/p>\n\n\n\n<p>Det \u00e4r ju imponerande siffror men all denna m\u00f6da med \u00f6vers\u00e4ttningar <strong>s\u00e4ger oss ocks\u00e5 n\u00e5got viktigt om hur kristna ser p\u00e5 bibeln.<\/strong><\/p>\n\n\n\n<h2 class=\"wp-block-heading\">En Gud som vill oss n\u00e5got<\/h2>\n\n\n\n<p>Vi kan l\u00e4ra oss om Gud eftersom Gud valt att ge sig tillk\u00e4nna och tala till m\u00e4nniskor. Det kristna ordet f\u00f6r detta \u00e4r \u201duppenbarelsen\u201d. Allra klarast l\u00e4r vi oss om Gud genom att Gud blivit m\u00e4nniska som vi i Jesus Kristus. Anledningen till att kristna l\u00e4ser bibeln \u00e4r allts\u00e5 framf\u00f6rallt att det st\u00e5r om Jesus d\u00e4r.<\/p>\n\n\n\n<p>Vi brukar hedra bibeltexten genom att kalla den \u201dGuds ord\u201d men som vi sett \u00e4r det framf\u00f6rallt Jesus sj\u00e4lv som \u00e4r Guds Ord. Gud skrev inte en bok till oss utan \u201dtalade\u201d genom att bli en av oss. Man kunde ocks\u00e5 s\u00e4ga att Jesus \u00e4r Guds s\u00e4tt att \u00f6vers\u00e4tta sig sj\u00e4lv till n\u00e5got vi m\u00e4nniskor kan f\u00f6rst\u00e5.<\/p>\n\n\n\n<p>Redan i apostlag\u00e4rningar i bibeln st\u00e5r det om att budskapet om Jesus g\u00e5r ut till m\u00e4nniskor med olika spr\u00e5k. P\u00e5 pingstdagen i Jerusalem f\u00e5r pl\u00f6tsligt en stor folksamling mirakul\u00f6st h\u00f6ra apostlarna tala till dem p\u00e5 deras egna spr\u00e5k med den heliga Andens hj\u00e4lp. <\/p>\n\n\n\n<p>Av det har kyrkan dragit slutsatsen att det inte finns n\u00e5got spr\u00e5k som \u00e4r heligare \u00e4n n\u00e5got annat. Det viktiga \u00e4r att evangeliet n\u00e5r oss s\u00e5 att vi kan ta till oss det. Och vilket spr\u00e5k skulle kunna hitta in i v\u00e5ra hj\u00e4rtan b\u00e4ttre \u00e4n v\u00e5rt modersm\u00e5l?<\/p>\n\n\n\n<p>Det finns inget slut p\u00e5 \u00f6vers\u00e4ttandet. N\u00e4r vi v\u00e4l tar emot evangeliet \u00e5terst\u00e5r det f\u00f6r oss att komma p\u00e5 vad det inneb\u00e4r f\u00f6r oss i v\u00e5ra liv. Vi \u00e4r alla \u00f6vers\u00e4ttare.<\/p>\n\n\n<div id=\"related-posts-block_e4512bd03e26e228deeb1c40bf248d6a\"  class=\"b-related-posts alignfull\">\n    <div class=\"acf-innerblocks-container\">\n\n<h2 class=\"wp-block-heading\">Liknande inl\u00e4gg<\/h2>\n\n<\/div>\n    \n    \n    <div class=\"wp-block-query alignfull is-layout-flow wp-block-query-is-layout-flow\">\n        <ul class=\"is-flex-container columns-3 alignfull related-posts__content wp-block-post-template is-layout-flow wp-block-post-template-is-layout-flow\"><li class=\"wp-block-post post-10777 post type-post status-publish format-standard has-post-thumbnail hentry category-historia category-skapelseteologi category-teologi tag-25-mars tag-bibeln tag-datum tag-jesus tag-jul tag-jungfru-marie-bebadelsedag tag-korsfastelse tag-kristen tag-kristen-tro tag-kyrka tag-kyrkan tag-langfredag tag-lilja tag-maria tag-pask tag-predikan tag-skapelse tag-skapelsen tag-vardagjamning\">\n            \n            <div class=\"wp-block-group post__content is-layout-flow wp-block-group-is-layout-flow\">\n                <figure style=\"margin-bottom:var(--wp--preset--spacing--50);\" class=\"wp-block-post-featured-image\"><a href=\"https:\/\/blogg.svenskakyrkan.se\/vandravagen\/2026\/04\/02\/25-mars-varldens-viktigaste-datum\/\" target=\"_self\"  ><img loading=\"lazy\" decoding=\"async\" width=\"949\" height=\"1648\" src=\"https:\/\/blogg.svenskakyrkan.se\/vandravagen\/files\/2026\/03\/maria.jpg\" class=\"attachment-post-thumbnail size-post-thumbnail wp-post-image\" alt=\"25 mars, v\u00e4rldens viktigaste datum\" style=\"object-fit:cover;\" srcset=\"https:\/\/blogg.svenskakyrkan.se\/vandravagen\/files\/2026\/03\/maria.jpg 949w, https:\/\/blogg.svenskakyrkan.se\/vandravagen\/files\/2026\/03\/maria-300x521.jpg 300w, https:\/\/blogg.svenskakyrkan.se\/vandravagen\/files\/2026\/03\/maria-768x1334.jpg 768w, https:\/\/blogg.svenskakyrkan.se\/vandravagen\/files\/2026\/03\/maria-885x1536.jpg 885w\" sizes=\"auto, (max-width: 949px) 100vw, 949px\" \/><\/a><\/figure>\n                <h2 class=\"wp-block-post-title has-h-3-font-size\"><a href=\"https:\/\/blogg.svenskakyrkan.se\/vandravagen\/2026\/04\/02\/25-mars-varldens-viktigaste-datum\/\" target=\"_self\" >25 mars, v\u00e4rldens viktigaste datum<\/a><\/h2>\n                <div class=\"wp-block-post-date\"><time datetime=\"2026-04-02T11:15:52+02:00\">2 april, 2026<\/time><\/div>\n                <div class=\"wp-block-post-excerpt\"><p class=\"wp-block-post-excerpt__excerpt\">Om teologin och almanackan dagarna kring v\u00e5rdagj\u00e4mningen<\/p><\/div>\n            <\/div>\n            \n        <\/li><li class=\"wp-block-post post-10681 post type-post status-publish format-standard has-post-thumbnail hentry category-bibel category-bibeln category-film category-historia tag-anakin tag-betlehem tag-bibeln tag-david tag-jesus tag-jul tag-kristen tag-kristen-tro tag-kung-david tag-kyrka tag-kyrkan tag-luke tag-oken tag-plats tag-rakel tag-rut tag-ruth tag-skywalker tag-tatooine\">\n            \n            <div class=\"wp-block-group post__content is-layout-flow wp-block-group-is-layout-flow\">\n                <figure style=\"margin-bottom:var(--wp--preset--spacing--50);\" class=\"wp-block-post-featured-image\"><a href=\"https:\/\/blogg.svenskakyrkan.se\/vandravagen\/2026\/03\/06\/betlehem-ar-bibelns-tatooine\/\" target=\"_self\"  ><img loading=\"lazy\" decoding=\"async\" width=\"1265\" height=\"631\" src=\"https:\/\/blogg.svenskakyrkan.se\/vandravagen\/files\/2026\/03\/cylonka.jpg\" class=\"attachment-post-thumbnail size-post-thumbnail wp-post-image\" alt=\"Betlehem \u00e4r bibelns Tatooine\" style=\"object-fit:cover;\" srcset=\"https:\/\/blogg.svenskakyrkan.se\/vandravagen\/files\/2026\/03\/cylonka.jpg 1265w, https:\/\/blogg.svenskakyrkan.se\/vandravagen\/files\/2026\/03\/cylonka-300x150.jpg 300w, https:\/\/blogg.svenskakyrkan.se\/vandravagen\/files\/2026\/03\/cylonka-1024x511.jpg 1024w, https:\/\/blogg.svenskakyrkan.se\/vandravagen\/files\/2026\/03\/cylonka-768x383.jpg 768w, https:\/\/blogg.svenskakyrkan.se\/vandravagen\/files\/2026\/03\/cylonka-1200x599.jpg 1200w\" sizes=\"auto, (max-width: 1265px) 100vw, 1265px\" \/><\/a><\/figure>\n                <h2 class=\"wp-block-post-title has-h-3-font-size\"><a href=\"https:\/\/blogg.svenskakyrkan.se\/vandravagen\/2026\/03\/06\/betlehem-ar-bibelns-tatooine\/\" target=\"_self\" >Betlehem \u00e4r bibelns Tatooine<\/a><\/h2>\n                <div class=\"wp-block-post-date\"><time datetime=\"2026-03-06T13:25:48+01:00\">6 mars, 2026<\/time><\/div>\n                <div class=\"wp-block-post-excerpt\"><p class=\"wp-block-post-excerpt__excerpt\">En plats d\u00e4r man varit f\u00f6rut!<\/p><\/div>\n            <\/div>\n            \n        <\/li><li class=\"wp-block-post post-10743 post type-post status-publish format-standard has-post-thumbnail hentry category-fastan category-kyrkan category-predikan tag-alska tag-bibeln tag-elsa-beskow tag-fanny-och-alexander tag-fasta tag-fastan tag-fastlagssondagen tag-jesus tag-karlek tag-klicheer tag-kristen tag-kristen-tro tag-kyrka tag-kyrkan tag-ofortjant tag-predikan tag-relationsrad tag-wilfred-stinissen\">\n            \n            <div class=\"wp-block-group post__content is-layout-flow wp-block-group-is-layout-flow\">\n                <figure style=\"margin-bottom:var(--wp--preset--spacing--50);\" class=\"wp-block-post-featured-image\"><a href=\"https:\/\/blogg.svenskakyrkan.se\/vandravagen\/2026\/02\/17\/om-vi-verkligen-forstod-att-gud-ar-karlek\/\" target=\"_self\"  ><img loading=\"lazy\" decoding=\"async\" width=\"609\" height=\"680\" src=\"https:\/\/blogg.svenskakyrkan.se\/vandravagen\/files\/2026\/02\/IMG_3025.jpg\" class=\"attachment-post-thumbnail size-post-thumbnail wp-post-image\" alt=\"Om vi verkligen f\u00f6rstod att Gud \u00e4r k\u00e4rlek\" style=\"object-fit:cover;\" srcset=\"https:\/\/blogg.svenskakyrkan.se\/vandravagen\/files\/2026\/02\/IMG_3025.jpg 609w, https:\/\/blogg.svenskakyrkan.se\/vandravagen\/files\/2026\/02\/IMG_3025-300x335.jpg 300w\" sizes=\"auto, (max-width: 609px) 100vw, 609px\" \/><\/a><\/figure>\n                <h2 class=\"wp-block-post-title has-h-3-font-size\"><a href=\"https:\/\/blogg.svenskakyrkan.se\/vandravagen\/2026\/02\/17\/om-vi-verkligen-forstod-att-gud-ar-karlek\/\" target=\"_self\" >Om vi verkligen f\u00f6rstod att Gud \u00e4r k\u00e4rlek<\/a><\/h2>\n                <div class=\"wp-block-post-date\"><time datetime=\"2026-02-17T13:20:57+01:00\">17 februari, 2026<\/time><\/div>\n                <div class=\"wp-block-post-excerpt\"><p class=\"wp-block-post-excerpt__excerpt\">Min predikan fr\u00e5n fastlagss\u00f6ndagen i s\u00f6ndags i Ulricehamns kyrka<\/p><\/div>\n            <\/div>\n            \n        <\/li><\/ul>\n        \n    <\/div>\n    <\/div>\n","protected":false},"excerpt":{"rendered":"<p>Om att Gud vill tala till alla m\u00e4nniskor p\u00e5 deras eget spr\u00e5k. Detta skrev jag i f\u00f6rra numret av v\u00e5r pastoratstidning &#8221;kyrkbacken&#8221;. Nu \u00e4ven p\u00e5 bloggen \ud83d\ude42 Guds \u00f6versatta ord Genast d\u00e5 bibeln tagit form b\u00f6rjade den ocks\u00e5 att bli \u00f6versatt till andra spr\u00e5k. Man kan till och med s\u00e4ga om nya testamentet att det [&hellip;]<\/p>\n","protected":false},"author":392,"featured_media":9922,"comment_status":"open","ping_status":"open","sticky":false,"template":"","format":"standard","meta":{"_acf_changed":false,"footnotes":""},"categories":[14252,8298,33574,117],"tags":[83926,84473,84474,83878,83880,83879,83901,83890,84472,84454],"class_list":["post-9770","post","type-post","status-publish","format-standard","has-post-thumbnail","hentry","category-bibel","category-bibeln","category-kyrkan","category-teologi","tag-bibeln","tag-bibeloversattning","tag-bibelsallskapet","tag-jesus","tag-kristen","tag-kristen-tro","tag-kyrka","tag-kyrkan","tag-oversattning","tag-uppenbarelsen"],"acf":[],"yoast_head":"<!-- This site is optimized with the Yoast SEO plugin v27.1.1 - https:\/\/yoast.com\/product\/yoast-seo-wordpress\/ -->\n<title>Guds \u00f6versatta ord - Vandra V\u00e4gen<\/title>\n<meta name=\"description\" content=\"Tomas Jarvid skriver om grunden till att kristna vill \u00f6vers\u00e4tta bibeln till alla spr\u00e5k s\u00e5 att alla f\u00e5r h\u00f6ra Guds ord p\u00e5 sina villkor.\" \/>\n<meta name=\"robots\" content=\"index, follow, max-snippet:-1, max-image-preview:large, max-video-preview:-1\" \/>\n<link rel=\"canonical\" href=\"https:\/\/blogg.svenskakyrkan.se\/vandravagen\/2024\/05\/02\/guds-oversatta-ord\/\" \/>\n<meta property=\"og:locale\" content=\"sv_SE\" \/>\n<meta property=\"og:type\" content=\"article\" \/>\n<meta property=\"og:title\" content=\"Guds \u00f6versatta ord - Vandra V\u00e4gen\" \/>\n<meta property=\"og:description\" content=\"Tomas Jarvid skriver om grunden till att kristna vill \u00f6vers\u00e4tta bibeln till alla spr\u00e5k s\u00e5 att alla f\u00e5r h\u00f6ra Guds ord p\u00e5 sina villkor.\" \/>\n<meta property=\"og:url\" content=\"https:\/\/blogg.svenskakyrkan.se\/vandravagen\/2024\/05\/02\/guds-oversatta-ord\/\" \/>\n<meta property=\"og:site_name\" content=\"Vandra V\u00e4gen\" \/>\n<meta property=\"article:publisher\" content=\"http:\/\/facebook.com\/vandravagen\" \/>\n<meta property=\"article:published_time\" content=\"2024-05-02T10:26:24+00:00\" \/>\n<meta property=\"article:modified_time\" content=\"2024-05-02T10:26:26+00:00\" \/>\n<meta property=\"og:image\" content=\"http:\/\/blogg.svenskakyrkan.se\/vandravagen\/files\/2024\/05\/IMG_4394-scaled.jpg\" \/>\n\t<meta property=\"og:image:width\" content=\"2560\" \/>\n\t<meta property=\"og:image:height\" content=\"1920\" \/>\n\t<meta property=\"og:image:type\" content=\"image\/jpeg\" \/>\n<meta name=\"author\" content=\"Tomas Jarvid\" \/>\n<meta name=\"twitter:card\" content=\"summary_large_image\" \/>\n<meta name=\"twitter:creator\" content=\"@fadertomas\" \/>\n<meta name=\"twitter:site\" content=\"@fadertomas\" \/>\n<meta name=\"twitter:label1\" content=\"Skriven av\" \/>\n\t<meta name=\"twitter:data1\" content=\"Tomas Jarvid\" \/>\n\t<meta name=\"twitter:label2\" content=\"Ber\u00e4knad l\u00e4stid\" \/>\n\t<meta name=\"twitter:data2\" content=\"3 minuter\" \/>\n<script type=\"application\/ld+json\" class=\"yoast-schema-graph\">{\"@context\":\"https:\/\/schema.org\",\"@graph\":[{\"@type\":\"Article\",\"@id\":\"https:\/\/blogg.svenskakyrkan.se\/vandravagen\/2024\/05\/02\/guds-oversatta-ord\/#article\",\"isPartOf\":{\"@id\":\"https:\/\/blogg.svenskakyrkan.se\/vandravagen\/2024\/05\/02\/guds-oversatta-ord\/\"},\"author\":{\"name\":\"Tomas Jarvid\",\"@id\":\"https:\/\/blogg.svenskakyrkan.se\/vandravagen\/#\/schema\/person\/25da02d4f76b137d04291711e2c9fc16\"},\"headline\":\"Guds \u00f6versatta ord\",\"datePublished\":\"2024-05-02T10:26:24+00:00\",\"dateModified\":\"2024-05-02T10:26:26+00:00\",\"mainEntityOfPage\":{\"@id\":\"https:\/\/blogg.svenskakyrkan.se\/vandravagen\/2024\/05\/02\/guds-oversatta-ord\/\"},\"wordCount\":558,\"commentCount\":0,\"publisher\":{\"@id\":\"https:\/\/blogg.svenskakyrkan.se\/vandravagen\/#organization\"},\"image\":{\"@id\":\"https:\/\/blogg.svenskakyrkan.se\/vandravagen\/2024\/05\/02\/guds-oversatta-ord\/#primaryimage\"},\"thumbnailUrl\":\"https:\/\/blogg.svenskakyrkan.se\/vandravagen\/files\/2024\/05\/IMG_4394-scaled.jpg\",\"keywords\":[\"bibeln\",\"bibel\u00f6vers\u00e4ttning\",\"bibels\u00e4llskapet\",\"Jesus\",\"kristen\",\"kristen tro\",\"kyrka\",\"kyrkan\",\"\u00f6vers\u00e4ttning\",\"uppenbarelsen\"],\"articleSection\":[\"bibel\",\"Bibeln\",\"kyrkan\",\"Teologi\"],\"inLanguage\":\"sv-SE\",\"potentialAction\":[{\"@type\":\"CommentAction\",\"name\":\"Comment\",\"target\":[\"https:\/\/blogg.svenskakyrkan.se\/vandravagen\/2024\/05\/02\/guds-oversatta-ord\/#respond\"]}]},{\"@type\":\"WebPage\",\"@id\":\"https:\/\/blogg.svenskakyrkan.se\/vandravagen\/2024\/05\/02\/guds-oversatta-ord\/\",\"url\":\"https:\/\/blogg.svenskakyrkan.se\/vandravagen\/2024\/05\/02\/guds-oversatta-ord\/\",\"name\":\"Guds \u00f6versatta ord - Vandra V\u00e4gen\",\"isPartOf\":{\"@id\":\"https:\/\/blogg.svenskakyrkan.se\/vandravagen\/#website\"},\"primaryImageOfPage\":{\"@id\":\"https:\/\/blogg.svenskakyrkan.se\/vandravagen\/2024\/05\/02\/guds-oversatta-ord\/#primaryimage\"},\"image\":{\"@id\":\"https:\/\/blogg.svenskakyrkan.se\/vandravagen\/2024\/05\/02\/guds-oversatta-ord\/#primaryimage\"},\"thumbnailUrl\":\"https:\/\/blogg.svenskakyrkan.se\/vandravagen\/files\/2024\/05\/IMG_4394-scaled.jpg\",\"datePublished\":\"2024-05-02T10:26:24+00:00\",\"dateModified\":\"2024-05-02T10:26:26+00:00\",\"description\":\"Tomas Jarvid skriver om grunden till att kristna vill \u00f6vers\u00e4tta bibeln till alla spr\u00e5k s\u00e5 att alla f\u00e5r h\u00f6ra Guds ord p\u00e5 sina villkor.\",\"breadcrumb\":{\"@id\":\"https:\/\/blogg.svenskakyrkan.se\/vandravagen\/2024\/05\/02\/guds-oversatta-ord\/#breadcrumb\"},\"inLanguage\":\"sv-SE\",\"potentialAction\":[{\"@type\":\"ReadAction\",\"target\":[\"https:\/\/blogg.svenskakyrkan.se\/vandravagen\/2024\/05\/02\/guds-oversatta-ord\/\"]}]},{\"@type\":\"ImageObject\",\"inLanguage\":\"sv-SE\",\"@id\":\"https:\/\/blogg.svenskakyrkan.se\/vandravagen\/2024\/05\/02\/guds-oversatta-ord\/#primaryimage\",\"url\":\"https:\/\/blogg.svenskakyrkan.se\/vandravagen\/files\/2024\/05\/IMG_4394-scaled.jpg\",\"contentUrl\":\"https:\/\/blogg.svenskakyrkan.se\/vandravagen\/files\/2024\/05\/IMG_4394-scaled.jpg\",\"width\":2560,\"height\":1920,\"caption\":\"Biblar p\u00e5 olika spr\u00e5k.\"},{\"@type\":\"BreadcrumbList\",\"@id\":\"https:\/\/blogg.svenskakyrkan.se\/vandravagen\/2024\/05\/02\/guds-oversatta-ord\/#breadcrumb\",\"itemListElement\":[{\"@type\":\"ListItem\",\"position\":1,\"name\":\"Hem\",\"item\":\"https:\/\/blogg.svenskakyrkan.se\/vandravagen\/\"},{\"@type\":\"ListItem\",\"position\":2,\"name\":\"bibeln\",\"item\":\"https:\/\/blogg.svenskakyrkan.se\/vandravagen\/tag\/bibeln\/\"},{\"@type\":\"ListItem\",\"position\":3,\"name\":\"Guds \u00f6versatta ord\"}]},{\"@type\":\"WebSite\",\"@id\":\"https:\/\/blogg.svenskakyrkan.se\/vandravagen\/#website\",\"url\":\"https:\/\/blogg.svenskakyrkan.se\/vandravagen\/\",\"name\":\"Vandra V\u00e4gen\",\"description\":\"-Mot en tro f\u00f6r hela livet\",\"publisher\":{\"@id\":\"https:\/\/blogg.svenskakyrkan.se\/vandravagen\/#organization\"},\"potentialAction\":[{\"@type\":\"SearchAction\",\"target\":{\"@type\":\"EntryPoint\",\"urlTemplate\":\"https:\/\/blogg.svenskakyrkan.se\/vandravagen\/?s={search_term_string}\"},\"query-input\":{\"@type\":\"PropertyValueSpecification\",\"valueRequired\":true,\"valueName\":\"search_term_string\"}}],\"inLanguage\":\"sv-SE\"},{\"@type\":\"Organization\",\"@id\":\"https:\/\/blogg.svenskakyrkan.se\/vandravagen\/#organization\",\"name\":\"ulricehamns pastorat\",\"alternateName\":\"ulricehamns pastorat\",\"url\":\"https:\/\/blogg.svenskakyrkan.se\/vandravagen\/\",\"logo\":{\"@type\":\"ImageObject\",\"inLanguage\":\"sv-SE\",\"@id\":\"https:\/\/blogg.svenskakyrkan.se\/vandravagen\/#\/schema\/logo\/image\/\",\"url\":\"https:\/\/blogg.svenskakyrkan.se\/vandravagen\/files\/2023\/05\/Ulr_logo_RGB.png\",\"contentUrl\":\"https:\/\/blogg.svenskakyrkan.se\/vandravagen\/files\/2023\/05\/Ulr_logo_RGB.png\",\"width\":205,\"height\":77,\"caption\":\"ulricehamns pastorat\"},\"image\":{\"@id\":\"https:\/\/blogg.svenskakyrkan.se\/vandravagen\/#\/schema\/logo\/image\/\"},\"sameAs\":[\"http:\/\/facebook.com\/vandravagen\",\"https:\/\/x.com\/fadertomas\",\"http:\/\/www.facebook.com\/svenskakyrkaniulricehamn\"]},{\"@type\":\"Person\",\"@id\":\"https:\/\/blogg.svenskakyrkan.se\/vandravagen\/#\/schema\/person\/25da02d4f76b137d04291711e2c9fc16\",\"name\":\"Tomas Jarvid\",\"image\":{\"@type\":\"ImageObject\",\"inLanguage\":\"sv-SE\",\"@id\":\"https:\/\/blogg.svenskakyrkan.se\/vandravagen\/#\/schema\/person\/image\/\",\"url\":\"https:\/\/secure.gravatar.com\/avatar\/7fa71899795e8f540f615a1f5ab25255dc27aa40f05ee7ddd21aac521e01bf50?s=96&d=identicon&r=g\",\"contentUrl\":\"https:\/\/secure.gravatar.com\/avatar\/7fa71899795e8f540f615a1f5ab25255dc27aa40f05ee7ddd21aac521e01bf50?s=96&d=identicon&r=g\",\"caption\":\"Tomas Jarvid\"},\"description\":\"Jag bor i Ulricehamn i V\u00e4sterg\u00f6tland och \u00e4r f\u00f6rsamlingspr\u00e4st i Svenska Kyrkan f\u00f6r Dalstorps f\u00f6rsamling i Kinds pastorat. P\u00e5 den h\u00e4r bloggen skriver jag ner tankar om vandringen som kristen.\",\"sameAs\":[\"http:\/\/www.vandravagen.se\"],\"url\":\"https:\/\/blogg.svenskakyrkan.se\/vandravagen\/author\/vandravagen\/\"}]}<\/script>\n<!-- \/ Yoast SEO plugin. -->","yoast_head_json":{"title":"Guds \u00f6versatta ord - Vandra V\u00e4gen","description":"Tomas Jarvid skriver om grunden till att kristna vill \u00f6vers\u00e4tta bibeln till alla spr\u00e5k s\u00e5 att alla f\u00e5r h\u00f6ra Guds ord p\u00e5 sina villkor.","robots":{"index":"index","follow":"follow","max-snippet":"max-snippet:-1","max-image-preview":"max-image-preview:large","max-video-preview":"max-video-preview:-1"},"canonical":"https:\/\/blogg.svenskakyrkan.se\/vandravagen\/2024\/05\/02\/guds-oversatta-ord\/","og_locale":"sv_SE","og_type":"article","og_title":"Guds \u00f6versatta ord - Vandra V\u00e4gen","og_description":"Tomas Jarvid skriver om grunden till att kristna vill \u00f6vers\u00e4tta bibeln till alla spr\u00e5k s\u00e5 att alla f\u00e5r h\u00f6ra Guds ord p\u00e5 sina villkor.","og_url":"https:\/\/blogg.svenskakyrkan.se\/vandravagen\/2024\/05\/02\/guds-oversatta-ord\/","og_site_name":"Vandra V\u00e4gen","article_publisher":"http:\/\/facebook.com\/vandravagen","article_published_time":"2024-05-02T10:26:24+00:00","article_modified_time":"2024-05-02T10:26:26+00:00","og_image":[{"width":2560,"height":1920,"url":"http:\/\/blogg.svenskakyrkan.se\/vandravagen\/files\/2024\/05\/IMG_4394-scaled.jpg","type":"image\/jpeg"}],"author":"Tomas Jarvid","twitter_card":"summary_large_image","twitter_creator":"@fadertomas","twitter_site":"@fadertomas","twitter_misc":{"Skriven av":"Tomas Jarvid","Ber\u00e4knad l\u00e4stid":"3 minuter"},"schema":{"@context":"https:\/\/schema.org","@graph":[{"@type":"Article","@id":"https:\/\/blogg.svenskakyrkan.se\/vandravagen\/2024\/05\/02\/guds-oversatta-ord\/#article","isPartOf":{"@id":"https:\/\/blogg.svenskakyrkan.se\/vandravagen\/2024\/05\/02\/guds-oversatta-ord\/"},"author":{"name":"Tomas Jarvid","@id":"https:\/\/blogg.svenskakyrkan.se\/vandravagen\/#\/schema\/person\/25da02d4f76b137d04291711e2c9fc16"},"headline":"Guds \u00f6versatta ord","datePublished":"2024-05-02T10:26:24+00:00","dateModified":"2024-05-02T10:26:26+00:00","mainEntityOfPage":{"@id":"https:\/\/blogg.svenskakyrkan.se\/vandravagen\/2024\/05\/02\/guds-oversatta-ord\/"},"wordCount":558,"commentCount":0,"publisher":{"@id":"https:\/\/blogg.svenskakyrkan.se\/vandravagen\/#organization"},"image":{"@id":"https:\/\/blogg.svenskakyrkan.se\/vandravagen\/2024\/05\/02\/guds-oversatta-ord\/#primaryimage"},"thumbnailUrl":"https:\/\/blogg.svenskakyrkan.se\/vandravagen\/files\/2024\/05\/IMG_4394-scaled.jpg","keywords":["bibeln","bibel\u00f6vers\u00e4ttning","bibels\u00e4llskapet","Jesus","kristen","kristen tro","kyrka","kyrkan","\u00f6vers\u00e4ttning","uppenbarelsen"],"articleSection":["bibel","Bibeln","kyrkan","Teologi"],"inLanguage":"sv-SE","potentialAction":[{"@type":"CommentAction","name":"Comment","target":["https:\/\/blogg.svenskakyrkan.se\/vandravagen\/2024\/05\/02\/guds-oversatta-ord\/#respond"]}]},{"@type":"WebPage","@id":"https:\/\/blogg.svenskakyrkan.se\/vandravagen\/2024\/05\/02\/guds-oversatta-ord\/","url":"https:\/\/blogg.svenskakyrkan.se\/vandravagen\/2024\/05\/02\/guds-oversatta-ord\/","name":"Guds \u00f6versatta ord - Vandra V\u00e4gen","isPartOf":{"@id":"https:\/\/blogg.svenskakyrkan.se\/vandravagen\/#website"},"primaryImageOfPage":{"@id":"https:\/\/blogg.svenskakyrkan.se\/vandravagen\/2024\/05\/02\/guds-oversatta-ord\/#primaryimage"},"image":{"@id":"https:\/\/blogg.svenskakyrkan.se\/vandravagen\/2024\/05\/02\/guds-oversatta-ord\/#primaryimage"},"thumbnailUrl":"https:\/\/blogg.svenskakyrkan.se\/vandravagen\/files\/2024\/05\/IMG_4394-scaled.jpg","datePublished":"2024-05-02T10:26:24+00:00","dateModified":"2024-05-02T10:26:26+00:00","description":"Tomas Jarvid skriver om grunden till att kristna vill \u00f6vers\u00e4tta bibeln till alla spr\u00e5k s\u00e5 att alla f\u00e5r h\u00f6ra Guds ord p\u00e5 sina villkor.","breadcrumb":{"@id":"https:\/\/blogg.svenskakyrkan.se\/vandravagen\/2024\/05\/02\/guds-oversatta-ord\/#breadcrumb"},"inLanguage":"sv-SE","potentialAction":[{"@type":"ReadAction","target":["https:\/\/blogg.svenskakyrkan.se\/vandravagen\/2024\/05\/02\/guds-oversatta-ord\/"]}]},{"@type":"ImageObject","inLanguage":"sv-SE","@id":"https:\/\/blogg.svenskakyrkan.se\/vandravagen\/2024\/05\/02\/guds-oversatta-ord\/#primaryimage","url":"https:\/\/blogg.svenskakyrkan.se\/vandravagen\/files\/2024\/05\/IMG_4394-scaled.jpg","contentUrl":"https:\/\/blogg.svenskakyrkan.se\/vandravagen\/files\/2024\/05\/IMG_4394-scaled.jpg","width":2560,"height":1920,"caption":"Biblar p\u00e5 olika spr\u00e5k."},{"@type":"BreadcrumbList","@id":"https:\/\/blogg.svenskakyrkan.se\/vandravagen\/2024\/05\/02\/guds-oversatta-ord\/#breadcrumb","itemListElement":[{"@type":"ListItem","position":1,"name":"Hem","item":"https:\/\/blogg.svenskakyrkan.se\/vandravagen\/"},{"@type":"ListItem","position":2,"name":"bibeln","item":"https:\/\/blogg.svenskakyrkan.se\/vandravagen\/tag\/bibeln\/"},{"@type":"ListItem","position":3,"name":"Guds \u00f6versatta ord"}]},{"@type":"WebSite","@id":"https:\/\/blogg.svenskakyrkan.se\/vandravagen\/#website","url":"https:\/\/blogg.svenskakyrkan.se\/vandravagen\/","name":"Vandra V\u00e4gen","description":"-Mot en tro f\u00f6r hela livet","publisher":{"@id":"https:\/\/blogg.svenskakyrkan.se\/vandravagen\/#organization"},"potentialAction":[{"@type":"SearchAction","target":{"@type":"EntryPoint","urlTemplate":"https:\/\/blogg.svenskakyrkan.se\/vandravagen\/?s={search_term_string}"},"query-input":{"@type":"PropertyValueSpecification","valueRequired":true,"valueName":"search_term_string"}}],"inLanguage":"sv-SE"},{"@type":"Organization","@id":"https:\/\/blogg.svenskakyrkan.se\/vandravagen\/#organization","name":"ulricehamns pastorat","alternateName":"ulricehamns pastorat","url":"https:\/\/blogg.svenskakyrkan.se\/vandravagen\/","logo":{"@type":"ImageObject","inLanguage":"sv-SE","@id":"https:\/\/blogg.svenskakyrkan.se\/vandravagen\/#\/schema\/logo\/image\/","url":"https:\/\/blogg.svenskakyrkan.se\/vandravagen\/files\/2023\/05\/Ulr_logo_RGB.png","contentUrl":"https:\/\/blogg.svenskakyrkan.se\/vandravagen\/files\/2023\/05\/Ulr_logo_RGB.png","width":205,"height":77,"caption":"ulricehamns pastorat"},"image":{"@id":"https:\/\/blogg.svenskakyrkan.se\/vandravagen\/#\/schema\/logo\/image\/"},"sameAs":["http:\/\/facebook.com\/vandravagen","https:\/\/x.com\/fadertomas","http:\/\/www.facebook.com\/svenskakyrkaniulricehamn"]},{"@type":"Person","@id":"https:\/\/blogg.svenskakyrkan.se\/vandravagen\/#\/schema\/person\/25da02d4f76b137d04291711e2c9fc16","name":"Tomas Jarvid","image":{"@type":"ImageObject","inLanguage":"sv-SE","@id":"https:\/\/blogg.svenskakyrkan.se\/vandravagen\/#\/schema\/person\/image\/","url":"https:\/\/secure.gravatar.com\/avatar\/7fa71899795e8f540f615a1f5ab25255dc27aa40f05ee7ddd21aac521e01bf50?s=96&d=identicon&r=g","contentUrl":"https:\/\/secure.gravatar.com\/avatar\/7fa71899795e8f540f615a1f5ab25255dc27aa40f05ee7ddd21aac521e01bf50?s=96&d=identicon&r=g","caption":"Tomas Jarvid"},"description":"Jag bor i Ulricehamn i V\u00e4sterg\u00f6tland och \u00e4r f\u00f6rsamlingspr\u00e4st i Svenska Kyrkan f\u00f6r Dalstorps f\u00f6rsamling i Kinds pastorat. P\u00e5 den h\u00e4r bloggen skriver jag ner tankar om vandringen som kristen.","sameAs":["http:\/\/www.vandravagen.se"],"url":"https:\/\/blogg.svenskakyrkan.se\/vandravagen\/author\/vandravagen\/"}]}},"author_meta":{"ID":"392","user_nicename":"vandravagen","user_url":"http:\/\/www.vandravagen.se","user_registered":"2014-05-19 05:44:52","display_name":"Tomas Jarvid","first_name":"Tomas","last_name":"Jarvid","avatar":"https:\/\/secure.gravatar.com\/avatar\/7fa71899795e8f540f615a1f5ab25255dc27aa40f05ee7ddd21aac521e01bf50?s=96&d=identicon&r=g"},"featured_image":["https:\/\/blogg.svenskakyrkan.se\/vandravagen\/files\/2024\/05\/IMG_4394-1024x768.jpg",1024,768,true],"bloginfo":{"name":"Vandra V\u00e4gen","url":"https:\/\/blogg.svenskakyrkan.se\/vandravagen"},"_links":{"self":[{"href":"https:\/\/blogg.svenskakyrkan.se\/vandravagen\/wp-json\/wp\/v2\/posts\/9770","targetHints":{"allow":["GET"]}}],"collection":[{"href":"https:\/\/blogg.svenskakyrkan.se\/vandravagen\/wp-json\/wp\/v2\/posts"}],"about":[{"href":"https:\/\/blogg.svenskakyrkan.se\/vandravagen\/wp-json\/wp\/v2\/types\/post"}],"author":[{"embeddable":true,"href":"https:\/\/blogg.svenskakyrkan.se\/vandravagen\/wp-json\/wp\/v2\/users\/392"}],"replies":[{"embeddable":true,"href":"https:\/\/blogg.svenskakyrkan.se\/vandravagen\/wp-json\/wp\/v2\/comments?post=9770"}],"version-history":[{"count":3,"href":"https:\/\/blogg.svenskakyrkan.se\/vandravagen\/wp-json\/wp\/v2\/posts\/9770\/revisions"}],"predecessor-version":[{"id":9923,"href":"https:\/\/blogg.svenskakyrkan.se\/vandravagen\/wp-json\/wp\/v2\/posts\/9770\/revisions\/9923"}],"wp:featuredmedia":[{"embeddable":true,"href":"https:\/\/blogg.svenskakyrkan.se\/vandravagen\/wp-json\/wp\/v2\/media\/9922"}],"wp:attachment":[{"href":"https:\/\/blogg.svenskakyrkan.se\/vandravagen\/wp-json\/wp\/v2\/media?parent=9770"}],"wp:term":[{"taxonomy":"category","embeddable":true,"href":"https:\/\/blogg.svenskakyrkan.se\/vandravagen\/wp-json\/wp\/v2\/categories?post=9770"},{"taxonomy":"post_tag","embeddable":true,"href":"https:\/\/blogg.svenskakyrkan.se\/vandravagen\/wp-json\/wp\/v2\/tags?post=9770"}],"curies":[{"name":"wp","href":"https:\/\/api.w.org\/{rel}","templated":true}]}}