{"id":9813,"date":"2024-04-18T08:17:53","date_gmt":"2024-04-18T06:17:53","guid":{"rendered":"https:\/\/blogg.svenskakyrkan.se\/vandravagen\/?p=9813"},"modified":"2024-04-18T08:17:55","modified_gmt":"2024-04-18T06:17:55","slug":"brev-till-diognetos-2-gud-visar-sig","status":"publish","type":"post","link":"https:\/\/blogg.svenskakyrkan.se\/vandravagen\/2024\/04\/18\/brev-till-diognetos-2-gud-visar-sig\/","title":{"rendered":"Brev till Diognetos 2 -Gud visar sig"},"content":{"rendered":"\n<p class=\"is-style-intro\">Del 2 av sista delen \ud83d\ude42 Av den l\u00e5nga och popul\u00e4ra genomg\u00e5ngen av de apostoliska f\u00e4derna<\/p>\n\n\n\n<figure class=\"wp-block-image size-full\"><img loading=\"lazy\" decoding=\"async\" width=\"654\" height=\"800\" src=\"https:\/\/blogg.svenskakyrkan.se\/vandravagen\/files\/2024\/04\/649-holy-fathers-ecumenical-councils-ak-16-800.jpg\" alt=\"\" class=\"wp-image-9815\" srcset=\"https:\/\/blogg.svenskakyrkan.se\/vandravagen\/files\/2024\/04\/649-holy-fathers-ecumenical-councils-ak-16-800.jpg 654w, https:\/\/blogg.svenskakyrkan.se\/vandravagen\/files\/2024\/04\/649-holy-fathers-ecumenical-councils-ak-16-800-300x367.jpg 300w\" sizes=\"auto, (max-width: 654px) 100vw, 654px\" \/><figcaption class=\"wp-element-caption\">Jesus, Maria och en massa kyrkof\u00e4der.<\/figcaption><\/figure>\n\n\n\n<p>H\u00e4r \u00e4r forts\u00e4ttningen om Diognetosbrevet (del 1 hittar du h\u00e4r)!<\/p>\n\n\n\n<h2 class=\"wp-block-heading\">V\u00e4rlden ser deras goda g\u00e4rningar<\/h2>\n\n\n\n<p>I brevet finns det ett ideal av att den kristna gudsdyrkan sker p\u00e5 ett obem\u00e4rkt s\u00e4tt (utan offer och s\u00e5 vidare). Det \u00e4r inte den kristna gudstj\u00e4nsten som ska m\u00e4rkas ut\u00e5t men d\u00e4remot ska det m\u00e4rkas p\u00e5 de kristna hur k\u00e4rleksfullt de lever:<\/p>\n\n\n\n<blockquote class=\"wp-block-quote is-layout-flow wp-block-quote-is-layout-flow\">\n<p>\u201dKort sagt, vad sj\u00e4len \u00e4r i kroppen, det \u00e4r de kristna i v\u00e4rlden. Sj\u00e4len \u00e4r spridd i alla kroppens lemmar och de kristna i alla v\u00e4rldens st\u00e4der. \u2026 De kristna \u00e4r k\u00e4nda d\u00e4r de lever i v\u00e4rlden men deras gudsdyrkan \u00e4r osynlig.\u201d<\/p>\n<\/blockquote>\n\n\n\n<p>F\u00f6rfattaren spinner vidare p\u00e5 liknelsen och menar att i kroppen \u00e4r det s\u00e5 att &#8221;k\u00f6ttet hatar sj\u00e4len&#8221; eftersom den vill l\u00e4gga band p\u00e5 dess lustar. P\u00e5 samma s\u00e4tt \u00e4r de kristna hatade av andra utan att ha gjort n\u00e5got ont. <strong>Sj\u00e4len d\u00e4remot<\/strong>, den \u00e4lskar k\u00f6ttet som \u00e4r en del av dess kropp. De kristna \u00e4r ju en del av den h\u00e4r v\u00e4rlden och \u00e4lskar den \u00e4ven om den vill dem illa. En bild man kan fundera l\u00e4nge p\u00e5.<\/p>\n\n\n\n<p>Denna utl\u00e4ggning av de kristnas kallelse att sprida ljus i v\u00e4rlden avslutas med k\u00e4rnfulla ord:<\/p>\n\n\n\n<blockquote class=\"wp-block-quote is-layout-flow wp-block-quote-is-layout-flow\">\n<p>\u201dI en s\u00e5 viktig st\u00e4llning har Gud satt dem, och de har inte r\u00e4tt att \u00f6verge den\u201d.<\/p>\n<\/blockquote>\n\n\n\n<p>Det fanns (som det ocks\u00e5 g\u00f6r i v\u00e5r tid) inv\u00e4ndningar om att den kristna tron bara \u00e4r m\u00e4nniskop\u00e5hitt. \u00c4ven d\u00e4r kommer ett l\u00e5ngt och slagkraftigt och vackert formulerat svar!<\/p>\n\n\n\n<blockquote class=\"wp-block-quote is-layout-flow wp-block-quote-is-layout-flow\">\n<p>Gud sj\u00e4lv har verkligen talat till m\u00e4nniskorna: \u201dHan s\u00e4nde inte, s\u00e5 som man kunde f\u00f6rmoda, n\u00e5gon tj\u00e4nare, n\u00e5got s\u00e4ndebud, n\u00e5gon furste, n\u00e5gon av dem som f\u00f6rvaltar de jordiska tingen eller n\u00e5gon av dem som \u00e4r betrodda i de himmelska boningarna. <\/p>\n\n\n\n<p><strong><em>Nej han s\u00e4nde sj\u00e4lve konstn\u00e4ren, alltings skapare<\/em><\/strong>, genom vilken han danade himlarna, innesl\u00f6t havet inom dess gr\u00e4nser, honom vars outgrundliga lagar alla naturens element noga f\u00f6ljer.<\/p>\n\n\n\n<p>Av honom fick solen sin dagliga bana, honom lyder m\u00e5nen n\u00e4r han befaller den att lysa om natten, honom lyder stj\u00e4rnorna n\u00e4r de f\u00f6ljer m\u00e5nens bana; genom honom \u00e4r allting ordnat, f\u00f6rdelat och underlagt, himlarna och det i himlarna \u00e4r, jorden och det p\u00e5 jorden \u00e4r, havet och det i havet \u00e4r, led, luft, avgrund, allt i h\u00f6jden och i djupet och d\u00e4remellan. Denne s\u00e4nde han till dem.<\/p>\n<\/blockquote>\n\n\n\n<p>Den kristna tron \u00e4r allts\u00e5 inte ett m\u00e4nniskop\u00e5hitt utan det \u00e4r Gud sj\u00e4lv som valt att komma till oss och uppenbara f\u00f6r oss vem Gud \u00e4r genom att komma till oss.<\/p>\n\n\n\n<p>Hur visar det sig d\u00e5 att Gud \u00e4r? \u00c4r det skr\u00e4mmande nyheter?<\/p>\n\n\n\n<blockquote class=\"wp-block-quote is-layout-flow wp-block-quote-is-layout-flow\">\n<p>Gjorde han det \u2013 s\u00e5som en m\u00e4nniska skulle t\u00e4nka \u2013 <strong>f\u00f6r att uppr\u00e4tta ett skr\u00e4ckv\u00e4lde med fasor och fruktan?<\/strong> <\/p>\n\n\n\n<p>Inte alls. Utan milt och v\u00e4nligt, s\u00e5som en kung s\u00e4nde sin kunglige son, S\u00e5som Gud s\u00e4nde han honom, s\u00e5som m\u00e4nniska till m\u00e4nniskor, s\u00e5som fr\u00e4lsare f\u00f6r att vinna och ej f\u00f6r att tvinga. <\/p>\n\n\n\n<p><strong>Ty v\u00e5ld finns inte hos Gud<\/strong>. Han s\u00e4nde honom f\u00f6r att kalla, inte f\u00f6r att f\u00f6rf\u00f6lja, han s\u00e4nde honom f\u00f6r att \u00e4lska, inte f\u00f6r att d\u00f6ma. Ty en g\u00e5ng skall han s\u00e4nda honom f\u00f6r att d\u00f6ma, och vem skall d\u00e5 uth\u00e4rda hans tillkommelse?<\/p>\n\n\n\n<p>Ser du inte hur de kastas f\u00f6r vilddjuren f\u00f6r att de skall f\u00f6rneka Herren, men de besegras inte? Ser du inte att ju mer de f\u00f6rf\u00f6ljs, dess mer v\u00e4xer de i antal? Detta ser inte ut att vara ett m\u00e4nniskoverk utan <strong>en Guds kraft<\/strong>; det \u00e4r ett tecken p\u00e5 hans n\u00e4rvaro.<\/p>\n<\/blockquote>\n\n\n\n<p>Jag tycker s\u00e4rskilt om orden om att v\u00e5ld inte finns hos Gud utan att Gud helt driven av k\u00e4rlek kommer till oss. M\u00e4nniskorna d\u00e5 kunde ocks\u00e5, som det st\u00e5r p\u00e5 slutet, se p\u00e5 hur de kristna \u00e4r beredda att lida f\u00f6r sin tro och f\u00f6rst\u00e5 att det h\u00e4r m\u00e5ste vara ett tecken p\u00e5 att deras tro \u00e4r gudagiven.<\/p>\n\n\n\n<h2 class=\"wp-block-heading\">Uppenbarelsen<\/h2>\n\n\n\n<p>Lite l\u00e4ngre ner kommer ytterligare n\u00e5gra rader jag vill citera. De handlar alla om samma centrala teologiska tanke, att vi k\u00e4nner till Gud eftersom Gud sj\u00e4lv valt att ge sig till k\u00e4nna f\u00f6r oss:<\/p>\n\n\n\n<blockquote class=\"wp-block-quote is-layout-flow wp-block-quote-is-layout-flow\">\n<p>Ingen m\u00e4nniska har vare sig sett honom eller f\u00e5tt kunskap om honom, men sj\u00e4lv har han uppenbarat sig.<\/p>\n<\/blockquote>\n\n\n\n<blockquote class=\"wp-block-quote is-layout-flow wp-block-quote-is-layout-flow\">\n<p>Men han var alltid densamme och skall s\u00e5 vara; han \u00e4r mild och god, beh\u00e4rskad och sann -han ensam \u00e4r god.<\/p>\n<\/blockquote>\n\n\n\n<blockquote class=\"wp-block-quote is-layout-flow wp-block-quote-is-layout-flow\">\n<p>N\u00e4r vi sj\u00e4lva visat oss of\u00f6rm\u00f6gna att ing\u00e5 i Guds rike skulle vi genom Guds kraft f\u00e5 m\u00f6jlighet till det.<\/p>\n<\/blockquote>\n\n\n\n<p><\/p>\n\n\n\n<p>Det \u00e4r som vanligt fint att l\u00e4sa kyrkf\u00e4derna och se att de inte bara delar samma teologiska dogmer som vi utan ocks\u00e5 att det betydde n\u00e5got f\u00f6r dem. Att de fr\u00e5n det drog slutsatser om Guds godhet med mera. <\/p>\n\n\n\n<p>Det kommer ocks\u00e5 en del 3. Skriv g\u00e4rna en kommentar om du har n\u00e5gra fr\u00e5gor eller reflektioner om dagens bloggpost!<\/p>\n\n\n<div id=\"related-posts-block_46d70cc0c2d62fb9a086475e9b817ec7\"  class=\"b-related-posts alignfull\">\n    <div class=\"acf-innerblocks-container\">\n\n<h2 class=\"wp-block-heading\">Liknande inl\u00e4gg<\/h2>\n\n<\/div>\n    \n    \n    <div class=\"wp-block-query alignfull is-layout-flow wp-block-query-is-layout-flow\">\n        <ul class=\"is-flex-container columns-3 alignfull related-posts__content wp-block-post-template is-layout-flow wp-block-post-template-is-layout-flow\"><li class=\"wp-block-post post-10743 post type-post status-publish format-standard has-post-thumbnail hentry category-fastan category-kyrkan category-predikan tag-alska tag-bibeln tag-elsa-beskow tag-fanny-och-alexander tag-fasta tag-fastan tag-fastlagssondagen tag-jesus tag-karlek tag-klicheer tag-kristen tag-kristen-tro tag-kyrka tag-kyrkan tag-ofortjant tag-predikan tag-relationsrad tag-wilfred-stinissen\">\n            \n            <div class=\"wp-block-group post__content is-layout-flow wp-block-group-is-layout-flow\">\n                <figure style=\"margin-bottom:var(--wp--preset--spacing--50);\" class=\"wp-block-post-featured-image\"><a href=\"https:\/\/blogg.svenskakyrkan.se\/vandravagen\/2026\/02\/17\/om-vi-verkligen-forstod-att-gud-ar-karlek\/\" target=\"_self\"  ><img loading=\"lazy\" decoding=\"async\" width=\"609\" height=\"680\" src=\"https:\/\/blogg.svenskakyrkan.se\/vandravagen\/files\/2026\/02\/IMG_3025.jpg\" class=\"attachment-post-thumbnail size-post-thumbnail wp-post-image\" alt=\"Om vi verkligen f\u00f6rstod att Gud \u00e4r k\u00e4rlek\" style=\"object-fit:cover;\" srcset=\"https:\/\/blogg.svenskakyrkan.se\/vandravagen\/files\/2026\/02\/IMG_3025.jpg 609w, https:\/\/blogg.svenskakyrkan.se\/vandravagen\/files\/2026\/02\/IMG_3025-300x335.jpg 300w\" sizes=\"auto, (max-width: 609px) 100vw, 609px\" \/><\/a><\/figure>\n                <h2 class=\"wp-block-post-title has-h-3-font-size\"><a href=\"https:\/\/blogg.svenskakyrkan.se\/vandravagen\/2026\/02\/17\/om-vi-verkligen-forstod-att-gud-ar-karlek\/\" target=\"_self\" >Om vi verkligen f\u00f6rstod att Gud \u00e4r k\u00e4rlek<\/a><\/h2>\n                <div class=\"wp-block-post-date\"><time datetime=\"2026-02-17T13:20:57+01:00\">17 februari, 2026<\/time><\/div>\n                <div class=\"wp-block-post-excerpt\"><p class=\"wp-block-post-excerpt__excerpt\">Min predikan fr\u00e5n fastlagss\u00f6ndagen i s\u00f6ndags i Ulricehamns kyrka<\/p><\/div>\n            <\/div>\n            \n        <\/li><li class=\"wp-block-post post-10700 post type-post status-publish format-standard has-post-thumbnail hentry category-historia category-kyrkan category-teologi tag-84940 tag-bibeln tag-filioque tag-filoquestriden tag-gebremedhin tag-jesus tag-katolsk tag-kristen tag-kristen-tro tag-kyrka tag-kyrkan tag-ortodox tag-ost tag-philioque tag-stora-schismen tag-vast\">\n            \n            <div class=\"wp-block-group post__content is-layout-flow wp-block-group-is-layout-flow\">\n                <figure style=\"margin-bottom:var(--wp--preset--spacing--50);\" class=\"wp-block-post-featured-image\"><a href=\"https:\/\/blogg.svenskakyrkan.se\/vandravagen\/2026\/01\/13\/det-magiska-ordet-filioque\/\" target=\"_self\"  ><img loading=\"lazy\" decoding=\"async\" width=\"515\" height=\"720\" src=\"https:\/\/blogg.svenskakyrkan.se\/vandravagen\/files\/2026\/01\/gudstjanst.jpg\" class=\"attachment-post-thumbnail size-post-thumbnail wp-post-image\" alt=\"Det magiska ordet &#8221;filioque&#8221;\" style=\"object-fit:cover;\" srcset=\"https:\/\/blogg.svenskakyrkan.se\/vandravagen\/files\/2026\/01\/gudstjanst.jpg 515w, https:\/\/blogg.svenskakyrkan.se\/vandravagen\/files\/2026\/01\/gudstjanst-300x419.jpg 300w\" sizes=\"auto, (max-width: 515px) 100vw, 515px\" \/><\/a><\/figure>\n                <h2 class=\"wp-block-post-title has-h-3-font-size\"><a href=\"https:\/\/blogg.svenskakyrkan.se\/vandravagen\/2026\/01\/13\/det-magiska-ordet-filioque\/\" target=\"_self\" >Det magiska ordet &#8221;filioque&#8221;<\/a><\/h2>\n                <div class=\"wp-block-post-date\"><time datetime=\"2026-01-13T16:50:53+01:00\">13 januari, 2026<\/time><\/div>\n                <div class=\"wp-block-post-excerpt\"><p class=\"wp-block-post-excerpt__excerpt\">Om ett litet ord som en g\u00e5ng f\u00f6rm\u00e5dde splittra hela kyrkan<\/p><\/div>\n            <\/div>\n            \n        <\/li><li class=\"wp-block-post post-10598 post type-post status-publish format-standard has-post-thumbnail hentry category-berattelser category-den-heliga-anden category-helgon category-ikon category-kyrkan category-teologi tag-anglar tag-cypern tag-herde tag-jesus tag-korfu tag-kristen tag-kristen-tro tag-kyrka tag-kyrkan tag-larnaca tag-larnava tag-mirakel tag-nicea tag-niceanska tag-spyridon tag-tegel tag-treenigheten tag-trosbekannelsen tag-under tag-underverk\">\n            \n            <div class=\"wp-block-group post__content is-layout-flow wp-block-group-is-layout-flow\">\n                <figure style=\"margin-bottom:var(--wp--preset--spacing--50);\" class=\"wp-block-post-featured-image\"><a href=\"https:\/\/blogg.svenskakyrkan.se\/vandravagen\/2025\/12\/15\/sankt-spyridons-brinnande-tegelbit\/\" target=\"_self\"  ><img loading=\"lazy\" decoding=\"async\" width=\"753\" height=\"1000\" src=\"https:\/\/blogg.svenskakyrkan.se\/vandravagen\/files\/2025\/12\/Saint_St_St_Spyridon_of_Trimythous_Full_Body_Hand-Painted_Orthodox_Icon_0.jpg\" class=\"attachment-post-thumbnail size-post-thumbnail wp-post-image\" alt=\"Sankt Spyridons brinnande tegelbit\" style=\"object-fit:cover;\" srcset=\"https:\/\/blogg.svenskakyrkan.se\/vandravagen\/files\/2025\/12\/Saint_St_St_Spyridon_of_Trimythous_Full_Body_Hand-Painted_Orthodox_Icon_0.jpg 753w, https:\/\/blogg.svenskakyrkan.se\/vandravagen\/files\/2025\/12\/Saint_St_St_Spyridon_of_Trimythous_Full_Body_Hand-Painted_Orthodox_Icon_0-300x398.jpg 300w\" sizes=\"auto, (max-width: 753px) 100vw, 753px\" \/><\/a><\/figure>\n                <h2 class=\"wp-block-post-title has-h-3-font-size\"><a href=\"https:\/\/blogg.svenskakyrkan.se\/vandravagen\/2025\/12\/15\/sankt-spyridons-brinnande-tegelbit\/\" target=\"_self\" >Sankt Spyridons brinnande tegelbit<\/a><\/h2>\n                <div class=\"wp-block-post-date\"><time datetime=\"2025-12-15T10:00:18+01:00\">15 december, 2025<\/time><\/div>\n                <div class=\"wp-block-post-excerpt\"><p class=\"wp-block-post-excerpt__excerpt\">Ett bevis f\u00f6r treenigheten fr\u00e5n en som var med n\u00e4r det begav sig i Nicea 325!<\/p><\/div>\n            <\/div>\n            \n        <\/li><\/ul>\n        \n    <\/div>\n    <\/div>\n","protected":false},"excerpt":{"rendered":"<p>Del 2 av sista delen \ud83d\ude42 Av den l\u00e5nga och popul\u00e4ra genomg\u00e5ngen av de apostoliska f\u00e4derna H\u00e4r \u00e4r forts\u00e4ttningen om Diognetosbrevet (del 1 hittar du h\u00e4r)! V\u00e4rlden ser deras goda g\u00e4rningar I brevet finns det ett ideal av att den kristna gudsdyrkan sker p\u00e5 ett obem\u00e4rkt s\u00e4tt (utan offer och s\u00e5 vidare). Det \u00e4r inte [&hellip;]<\/p>\n","protected":false},"author":392,"featured_media":9815,"comment_status":"open","ping_status":"open","sticky":false,"template":"","format":"standard","meta":{"_acf_changed":false,"footnotes":""},"categories":[83862,33574],"tags":[83881,83926,84223,84452,84381,84256,83878,83880,83879,83901,83890,84454],"class_list":["post-9813","post","type-post","status-publish","format-standard","has-post-thumbnail","hentry","category-apostoliska-faderna","category-kyrkan","tag-apostoliska-faderna","tag-bibeln","tag-de-apostoliska-faderna","tag-diognetos","tag-inkarnation","tag-inkarnationen","tag-jesus","tag-kristen","tag-kristen-tro","tag-kyrka","tag-kyrkan","tag-uppenbarelsen"],"acf":[],"yoast_head":"<!-- This site is optimized with the Yoast SEO plugin v27.1.1 - https:\/\/yoast.com\/product\/yoast-seo-wordpress\/ -->\n<title>Brev till Diognetos 2 -Gud visar sig - Vandra V\u00e4gen<\/title>\n<meta name=\"description\" content=\"Tomas Jarvid skriver om brevet till Diognetos fr\u00e5n de apostoliska f\u00e4derna. S\u00e4rskilt om uppenbarelsen, hur Gud visar sig f\u00f6r oss.\" \/>\n<meta name=\"robots\" content=\"index, follow, max-snippet:-1, max-image-preview:large, max-video-preview:-1\" \/>\n<link rel=\"canonical\" href=\"https:\/\/blogg.svenskakyrkan.se\/vandravagen\/2024\/04\/18\/brev-till-diognetos-2-gud-visar-sig\/\" \/>\n<meta property=\"og:locale\" content=\"sv_SE\" \/>\n<meta property=\"og:type\" content=\"article\" \/>\n<meta property=\"og:title\" content=\"Brev till Diognetos 2 -Gud visar sig - Vandra V\u00e4gen\" \/>\n<meta property=\"og:description\" content=\"Tomas Jarvid skriver om brevet till Diognetos fr\u00e5n de apostoliska f\u00e4derna. S\u00e4rskilt om uppenbarelsen, hur Gud visar sig f\u00f6r oss.\" \/>\n<meta property=\"og:url\" content=\"https:\/\/blogg.svenskakyrkan.se\/vandravagen\/2024\/04\/18\/brev-till-diognetos-2-gud-visar-sig\/\" \/>\n<meta property=\"og:site_name\" content=\"Vandra V\u00e4gen\" \/>\n<meta property=\"article:publisher\" content=\"http:\/\/facebook.com\/vandravagen\" \/>\n<meta property=\"article:published_time\" content=\"2024-04-18T06:17:53+00:00\" \/>\n<meta property=\"article:modified_time\" content=\"2024-04-18T06:17:55+00:00\" \/>\n<meta property=\"og:image\" content=\"http:\/\/blogg.svenskakyrkan.se\/vandravagen\/files\/2024\/04\/649-holy-fathers-ecumenical-councils-ak-16-800.jpg\" \/>\n\t<meta property=\"og:image:width\" content=\"654\" \/>\n\t<meta property=\"og:image:height\" content=\"800\" \/>\n\t<meta property=\"og:image:type\" content=\"image\/jpeg\" \/>\n<meta name=\"author\" content=\"Tomas Jarvid\" \/>\n<meta name=\"twitter:card\" content=\"summary_large_image\" \/>\n<meta name=\"twitter:creator\" content=\"@fadertomas\" \/>\n<meta name=\"twitter:site\" content=\"@fadertomas\" \/>\n<meta name=\"twitter:label1\" content=\"Skriven av\" \/>\n\t<meta name=\"twitter:data1\" content=\"Tomas Jarvid\" \/>\n\t<meta name=\"twitter:label2\" content=\"Ber\u00e4knad l\u00e4stid\" \/>\n\t<meta name=\"twitter:data2\" content=\"3 minuter\" \/>\n<script type=\"application\/ld+json\" class=\"yoast-schema-graph\">{\"@context\":\"https:\/\/schema.org\",\"@graph\":[{\"@type\":\"Article\",\"@id\":\"https:\/\/blogg.svenskakyrkan.se\/vandravagen\/2024\/04\/18\/brev-till-diognetos-2-gud-visar-sig\/#article\",\"isPartOf\":{\"@id\":\"https:\/\/blogg.svenskakyrkan.se\/vandravagen\/2024\/04\/18\/brev-till-diognetos-2-gud-visar-sig\/\"},\"author\":{\"name\":\"Tomas Jarvid\",\"@id\":\"https:\/\/blogg.svenskakyrkan.se\/vandravagen\/#\/schema\/person\/25da02d4f76b137d04291711e2c9fc16\"},\"headline\":\"Brev till Diognetos 2 -Gud visar sig\",\"datePublished\":\"2024-04-18T06:17:53+00:00\",\"dateModified\":\"2024-04-18T06:17:55+00:00\",\"mainEntityOfPage\":{\"@id\":\"https:\/\/blogg.svenskakyrkan.se\/vandravagen\/2024\/04\/18\/brev-till-diognetos-2-gud-visar-sig\/\"},\"wordCount\":953,\"commentCount\":0,\"publisher\":{\"@id\":\"https:\/\/blogg.svenskakyrkan.se\/vandravagen\/#organization\"},\"image\":{\"@id\":\"https:\/\/blogg.svenskakyrkan.se\/vandravagen\/2024\/04\/18\/brev-till-diognetos-2-gud-visar-sig\/#primaryimage\"},\"thumbnailUrl\":\"https:\/\/blogg.svenskakyrkan.se\/vandravagen\/files\/2024\/04\/649-holy-fathers-ecumenical-councils-ak-16-800.jpg\",\"keywords\":[\"apostoliska f\u00e4derna\",\"bibeln\",\"de apostoliska f\u00e4derna\",\"diognetos\",\"inkarnation\",\"inkarnationen\",\"Jesus\",\"kristen\",\"kristen tro\",\"kyrka\",\"kyrkan\",\"uppenbarelsen\"],\"articleSection\":[\"apostoliska f\u00e4derna\",\"kyrkan\"],\"inLanguage\":\"sv-SE\",\"potentialAction\":[{\"@type\":\"CommentAction\",\"name\":\"Comment\",\"target\":[\"https:\/\/blogg.svenskakyrkan.se\/vandravagen\/2024\/04\/18\/brev-till-diognetos-2-gud-visar-sig\/#respond\"]}]},{\"@type\":\"WebPage\",\"@id\":\"https:\/\/blogg.svenskakyrkan.se\/vandravagen\/2024\/04\/18\/brev-till-diognetos-2-gud-visar-sig\/\",\"url\":\"https:\/\/blogg.svenskakyrkan.se\/vandravagen\/2024\/04\/18\/brev-till-diognetos-2-gud-visar-sig\/\",\"name\":\"Brev till Diognetos 2 -Gud visar sig - Vandra V\u00e4gen\",\"isPartOf\":{\"@id\":\"https:\/\/blogg.svenskakyrkan.se\/vandravagen\/#website\"},\"primaryImageOfPage\":{\"@id\":\"https:\/\/blogg.svenskakyrkan.se\/vandravagen\/2024\/04\/18\/brev-till-diognetos-2-gud-visar-sig\/#primaryimage\"},\"image\":{\"@id\":\"https:\/\/blogg.svenskakyrkan.se\/vandravagen\/2024\/04\/18\/brev-till-diognetos-2-gud-visar-sig\/#primaryimage\"},\"thumbnailUrl\":\"https:\/\/blogg.svenskakyrkan.se\/vandravagen\/files\/2024\/04\/649-holy-fathers-ecumenical-councils-ak-16-800.jpg\",\"datePublished\":\"2024-04-18T06:17:53+00:00\",\"dateModified\":\"2024-04-18T06:17:55+00:00\",\"description\":\"Tomas Jarvid skriver om brevet till Diognetos fr\u00e5n de apostoliska f\u00e4derna. S\u00e4rskilt om uppenbarelsen, hur Gud visar sig f\u00f6r oss.\",\"breadcrumb\":{\"@id\":\"https:\/\/blogg.svenskakyrkan.se\/vandravagen\/2024\/04\/18\/brev-till-diognetos-2-gud-visar-sig\/#breadcrumb\"},\"inLanguage\":\"sv-SE\",\"potentialAction\":[{\"@type\":\"ReadAction\",\"target\":[\"https:\/\/blogg.svenskakyrkan.se\/vandravagen\/2024\/04\/18\/brev-till-diognetos-2-gud-visar-sig\/\"]}]},{\"@type\":\"ImageObject\",\"inLanguage\":\"sv-SE\",\"@id\":\"https:\/\/blogg.svenskakyrkan.se\/vandravagen\/2024\/04\/18\/brev-till-diognetos-2-gud-visar-sig\/#primaryimage\",\"url\":\"https:\/\/blogg.svenskakyrkan.se\/vandravagen\/files\/2024\/04\/649-holy-fathers-ecumenical-councils-ak-16-800.jpg\",\"contentUrl\":\"https:\/\/blogg.svenskakyrkan.se\/vandravagen\/files\/2024\/04\/649-holy-fathers-ecumenical-councils-ak-16-800.jpg\",\"width\":654,\"height\":800},{\"@type\":\"BreadcrumbList\",\"@id\":\"https:\/\/blogg.svenskakyrkan.se\/vandravagen\/2024\/04\/18\/brev-till-diognetos-2-gud-visar-sig\/#breadcrumb\",\"itemListElement\":[{\"@type\":\"ListItem\",\"position\":1,\"name\":\"Hem\",\"item\":\"https:\/\/blogg.svenskakyrkan.se\/vandravagen\/\"},{\"@type\":\"ListItem\",\"position\":2,\"name\":\"apostoliska f\u00e4derna\",\"item\":\"https:\/\/blogg.svenskakyrkan.se\/vandravagen\/tag\/apostoliska-faderna\/\"},{\"@type\":\"ListItem\",\"position\":3,\"name\":\"Brev till Diognetos 2 -Gud visar sig\"}]},{\"@type\":\"WebSite\",\"@id\":\"https:\/\/blogg.svenskakyrkan.se\/vandravagen\/#website\",\"url\":\"https:\/\/blogg.svenskakyrkan.se\/vandravagen\/\",\"name\":\"Vandra V\u00e4gen\",\"description\":\"-Mot en tro f\u00f6r hela livet\",\"publisher\":{\"@id\":\"https:\/\/blogg.svenskakyrkan.se\/vandravagen\/#organization\"},\"potentialAction\":[{\"@type\":\"SearchAction\",\"target\":{\"@type\":\"EntryPoint\",\"urlTemplate\":\"https:\/\/blogg.svenskakyrkan.se\/vandravagen\/?s={search_term_string}\"},\"query-input\":{\"@type\":\"PropertyValueSpecification\",\"valueRequired\":true,\"valueName\":\"search_term_string\"}}],\"inLanguage\":\"sv-SE\"},{\"@type\":\"Organization\",\"@id\":\"https:\/\/blogg.svenskakyrkan.se\/vandravagen\/#organization\",\"name\":\"ulricehamns pastorat\",\"alternateName\":\"ulricehamns pastorat\",\"url\":\"https:\/\/blogg.svenskakyrkan.se\/vandravagen\/\",\"logo\":{\"@type\":\"ImageObject\",\"inLanguage\":\"sv-SE\",\"@id\":\"https:\/\/blogg.svenskakyrkan.se\/vandravagen\/#\/schema\/logo\/image\/\",\"url\":\"https:\/\/blogg.svenskakyrkan.se\/vandravagen\/files\/2023\/05\/Ulr_logo_RGB.png\",\"contentUrl\":\"https:\/\/blogg.svenskakyrkan.se\/vandravagen\/files\/2023\/05\/Ulr_logo_RGB.png\",\"width\":205,\"height\":77,\"caption\":\"ulricehamns pastorat\"},\"image\":{\"@id\":\"https:\/\/blogg.svenskakyrkan.se\/vandravagen\/#\/schema\/logo\/image\/\"},\"sameAs\":[\"http:\/\/facebook.com\/vandravagen\",\"https:\/\/x.com\/fadertomas\",\"http:\/\/www.facebook.com\/svenskakyrkaniulricehamn\"]},{\"@type\":\"Person\",\"@id\":\"https:\/\/blogg.svenskakyrkan.se\/vandravagen\/#\/schema\/person\/25da02d4f76b137d04291711e2c9fc16\",\"name\":\"Tomas Jarvid\",\"image\":{\"@type\":\"ImageObject\",\"inLanguage\":\"sv-SE\",\"@id\":\"https:\/\/blogg.svenskakyrkan.se\/vandravagen\/#\/schema\/person\/image\/\",\"url\":\"https:\/\/secure.gravatar.com\/avatar\/7fa71899795e8f540f615a1f5ab25255dc27aa40f05ee7ddd21aac521e01bf50?s=96&d=identicon&r=g\",\"contentUrl\":\"https:\/\/secure.gravatar.com\/avatar\/7fa71899795e8f540f615a1f5ab25255dc27aa40f05ee7ddd21aac521e01bf50?s=96&d=identicon&r=g\",\"caption\":\"Tomas Jarvid\"},\"description\":\"Jag bor i Ulricehamn i V\u00e4sterg\u00f6tland och \u00e4r f\u00f6rsamlingspr\u00e4st i Svenska Kyrkan f\u00f6r Dalstorps f\u00f6rsamling i Kinds pastorat. P\u00e5 den h\u00e4r bloggen skriver jag ner tankar om vandringen som kristen.\",\"sameAs\":[\"http:\/\/www.vandravagen.se\"],\"url\":\"https:\/\/blogg.svenskakyrkan.se\/vandravagen\/author\/vandravagen\/\"}]}<\/script>\n<!-- \/ Yoast SEO plugin. -->","yoast_head_json":{"title":"Brev till Diognetos 2 -Gud visar sig - Vandra V\u00e4gen","description":"Tomas Jarvid skriver om brevet till Diognetos fr\u00e5n de apostoliska f\u00e4derna. S\u00e4rskilt om uppenbarelsen, hur Gud visar sig f\u00f6r oss.","robots":{"index":"index","follow":"follow","max-snippet":"max-snippet:-1","max-image-preview":"max-image-preview:large","max-video-preview":"max-video-preview:-1"},"canonical":"https:\/\/blogg.svenskakyrkan.se\/vandravagen\/2024\/04\/18\/brev-till-diognetos-2-gud-visar-sig\/","og_locale":"sv_SE","og_type":"article","og_title":"Brev till Diognetos 2 -Gud visar sig - Vandra V\u00e4gen","og_description":"Tomas Jarvid skriver om brevet till Diognetos fr\u00e5n de apostoliska f\u00e4derna. S\u00e4rskilt om uppenbarelsen, hur Gud visar sig f\u00f6r oss.","og_url":"https:\/\/blogg.svenskakyrkan.se\/vandravagen\/2024\/04\/18\/brev-till-diognetos-2-gud-visar-sig\/","og_site_name":"Vandra V\u00e4gen","article_publisher":"http:\/\/facebook.com\/vandravagen","article_published_time":"2024-04-18T06:17:53+00:00","article_modified_time":"2024-04-18T06:17:55+00:00","og_image":[{"width":654,"height":800,"url":"http:\/\/blogg.svenskakyrkan.se\/vandravagen\/files\/2024\/04\/649-holy-fathers-ecumenical-councils-ak-16-800.jpg","type":"image\/jpeg"}],"author":"Tomas Jarvid","twitter_card":"summary_large_image","twitter_creator":"@fadertomas","twitter_site":"@fadertomas","twitter_misc":{"Skriven av":"Tomas Jarvid","Ber\u00e4knad l\u00e4stid":"3 minuter"},"schema":{"@context":"https:\/\/schema.org","@graph":[{"@type":"Article","@id":"https:\/\/blogg.svenskakyrkan.se\/vandravagen\/2024\/04\/18\/brev-till-diognetos-2-gud-visar-sig\/#article","isPartOf":{"@id":"https:\/\/blogg.svenskakyrkan.se\/vandravagen\/2024\/04\/18\/brev-till-diognetos-2-gud-visar-sig\/"},"author":{"name":"Tomas Jarvid","@id":"https:\/\/blogg.svenskakyrkan.se\/vandravagen\/#\/schema\/person\/25da02d4f76b137d04291711e2c9fc16"},"headline":"Brev till Diognetos 2 -Gud visar sig","datePublished":"2024-04-18T06:17:53+00:00","dateModified":"2024-04-18T06:17:55+00:00","mainEntityOfPage":{"@id":"https:\/\/blogg.svenskakyrkan.se\/vandravagen\/2024\/04\/18\/brev-till-diognetos-2-gud-visar-sig\/"},"wordCount":953,"commentCount":0,"publisher":{"@id":"https:\/\/blogg.svenskakyrkan.se\/vandravagen\/#organization"},"image":{"@id":"https:\/\/blogg.svenskakyrkan.se\/vandravagen\/2024\/04\/18\/brev-till-diognetos-2-gud-visar-sig\/#primaryimage"},"thumbnailUrl":"https:\/\/blogg.svenskakyrkan.se\/vandravagen\/files\/2024\/04\/649-holy-fathers-ecumenical-councils-ak-16-800.jpg","keywords":["apostoliska f\u00e4derna","bibeln","de apostoliska f\u00e4derna","diognetos","inkarnation","inkarnationen","Jesus","kristen","kristen tro","kyrka","kyrkan","uppenbarelsen"],"articleSection":["apostoliska f\u00e4derna","kyrkan"],"inLanguage":"sv-SE","potentialAction":[{"@type":"CommentAction","name":"Comment","target":["https:\/\/blogg.svenskakyrkan.se\/vandravagen\/2024\/04\/18\/brev-till-diognetos-2-gud-visar-sig\/#respond"]}]},{"@type":"WebPage","@id":"https:\/\/blogg.svenskakyrkan.se\/vandravagen\/2024\/04\/18\/brev-till-diognetos-2-gud-visar-sig\/","url":"https:\/\/blogg.svenskakyrkan.se\/vandravagen\/2024\/04\/18\/brev-till-diognetos-2-gud-visar-sig\/","name":"Brev till Diognetos 2 -Gud visar sig - Vandra V\u00e4gen","isPartOf":{"@id":"https:\/\/blogg.svenskakyrkan.se\/vandravagen\/#website"},"primaryImageOfPage":{"@id":"https:\/\/blogg.svenskakyrkan.se\/vandravagen\/2024\/04\/18\/brev-till-diognetos-2-gud-visar-sig\/#primaryimage"},"image":{"@id":"https:\/\/blogg.svenskakyrkan.se\/vandravagen\/2024\/04\/18\/brev-till-diognetos-2-gud-visar-sig\/#primaryimage"},"thumbnailUrl":"https:\/\/blogg.svenskakyrkan.se\/vandravagen\/files\/2024\/04\/649-holy-fathers-ecumenical-councils-ak-16-800.jpg","datePublished":"2024-04-18T06:17:53+00:00","dateModified":"2024-04-18T06:17:55+00:00","description":"Tomas Jarvid skriver om brevet till Diognetos fr\u00e5n de apostoliska f\u00e4derna. S\u00e4rskilt om uppenbarelsen, hur Gud visar sig f\u00f6r oss.","breadcrumb":{"@id":"https:\/\/blogg.svenskakyrkan.se\/vandravagen\/2024\/04\/18\/brev-till-diognetos-2-gud-visar-sig\/#breadcrumb"},"inLanguage":"sv-SE","potentialAction":[{"@type":"ReadAction","target":["https:\/\/blogg.svenskakyrkan.se\/vandravagen\/2024\/04\/18\/brev-till-diognetos-2-gud-visar-sig\/"]}]},{"@type":"ImageObject","inLanguage":"sv-SE","@id":"https:\/\/blogg.svenskakyrkan.se\/vandravagen\/2024\/04\/18\/brev-till-diognetos-2-gud-visar-sig\/#primaryimage","url":"https:\/\/blogg.svenskakyrkan.se\/vandravagen\/files\/2024\/04\/649-holy-fathers-ecumenical-councils-ak-16-800.jpg","contentUrl":"https:\/\/blogg.svenskakyrkan.se\/vandravagen\/files\/2024\/04\/649-holy-fathers-ecumenical-councils-ak-16-800.jpg","width":654,"height":800},{"@type":"BreadcrumbList","@id":"https:\/\/blogg.svenskakyrkan.se\/vandravagen\/2024\/04\/18\/brev-till-diognetos-2-gud-visar-sig\/#breadcrumb","itemListElement":[{"@type":"ListItem","position":1,"name":"Hem","item":"https:\/\/blogg.svenskakyrkan.se\/vandravagen\/"},{"@type":"ListItem","position":2,"name":"apostoliska f\u00e4derna","item":"https:\/\/blogg.svenskakyrkan.se\/vandravagen\/tag\/apostoliska-faderna\/"},{"@type":"ListItem","position":3,"name":"Brev till Diognetos 2 -Gud visar sig"}]},{"@type":"WebSite","@id":"https:\/\/blogg.svenskakyrkan.se\/vandravagen\/#website","url":"https:\/\/blogg.svenskakyrkan.se\/vandravagen\/","name":"Vandra V\u00e4gen","description":"-Mot en tro f\u00f6r hela livet","publisher":{"@id":"https:\/\/blogg.svenskakyrkan.se\/vandravagen\/#organization"},"potentialAction":[{"@type":"SearchAction","target":{"@type":"EntryPoint","urlTemplate":"https:\/\/blogg.svenskakyrkan.se\/vandravagen\/?s={search_term_string}"},"query-input":{"@type":"PropertyValueSpecification","valueRequired":true,"valueName":"search_term_string"}}],"inLanguage":"sv-SE"},{"@type":"Organization","@id":"https:\/\/blogg.svenskakyrkan.se\/vandravagen\/#organization","name":"ulricehamns pastorat","alternateName":"ulricehamns pastorat","url":"https:\/\/blogg.svenskakyrkan.se\/vandravagen\/","logo":{"@type":"ImageObject","inLanguage":"sv-SE","@id":"https:\/\/blogg.svenskakyrkan.se\/vandravagen\/#\/schema\/logo\/image\/","url":"https:\/\/blogg.svenskakyrkan.se\/vandravagen\/files\/2023\/05\/Ulr_logo_RGB.png","contentUrl":"https:\/\/blogg.svenskakyrkan.se\/vandravagen\/files\/2023\/05\/Ulr_logo_RGB.png","width":205,"height":77,"caption":"ulricehamns pastorat"},"image":{"@id":"https:\/\/blogg.svenskakyrkan.se\/vandravagen\/#\/schema\/logo\/image\/"},"sameAs":["http:\/\/facebook.com\/vandravagen","https:\/\/x.com\/fadertomas","http:\/\/www.facebook.com\/svenskakyrkaniulricehamn"]},{"@type":"Person","@id":"https:\/\/blogg.svenskakyrkan.se\/vandravagen\/#\/schema\/person\/25da02d4f76b137d04291711e2c9fc16","name":"Tomas Jarvid","image":{"@type":"ImageObject","inLanguage":"sv-SE","@id":"https:\/\/blogg.svenskakyrkan.se\/vandravagen\/#\/schema\/person\/image\/","url":"https:\/\/secure.gravatar.com\/avatar\/7fa71899795e8f540f615a1f5ab25255dc27aa40f05ee7ddd21aac521e01bf50?s=96&d=identicon&r=g","contentUrl":"https:\/\/secure.gravatar.com\/avatar\/7fa71899795e8f540f615a1f5ab25255dc27aa40f05ee7ddd21aac521e01bf50?s=96&d=identicon&r=g","caption":"Tomas Jarvid"},"description":"Jag bor i Ulricehamn i V\u00e4sterg\u00f6tland och \u00e4r f\u00f6rsamlingspr\u00e4st i Svenska Kyrkan f\u00f6r Dalstorps f\u00f6rsamling i Kinds pastorat. P\u00e5 den h\u00e4r bloggen skriver jag ner tankar om vandringen som kristen.","sameAs":["http:\/\/www.vandravagen.se"],"url":"https:\/\/blogg.svenskakyrkan.se\/vandravagen\/author\/vandravagen\/"}]}},"author_meta":{"ID":"392","user_nicename":"vandravagen","user_url":"http:\/\/www.vandravagen.se","user_registered":"2014-05-19 05:44:52","display_name":"Tomas Jarvid","first_name":"Tomas","last_name":"Jarvid","avatar":"https:\/\/secure.gravatar.com\/avatar\/7fa71899795e8f540f615a1f5ab25255dc27aa40f05ee7ddd21aac521e01bf50?s=96&d=identicon&r=g"},"featured_image":["https:\/\/blogg.svenskakyrkan.se\/vandravagen\/files\/2024\/04\/649-holy-fathers-ecumenical-councils-ak-16-800.jpg",654,800,false],"bloginfo":{"name":"Vandra V\u00e4gen","url":"https:\/\/blogg.svenskakyrkan.se\/vandravagen"},"_links":{"self":[{"href":"https:\/\/blogg.svenskakyrkan.se\/vandravagen\/wp-json\/wp\/v2\/posts\/9813","targetHints":{"allow":["GET"]}}],"collection":[{"href":"https:\/\/blogg.svenskakyrkan.se\/vandravagen\/wp-json\/wp\/v2\/posts"}],"about":[{"href":"https:\/\/blogg.svenskakyrkan.se\/vandravagen\/wp-json\/wp\/v2\/types\/post"}],"author":[{"embeddable":true,"href":"https:\/\/blogg.svenskakyrkan.se\/vandravagen\/wp-json\/wp\/v2\/users\/392"}],"replies":[{"embeddable":true,"href":"https:\/\/blogg.svenskakyrkan.se\/vandravagen\/wp-json\/wp\/v2\/comments?post=9813"}],"version-history":[{"count":2,"href":"https:\/\/blogg.svenskakyrkan.se\/vandravagen\/wp-json\/wp\/v2\/posts\/9813\/revisions"}],"predecessor-version":[{"id":9816,"href":"https:\/\/blogg.svenskakyrkan.se\/vandravagen\/wp-json\/wp\/v2\/posts\/9813\/revisions\/9816"}],"wp:featuredmedia":[{"embeddable":true,"href":"https:\/\/blogg.svenskakyrkan.se\/vandravagen\/wp-json\/wp\/v2\/media\/9815"}],"wp:attachment":[{"href":"https:\/\/blogg.svenskakyrkan.se\/vandravagen\/wp-json\/wp\/v2\/media?parent=9813"}],"wp:term":[{"taxonomy":"category","embeddable":true,"href":"https:\/\/blogg.svenskakyrkan.se\/vandravagen\/wp-json\/wp\/v2\/categories?post=9813"},{"taxonomy":"post_tag","embeddable":true,"href":"https:\/\/blogg.svenskakyrkan.se\/vandravagen\/wp-json\/wp\/v2\/tags?post=9813"}],"curies":[{"name":"wp","href":"https:\/\/api.w.org\/{rel}","templated":true}]}}