{"id":9817,"date":"2024-04-24T13:50:21","date_gmt":"2024-04-24T11:50:21","guid":{"rendered":"https:\/\/blogg.svenskakyrkan.se\/vandravagen\/?p=9817"},"modified":"2024-04-24T13:50:22","modified_gmt":"2024-04-24T11:50:22","slug":"brevet-till-diognetos-3-guds-stora-karlek","status":"publish","type":"post","link":"https:\/\/blogg.svenskakyrkan.se\/vandravagen\/2024\/04\/24\/brevet-till-diognetos-3-guds-stora-karlek\/","title":{"rendered":"Brevet till Diognetos 3-Guds stora k\u00e4rlek"},"content":{"rendered":"\n<p class=\"is-style-intro\">Tredje och sista delen om Diognetosbrevet i denna l\u00e5nga och otroligt omtyckta serie om de apostoliska f\u00e4derna!<\/p>\n\n\n\n<figure class=\"wp-block-image size-large\"><img loading=\"lazy\" decoding=\"async\" width=\"1024\" height=\"1277\" src=\"https:\/\/blogg.svenskakyrkan.se\/vandravagen\/files\/2024\/04\/helgon-1024x1277.jpg\" alt=\"\" class=\"wp-image-9853\" srcset=\"https:\/\/blogg.svenskakyrkan.se\/vandravagen\/files\/2024\/04\/helgon-1024x1277.jpg 1024w, https:\/\/blogg.svenskakyrkan.se\/vandravagen\/files\/2024\/04\/helgon-300x374.jpg 300w, https:\/\/blogg.svenskakyrkan.se\/vandravagen\/files\/2024\/04\/helgon-768x957.jpg 768w, https:\/\/blogg.svenskakyrkan.se\/vandravagen\/files\/2024\/04\/helgon.jpg 1070w\" sizes=\"auto, (max-width: 1024px) 100vw, 1024px\" \/><figcaption class=\"wp-element-caption\">Jesus omgiven av m\u00e5nga heliga.<\/figcaption><\/figure>\n\n\n\n<p>Nu \u00e4r vi faktiskt p\u00e5 riktigt framme vid sista delen i serien bloggposter om alla texter (utom didach\u00e9)  i boken &#8221;de apostoliska f\u00e4derna&#8221; med skrifter fr\u00e5n tiden precis efter nya testamentet. Det har varit en l\u00e5ng resa och det har s\u00e4kert tagit mig15 \u00e5r fr\u00e5n att jag skaffade boken tills jag nu l\u00e4st ut den. Det finns mycket jag kommer ha anledning att \u00e5terv\u00e4nda till. Men nu kommer dagens text:<\/p>\n\n\n\n<h2 class=\"wp-block-heading\">Fr\u00e4lsningen<\/h2>\n\n\n\n<p>F\u00f6rra bloggposten kretsade kring hur Gud uppenbarat sig f\u00f6r oss i Jesus Kristus. N\u00e4sta steg \u00e4r hur det h\u00e4nger ihop med v\u00e5r fr\u00e4lsning. Vi \u00e4r ju del av v\u00e4rlden som \u00e4r i uppror mot Gud.<\/p>\n\n\n\n<blockquote class=\"wp-block-quote is-layout-flow wp-block-quote-is-layout-flow\">\n<p>\u201dN\u00e4r vi sj\u00e4lva visat oss of\u00f6rm\u00f6gna att ing\u00e5 i Guds rike, skulle vi genom Guds kraft f\u00e5 m\u00f6jlighet till det\u201d. \u2026 Om vilken \u00f6verv\u00e4ldigande godhet och k\u00e4rlek till m\u00e4nniskorna hos Gud!&#8221;<\/p>\n\n\n\n<p><\/p>\n<\/blockquote>\n\n\n\n<p>Gud ville oss trots v\u00e5rt onda inget ont utan ville bara g\u00f6ra gott f\u00f6r oss. Det f\u00f6ljs av denna formulering om fr\u00e4lsningen som k\u00e4nns igen som ekon fr\u00e5n olika bibelord:<\/p>\n\n\n\n<blockquote class=\"wp-block-quote is-layout-flow wp-block-quote-is-layout-flow\">\n<p>Han f\u00f6rbarmade sig och tog p\u00e5 sig v\u00e5ra synder, han utgav sin egen Son till l\u00f6sen f\u00f6r oss, den helige f\u00f6r de lagl\u00f6sa, den gode f\u00f6r de onda, den r\u00e4ttf\u00e4rdige f\u00f6r de or\u00e4ttf\u00e4rdiga, den of\u00f6rg\u00e4nglige f\u00f6r de f\u00f6rg\u00e4ngliga, den od\u00f6dlige f\u00f6r de d\u00f6dliga.<\/p>\n<\/blockquote>\n\n\n\n<p>Orden nedan om &#8221;ljuva utbyte&#8221; k\u00e4nner vi igen i den Lutherska teologin f\u00f6r d\u00e4r talas det om det &#8221;saliga bytet&#8221; d\u00e4r Gud tar v\u00e5r synd och ist\u00e4llet i utbyte ger oss sin r\u00e4ttf\u00e4rdighet som g\u00e5va. Tanken \u00e4r allts\u00e5 mycket gammal i kyrkan:<\/p>\n\n\n\n<blockquote class=\"wp-block-quote is-layout-flow wp-block-quote-is-layout-flow\">\n<p>O, ljuva utbyte, o vilket outgrundligt verk, o vilka \u00f6verraskande v\u00e4lg\u00e4rningar! De m\u00e5ngas lagl\u00f6shet kunde d\u00f6ljas i en enda r\u00e4ttf\u00e4rdig, en endas r\u00e4ttf\u00e4rdighet kunde g\u00f6ra m\u00e5nga lagl\u00f6sa r\u00e4ttf\u00e4rdiga! <\/p>\n\n\n\n<p>Sedan han i det f\u00f6rg\u00e5ngna bevisat v\u00e5r naturs of\u00f6rm\u00e5ga att n\u00e5 livet visar han nu Fr\u00e4lsaren, som \u00e4r m\u00e4ktig att fr\u00e4lsa ocks\u00e5 det vanm\u00e4ktiga. <\/p>\n\n\n\n<p>Av dessa tv\u00e5 orsaker ville han att vi skulle tro p\u00e5 hans godhet, anse honom som v\u00e5r uppeh\u00e5llare, Fader, l\u00e4rare och r\u00e5dgivare, l\u00e4kare, f\u00f6rst\u00e5nd, ljus, \u00e4ra, h\u00e4rlighet, styrka, liv -och inte s\u00f6rja f\u00f6r kl\u00e4der eller f\u00f6da.<\/p>\n<\/blockquote>\n\n\n\n<p>Jag tycker s\u00e4rskilt om slutet om att vi ska komma ih\u00e5g Guds godhet och se honom som alla de sakerna i den l\u00e5nga uppr\u00e4kningen. Passusen om att inte s\u00f6rja f\u00f6r kl\u00e4der eller f\u00f6da  \u00e4r en anspelning p\u00e5 Jesus ord i bergspredikan om att lita p\u00e5 att Gud har omsorg om oss och ger oss vad vi beh\u00f6ver.<\/p>\n\n\n\n<h2 class=\"wp-block-heading\">Guds k\u00e4rlek till oss<\/h2>\n\n\n\n<p>Som ni m\u00e4rker har de h\u00e4r sista posterna i serien sp\u00e5rat ur i att bli en m\u00e4ngd av l\u00e5nga citat. Formuleringarna i brevet till Diognetos tilltalar mig mycket s\u00e5 det blev att skriva av sida upp och sida ner. S\u00e5 h\u00e4r st\u00e5r det om alla goda g\u00e5vor Gud gett m\u00e4nniskan:<\/p>\n\n\n\n<blockquote class=\"wp-block-quote is-layout-flow wp-block-quote-is-layout-flow\">\n<p>Om \u00e4ven du l\u00e4ngtar efter denna tro, s\u00e5 vinn f\u00f6rst kunskap om Fadern! Ty Gud \u00e4lskade m\u00e4nniskorna, f\u00f6r vilkas skull han skapade v\u00e4rlden. <\/p>\n\n\n\n<p>Han lade allt p\u00e5 jorden under dem, gav dem talf\u00f6rm\u00e5ga och f\u00f6rnuft, dem ensamma gav han f\u00f6rm\u00e5ga att blicka upp mot honom, dem danade han efter sin egen avbild, till dem s\u00e4nde han sin enf\u00f6dde Son, \u00e5t dem lovade han riket i himlen och skall giva det \u00e5t dem som \u00e4lskar honom. <\/p>\n\n\n\n<p>Vilken gl\u00e4dje tror du inte skall fylla dig n\u00e4r du fattat detta? Eller hur ska du inte \u00e4lska honom som f\u00f6rst har \u00e4lskat dig? <\/p>\n\n\n\n<p>Men om du \u00e4lskar honom skall du efterlikna hans godhet. Och f\u00f6rv\u00e5na dig inte \u00f6ver att en m\u00e4nniska kan ha Gud till f\u00f6red\u00f6me: n\u00e4r han (Gud) vill det, kan hon det.<\/p>\n<\/blockquote>\n\n\n\n<p>Jag har l\u00e4st liknande ord hos Wilfred Stinissen om hur livet skulle f\u00f6r\u00e4ndras f\u00f6r oss om vi verkligen f\u00f6rstod p\u00e5 djupet hur \u00e4lskade vi \u00e4r av Gud. D\u00e5 skulle livet vara en fest och v\u00e5r gl\u00e4dje utan gr\u00e4ns. <\/p>\n\n\n\n<p>Jag har funderat mycket p\u00e5 f\u00f6rebildens plats i den kristna tron p\u00e5 sistone och noterar s\u00e4rskilt att det st\u00e5r h\u00e4r att eftersom Gud vill att vi ska kunna ha honom som f\u00f6red\u00f6me s\u00e5 kan vi det. \u00c4ven om vi \u00e4r p\u00e5 en helt annan niv\u00e5 \u00e4n Gud. <\/p>\n\n\n\n<h2 class=\"wp-block-heading\">Makt och tj\u00e4nande<\/h2>\n\n\n\n<p>Omedelbart efter f\u00f6rra citatet forts\u00e4tter det med hur livet med Gud som f\u00f6red\u00f6me ska se ut. \u00c4ven detta \u00e4r rent guld helt igenom:  <\/p>\n\n\n\n<blockquote class=\"wp-block-quote is-layout-flow wp-block-quote-is-layout-flow\">\n<p>Ty lyckan best\u00e5r inte i att bruka sin makt mot sin n\u00e4sta eller vilja \u00e4ga mer \u00e4n de svagare eller att vara rik eller f\u00f6rtrycka de ringa. <\/p>\n\n\n\n<p>Inte heller kan n\u00e5gon genom n\u00e5got s\u00e5dant likna Gud, utan det \u00e4r fr\u00e4mmande f\u00f6r hans majest\u00e4t. <\/p>\n\n\n\n<p>Utan den liknar Gud som tar p\u00e5 sig n\u00e4stans b\u00f6rda, den som vill anv\u00e4nda sin goda st\u00e4llning till att g\u00f6ra v\u00e4l mot den svagare, den som sk\u00e4nker det som han f\u00e5tt av Gud \u00e5t de beh\u00f6vande och s\u00e5 blir som en gud f\u00f6r mottagarna, en s\u00e5dan har Gud som f\u00f6red\u00f6me.<\/p>\n<\/blockquote>\n\n\n\n<p>Varje ord d\u00e4r tycker jag g\u00e5r rakt in i v\u00e5r egen tid. Om att lycka inte n\u00e5s genom att str\u00e4va efter rikedom eller status eller rikedom utan i att f\u00f6lja Jesus.<\/p>\n\n\n\n<h2 class=\"wp-block-heading\">Om Ordet<\/h2>\n\n\n\n<p>Sist vill jag citera n\u00e5gra rader om en kristen syn p\u00e5 kunskap. Kunskap g\u00e5r hand i hand med detta att Gud uppenbarat sig genom Kristus. Jesus \u00e4r kunskapen personifierad och att leva med honom \u00e4r som vi ska se att \u00e4ta av b\u00e5de kunskapens och livets tr\u00e4d (fr\u00e5n bibelns b\u00f6rjan).<\/p>\n\n\n\n<blockquote class=\"wp-block-quote is-layout-flow wp-block-quote-is-layout-flow\">\n<p>Detta \u00e4r han som var av begynnelsen, visade sig som ny och befanns gammal och f\u00f6ds alltid som ny i de trognas hj\u00e4rtan.<\/p>\n<\/blockquote>\n\n\n\n<p>Gud talar st\u00e4ndigt nytt genom vem han vill och n\u00e4r han vill s\u00e4ger f\u00f6rfattaren. <\/p>\n\n\n\n<blockquote class=\"wp-block-quote is-layout-flow wp-block-quote-is-layout-flow\">\n<p>N\u00e4r ni med iver l\u00e4ser och h\u00f6r detta skall ni fatta vad Gud bereder \u00e5t dem som r\u00e4tt \u00e4lskar honom, de som blivit en ljuvlig lustg\u00e5rd, d\u00e4r de l\u00e5ter fruktb\u00e4rande och blomstrande tr\u00e4d v\u00e4xa upp, smyckade med m\u00e5nga slags frukter. <\/p>\n\n\n\n<p>Ty p\u00e5 denna plats \u00e4r kunskapens och livets tr\u00e4d planterade; men det \u00e4r inte kunskapens tr\u00e4d som d\u00f6dar utan olydnaden.<\/p>\n<\/blockquote>\n\n\n\n<p>F\u00f6rfattaren anv\u00e4nder bilden av kunskapens och livets tr\u00e4d fr\u00e5n Edens lustg\u00e5rd d\u00e4r Adam och Eva blev lurade av ormen. <\/p>\n\n\n\n<p>Det \u00e4r inte kunskap i sig som \u00e4r n\u00e5got d\u00e5ligt utan sj\u00e4lva olydnaden mot Gud, skriver han. Jag tycker det \u00e4r en fin bild att genom Jesus \u00e4r vi p\u00e5 s\u00e4tt och vis tillbaka i Eden, hos honom finns b\u00e5de kunskapen och livet.<\/p>\n\n\n\n<blockquote class=\"wp-block-quote is-layout-flow wp-block-quote-is-layout-flow\">\n<p>L\u00e5t kunskap bli ditt hj\u00e4rta och ditt liv det fulla f\u00f6rverkligandet av sanningens ord. <\/p>\n\n\n\n<p>N\u00e4r du l\u00e5ter dess tr\u00e4d v\u00e4xa upp och b\u00e4ra frukt skall du alltid sk\u00f6rda det som \u00e4r \u00e5tr\u00e5v\u00e4rt inf\u00f6r Gud, n\u00e5got som ormen inte n\u00e5r eller bedr\u00e4geriet kommer \u00e5t.<\/p>\n<\/blockquote>\n\n\n\n<p>Det var stora \u00e4mnen igen. Fr\u00e4lsningen, Guds k\u00e4rlek, hur man hanterar makt, kunskap. Jag h\u00e5ller nog Diognetos brev bland de finaste skrifterna i de apostoliska f\u00e4derna. <\/p>\n\n\n\n<p>Nu \u00e4r kommentarsf\u00e4ltet \u00f6ppet f\u00f6r jubelrop \u00f6ver hela denna fullbordade serie och f\u00f6r fr\u00e5gor och kommentarer!<\/p>\n\n\n<div id=\"related-posts-block_872565155d57845b280c676fa364179d\"  class=\"b-related-posts alignfull\">\n    <div class=\"acf-innerblocks-container\">\n\n<h2 class=\"wp-block-heading\">Liknande inl\u00e4gg<\/h2>\n\n<\/div>\n    \n    \n    <div class=\"wp-block-query alignfull is-layout-flow wp-block-query-is-layout-flow\">\n        <ul class=\"is-flex-container columns-3 alignfull related-posts__content wp-block-post-template is-layout-flow wp-block-post-template-is-layout-flow\"><li class=\"wp-block-post post-10681 post type-post status-publish format-standard has-post-thumbnail hentry category-bibel category-bibeln category-film category-historia tag-anakin tag-betlehem tag-bibeln tag-david tag-jesus tag-jul tag-kristen tag-kristen-tro tag-kung-david tag-kyrka tag-kyrkan tag-luke tag-oken tag-plats tag-rakel tag-rut tag-ruth tag-skywalker tag-tatooine\">\n            \n            <div class=\"wp-block-group post__content is-layout-flow wp-block-group-is-layout-flow\">\n                <figure style=\"margin-bottom:var(--wp--preset--spacing--50);\" class=\"wp-block-post-featured-image\"><a href=\"https:\/\/blogg.svenskakyrkan.se\/vandravagen\/2026\/03\/06\/betlehem-ar-bibelns-tatooine\/\" target=\"_self\"  ><img loading=\"lazy\" decoding=\"async\" width=\"1265\" height=\"631\" src=\"https:\/\/blogg.svenskakyrkan.se\/vandravagen\/files\/2026\/03\/cylonka.jpg\" class=\"attachment-post-thumbnail size-post-thumbnail wp-post-image\" alt=\"Betlehem \u00e4r bibelns Tatooine\" style=\"object-fit:cover;\" srcset=\"https:\/\/blogg.svenskakyrkan.se\/vandravagen\/files\/2026\/03\/cylonka.jpg 1265w, https:\/\/blogg.svenskakyrkan.se\/vandravagen\/files\/2026\/03\/cylonka-300x150.jpg 300w, https:\/\/blogg.svenskakyrkan.se\/vandravagen\/files\/2026\/03\/cylonka-1024x511.jpg 1024w, https:\/\/blogg.svenskakyrkan.se\/vandravagen\/files\/2026\/03\/cylonka-768x383.jpg 768w, https:\/\/blogg.svenskakyrkan.se\/vandravagen\/files\/2026\/03\/cylonka-1200x599.jpg 1200w\" sizes=\"auto, (max-width: 1265px) 100vw, 1265px\" \/><\/a><\/figure>\n                <h2 class=\"wp-block-post-title has-h-3-font-size\"><a href=\"https:\/\/blogg.svenskakyrkan.se\/vandravagen\/2026\/03\/06\/betlehem-ar-bibelns-tatooine\/\" target=\"_self\" >Betlehem \u00e4r bibelns Tatooine<\/a><\/h2>\n                <div class=\"wp-block-post-date\"><time datetime=\"2026-03-06T13:25:48+01:00\">6 mars, 2026<\/time><\/div>\n                <div class=\"wp-block-post-excerpt\"><p class=\"wp-block-post-excerpt__excerpt\">En plats d\u00e4r man varit f\u00f6rut!<\/p><\/div>\n            <\/div>\n            \n        <\/li><li class=\"wp-block-post post-10743 post type-post status-publish format-standard has-post-thumbnail hentry category-fastan category-kyrkan category-predikan tag-alska tag-bibeln tag-elsa-beskow tag-fanny-och-alexander tag-fasta tag-fastan tag-fastlagssondagen tag-jesus tag-karlek tag-klicheer tag-kristen tag-kristen-tro tag-kyrka tag-kyrkan tag-ofortjant tag-predikan tag-relationsrad tag-wilfred-stinissen\">\n            \n            <div class=\"wp-block-group post__content is-layout-flow wp-block-group-is-layout-flow\">\n                <figure style=\"margin-bottom:var(--wp--preset--spacing--50);\" class=\"wp-block-post-featured-image\"><a href=\"https:\/\/blogg.svenskakyrkan.se\/vandravagen\/2026\/02\/17\/om-vi-verkligen-forstod-att-gud-ar-karlek\/\" target=\"_self\"  ><img loading=\"lazy\" decoding=\"async\" width=\"609\" height=\"680\" src=\"https:\/\/blogg.svenskakyrkan.se\/vandravagen\/files\/2026\/02\/IMG_3025.jpg\" class=\"attachment-post-thumbnail size-post-thumbnail wp-post-image\" alt=\"Om vi verkligen f\u00f6rstod att Gud \u00e4r k\u00e4rlek\" style=\"object-fit:cover;\" srcset=\"https:\/\/blogg.svenskakyrkan.se\/vandravagen\/files\/2026\/02\/IMG_3025.jpg 609w, https:\/\/blogg.svenskakyrkan.se\/vandravagen\/files\/2026\/02\/IMG_3025-300x335.jpg 300w\" sizes=\"auto, (max-width: 609px) 100vw, 609px\" \/><\/a><\/figure>\n                <h2 class=\"wp-block-post-title has-h-3-font-size\"><a href=\"https:\/\/blogg.svenskakyrkan.se\/vandravagen\/2026\/02\/17\/om-vi-verkligen-forstod-att-gud-ar-karlek\/\" target=\"_self\" >Om vi verkligen f\u00f6rstod att Gud \u00e4r k\u00e4rlek<\/a><\/h2>\n                <div class=\"wp-block-post-date\"><time datetime=\"2026-02-17T13:20:57+01:00\">17 februari, 2026<\/time><\/div>\n                <div class=\"wp-block-post-excerpt\"><p class=\"wp-block-post-excerpt__excerpt\">Min predikan fr\u00e5n fastlagss\u00f6ndagen i s\u00f6ndags i Ulricehamns kyrka<\/p><\/div>\n            <\/div>\n            \n        <\/li><li class=\"wp-block-post post-10708 post type-post status-publish format-standard has-post-thumbnail hentry category-bibel category-bibeln category-vara-manniska tag-abel tag-amy-cuddy tag-bibeln tag-hallning tag-jesus tag-kain tag-kristen tag-kristen-tro tag-krokryggiga tag-kropp-och-sjal tag-kroppen tag-kroppshallning tag-kroppssprak tag-kyrka tag-kyrkan tag-skapelsen tag-ted tag-ted-talk\">\n            \n            <div class=\"wp-block-group post__content is-layout-flow wp-block-group-is-layout-flow\">\n                <figure style=\"margin-bottom:var(--wp--preset--spacing--50);\" class=\"wp-block-post-featured-image\"><a href=\"https:\/\/blogg.svenskakyrkan.se\/vandravagen\/2026\/01\/20\/kroppsprak-i-bibeln\/\" target=\"_self\"  ><img loading=\"lazy\" decoding=\"async\" width=\"1024\" height=\"576\" src=\"https:\/\/blogg.svenskakyrkan.se\/vandravagen\/files\/2026\/01\/kroppsprak.jpg\" class=\"attachment-post-thumbnail size-post-thumbnail wp-post-image\" alt=\"Kroppspr\u00e5k i bibeln\" style=\"object-fit:cover;\" srcset=\"https:\/\/blogg.svenskakyrkan.se\/vandravagen\/files\/2026\/01\/kroppsprak.jpg 1024w, https:\/\/blogg.svenskakyrkan.se\/vandravagen\/files\/2026\/01\/kroppsprak-300x169.jpg 300w, https:\/\/blogg.svenskakyrkan.se\/vandravagen\/files\/2026\/01\/kroppsprak-768x432.jpg 768w\" sizes=\"auto, (max-width: 1024px) 100vw, 1024px\" \/><\/a><\/figure>\n                <h2 class=\"wp-block-post-title has-h-3-font-size\"><a href=\"https:\/\/blogg.svenskakyrkan.se\/vandravagen\/2026\/01\/20\/kroppsprak-i-bibeln\/\" target=\"_self\" >Kroppspr\u00e5k i bibeln<\/a><\/h2>\n                <div class=\"wp-block-post-date\"><time datetime=\"2026-01-20T08:51:22+01:00\">20 januari, 2026<\/time><\/div>\n                <div class=\"wp-block-post-excerpt\"><p class=\"wp-block-post-excerpt__excerpt\">Om att landa i kroppen och komma till besinning<\/p><\/div>\n            <\/div>\n            \n        <\/li><\/ul>\n        \n    <\/div>\n    <\/div>\n","protected":false},"excerpt":{"rendered":"<p>Tredje och sista delen om Diognetosbrevet i denna l\u00e5nga och otroligt omtyckta serie om de apostoliska f\u00e4derna! Nu \u00e4r vi faktiskt p\u00e5 riktigt framme vid sista delen i serien bloggposter om alla texter (utom didach\u00e9) i boken &#8221;de apostoliska f\u00e4derna&#8221; med skrifter fr\u00e5n tiden precis efter nya testamentet. Det har varit en l\u00e5ng resa och [&hellip;]<\/p>\n","protected":false},"author":392,"featured_media":9853,"comment_status":"open","ping_status":"open","sticky":false,"template":"","format":"standard","meta":{"_acf_changed":false,"footnotes":""},"categories":[83862,14252,33574],"tags":[83881,83926,84455,84453,84223,84452,84456,83878,83880,83879,84457,83901,83890,83882,84458,84454],"class_list":["post-9817","post","type-post","status-publish","format-standard","has-post-thumbnail","hentry","category-apostoliska-faderna","category-bibel","category-kyrkan","tag-apostoliska-faderna","tag-bibeln","tag-brev","tag-citat","tag-de-apostoliska-faderna","tag-diognetos","tag-fralsningen","tag-jesus","tag-kristen","tag-kristen-tro","tag-kunskap","tag-kyrka","tag-kyrkan","tag-kyrkofader","tag-ordet","tag-uppenbarelsen"],"acf":[],"yoast_head":"<!-- This site is optimized with the Yoast SEO plugin v27.1.1 - https:\/\/yoast.com\/product\/yoast-seo-wordpress\/ -->\n<title>Brevet till Diognetos 3-Guds stora k\u00e4rlek - Vandra V\u00e4gen<\/title>\n<meta name=\"description\" content=\"Tomas Jarvid avslutar serien om de apostoliska f\u00e4derna och om brevet till diognetos med citat om Guds k\u00e4rlek, fr\u00e4lsningen, kunskap och makt.\" \/>\n<meta name=\"robots\" content=\"index, follow, max-snippet:-1, max-image-preview:large, max-video-preview:-1\" \/>\n<link rel=\"canonical\" href=\"https:\/\/blogg.svenskakyrkan.se\/vandravagen\/2024\/04\/24\/brevet-till-diognetos-3-guds-stora-karlek\/\" \/>\n<meta property=\"og:locale\" content=\"sv_SE\" \/>\n<meta property=\"og:type\" content=\"article\" \/>\n<meta property=\"og:title\" content=\"Brevet till Diognetos 3-Guds stora k\u00e4rlek - Vandra V\u00e4gen\" \/>\n<meta property=\"og:description\" content=\"Tomas Jarvid avslutar serien om de apostoliska f\u00e4derna och om brevet till diognetos med citat om Guds k\u00e4rlek, fr\u00e4lsningen, kunskap och makt.\" \/>\n<meta property=\"og:url\" content=\"https:\/\/blogg.svenskakyrkan.se\/vandravagen\/2024\/04\/24\/brevet-till-diognetos-3-guds-stora-karlek\/\" \/>\n<meta property=\"og:site_name\" content=\"Vandra V\u00e4gen\" \/>\n<meta property=\"article:publisher\" content=\"http:\/\/facebook.com\/vandravagen\" \/>\n<meta property=\"article:published_time\" content=\"2024-04-24T11:50:21+00:00\" \/>\n<meta property=\"article:modified_time\" content=\"2024-04-24T11:50:22+00:00\" \/>\n<meta property=\"og:image\" content=\"http:\/\/blogg.svenskakyrkan.se\/vandravagen\/files\/2024\/04\/helgon.jpg\" \/>\n\t<meta property=\"og:image:width\" content=\"1070\" \/>\n\t<meta property=\"og:image:height\" content=\"1334\" \/>\n\t<meta property=\"og:image:type\" content=\"image\/jpeg\" \/>\n<meta name=\"author\" content=\"Tomas Jarvid\" \/>\n<meta name=\"twitter:card\" content=\"summary_large_image\" \/>\n<meta name=\"twitter:creator\" content=\"@fadertomas\" \/>\n<meta name=\"twitter:site\" content=\"@fadertomas\" \/>\n<meta name=\"twitter:label1\" content=\"Skriven av\" \/>\n\t<meta name=\"twitter:data1\" content=\"Tomas Jarvid\" \/>\n\t<meta name=\"twitter:label2\" content=\"Ber\u00e4knad l\u00e4stid\" \/>\n\t<meta name=\"twitter:data2\" content=\"4 minuter\" \/>\n<script type=\"application\/ld+json\" class=\"yoast-schema-graph\">{\"@context\":\"https:\/\/schema.org\",\"@graph\":[{\"@type\":\"Article\",\"@id\":\"https:\/\/blogg.svenskakyrkan.se\/vandravagen\/2024\/04\/24\/brevet-till-diognetos-3-guds-stora-karlek\/#article\",\"isPartOf\":{\"@id\":\"https:\/\/blogg.svenskakyrkan.se\/vandravagen\/2024\/04\/24\/brevet-till-diognetos-3-guds-stora-karlek\/\"},\"author\":{\"name\":\"Tomas Jarvid\",\"@id\":\"https:\/\/blogg.svenskakyrkan.se\/vandravagen\/#\/schema\/person\/25da02d4f76b137d04291711e2c9fc16\"},\"headline\":\"Brevet till Diognetos 3-Guds stora k\u00e4rlek\",\"datePublished\":\"2024-04-24T11:50:21+00:00\",\"dateModified\":\"2024-04-24T11:50:22+00:00\",\"mainEntityOfPage\":{\"@id\":\"https:\/\/blogg.svenskakyrkan.se\/vandravagen\/2024\/04\/24\/brevet-till-diognetos-3-guds-stora-karlek\/\"},\"wordCount\":1387,\"commentCount\":2,\"publisher\":{\"@id\":\"https:\/\/blogg.svenskakyrkan.se\/vandravagen\/#organization\"},\"image\":{\"@id\":\"https:\/\/blogg.svenskakyrkan.se\/vandravagen\/2024\/04\/24\/brevet-till-diognetos-3-guds-stora-karlek\/#primaryimage\"},\"thumbnailUrl\":\"https:\/\/blogg.svenskakyrkan.se\/vandravagen\/files\/2024\/04\/helgon.jpg\",\"keywords\":[\"apostoliska f\u00e4derna\",\"bibeln\",\"brev\",\"citat\",\"de apostoliska f\u00e4derna\",\"diognetos\",\"fr\u00e4lsningen\",\"Jesus\",\"kristen\",\"kristen tro\",\"kunskap\",\"kyrka\",\"kyrkan\",\"kyrkof\u00e4der\",\"ordet\",\"uppenbarelsen\"],\"articleSection\":[\"apostoliska f\u00e4derna\",\"bibel\",\"kyrkan\"],\"inLanguage\":\"sv-SE\",\"potentialAction\":[{\"@type\":\"CommentAction\",\"name\":\"Comment\",\"target\":[\"https:\/\/blogg.svenskakyrkan.se\/vandravagen\/2024\/04\/24\/brevet-till-diognetos-3-guds-stora-karlek\/#respond\"]}]},{\"@type\":\"WebPage\",\"@id\":\"https:\/\/blogg.svenskakyrkan.se\/vandravagen\/2024\/04\/24\/brevet-till-diognetos-3-guds-stora-karlek\/\",\"url\":\"https:\/\/blogg.svenskakyrkan.se\/vandravagen\/2024\/04\/24\/brevet-till-diognetos-3-guds-stora-karlek\/\",\"name\":\"Brevet till Diognetos 3-Guds stora k\u00e4rlek - Vandra V\u00e4gen\",\"isPartOf\":{\"@id\":\"https:\/\/blogg.svenskakyrkan.se\/vandravagen\/#website\"},\"primaryImageOfPage\":{\"@id\":\"https:\/\/blogg.svenskakyrkan.se\/vandravagen\/2024\/04\/24\/brevet-till-diognetos-3-guds-stora-karlek\/#primaryimage\"},\"image\":{\"@id\":\"https:\/\/blogg.svenskakyrkan.se\/vandravagen\/2024\/04\/24\/brevet-till-diognetos-3-guds-stora-karlek\/#primaryimage\"},\"thumbnailUrl\":\"https:\/\/blogg.svenskakyrkan.se\/vandravagen\/files\/2024\/04\/helgon.jpg\",\"datePublished\":\"2024-04-24T11:50:21+00:00\",\"dateModified\":\"2024-04-24T11:50:22+00:00\",\"description\":\"Tomas Jarvid avslutar serien om de apostoliska f\u00e4derna och om brevet till diognetos med citat om Guds k\u00e4rlek, fr\u00e4lsningen, kunskap och makt.\",\"breadcrumb\":{\"@id\":\"https:\/\/blogg.svenskakyrkan.se\/vandravagen\/2024\/04\/24\/brevet-till-diognetos-3-guds-stora-karlek\/#breadcrumb\"},\"inLanguage\":\"sv-SE\",\"potentialAction\":[{\"@type\":\"ReadAction\",\"target\":[\"https:\/\/blogg.svenskakyrkan.se\/vandravagen\/2024\/04\/24\/brevet-till-diognetos-3-guds-stora-karlek\/\"]}]},{\"@type\":\"ImageObject\",\"inLanguage\":\"sv-SE\",\"@id\":\"https:\/\/blogg.svenskakyrkan.se\/vandravagen\/2024\/04\/24\/brevet-till-diognetos-3-guds-stora-karlek\/#primaryimage\",\"url\":\"https:\/\/blogg.svenskakyrkan.se\/vandravagen\/files\/2024\/04\/helgon.jpg\",\"contentUrl\":\"https:\/\/blogg.svenskakyrkan.se\/vandravagen\/files\/2024\/04\/helgon.jpg\",\"width\":1070,\"height\":1334,\"caption\":\"Kristus omgiven av m\u00e5nga helgon\"},{\"@type\":\"BreadcrumbList\",\"@id\":\"https:\/\/blogg.svenskakyrkan.se\/vandravagen\/2024\/04\/24\/brevet-till-diognetos-3-guds-stora-karlek\/#breadcrumb\",\"itemListElement\":[{\"@type\":\"ListItem\",\"position\":1,\"name\":\"Hem\",\"item\":\"https:\/\/blogg.svenskakyrkan.se\/vandravagen\/\"},{\"@type\":\"ListItem\",\"position\":2,\"name\":\"apostoliska f\u00e4derna\",\"item\":\"https:\/\/blogg.svenskakyrkan.se\/vandravagen\/tag\/apostoliska-faderna\/\"},{\"@type\":\"ListItem\",\"position\":3,\"name\":\"Brevet till Diognetos 3-Guds stora k\u00e4rlek\"}]},{\"@type\":\"WebSite\",\"@id\":\"https:\/\/blogg.svenskakyrkan.se\/vandravagen\/#website\",\"url\":\"https:\/\/blogg.svenskakyrkan.se\/vandravagen\/\",\"name\":\"Vandra V\u00e4gen\",\"description\":\"-Mot en tro f\u00f6r hela livet\",\"publisher\":{\"@id\":\"https:\/\/blogg.svenskakyrkan.se\/vandravagen\/#organization\"},\"potentialAction\":[{\"@type\":\"SearchAction\",\"target\":{\"@type\":\"EntryPoint\",\"urlTemplate\":\"https:\/\/blogg.svenskakyrkan.se\/vandravagen\/?s={search_term_string}\"},\"query-input\":{\"@type\":\"PropertyValueSpecification\",\"valueRequired\":true,\"valueName\":\"search_term_string\"}}],\"inLanguage\":\"sv-SE\"},{\"@type\":\"Organization\",\"@id\":\"https:\/\/blogg.svenskakyrkan.se\/vandravagen\/#organization\",\"name\":\"ulricehamns pastorat\",\"alternateName\":\"ulricehamns pastorat\",\"url\":\"https:\/\/blogg.svenskakyrkan.se\/vandravagen\/\",\"logo\":{\"@type\":\"ImageObject\",\"inLanguage\":\"sv-SE\",\"@id\":\"https:\/\/blogg.svenskakyrkan.se\/vandravagen\/#\/schema\/logo\/image\/\",\"url\":\"https:\/\/blogg.svenskakyrkan.se\/vandravagen\/files\/2023\/05\/Ulr_logo_RGB.png\",\"contentUrl\":\"https:\/\/blogg.svenskakyrkan.se\/vandravagen\/files\/2023\/05\/Ulr_logo_RGB.png\",\"width\":205,\"height\":77,\"caption\":\"ulricehamns pastorat\"},\"image\":{\"@id\":\"https:\/\/blogg.svenskakyrkan.se\/vandravagen\/#\/schema\/logo\/image\/\"},\"sameAs\":[\"http:\/\/facebook.com\/vandravagen\",\"https:\/\/x.com\/fadertomas\",\"http:\/\/www.facebook.com\/svenskakyrkaniulricehamn\"]},{\"@type\":\"Person\",\"@id\":\"https:\/\/blogg.svenskakyrkan.se\/vandravagen\/#\/schema\/person\/25da02d4f76b137d04291711e2c9fc16\",\"name\":\"Tomas Jarvid\",\"image\":{\"@type\":\"ImageObject\",\"inLanguage\":\"sv-SE\",\"@id\":\"https:\/\/blogg.svenskakyrkan.se\/vandravagen\/#\/schema\/person\/image\/\",\"url\":\"https:\/\/secure.gravatar.com\/avatar\/7fa71899795e8f540f615a1f5ab25255dc27aa40f05ee7ddd21aac521e01bf50?s=96&d=identicon&r=g\",\"contentUrl\":\"https:\/\/secure.gravatar.com\/avatar\/7fa71899795e8f540f615a1f5ab25255dc27aa40f05ee7ddd21aac521e01bf50?s=96&d=identicon&r=g\",\"caption\":\"Tomas Jarvid\"},\"description\":\"Jag bor i Ulricehamn i V\u00e4sterg\u00f6tland och \u00e4r f\u00f6rsamlingspr\u00e4st i Svenska Kyrkan f\u00f6r Dalstorps f\u00f6rsamling i Kinds pastorat. P\u00e5 den h\u00e4r bloggen skriver jag ner tankar om vandringen som kristen.\",\"sameAs\":[\"http:\/\/www.vandravagen.se\"],\"url\":\"https:\/\/blogg.svenskakyrkan.se\/vandravagen\/author\/vandravagen\/\"}]}<\/script>\n<!-- \/ Yoast SEO plugin. -->","yoast_head_json":{"title":"Brevet till Diognetos 3-Guds stora k\u00e4rlek - Vandra V\u00e4gen","description":"Tomas Jarvid avslutar serien om de apostoliska f\u00e4derna och om brevet till diognetos med citat om Guds k\u00e4rlek, fr\u00e4lsningen, kunskap och makt.","robots":{"index":"index","follow":"follow","max-snippet":"max-snippet:-1","max-image-preview":"max-image-preview:large","max-video-preview":"max-video-preview:-1"},"canonical":"https:\/\/blogg.svenskakyrkan.se\/vandravagen\/2024\/04\/24\/brevet-till-diognetos-3-guds-stora-karlek\/","og_locale":"sv_SE","og_type":"article","og_title":"Brevet till Diognetos 3-Guds stora k\u00e4rlek - Vandra V\u00e4gen","og_description":"Tomas Jarvid avslutar serien om de apostoliska f\u00e4derna och om brevet till diognetos med citat om Guds k\u00e4rlek, fr\u00e4lsningen, kunskap och makt.","og_url":"https:\/\/blogg.svenskakyrkan.se\/vandravagen\/2024\/04\/24\/brevet-till-diognetos-3-guds-stora-karlek\/","og_site_name":"Vandra V\u00e4gen","article_publisher":"http:\/\/facebook.com\/vandravagen","article_published_time":"2024-04-24T11:50:21+00:00","article_modified_time":"2024-04-24T11:50:22+00:00","og_image":[{"width":1070,"height":1334,"url":"http:\/\/blogg.svenskakyrkan.se\/vandravagen\/files\/2024\/04\/helgon.jpg","type":"image\/jpeg"}],"author":"Tomas Jarvid","twitter_card":"summary_large_image","twitter_creator":"@fadertomas","twitter_site":"@fadertomas","twitter_misc":{"Skriven av":"Tomas Jarvid","Ber\u00e4knad l\u00e4stid":"4 minuter"},"schema":{"@context":"https:\/\/schema.org","@graph":[{"@type":"Article","@id":"https:\/\/blogg.svenskakyrkan.se\/vandravagen\/2024\/04\/24\/brevet-till-diognetos-3-guds-stora-karlek\/#article","isPartOf":{"@id":"https:\/\/blogg.svenskakyrkan.se\/vandravagen\/2024\/04\/24\/brevet-till-diognetos-3-guds-stora-karlek\/"},"author":{"name":"Tomas Jarvid","@id":"https:\/\/blogg.svenskakyrkan.se\/vandravagen\/#\/schema\/person\/25da02d4f76b137d04291711e2c9fc16"},"headline":"Brevet till Diognetos 3-Guds stora k\u00e4rlek","datePublished":"2024-04-24T11:50:21+00:00","dateModified":"2024-04-24T11:50:22+00:00","mainEntityOfPage":{"@id":"https:\/\/blogg.svenskakyrkan.se\/vandravagen\/2024\/04\/24\/brevet-till-diognetos-3-guds-stora-karlek\/"},"wordCount":1387,"commentCount":2,"publisher":{"@id":"https:\/\/blogg.svenskakyrkan.se\/vandravagen\/#organization"},"image":{"@id":"https:\/\/blogg.svenskakyrkan.se\/vandravagen\/2024\/04\/24\/brevet-till-diognetos-3-guds-stora-karlek\/#primaryimage"},"thumbnailUrl":"https:\/\/blogg.svenskakyrkan.se\/vandravagen\/files\/2024\/04\/helgon.jpg","keywords":["apostoliska f\u00e4derna","bibeln","brev","citat","de apostoliska f\u00e4derna","diognetos","fr\u00e4lsningen","Jesus","kristen","kristen tro","kunskap","kyrka","kyrkan","kyrkof\u00e4der","ordet","uppenbarelsen"],"articleSection":["apostoliska f\u00e4derna","bibel","kyrkan"],"inLanguage":"sv-SE","potentialAction":[{"@type":"CommentAction","name":"Comment","target":["https:\/\/blogg.svenskakyrkan.se\/vandravagen\/2024\/04\/24\/brevet-till-diognetos-3-guds-stora-karlek\/#respond"]}]},{"@type":"WebPage","@id":"https:\/\/blogg.svenskakyrkan.se\/vandravagen\/2024\/04\/24\/brevet-till-diognetos-3-guds-stora-karlek\/","url":"https:\/\/blogg.svenskakyrkan.se\/vandravagen\/2024\/04\/24\/brevet-till-diognetos-3-guds-stora-karlek\/","name":"Brevet till Diognetos 3-Guds stora k\u00e4rlek - Vandra V\u00e4gen","isPartOf":{"@id":"https:\/\/blogg.svenskakyrkan.se\/vandravagen\/#website"},"primaryImageOfPage":{"@id":"https:\/\/blogg.svenskakyrkan.se\/vandravagen\/2024\/04\/24\/brevet-till-diognetos-3-guds-stora-karlek\/#primaryimage"},"image":{"@id":"https:\/\/blogg.svenskakyrkan.se\/vandravagen\/2024\/04\/24\/brevet-till-diognetos-3-guds-stora-karlek\/#primaryimage"},"thumbnailUrl":"https:\/\/blogg.svenskakyrkan.se\/vandravagen\/files\/2024\/04\/helgon.jpg","datePublished":"2024-04-24T11:50:21+00:00","dateModified":"2024-04-24T11:50:22+00:00","description":"Tomas Jarvid avslutar serien om de apostoliska f\u00e4derna och om brevet till diognetos med citat om Guds k\u00e4rlek, fr\u00e4lsningen, kunskap och makt.","breadcrumb":{"@id":"https:\/\/blogg.svenskakyrkan.se\/vandravagen\/2024\/04\/24\/brevet-till-diognetos-3-guds-stora-karlek\/#breadcrumb"},"inLanguage":"sv-SE","potentialAction":[{"@type":"ReadAction","target":["https:\/\/blogg.svenskakyrkan.se\/vandravagen\/2024\/04\/24\/brevet-till-diognetos-3-guds-stora-karlek\/"]}]},{"@type":"ImageObject","inLanguage":"sv-SE","@id":"https:\/\/blogg.svenskakyrkan.se\/vandravagen\/2024\/04\/24\/brevet-till-diognetos-3-guds-stora-karlek\/#primaryimage","url":"https:\/\/blogg.svenskakyrkan.se\/vandravagen\/files\/2024\/04\/helgon.jpg","contentUrl":"https:\/\/blogg.svenskakyrkan.se\/vandravagen\/files\/2024\/04\/helgon.jpg","width":1070,"height":1334,"caption":"Kristus omgiven av m\u00e5nga helgon"},{"@type":"BreadcrumbList","@id":"https:\/\/blogg.svenskakyrkan.se\/vandravagen\/2024\/04\/24\/brevet-till-diognetos-3-guds-stora-karlek\/#breadcrumb","itemListElement":[{"@type":"ListItem","position":1,"name":"Hem","item":"https:\/\/blogg.svenskakyrkan.se\/vandravagen\/"},{"@type":"ListItem","position":2,"name":"apostoliska f\u00e4derna","item":"https:\/\/blogg.svenskakyrkan.se\/vandravagen\/tag\/apostoliska-faderna\/"},{"@type":"ListItem","position":3,"name":"Brevet till Diognetos 3-Guds stora k\u00e4rlek"}]},{"@type":"WebSite","@id":"https:\/\/blogg.svenskakyrkan.se\/vandravagen\/#website","url":"https:\/\/blogg.svenskakyrkan.se\/vandravagen\/","name":"Vandra V\u00e4gen","description":"-Mot en tro f\u00f6r hela livet","publisher":{"@id":"https:\/\/blogg.svenskakyrkan.se\/vandravagen\/#organization"},"potentialAction":[{"@type":"SearchAction","target":{"@type":"EntryPoint","urlTemplate":"https:\/\/blogg.svenskakyrkan.se\/vandravagen\/?s={search_term_string}"},"query-input":{"@type":"PropertyValueSpecification","valueRequired":true,"valueName":"search_term_string"}}],"inLanguage":"sv-SE"},{"@type":"Organization","@id":"https:\/\/blogg.svenskakyrkan.se\/vandravagen\/#organization","name":"ulricehamns pastorat","alternateName":"ulricehamns pastorat","url":"https:\/\/blogg.svenskakyrkan.se\/vandravagen\/","logo":{"@type":"ImageObject","inLanguage":"sv-SE","@id":"https:\/\/blogg.svenskakyrkan.se\/vandravagen\/#\/schema\/logo\/image\/","url":"https:\/\/blogg.svenskakyrkan.se\/vandravagen\/files\/2023\/05\/Ulr_logo_RGB.png","contentUrl":"https:\/\/blogg.svenskakyrkan.se\/vandravagen\/files\/2023\/05\/Ulr_logo_RGB.png","width":205,"height":77,"caption":"ulricehamns pastorat"},"image":{"@id":"https:\/\/blogg.svenskakyrkan.se\/vandravagen\/#\/schema\/logo\/image\/"},"sameAs":["http:\/\/facebook.com\/vandravagen","https:\/\/x.com\/fadertomas","http:\/\/www.facebook.com\/svenskakyrkaniulricehamn"]},{"@type":"Person","@id":"https:\/\/blogg.svenskakyrkan.se\/vandravagen\/#\/schema\/person\/25da02d4f76b137d04291711e2c9fc16","name":"Tomas Jarvid","image":{"@type":"ImageObject","inLanguage":"sv-SE","@id":"https:\/\/blogg.svenskakyrkan.se\/vandravagen\/#\/schema\/person\/image\/","url":"https:\/\/secure.gravatar.com\/avatar\/7fa71899795e8f540f615a1f5ab25255dc27aa40f05ee7ddd21aac521e01bf50?s=96&d=identicon&r=g","contentUrl":"https:\/\/secure.gravatar.com\/avatar\/7fa71899795e8f540f615a1f5ab25255dc27aa40f05ee7ddd21aac521e01bf50?s=96&d=identicon&r=g","caption":"Tomas Jarvid"},"description":"Jag bor i Ulricehamn i V\u00e4sterg\u00f6tland och \u00e4r f\u00f6rsamlingspr\u00e4st i Svenska Kyrkan f\u00f6r Dalstorps f\u00f6rsamling i Kinds pastorat. P\u00e5 den h\u00e4r bloggen skriver jag ner tankar om vandringen som kristen.","sameAs":["http:\/\/www.vandravagen.se"],"url":"https:\/\/blogg.svenskakyrkan.se\/vandravagen\/author\/vandravagen\/"}]}},"author_meta":{"ID":"392","user_nicename":"vandravagen","user_url":"http:\/\/www.vandravagen.se","user_registered":"2014-05-19 05:44:52","display_name":"Tomas Jarvid","first_name":"Tomas","last_name":"Jarvid","avatar":"https:\/\/secure.gravatar.com\/avatar\/7fa71899795e8f540f615a1f5ab25255dc27aa40f05ee7ddd21aac521e01bf50?s=96&d=identicon&r=g"},"featured_image":["https:\/\/blogg.svenskakyrkan.se\/vandravagen\/files\/2024\/04\/helgon-1024x1277.jpg",1024,1277,true],"bloginfo":{"name":"Vandra V\u00e4gen","url":"https:\/\/blogg.svenskakyrkan.se\/vandravagen"},"_links":{"self":[{"href":"https:\/\/blogg.svenskakyrkan.se\/vandravagen\/wp-json\/wp\/v2\/posts\/9817","targetHints":{"allow":["GET"]}}],"collection":[{"href":"https:\/\/blogg.svenskakyrkan.se\/vandravagen\/wp-json\/wp\/v2\/posts"}],"about":[{"href":"https:\/\/blogg.svenskakyrkan.se\/vandravagen\/wp-json\/wp\/v2\/types\/post"}],"author":[{"embeddable":true,"href":"https:\/\/blogg.svenskakyrkan.se\/vandravagen\/wp-json\/wp\/v2\/users\/392"}],"replies":[{"embeddable":true,"href":"https:\/\/blogg.svenskakyrkan.se\/vandravagen\/wp-json\/wp\/v2\/comments?post=9817"}],"version-history":[{"count":2,"href":"https:\/\/blogg.svenskakyrkan.se\/vandravagen\/wp-json\/wp\/v2\/posts\/9817\/revisions"}],"predecessor-version":[{"id":9854,"href":"https:\/\/blogg.svenskakyrkan.se\/vandravagen\/wp-json\/wp\/v2\/posts\/9817\/revisions\/9854"}],"wp:featuredmedia":[{"embeddable":true,"href":"https:\/\/blogg.svenskakyrkan.se\/vandravagen\/wp-json\/wp\/v2\/media\/9853"}],"wp:attachment":[{"href":"https:\/\/blogg.svenskakyrkan.se\/vandravagen\/wp-json\/wp\/v2\/media?parent=9817"}],"wp:term":[{"taxonomy":"category","embeddable":true,"href":"https:\/\/blogg.svenskakyrkan.se\/vandravagen\/wp-json\/wp\/v2\/categories?post=9817"},{"taxonomy":"post_tag","embeddable":true,"href":"https:\/\/blogg.svenskakyrkan.se\/vandravagen\/wp-json\/wp\/v2\/tags?post=9817"}],"curies":[{"name":"wp","href":"https:\/\/api.w.org\/{rel}","templated":true}]}}