{"id":9862,"date":"2024-04-28T07:00:00","date_gmt":"2024-04-28T05:00:00","guid":{"rendered":"https:\/\/blogg.svenskakyrkan.se\/vandravagen\/?p=9862"},"modified":"2024-04-27T23:33:00","modified_gmt":"2024-04-27T21:33:00","slug":"9-blandade-tankar-pa-sondagen-160","status":"publish","type":"post","link":"https:\/\/blogg.svenskakyrkan.se\/vandravagen\/2024\/04\/28\/9-blandade-tankar-pa-sondagen-160\/","title":{"rendered":"9 blandade tankar p\u00e5 s\u00f6ndagen"},"content":{"rendered":"\n<p>Ny s\u00f6ndag, nya blandade tankar!<\/p>\n\n\n\n<figure class=\"wp-block-image size-large\"><img loading=\"lazy\" decoding=\"async\" width=\"1024\" height=\"1365\" src=\"https:\/\/blogg.svenskakyrkan.se\/vandravagen\/files\/2024\/04\/brygga-1024x1365.jpeg\" alt=\"\" class=\"wp-image-9863\" srcset=\"https:\/\/blogg.svenskakyrkan.se\/vandravagen\/files\/2024\/04\/brygga-1024x1365.jpeg 1024w, https:\/\/blogg.svenskakyrkan.se\/vandravagen\/files\/2024\/04\/brygga-300x400.jpeg 300w, https:\/\/blogg.svenskakyrkan.se\/vandravagen\/files\/2024\/04\/brygga-768x1024.jpeg 768w, https:\/\/blogg.svenskakyrkan.se\/vandravagen\/files\/2024\/04\/brygga-1152x1536.jpeg 1152w, https:\/\/blogg.svenskakyrkan.se\/vandravagen\/files\/2024\/04\/brygga-1536x2048.jpeg 1536w, https:\/\/blogg.svenskakyrkan.se\/vandravagen\/files\/2024\/04\/brygga-1200x1600.jpeg 1200w, https:\/\/blogg.svenskakyrkan.se\/vandravagen\/files\/2024\/04\/brygga-scaled.jpeg 1920w\" sizes=\"auto, (max-width: 1024px) 100vw, 1024px\" \/><\/figure>\n\n\n\n<ol class=\"wp-block-list\">\n<li>Glad s\u00f6ndag k\u00e4ra l\u00e4sare!<\/li>\n<\/ol>\n\n\n\n<p>2. Idag \u00e4r det femte p\u00e5sks\u00f6ndagen med \u00f6verskriften &#8221;att v\u00e4xa i tro&#8221;. Jag tj\u00e4nstg\u00f6r inte men n\u00e5gra av mina barn ska medverka med s\u00e5ng och musik i h\u00f6gm\u00e4ssan h\u00e4r. Andra delar av barnaskaran \u00e4r lite krassliga s\u00e5 vi f\u00e5r se hur m\u00e5nga av oss andra som kan ta sig till kyrkan.<\/p>\n\n\n\n<p>3. N\u00e4sta helg blir det desto mer att g\u00f6ra i tj\u00e4nsten med en hel dr\u00f6s konfirmationer p\u00e5 l\u00f6rdagen och h\u00f6gm\u00e4ssa p\u00e5 s\u00f6ndagen. M\u00e5 Guds goda Ande leda dem p\u00e5 alla deras v\u00e4gar.<\/p>\n\n\n\n<p>4. V\u00e5rtecknen st\u00e5r som sp\u00f6n i backen. Denna bild fr\u00e5n dammen i n\u00e4rheten d\u00e4r det brukar finnas grodor.<\/p>\n\n\n\n<p>5. Jag fick en tio\u00e5rsdagbok n\u00e4r jag fyllde \u00e5r. Hittills har jag skrivit i den en g\u00e5ng s\u00e5 det h\u00e4r k\u00e4nns ju stabilt.<\/p>\n\n\n\n<p>6. Ig\u00e5r fick jag g\u00e5 p\u00e5 kalas och tr\u00e4ffa gamla v\u00e4nner. Det \u00e4r r\u00e4tt ovanligt att s\u00e5nt h\u00e4nder s\u00e5 det var v\u00e4ldigt roligt.<\/p>\n\n\n\n<p>7. Ett stort problem just nu \u00e4r annars att l\u00e5set till batteriet p\u00e5 min elcykel \u00e4r trasigt. Hoppas det g\u00e5r att fixa p\u00e5 n\u00e5got s\u00e4tt f\u00f6r det k\u00e4nns v\u00e4ldigt tr\u00e5kigt n\u00e4r cykeln blir st\u00e5ende. Jag f\u00e5r ju l\u00e5na min frus f\u00f6rst\u00e5s men den \u00e4r s\u00e5 liten.<\/p>\n\n\n\n<p>8. Dagens rubrik \u00e4r allts\u00e5 att v\u00e4xa i tro. Man kan fundera mycket p\u00e5 vad det betyder. Att mogna kanske, eller att ha l\u00e4ttare att lita p\u00e5 Gud. Det handlar nog inte om att vara stark som vi brukar t\u00e4nka oss det.<\/p>\n\n\n\n<p>9. Hur har du det idag? Skriv en rad och ber\u00e4tta!<\/p>\n\n\n<div id=\"latest-posts-block_8587f8ddccfbcc23167120d109b0281e\"  class=\"b-latest-posts alignfull\">\n    \n    \n    <div class=\"wp-block-query alignfull is-layout-flow wp-block-query-is-layout-flow\">\n        <h2>Senaste inl\u00e4gg<\/h2>\n        <ul class=\"is-flex-container columns-3 alignfull latest-posts__content wp-block-post-template is-layout-flow wp-block-post-template-is-layout-flow\"><li class=\"wp-block-post post-10796 post type-post status-publish format-standard has-post-thumbnail hentry category-blandat\">\n            \n            <div class=\"wp-block-group post__content is-layout-flow wp-block-group-is-layout-flow\">\n                <figure style=\"margin-bottom:var(--wp--preset--spacing--50);\" class=\"wp-block-post-featured-image\"><a href=\"https:\/\/blogg.svenskakyrkan.se\/vandravagen\/2026\/04\/20\/11-blandade-tankar-pa-fodelsedagen\/\" target=\"_self\"  ><img loading=\"lazy\" decoding=\"async\" width=\"983\" height=\"821\" src=\"https:\/\/blogg.svenskakyrkan.se\/vandravagen\/files\/2026\/04\/armborst.jpg\" class=\"attachment-post-thumbnail size-post-thumbnail wp-post-image\" alt=\"11 blandade tankar p\u00e5 f\u00f6delsedagen\" style=\"object-fit:cover;\" srcset=\"https:\/\/blogg.svenskakyrkan.se\/vandravagen\/files\/2026\/04\/armborst.jpg 983w, https:\/\/blogg.svenskakyrkan.se\/vandravagen\/files\/2026\/04\/armborst-300x251.jpg 300w, https:\/\/blogg.svenskakyrkan.se\/vandravagen\/files\/2026\/04\/armborst-768x641.jpg 768w\" sizes=\"auto, (max-width: 983px) 100vw, 983px\" \/><\/a><\/figure>\n                <h2 class=\"wp-block-post-title has-h-3-font-size\"><a href=\"https:\/\/blogg.svenskakyrkan.se\/vandravagen\/2026\/04\/20\/11-blandade-tankar-pa-fodelsedagen\/\" target=\"_self\" >11 blandade tankar p\u00e5 f\u00f6delsedagen<\/a><\/h2>\n                <div class=\"wp-block-post-date\"><time datetime=\"2026-04-20T21:48:56+02:00\">20 april, 2026<\/time><\/div>\n                <div class=\"wp-block-post-excerpt\"><p class=\"wp-block-post-excerpt__excerpt\">Ny f\u00f6delsedag, nya blandade tankar!<\/p><\/div>\n            <\/div>\n            \n        <\/li><li class=\"wp-block-post post-10792 post type-post status-publish format-standard has-post-thumbnail hentry category-blandat\">\n            \n            <div class=\"wp-block-group post__content is-layout-flow wp-block-group-is-layout-flow\">\n                <figure style=\"margin-bottom:var(--wp--preset--spacing--50);\" class=\"wp-block-post-featured-image\"><a href=\"https:\/\/blogg.svenskakyrkan.se\/vandravagen\/2026\/04\/12\/9-blandade-tankar-pa-andra-pasksondagen\/\" target=\"_self\"  ><img loading=\"lazy\" decoding=\"async\" width=\"1920\" height=\"2560\" src=\"https:\/\/blogg.svenskakyrkan.se\/vandravagen\/files\/2026\/04\/IMG_8832-scaled.jpg\" class=\"attachment-post-thumbnail size-post-thumbnail wp-post-image\" alt=\"9 blandade tankar p\u00e5 andra p\u00e5sks\u00f6ndagen\" style=\"object-fit:cover;\" srcset=\"https:\/\/blogg.svenskakyrkan.se\/vandravagen\/files\/2026\/04\/IMG_8832-scaled.jpg 1920w, https:\/\/blogg.svenskakyrkan.se\/vandravagen\/files\/2026\/04\/IMG_8832-300x400.jpg 300w, https:\/\/blogg.svenskakyrkan.se\/vandravagen\/files\/2026\/04\/IMG_8832-1024x1365.jpg 1024w, https:\/\/blogg.svenskakyrkan.se\/vandravagen\/files\/2026\/04\/IMG_8832-768x1024.jpg 768w, https:\/\/blogg.svenskakyrkan.se\/vandravagen\/files\/2026\/04\/IMG_8832-1152x1536.jpg 1152w, https:\/\/blogg.svenskakyrkan.se\/vandravagen\/files\/2026\/04\/IMG_8832-1536x2048.jpg 1536w, https:\/\/blogg.svenskakyrkan.se\/vandravagen\/files\/2026\/04\/IMG_8832-1200x1600.jpg 1200w\" sizes=\"auto, (max-width: 1920px) 100vw, 1920px\" \/><\/a><\/figure>\n                <h2 class=\"wp-block-post-title has-h-3-font-size\"><a href=\"https:\/\/blogg.svenskakyrkan.se\/vandravagen\/2026\/04\/12\/9-blandade-tankar-pa-andra-pasksondagen\/\" target=\"_self\" >9 blandade tankar p\u00e5 andra p\u00e5sks\u00f6ndagen<\/a><\/h2>\n                <div class=\"wp-block-post-date\"><time datetime=\"2026-04-12T23:18:21+02:00\">12 april, 2026<\/time><\/div>\n                <div class=\"wp-block-post-excerpt\"><p class=\"wp-block-post-excerpt__excerpt\">Ny s\u00f6ndag, nya blandade tankar!<\/p><\/div>\n            <\/div>\n            \n        <\/li><li class=\"wp-block-post post-10783 post type-post status-publish format-standard has-post-thumbnail hentry category-kyrkoaret category-pask category-predikan tag-anglar tag-bibeln tag-evangelium tag-graven tag-jesus tag-kristen tag-kristen-tro tag-kvinnor tag-kyrka tag-kyrkan tag-ljus tag-lukas tag-omojligt tag-pask tag-predikan tag-uppstandelse\">\n            \n            <div class=\"wp-block-group post__content is-layout-flow wp-block-group-is-layout-flow\">\n                <figure style=\"margin-bottom:var(--wp--preset--spacing--50);\" class=\"wp-block-post-featured-image\"><a href=\"https:\/\/blogg.svenskakyrkan.se\/vandravagen\/2026\/04\/06\/vi-ar-kvinnorna-vid-graven\/\" target=\"_self\"  ><img loading=\"lazy\" decoding=\"async\" width=\"593\" height=\"776\" src=\"https:\/\/blogg.svenskakyrkan.se\/vandravagen\/files\/2026\/04\/dodens-gap.jpg\" class=\"attachment-post-thumbnail size-post-thumbnail wp-post-image\" alt=\"Vi \u00e4r kvinnorna vid graven\" style=\"object-fit:cover;\" srcset=\"https:\/\/blogg.svenskakyrkan.se\/vandravagen\/files\/2026\/04\/dodens-gap.jpg 593w, https:\/\/blogg.svenskakyrkan.se\/vandravagen\/files\/2026\/04\/dodens-gap-300x393.jpg 300w\" sizes=\"auto, (max-width: 593px) 100vw, 593px\" \/><\/a><\/figure>\n                <h2 class=\"wp-block-post-title has-h-3-font-size\"><a href=\"https:\/\/blogg.svenskakyrkan.se\/vandravagen\/2026\/04\/06\/vi-ar-kvinnorna-vid-graven\/\" target=\"_self\" >Vi \u00e4r kvinnorna vid graven<\/a><\/h2>\n                <div class=\"wp-block-post-date\"><time datetime=\"2026-04-06T18:53:58+02:00\">6 april, 2026<\/time><\/div>\n                <div class=\"wp-block-post-excerpt\"><p class=\"wp-block-post-excerpt__excerpt\">Min predikan fr\u00e5n p\u00e5sknatten i Ulricehamns kyrka<\/p><\/div>\n            <\/div>\n            \n        <\/li><\/ul>\n        \n    <\/div>\n    <\/div>\n","protected":false},"excerpt":{"rendered":"<p>Ny s\u00f6ndag, nya blandade tankar! 2. Idag \u00e4r det femte p\u00e5sks\u00f6ndagen med \u00f6verskriften &#8221;att v\u00e4xa i tro&#8221;. Jag tj\u00e4nstg\u00f6r inte men n\u00e5gra av mina barn ska medverka med s\u00e5ng och musik i h\u00f6gm\u00e4ssan h\u00e4r. Andra delar av barnaskaran \u00e4r lite krassliga s\u00e5 vi f\u00e5r se hur m\u00e5nga av oss andra som kan ta sig till [&hellip;]<\/p>\n","protected":false},"author":392,"featured_media":9863,"comment_status":"open","ping_status":"open","sticky":false,"template":"","format":"standard","meta":{"_acf_changed":false,"footnotes":""},"categories":[9],"tags":[],"class_list":["post-9862","post","type-post","status-publish","format-standard","has-post-thumbnail","hentry","category-okategoriserade"],"acf":[],"yoast_head":"<!-- This site is optimized with the Yoast SEO plugin v27.1.1 - https:\/\/yoast.com\/product\/yoast-seo-wordpress\/ -->\n<title>9 blandade tankar p\u00e5 s\u00f6ndagen - Vandra V\u00e4gen<\/title>\n<meta name=\"robots\" content=\"index, follow, max-snippet:-1, max-image-preview:large, max-video-preview:-1\" \/>\n<link rel=\"canonical\" href=\"https:\/\/blogg.svenskakyrkan.se\/vandravagen\/2024\/04\/28\/9-blandade-tankar-pa-sondagen-160\/\" \/>\n<meta property=\"og:locale\" content=\"sv_SE\" \/>\n<meta property=\"og:type\" content=\"article\" \/>\n<meta property=\"og:title\" content=\"9 blandade tankar p\u00e5 s\u00f6ndagen - Vandra V\u00e4gen\" \/>\n<meta property=\"og:description\" content=\"Ny s\u00f6ndag, nya blandade tankar! 2. Idag \u00e4r det femte p\u00e5sks\u00f6ndagen med \u00f6verskriften &#8221;att v\u00e4xa i tro&#8221;. Jag tj\u00e4nstg\u00f6r inte men n\u00e5gra av mina barn ska medverka med s\u00e5ng och musik i h\u00f6gm\u00e4ssan h\u00e4r. Andra delar av barnaskaran \u00e4r lite krassliga s\u00e5 vi f\u00e5r se hur m\u00e5nga av oss andra som kan ta sig till [&hellip;]\" \/>\n<meta property=\"og:url\" content=\"https:\/\/blogg.svenskakyrkan.se\/vandravagen\/2024\/04\/28\/9-blandade-tankar-pa-sondagen-160\/\" \/>\n<meta property=\"og:site_name\" content=\"Vandra V\u00e4gen\" \/>\n<meta property=\"article:publisher\" content=\"http:\/\/facebook.com\/vandravagen\" \/>\n<meta property=\"article:published_time\" content=\"2024-04-28T05:00:00+00:00\" \/>\n<meta property=\"og:image\" content=\"https:\/\/blogg.svenskakyrkan.se\/vandravagen\/files\/2024\/04\/brygga-scaled.jpeg\" \/>\n\t<meta property=\"og:image:width\" content=\"1920\" \/>\n\t<meta property=\"og:image:height\" content=\"2560\" \/>\n\t<meta property=\"og:image:type\" content=\"image\/jpeg\" \/>\n<meta name=\"author\" content=\"Tomas Jarvid\" \/>\n<meta name=\"twitter:card\" content=\"summary_large_image\" \/>\n<meta name=\"twitter:creator\" content=\"@fadertomas\" \/>\n<meta name=\"twitter:site\" content=\"@fadertomas\" \/>\n<meta name=\"twitter:label1\" content=\"Skriven av\" \/>\n\t<meta name=\"twitter:data1\" content=\"Tomas Jarvid\" \/>\n\t<meta name=\"twitter:label2\" content=\"Ber\u00e4knad l\u00e4stid\" \/>\n\t<meta name=\"twitter:data2\" content=\"2 minuter\" \/>\n<script type=\"application\/ld+json\" class=\"yoast-schema-graph\">{\"@context\":\"https:\/\/schema.org\",\"@graph\":[{\"@type\":\"Article\",\"@id\":\"https:\/\/blogg.svenskakyrkan.se\/vandravagen\/2024\/04\/28\/9-blandade-tankar-pa-sondagen-160\/#article\",\"isPartOf\":{\"@id\":\"https:\/\/blogg.svenskakyrkan.se\/vandravagen\/2024\/04\/28\/9-blandade-tankar-pa-sondagen-160\/\"},\"author\":{\"name\":\"Tomas Jarvid\",\"@id\":\"https:\/\/blogg.svenskakyrkan.se\/vandravagen\/#\/schema\/person\/25da02d4f76b137d04291711e2c9fc16\"},\"headline\":\"9 blandade tankar p\u00e5 s\u00f6ndagen\",\"datePublished\":\"2024-04-28T05:00:00+00:00\",\"mainEntityOfPage\":{\"@id\":\"https:\/\/blogg.svenskakyrkan.se\/vandravagen\/2024\/04\/28\/9-blandade-tankar-pa-sondagen-160\/\"},\"wordCount\":313,\"commentCount\":3,\"publisher\":{\"@id\":\"https:\/\/blogg.svenskakyrkan.se\/vandravagen\/#organization\"},\"image\":{\"@id\":\"https:\/\/blogg.svenskakyrkan.se\/vandravagen\/2024\/04\/28\/9-blandade-tankar-pa-sondagen-160\/#primaryimage\"},\"thumbnailUrl\":\"https:\/\/blogg.svenskakyrkan.se\/vandravagen\/files\/2024\/04\/brygga-scaled.jpeg\",\"inLanguage\":\"sv-SE\",\"potentialAction\":[{\"@type\":\"CommentAction\",\"name\":\"Comment\",\"target\":[\"https:\/\/blogg.svenskakyrkan.se\/vandravagen\/2024\/04\/28\/9-blandade-tankar-pa-sondagen-160\/#respond\"]}]},{\"@type\":\"WebPage\",\"@id\":\"https:\/\/blogg.svenskakyrkan.se\/vandravagen\/2024\/04\/28\/9-blandade-tankar-pa-sondagen-160\/\",\"url\":\"https:\/\/blogg.svenskakyrkan.se\/vandravagen\/2024\/04\/28\/9-blandade-tankar-pa-sondagen-160\/\",\"name\":\"9 blandade tankar p\u00e5 s\u00f6ndagen - Vandra V\u00e4gen\",\"isPartOf\":{\"@id\":\"https:\/\/blogg.svenskakyrkan.se\/vandravagen\/#website\"},\"primaryImageOfPage\":{\"@id\":\"https:\/\/blogg.svenskakyrkan.se\/vandravagen\/2024\/04\/28\/9-blandade-tankar-pa-sondagen-160\/#primaryimage\"},\"image\":{\"@id\":\"https:\/\/blogg.svenskakyrkan.se\/vandravagen\/2024\/04\/28\/9-blandade-tankar-pa-sondagen-160\/#primaryimage\"},\"thumbnailUrl\":\"https:\/\/blogg.svenskakyrkan.se\/vandravagen\/files\/2024\/04\/brygga-scaled.jpeg\",\"datePublished\":\"2024-04-28T05:00:00+00:00\",\"breadcrumb\":{\"@id\":\"https:\/\/blogg.svenskakyrkan.se\/vandravagen\/2024\/04\/28\/9-blandade-tankar-pa-sondagen-160\/#breadcrumb\"},\"inLanguage\":\"sv-SE\",\"potentialAction\":[{\"@type\":\"ReadAction\",\"target\":[\"https:\/\/blogg.svenskakyrkan.se\/vandravagen\/2024\/04\/28\/9-blandade-tankar-pa-sondagen-160\/\"]}]},{\"@type\":\"ImageObject\",\"inLanguage\":\"sv-SE\",\"@id\":\"https:\/\/blogg.svenskakyrkan.se\/vandravagen\/2024\/04\/28\/9-blandade-tankar-pa-sondagen-160\/#primaryimage\",\"url\":\"https:\/\/blogg.svenskakyrkan.se\/vandravagen\/files\/2024\/04\/brygga-scaled.jpeg\",\"contentUrl\":\"https:\/\/blogg.svenskakyrkan.se\/vandravagen\/files\/2024\/04\/brygga-scaled.jpeg\",\"width\":1920,\"height\":2560},{\"@type\":\"BreadcrumbList\",\"@id\":\"https:\/\/blogg.svenskakyrkan.se\/vandravagen\/2024\/04\/28\/9-blandade-tankar-pa-sondagen-160\/#breadcrumb\",\"itemListElement\":[{\"@type\":\"ListItem\",\"position\":1,\"name\":\"Hem\",\"item\":\"https:\/\/blogg.svenskakyrkan.se\/vandravagen\/\"},{\"@type\":\"ListItem\",\"position\":2,\"name\":\"9 blandade tankar p\u00e5 s\u00f6ndagen\"}]},{\"@type\":\"WebSite\",\"@id\":\"https:\/\/blogg.svenskakyrkan.se\/vandravagen\/#website\",\"url\":\"https:\/\/blogg.svenskakyrkan.se\/vandravagen\/\",\"name\":\"Vandra V\u00e4gen\",\"description\":\"-Mot en tro f\u00f6r hela livet\",\"publisher\":{\"@id\":\"https:\/\/blogg.svenskakyrkan.se\/vandravagen\/#organization\"},\"potentialAction\":[{\"@type\":\"SearchAction\",\"target\":{\"@type\":\"EntryPoint\",\"urlTemplate\":\"https:\/\/blogg.svenskakyrkan.se\/vandravagen\/?s={search_term_string}\"},\"query-input\":{\"@type\":\"PropertyValueSpecification\",\"valueRequired\":true,\"valueName\":\"search_term_string\"}}],\"inLanguage\":\"sv-SE\"},{\"@type\":\"Organization\",\"@id\":\"https:\/\/blogg.svenskakyrkan.se\/vandravagen\/#organization\",\"name\":\"ulricehamns pastorat\",\"alternateName\":\"ulricehamns pastorat\",\"url\":\"https:\/\/blogg.svenskakyrkan.se\/vandravagen\/\",\"logo\":{\"@type\":\"ImageObject\",\"inLanguage\":\"sv-SE\",\"@id\":\"https:\/\/blogg.svenskakyrkan.se\/vandravagen\/#\/schema\/logo\/image\/\",\"url\":\"https:\/\/blogg.svenskakyrkan.se\/vandravagen\/files\/2023\/05\/Ulr_logo_RGB.png\",\"contentUrl\":\"https:\/\/blogg.svenskakyrkan.se\/vandravagen\/files\/2023\/05\/Ulr_logo_RGB.png\",\"width\":205,\"height\":77,\"caption\":\"ulricehamns pastorat\"},\"image\":{\"@id\":\"https:\/\/blogg.svenskakyrkan.se\/vandravagen\/#\/schema\/logo\/image\/\"},\"sameAs\":[\"http:\/\/facebook.com\/vandravagen\",\"https:\/\/x.com\/fadertomas\",\"http:\/\/www.facebook.com\/svenskakyrkaniulricehamn\"]},{\"@type\":\"Person\",\"@id\":\"https:\/\/blogg.svenskakyrkan.se\/vandravagen\/#\/schema\/person\/25da02d4f76b137d04291711e2c9fc16\",\"name\":\"Tomas Jarvid\",\"image\":{\"@type\":\"ImageObject\",\"inLanguage\":\"sv-SE\",\"@id\":\"https:\/\/blogg.svenskakyrkan.se\/vandravagen\/#\/schema\/person\/image\/\",\"url\":\"https:\/\/secure.gravatar.com\/avatar\/7fa71899795e8f540f615a1f5ab25255dc27aa40f05ee7ddd21aac521e01bf50?s=96&d=identicon&r=g\",\"contentUrl\":\"https:\/\/secure.gravatar.com\/avatar\/7fa71899795e8f540f615a1f5ab25255dc27aa40f05ee7ddd21aac521e01bf50?s=96&d=identicon&r=g\",\"caption\":\"Tomas Jarvid\"},\"description\":\"Jag bor i Ulricehamn i V\u00e4sterg\u00f6tland och \u00e4r f\u00f6rsamlingspr\u00e4st i Svenska Kyrkan f\u00f6r Dalstorps f\u00f6rsamling i Kinds pastorat. P\u00e5 den h\u00e4r bloggen skriver jag ner tankar om vandringen som kristen.\",\"sameAs\":[\"http:\/\/www.vandravagen.se\"],\"url\":\"https:\/\/blogg.svenskakyrkan.se\/vandravagen\/author\/vandravagen\/\"}]}<\/script>\n<!-- \/ Yoast SEO plugin. -->","yoast_head_json":{"title":"9 blandade tankar p\u00e5 s\u00f6ndagen - Vandra V\u00e4gen","robots":{"index":"index","follow":"follow","max-snippet":"max-snippet:-1","max-image-preview":"max-image-preview:large","max-video-preview":"max-video-preview:-1"},"canonical":"https:\/\/blogg.svenskakyrkan.se\/vandravagen\/2024\/04\/28\/9-blandade-tankar-pa-sondagen-160\/","og_locale":"sv_SE","og_type":"article","og_title":"9 blandade tankar p\u00e5 s\u00f6ndagen - Vandra V\u00e4gen","og_description":"Ny s\u00f6ndag, nya blandade tankar! 2. Idag \u00e4r det femte p\u00e5sks\u00f6ndagen med \u00f6verskriften &#8221;att v\u00e4xa i tro&#8221;. Jag tj\u00e4nstg\u00f6r inte men n\u00e5gra av mina barn ska medverka med s\u00e5ng och musik i h\u00f6gm\u00e4ssan h\u00e4r. Andra delar av barnaskaran \u00e4r lite krassliga s\u00e5 vi f\u00e5r se hur m\u00e5nga av oss andra som kan ta sig till [&hellip;]","og_url":"https:\/\/blogg.svenskakyrkan.se\/vandravagen\/2024\/04\/28\/9-blandade-tankar-pa-sondagen-160\/","og_site_name":"Vandra V\u00e4gen","article_publisher":"http:\/\/facebook.com\/vandravagen","article_published_time":"2024-04-28T05:00:00+00:00","og_image":[{"width":1920,"height":2560,"url":"https:\/\/blogg.svenskakyrkan.se\/vandravagen\/files\/2024\/04\/brygga-scaled.jpeg","type":"image\/jpeg"}],"author":"Tomas Jarvid","twitter_card":"summary_large_image","twitter_creator":"@fadertomas","twitter_site":"@fadertomas","twitter_misc":{"Skriven av":"Tomas Jarvid","Ber\u00e4knad l\u00e4stid":"2 minuter"},"schema":{"@context":"https:\/\/schema.org","@graph":[{"@type":"Article","@id":"https:\/\/blogg.svenskakyrkan.se\/vandravagen\/2024\/04\/28\/9-blandade-tankar-pa-sondagen-160\/#article","isPartOf":{"@id":"https:\/\/blogg.svenskakyrkan.se\/vandravagen\/2024\/04\/28\/9-blandade-tankar-pa-sondagen-160\/"},"author":{"name":"Tomas Jarvid","@id":"https:\/\/blogg.svenskakyrkan.se\/vandravagen\/#\/schema\/person\/25da02d4f76b137d04291711e2c9fc16"},"headline":"9 blandade tankar p\u00e5 s\u00f6ndagen","datePublished":"2024-04-28T05:00:00+00:00","mainEntityOfPage":{"@id":"https:\/\/blogg.svenskakyrkan.se\/vandravagen\/2024\/04\/28\/9-blandade-tankar-pa-sondagen-160\/"},"wordCount":313,"commentCount":3,"publisher":{"@id":"https:\/\/blogg.svenskakyrkan.se\/vandravagen\/#organization"},"image":{"@id":"https:\/\/blogg.svenskakyrkan.se\/vandravagen\/2024\/04\/28\/9-blandade-tankar-pa-sondagen-160\/#primaryimage"},"thumbnailUrl":"https:\/\/blogg.svenskakyrkan.se\/vandravagen\/files\/2024\/04\/brygga-scaled.jpeg","inLanguage":"sv-SE","potentialAction":[{"@type":"CommentAction","name":"Comment","target":["https:\/\/blogg.svenskakyrkan.se\/vandravagen\/2024\/04\/28\/9-blandade-tankar-pa-sondagen-160\/#respond"]}]},{"@type":"WebPage","@id":"https:\/\/blogg.svenskakyrkan.se\/vandravagen\/2024\/04\/28\/9-blandade-tankar-pa-sondagen-160\/","url":"https:\/\/blogg.svenskakyrkan.se\/vandravagen\/2024\/04\/28\/9-blandade-tankar-pa-sondagen-160\/","name":"9 blandade tankar p\u00e5 s\u00f6ndagen - Vandra V\u00e4gen","isPartOf":{"@id":"https:\/\/blogg.svenskakyrkan.se\/vandravagen\/#website"},"primaryImageOfPage":{"@id":"https:\/\/blogg.svenskakyrkan.se\/vandravagen\/2024\/04\/28\/9-blandade-tankar-pa-sondagen-160\/#primaryimage"},"image":{"@id":"https:\/\/blogg.svenskakyrkan.se\/vandravagen\/2024\/04\/28\/9-blandade-tankar-pa-sondagen-160\/#primaryimage"},"thumbnailUrl":"https:\/\/blogg.svenskakyrkan.se\/vandravagen\/files\/2024\/04\/brygga-scaled.jpeg","datePublished":"2024-04-28T05:00:00+00:00","breadcrumb":{"@id":"https:\/\/blogg.svenskakyrkan.se\/vandravagen\/2024\/04\/28\/9-blandade-tankar-pa-sondagen-160\/#breadcrumb"},"inLanguage":"sv-SE","potentialAction":[{"@type":"ReadAction","target":["https:\/\/blogg.svenskakyrkan.se\/vandravagen\/2024\/04\/28\/9-blandade-tankar-pa-sondagen-160\/"]}]},{"@type":"ImageObject","inLanguage":"sv-SE","@id":"https:\/\/blogg.svenskakyrkan.se\/vandravagen\/2024\/04\/28\/9-blandade-tankar-pa-sondagen-160\/#primaryimage","url":"https:\/\/blogg.svenskakyrkan.se\/vandravagen\/files\/2024\/04\/brygga-scaled.jpeg","contentUrl":"https:\/\/blogg.svenskakyrkan.se\/vandravagen\/files\/2024\/04\/brygga-scaled.jpeg","width":1920,"height":2560},{"@type":"BreadcrumbList","@id":"https:\/\/blogg.svenskakyrkan.se\/vandravagen\/2024\/04\/28\/9-blandade-tankar-pa-sondagen-160\/#breadcrumb","itemListElement":[{"@type":"ListItem","position":1,"name":"Hem","item":"https:\/\/blogg.svenskakyrkan.se\/vandravagen\/"},{"@type":"ListItem","position":2,"name":"9 blandade tankar p\u00e5 s\u00f6ndagen"}]},{"@type":"WebSite","@id":"https:\/\/blogg.svenskakyrkan.se\/vandravagen\/#website","url":"https:\/\/blogg.svenskakyrkan.se\/vandravagen\/","name":"Vandra V\u00e4gen","description":"-Mot en tro f\u00f6r hela livet","publisher":{"@id":"https:\/\/blogg.svenskakyrkan.se\/vandravagen\/#organization"},"potentialAction":[{"@type":"SearchAction","target":{"@type":"EntryPoint","urlTemplate":"https:\/\/blogg.svenskakyrkan.se\/vandravagen\/?s={search_term_string}"},"query-input":{"@type":"PropertyValueSpecification","valueRequired":true,"valueName":"search_term_string"}}],"inLanguage":"sv-SE"},{"@type":"Organization","@id":"https:\/\/blogg.svenskakyrkan.se\/vandravagen\/#organization","name":"ulricehamns pastorat","alternateName":"ulricehamns pastorat","url":"https:\/\/blogg.svenskakyrkan.se\/vandravagen\/","logo":{"@type":"ImageObject","inLanguage":"sv-SE","@id":"https:\/\/blogg.svenskakyrkan.se\/vandravagen\/#\/schema\/logo\/image\/","url":"https:\/\/blogg.svenskakyrkan.se\/vandravagen\/files\/2023\/05\/Ulr_logo_RGB.png","contentUrl":"https:\/\/blogg.svenskakyrkan.se\/vandravagen\/files\/2023\/05\/Ulr_logo_RGB.png","width":205,"height":77,"caption":"ulricehamns pastorat"},"image":{"@id":"https:\/\/blogg.svenskakyrkan.se\/vandravagen\/#\/schema\/logo\/image\/"},"sameAs":["http:\/\/facebook.com\/vandravagen","https:\/\/x.com\/fadertomas","http:\/\/www.facebook.com\/svenskakyrkaniulricehamn"]},{"@type":"Person","@id":"https:\/\/blogg.svenskakyrkan.se\/vandravagen\/#\/schema\/person\/25da02d4f76b137d04291711e2c9fc16","name":"Tomas Jarvid","image":{"@type":"ImageObject","inLanguage":"sv-SE","@id":"https:\/\/blogg.svenskakyrkan.se\/vandravagen\/#\/schema\/person\/image\/","url":"https:\/\/secure.gravatar.com\/avatar\/7fa71899795e8f540f615a1f5ab25255dc27aa40f05ee7ddd21aac521e01bf50?s=96&d=identicon&r=g","contentUrl":"https:\/\/secure.gravatar.com\/avatar\/7fa71899795e8f540f615a1f5ab25255dc27aa40f05ee7ddd21aac521e01bf50?s=96&d=identicon&r=g","caption":"Tomas Jarvid"},"description":"Jag bor i Ulricehamn i V\u00e4sterg\u00f6tland och \u00e4r f\u00f6rsamlingspr\u00e4st i Svenska Kyrkan f\u00f6r Dalstorps f\u00f6rsamling i Kinds pastorat. P\u00e5 den h\u00e4r bloggen skriver jag ner tankar om vandringen som kristen.","sameAs":["http:\/\/www.vandravagen.se"],"url":"https:\/\/blogg.svenskakyrkan.se\/vandravagen\/author\/vandravagen\/"}]}},"author_meta":{"ID":"392","user_nicename":"vandravagen","user_url":"http:\/\/www.vandravagen.se","user_registered":"2014-05-19 05:44:52","display_name":"Tomas Jarvid","first_name":"Tomas","last_name":"Jarvid","avatar":"https:\/\/secure.gravatar.com\/avatar\/7fa71899795e8f540f615a1f5ab25255dc27aa40f05ee7ddd21aac521e01bf50?s=96&d=identicon&r=g"},"featured_image":["https:\/\/blogg.svenskakyrkan.se\/vandravagen\/files\/2024\/04\/brygga-1024x1365.jpeg",1024,1365,true],"bloginfo":{"name":"Vandra V\u00e4gen","url":"https:\/\/blogg.svenskakyrkan.se\/vandravagen"},"_links":{"self":[{"href":"https:\/\/blogg.svenskakyrkan.se\/vandravagen\/wp-json\/wp\/v2\/posts\/9862","targetHints":{"allow":["GET"]}}],"collection":[{"href":"https:\/\/blogg.svenskakyrkan.se\/vandravagen\/wp-json\/wp\/v2\/posts"}],"about":[{"href":"https:\/\/blogg.svenskakyrkan.se\/vandravagen\/wp-json\/wp\/v2\/types\/post"}],"author":[{"embeddable":true,"href":"https:\/\/blogg.svenskakyrkan.se\/vandravagen\/wp-json\/wp\/v2\/users\/392"}],"replies":[{"embeddable":true,"href":"https:\/\/blogg.svenskakyrkan.se\/vandravagen\/wp-json\/wp\/v2\/comments?post=9862"}],"version-history":[{"count":1,"href":"https:\/\/blogg.svenskakyrkan.se\/vandravagen\/wp-json\/wp\/v2\/posts\/9862\/revisions"}],"predecessor-version":[{"id":9864,"href":"https:\/\/blogg.svenskakyrkan.se\/vandravagen\/wp-json\/wp\/v2\/posts\/9862\/revisions\/9864"}],"wp:featuredmedia":[{"embeddable":true,"href":"https:\/\/blogg.svenskakyrkan.se\/vandravagen\/wp-json\/wp\/v2\/media\/9863"}],"wp:attachment":[{"href":"https:\/\/blogg.svenskakyrkan.se\/vandravagen\/wp-json\/wp\/v2\/media?parent=9862"}],"wp:term":[{"taxonomy":"category","embeddable":true,"href":"https:\/\/blogg.svenskakyrkan.se\/vandravagen\/wp-json\/wp\/v2\/categories?post=9862"},{"taxonomy":"post_tag","embeddable":true,"href":"https:\/\/blogg.svenskakyrkan.se\/vandravagen\/wp-json\/wp\/v2\/tags?post=9862"}],"curies":[{"name":"wp","href":"https:\/\/api.w.org\/{rel}","templated":true}]}}