{"id":9937,"date":"2024-05-06T08:45:32","date_gmt":"2024-05-06T06:45:32","guid":{"rendered":"https:\/\/blogg.svenskakyrkan.se\/vandravagen\/?p=9937"},"modified":"2024-05-06T08:45:33","modified_gmt":"2024-05-06T06:45:33","slug":"att-tjata-hal-i-huvet-pa-gud-och-bevara-tron","status":"publish","type":"post","link":"https:\/\/blogg.svenskakyrkan.se\/vandravagen\/2024\/05\/06\/att-tjata-hal-i-huvet-pa-gud-och-bevara-tron\/","title":{"rendered":"Att tjata h\u00e5l i huvet p\u00e5 Gud -och bevara tron"},"content":{"rendered":"\n<p>Min predikan fr\u00e5n b\u00f6ns\u00f6ndagen i Ulricehamns kyrka<\/p>\n\n\n\n<figure class=\"wp-block-image size-full\"><img loading=\"lazy\" decoding=\"async\" width=\"960\" height=\"641\" src=\"https:\/\/blogg.svenskakyrkan.se\/vandravagen\/files\/2024\/05\/IMG_4216.jpg\" alt=\"\" class=\"wp-image-9938\" srcset=\"https:\/\/blogg.svenskakyrkan.se\/vandravagen\/files\/2024\/05\/IMG_4216.jpg 960w, https:\/\/blogg.svenskakyrkan.se\/vandravagen\/files\/2024\/05\/IMG_4216-300x200.jpg 300w, https:\/\/blogg.svenskakyrkan.se\/vandravagen\/files\/2024\/05\/IMG_4216-768x513.jpg 768w\" sizes=\"auto, (max-width: 960px) 100vw, 960px\" \/><figcaption class=\"wp-element-caption\">Ortodoxa kristna som ber. Dag och natt?<\/figcaption><\/figure>\n\n\n\n<p>H\u00e4r \u00e4r min predikan fr\u00e5n ig\u00e5r p\u00e5 b\u00f6ns\u00f6ndagen. Om att b\u00f6nen till slut \u00e4r det som hj\u00e4lper oss att inte ge upp. Hoppas den \u00e4r till v\u00e4lsignelse f\u00f6r dig.<\/p>\n\n\n\n<h2 class=\"wp-block-heading\">Den parodiskt d\u00e5lige domaren<\/h2>\n\n\n\n<p>Jag tror inte att det \u00e4r s\u00e5 m\u00e5nga som har just den h\u00e4r liknelsen av Jesus, om domaren och \u00e4nkan, som sin stora favorit. \u00c4nd\u00e5 skulle jag tro att den tillh\u00f6r de som ber\u00e4ttats med mest humor. Domaren \u00e4r en v\u00e4ldigt parodisk figur, de ska ju vara folk att se upp till, m\u00e5na om att g\u00f6ra r\u00e4tt och gudfruktiga. <\/p>\n\n\n\n<p>Men den h\u00e4r mannen upprepar till och med sj\u00e4lv vad som sagts om honom: <strong>jag fruktar inte Gud och jag bryr mig inte om m\u00e4nniskor. <\/strong>Vem \u00e5terst\u00e5r att bry sig om d\u00e5, det \u00e4r v\u00e4l sig sj\u00e4lv antar jag?<\/p>\n\n\n\n<p>Och s\u00e5 kommer denna \u00e4nka och tjatar och tjatar om att f\u00e5 det hon har r\u00e4tt till. Jag l\u00e4rde mig i veckan att d\u00e4r vi l\u00e4ser att hon \u201dpinar livet ur mig\u201d s\u00e5 \u00e4r ordet egentligen n\u00e5got i stil med att sl\u00e5 vid \u00f6gat. <\/p>\n\n\n\n<p>Antingen att domaren tycker at det \u00e4r s\u00e5 pl\u00e5gsamt det k\u00e4nns n\u00e4r hon kommer och tjatar eller att hon till slut kommer bli s\u00e5 ih\u00e4rdig att det slutar med ett bl\u00e5tt \u00f6ga. F\u00f6ljden blir i alla fall att domaren ger med sig bara f\u00f6r sin egen frids skull.<\/p>\n\n\n\n<h2 class=\"wp-block-heading\">Att be till Gud dag och natt<\/h2>\n\n\n\n<p>Det finns som alltid olika niv\u00e5er p\u00e5 hur man kan f\u00f6rst\u00e5 den h\u00e4r liknelsen. Jesus s\u00e4ger ju sj\u00e4lv att den ska l\u00e4ra oss att vi m\u00e5ste be st\u00e4ndigt och inte ge upp. Att Gud \u00e4r s\u00e5 mycket b\u00e4ttre \u00e4n den d\u00e4r domaren att om till och med domaren till slut ger efter f\u00f6r tjat s\u00e5 kan vi lita p\u00e5 att Gud l\u00e4ngtar efter v\u00e5ra b\u00f6ner och vill besvara dem.<\/p>\n\n\n\n<p>Jesus talar om de som tror p\u00e5 honom att de ropar till Gud dag och natt och jag f\u00e5r s\u00e4ga att <strong>det \u00e4r sv\u00e5rt riktigt att sj\u00e4lv k\u00e4nna igen sig<\/strong> i att st\u00e4ndigt be p\u00e5 det s\u00e4ttet och ha uth\u00e5llighet att forts\u00e4tta be i alla l\u00e4gen. Nog har jag bett under en l\u00e4ngre tid f\u00f6r saker men till slut brukar man lessna. <\/p>\n\n\n\n<p>D\u00e5 blir liknelsen en uppmaning om att vara ih\u00e4rdig men det f\u00f6r oss ocks\u00e5 in p\u00e5 varf\u00f6r det \u00e4r sv\u00e5rt att vara s\u00e5 uth\u00e5llig.<\/p>\n\n\n\n<p>Vi har ju ocks\u00e5 erfarenheten med oss <strong>att det inte alls k\u00e4nns som att Gud \u00e4r snabb<\/strong> att ge alla m\u00e4nniskor sin r\u00e4tt. Vi har varit med om det sj\u00e4lva att vi tr\u00f6ttnar p\u00e5 att be f\u00f6r att det inte verkar h\u00e4nda n\u00e5got. Och vi kan se framf\u00f6r oss alla t\u00e4nkbara situationer i v\u00e4rlden som inte alls verkar bli b\u00e4ttre. Det h\u00e4r \u00e4r bara en av flera bibeltexter d\u00e4r Gud lovar att svara p\u00e5 b\u00f6n och de krockar ofta med hur vi sj\u00e4lva uppfattar att det g\u00e5r till.<\/p>\n\n\n\n<h2 class=\"wp-block-heading\">\u00c4r Gud som domaren?<\/h2>\n\n\n\n<p>Jag har funderat en del p\u00e5 varf\u00f6r Jesus liknar Gud vid den d\u00e4r domaren. Givetvis f\u00f6r att domaren \u00e4r en m\u00e4ktig person men annars? <\/p>\n\n\n\n<p>Kanske f\u00f6r att m\u00e5nga av oss har en s\u00e5dan gudsbild? Vi fruktar att Gud i sj\u00e4lva verket \u00e4r ganska likgiltig inf\u00f6r v\u00e5ra liv. D\u00e5 bjuder liknelsen in oss till att fundera lite p\u00e5 hur vi ser p\u00e5 Gud. Det ligger nog n\u00e5got i det, att <strong>Jesus liksom v\u00e4ljer en nidbild av Gud <\/strong>p\u00e5 samma g\u00e5ng som det \u00e4r en nidbild av en jordisk domare.<\/p>\n\n\n\n<p> Kanske \u00e4r det s\u00e5 men jag tror \u00e4nnu mer att han v\u00e4ljer bilden av domaren f\u00f6r att vi k\u00e4nner igen oss i sj\u00e4lva v\u00e4ntandet och tjatandet.<\/p>\n\n\n\n<p>Bra f\u00f6rst\u00e5s <strong>att Jesus ocks\u00e5 \u00e4r medveten om att vi tycker svaren dr\u00f6jer.<\/strong> Han skulle inte beh\u00f6va f\u00f6rs\u00e4kra oss att Gud h\u00f6r b\u00f6n om vi m\u00e4rkte det \u00e4nd\u00e5. Det finns alltid tr\u00f6st i att Jesus vet hur vi har det.<\/p>\n\n\n\n<h2 class=\"wp-block-heading\">Att be med fr\u00e4ckhet<\/h2>\n\n\n\n<p>Vi h\u00f6rde ocks\u00e5 l\u00e4sas om Abraham som ber f\u00f6r staden Sodom. Han f\u00f6rhandlar r\u00e4tt h\u00e5rt med Gud om att r\u00e4dda staden. V\u00e5ra judiska v\u00e4nner kallar detta f\u00f6rh\u00e5llningss\u00e4tt till Gud f\u00f6r \u201d<strong>schutzpa<\/strong>\u201d, det vill s\u00e4ga att man kan be till Gud med viss fr\u00e4ckhet och p\u00e5stridighet. Man har ju v\u00f6rdnad f\u00f6r Gud f\u00f6rst\u00e5s men man kan ocks\u00e5 med lite klurighet och ironi ifr\u00e5gas\u00e4tta Gud. &#8221;Du \u00e4r ju god och vill f\u00f6rl\u00e5ta, d\u00e5 vore det v\u00e4l l\u00e4ge nu\u2026&#8221; Det ligger ju alltid n\u00e5got fr\u00e4ckt i att f\u00f6resl\u00e5 f\u00f6r Gud hur saker borde g\u00e5 till.<\/p>\n\n\n\n<p>Lite som i v\u00e5r egen lutherska tradition d\u00e4r man s\u00e4ger att man kan proppa \u00f6ronen p\u00e5 Gud fulla med hans egna l\u00f6ften: &#8221;Du Gud har ju lovat att h\u00f6ra v\u00e5ra b\u00f6ner, d\u00e5 v\u00e4ntar jag p\u00e5 svar nu&#8221;.<\/p>\n\n\n\n<h2 class=\"wp-block-heading\">En uppmuntran till p\u00e5stridiga b\u00f6ner<\/h2>\n\n\n\n<p>Man skulle absolut kunna se det som att kvinnan i liknelsen g\u00f6r samma sak, hon har schutzpa, hon v\u00e5gar vara fr\u00e4ck och p\u00e5tr\u00e4ngande och som Jesus ber\u00e4ttar historien har Gud inte n\u00e5got emot det! Gud v\u00e4lkomnar alla v\u00e5ra b\u00f6ner och kanske s\u00e4rskilt de som \u00e4r lite osminkade och r\u00e5tt \u00e4rliga.<\/p>\n\n\n\n<p>Den stora fr\u00e5gan kring Abrahams f\u00f6rhandling \u00e4r varf\u00f6r han slutar vid tio personer. \u00c4r det f\u00f6r att han tror att det borde vara lugnt att hitta 10? Eller f\u00f6r att gr\u00e4nsen f\u00f6r hans schutzpa g\u00e5r d\u00e4r? Det vet vi inte men vi vet att inom judendomen \u00e4r tio m\u00e4n gr\u00e4nsen f\u00f6r att kunna fira gudstj\u00e4nst som jude. En \u201d<strong>minjan<\/strong>\u201d. <\/p>\n\n\n\n<p>Kanske man kan se det som att staden inte kan g\u00e5 f\u00f6rlorad s\u00e5 l\u00e4nge det finns en liten skara d\u00e4r som ber f\u00f6r den?<\/p>\n\n\n\n<h2 class=\"wp-block-heading\">Hela skapelsen l\u00e4ngtar efter att f\u00e5 sin r\u00e4tt<\/h2>\n\n\n\n<p>Vad \u00e4r det d\u00e5 f\u00f6r b\u00f6ner och b\u00f6nesvar det \u00e4r fr\u00e5ga om? Vad \u00e4r det kvinnan i liknelsen ber om? Att f\u00e5 sin r\u00e4tt. Exakt vad vet vi inte. Men det finns ett antagande hos Jesus om de som f\u00f6ljer honom att det \u00e4r f\u00f6rtryckta m\u00e4nniskor, fattiga, hungrande, s\u00f6rjande. <\/p>\n\n\n\n<p>De som lider \u00e4r de som \u00e4r mest \u00f6ppna f\u00f6r det han har att s\u00e4ga. Det \u00e4r f\u00f6rst\u00e5s v\u00e4ldigt goda nyheter att Gud \u00e4r med dem i n\u00f6den men n\u00f6den finns ju kvar alltf\u00f6r mycket! Vi f\u00e5r v\u00e4nda oss till Gud med den.<\/p>\n\n\n\n<h2 class=\"wp-block-heading\">Dagens sv\u00e5ra ord<\/h2>\n\n\n\n<p>Nu kommer dagens sv\u00e5ra ord. Liknelsen st\u00e5r i sitt sammanhang i evangeliet tillsammans med <strong>eskatologiska <\/strong>saker Jesus s\u00e4ger. Det har att g\u00f6ra med tidens slut. Och vi f\u00e5r fr\u00e5gan fr\u00e5n Jesus om m\u00e4nniskosonen ska finna n\u00e5gon tro n\u00e4r han kommer just vid tidens slut.<\/p>\n\n\n\n<p>Det f\u00e5r hela liknelsen att komma i lite annat ljus. Vi kan absolut se det som en uppmaning till oss var och en att be ih\u00e4rdigt men det handlar nog \u00e4nnu mer om m\u00e4nskligheten som ropar till Gud dag och natt. <\/p>\n\n\n\n<p>Ropar efter r\u00e4ttvisa, fred och ett gott liv f\u00f6r alla. Vi har ju h\u00f6rt fr\u00e5n Jesus att Gud vill ha det p\u00e5 det s\u00e4ttet i v\u00e4rlden s\u00e5 vi kan nog komma med en hel del schutzpa och tjata. <\/p>\n\n\n\n<p>-Varf\u00f6r dr\u00f6jer det s\u00e5 l\u00e4nge med att ditt rike blir synligt p\u00e5 jorden Gud? Som om vi \u00e4r den d\u00e4r minjan, att <strong>v\u00e5r f\u00f6rsamling tillsammans har ett uppdrag att hela tiden komma med denna b\u00f6n inf\u00f6r Gud<\/strong>.<\/p>\n\n\n\n<h2 class=\"wp-block-heading\">En b\u00f6n som Jesus l\u00e4rt oss<\/h2>\n\n\n\n<p>T\u00e4nker man p\u00e5 det p\u00e5 det s\u00e4ttet hamnar vi i en b\u00f6n som l\u00e5ter ganska mycket som V\u00e5r Fader. L\u00e5t ditt rike komma, l\u00e5t din vilja ske. Det s\u00e4tt som Jesus l\u00e4r oss att be p\u00e5.<\/p>\n\n\n\n<p>Det \u00e4r ett stort mysterium varf\u00f6r vi m\u00e5ste be p\u00e5 det s\u00e4ttet. Gud vill v\u00e4l l\u00e5ta sin vilja ske \u00e4nd\u00e5? P\u00e5 vilket s\u00e4tt p\u00e5verkar det att vi ber? Jag vet verkligen inte mer \u00e4n n\u00e5gon annan om det.<\/p>\n\n\n\n<h2 class=\"wp-block-heading\">B\u00f6n \u00e4r tro<\/h2>\n\n\n\n<p>Det vi kan f\u00f6rst\u00e5 \u00e4r i alla fall att b\u00f6n h\u00e4nger ihop med tro. Jesu fr\u00e5ga om han kommer hitta n\u00e5gon tro p\u00e5 jorden verkar vara samma sak som om han kommer hitta m\u00e4nniskor som ber.<\/p>\n\n\n\n<p>B\u00f6n \u00e4r mer eller mindre samma sak som tro. Tro \u00e4r ju att v\u00e4nda sig till Gud och lita p\u00e5 Gud och d\u00e5 \u00e4r b\u00f6n det s\u00e4ttet det ofta sker p\u00e5. <\/p>\n\n\n\n<p>S\u00e5 n\u00e4r jag \u00e4r en s\u00e5dan som inte s\u00e5 ih\u00e4rdigt ber s\u00e5 s\u00e4ger det tyv\u00e4rr ocks\u00e5 n\u00e5got om min tro. Som att jag inte har s\u00e5 stor tillit som jag borde till att Gud vill och kan hj\u00e4lpa, och att jag kanske inte \u00e4r s\u00e5 intresserad som jag borde av att Guds vilja ska ske snarare \u00e4n min egen. S\u00e5na saker.<\/p>\n\n\n\n<p>Vi ska alltid be. Just f\u00f6r att vi inte ska ge upp och inte tappa modet. Sj\u00e4lva b\u00f6nen \u00e4r k\u00e4llan till tro och hopp i v\u00e4rlden. Det vi beh\u00f6ver f\u00f6r att leva h\u00e4r i v\u00e4ntan p\u00e5 det Gud kan g\u00f6ra. Vi ska alltid be f\u00f6r att tron ska vara levande i oss och i v\u00e4rlden.<\/p>\n\n\n\n<p>Vi f\u00e5r avsluta med liknande tankar fr\u00e5n episteltexten. Vi ska falla p\u00e5 kn\u00e4 inf\u00f6r Gud s\u00e5 att vi kan f\u00e5 bli rotade hos honom. Ana vem Gud \u00e4r och att han verkar i oss. Att vi f\u00e5r \u00f6ppna oss f\u00f6r Guds Ande och l\u00e4ra k\u00e4nna Guds k\u00e4rlek. En s\u00e5dan b\u00f6n g\u00f6r att vi inte tappar modet.<\/p>\n\n\n<div id=\"related-posts-block_cb5c33758e115faefda4f95fcdf9fc7d\"  class=\"b-related-posts alignfull\">\n    <div class=\"acf-innerblocks-container\">\n\n<h2 class=\"wp-block-heading\">Liknande inl\u00e4gg<\/h2>\n\n<\/div>\n    \n    \n    <div class=\"wp-block-query alignfull is-layout-flow wp-block-query-is-layout-flow\">\n        <ul class=\"is-flex-container columns-3 alignfull related-posts__content wp-block-post-template is-layout-flow wp-block-post-template-is-layout-flow\"><li class=\"wp-block-post post-10783 post type-post status-publish format-standard has-post-thumbnail hentry category-kyrkoaret category-pask category-predikan tag-anglar tag-bibeln tag-evangelium tag-graven tag-jesus tag-kristen tag-kristen-tro tag-kvinnor tag-kyrka tag-kyrkan tag-ljus tag-lukas tag-omojligt tag-pask tag-predikan tag-uppstandelse\">\n            \n            <div class=\"wp-block-group post__content is-layout-flow wp-block-group-is-layout-flow\">\n                <figure style=\"margin-bottom:var(--wp--preset--spacing--50);\" class=\"wp-block-post-featured-image\"><a href=\"https:\/\/blogg.svenskakyrkan.se\/vandravagen\/2026\/04\/06\/vi-ar-kvinnorna-vid-graven\/\" target=\"_self\"  ><img loading=\"lazy\" decoding=\"async\" width=\"593\" height=\"776\" src=\"https:\/\/blogg.svenskakyrkan.se\/vandravagen\/files\/2026\/04\/dodens-gap.jpg\" class=\"attachment-post-thumbnail size-post-thumbnail wp-post-image\" alt=\"Vi \u00e4r kvinnorna vid graven\" style=\"object-fit:cover;\" srcset=\"https:\/\/blogg.svenskakyrkan.se\/vandravagen\/files\/2026\/04\/dodens-gap.jpg 593w, https:\/\/blogg.svenskakyrkan.se\/vandravagen\/files\/2026\/04\/dodens-gap-300x393.jpg 300w\" sizes=\"auto, (max-width: 593px) 100vw, 593px\" \/><\/a><\/figure>\n                <h2 class=\"wp-block-post-title has-h-3-font-size\"><a href=\"https:\/\/blogg.svenskakyrkan.se\/vandravagen\/2026\/04\/06\/vi-ar-kvinnorna-vid-graven\/\" target=\"_self\" >Vi \u00e4r kvinnorna vid graven<\/a><\/h2>\n                <div class=\"wp-block-post-date\"><time datetime=\"2026-04-06T18:53:58+02:00\">6 april, 2026<\/time><\/div>\n                <div class=\"wp-block-post-excerpt\"><p class=\"wp-block-post-excerpt__excerpt\">Min predikan fr\u00e5n p\u00e5sknatten i Ulricehamns kyrka<\/p><\/div>\n            <\/div>\n            \n        <\/li><li class=\"wp-block-post post-10773 post type-post status-publish format-standard has-post-thumbnail hentry category-kyrkoaret category-predikan tag-angel tag-babelsen tag-bebadelsedagen tag-bebadelsen tag-bibeln tag-bob-dylan tag-dag-hammarskold tag-ja tag-jesus tag-jul tag-jungfru tag-jungfru-marie-bebadelsedag tag-kallelse tag-kristen tag-kristen-tro tag-kyrka tag-kyrkan tag-lovsang tag-maria tag-predikan tag-sandning tag-vagen-valde-dig\">\n            \n            <div class=\"wp-block-group post__content is-layout-flow wp-block-group-is-layout-flow\">\n                <figure style=\"margin-bottom:var(--wp--preset--spacing--50);\" class=\"wp-block-post-featured-image\"><a href=\"https:\/\/blogg.svenskakyrkan.se\/vandravagen\/2026\/03\/30\/vad-maria-och-vi-sager-ja-till\/\" target=\"_self\"  ><img loading=\"lazy\" decoding=\"async\" width=\"681\" height=\"1774\" src=\"https:\/\/blogg.svenskakyrkan.se\/vandravagen\/files\/2026\/03\/bebadelsen.jpg\" class=\"attachment-post-thumbnail size-post-thumbnail wp-post-image\" alt=\"Vad Maria och vi s\u00e4ger ja till\" style=\"object-fit:cover;\" srcset=\"https:\/\/blogg.svenskakyrkan.se\/vandravagen\/files\/2026\/03\/bebadelsen.jpg 681w, https:\/\/blogg.svenskakyrkan.se\/vandravagen\/files\/2026\/03\/bebadelsen-300x781.jpg 300w, https:\/\/blogg.svenskakyrkan.se\/vandravagen\/files\/2026\/03\/bebadelsen-590x1536.jpg 590w\" sizes=\"auto, (max-width: 681px) 100vw, 681px\" \/><\/a><\/figure>\n                <h2 class=\"wp-block-post-title has-h-3-font-size\"><a href=\"https:\/\/blogg.svenskakyrkan.se\/vandravagen\/2026\/03\/30\/vad-maria-och-vi-sager-ja-till\/\" target=\"_self\" >Vad Maria och vi s\u00e4ger ja till<\/a><\/h2>\n                <div class=\"wp-block-post-date\"><time datetime=\"2026-03-30T17:54:15+02:00\">30 mars, 2026<\/time><\/div>\n                <div class=\"wp-block-post-excerpt\"><p class=\"wp-block-post-excerpt__excerpt\">Predikan p\u00e5 Jungfru Marie beb\u00e5delsedag i Ulricehamns kyrka<\/p><\/div>\n            <\/div>\n            \n        <\/li><li class=\"wp-block-post post-10743 post type-post status-publish format-standard has-post-thumbnail hentry category-fastan category-kyrkan category-predikan tag-alska tag-bibeln tag-elsa-beskow tag-fanny-och-alexander tag-fasta tag-fastan tag-fastlagssondagen tag-jesus tag-karlek tag-klicheer tag-kristen tag-kristen-tro tag-kyrka tag-kyrkan tag-ofortjant tag-predikan tag-relationsrad tag-wilfred-stinissen\">\n            \n            <div class=\"wp-block-group post__content is-layout-flow wp-block-group-is-layout-flow\">\n                <figure style=\"margin-bottom:var(--wp--preset--spacing--50);\" class=\"wp-block-post-featured-image\"><a href=\"https:\/\/blogg.svenskakyrkan.se\/vandravagen\/2026\/02\/17\/om-vi-verkligen-forstod-att-gud-ar-karlek\/\" target=\"_self\"  ><img loading=\"lazy\" decoding=\"async\" width=\"609\" height=\"680\" src=\"https:\/\/blogg.svenskakyrkan.se\/vandravagen\/files\/2026\/02\/IMG_3025.jpg\" class=\"attachment-post-thumbnail size-post-thumbnail wp-post-image\" alt=\"Om vi verkligen f\u00f6rstod att Gud \u00e4r k\u00e4rlek\" style=\"object-fit:cover;\" srcset=\"https:\/\/blogg.svenskakyrkan.se\/vandravagen\/files\/2026\/02\/IMG_3025.jpg 609w, https:\/\/blogg.svenskakyrkan.se\/vandravagen\/files\/2026\/02\/IMG_3025-300x335.jpg 300w\" sizes=\"auto, (max-width: 609px) 100vw, 609px\" \/><\/a><\/figure>\n                <h2 class=\"wp-block-post-title has-h-3-font-size\"><a href=\"https:\/\/blogg.svenskakyrkan.se\/vandravagen\/2026\/02\/17\/om-vi-verkligen-forstod-att-gud-ar-karlek\/\" target=\"_self\" >Om vi verkligen f\u00f6rstod att Gud \u00e4r k\u00e4rlek<\/a><\/h2>\n                <div class=\"wp-block-post-date\"><time datetime=\"2026-02-17T13:20:57+01:00\">17 februari, 2026<\/time><\/div>\n                <div class=\"wp-block-post-excerpt\"><p class=\"wp-block-post-excerpt__excerpt\">Min predikan fr\u00e5n fastlagss\u00f6ndagen i s\u00f6ndags i Ulricehamns kyrka<\/p><\/div>\n            <\/div>\n            \n        <\/li><\/ul>\n        \n    <\/div>\n    <\/div>\n","protected":false},"excerpt":{"rendered":"<p>Min predikan fr\u00e5n b\u00f6ns\u00f6ndagen i Ulricehamns kyrka H\u00e4r \u00e4r min predikan fr\u00e5n ig\u00e5r p\u00e5 b\u00f6ns\u00f6ndagen. Om att b\u00f6nen till slut \u00e4r det som hj\u00e4lper oss att inte ge upp. Hoppas den \u00e4r till v\u00e4lsignelse f\u00f6r dig. Den parodiskt d\u00e5lige domaren Jag tror inte att det \u00e4r s\u00e5 m\u00e5nga som har just den h\u00e4r liknelsen av [&hellip;]<\/p>\n","protected":false},"author":392,"featured_media":9938,"comment_status":"open","ping_status":"open","sticky":false,"template":"","format":"standard","meta":{"_acf_changed":false,"footnotes":""},"categories":[35,114],"tags":[84232,84483,84479,83926,84380,84200,84482,83878,83880,83879,83901,83890,84481,83875,84480],"class_list":["post-9937","post","type-post","status-publish","format-standard","has-post-thumbnail","hentry","category-bon","category-predikan","tag-abraham","tag-ankan","tag-be","tag-bibeln","tag-bon-2","tag-bonsondagen","tag-domaren","tag-jesus","tag-kristen","tag-kristen-tro","tag-kyrka","tag-kyrkan","tag-minjan","tag-predikan","tag-schutzpa"],"acf":[],"yoast_head":"<!-- This site is optimized with the Yoast SEO plugin v27.1.1 - https:\/\/yoast.com\/product\/yoast-seo-wordpress\/ -->\n<title>Att tjata h\u00e5l i huvet p\u00e5 Gud -och bevara tron - Vandra V\u00e4gen<\/title>\n<meta name=\"description\" content=\"Tomas Jarvids predikan p\u00e5 b\u00f6ns\u00f6ndagen om att be och tjata p\u00e5 Gud utan att ge upp och att det g\u00f6r att vi inte ger upp.\" \/>\n<meta name=\"robots\" content=\"index, follow, max-snippet:-1, max-image-preview:large, max-video-preview:-1\" \/>\n<link rel=\"canonical\" href=\"https:\/\/blogg.svenskakyrkan.se\/vandravagen\/2024\/05\/06\/att-tjata-hal-i-huvet-pa-gud-och-bevara-tron\/\" \/>\n<meta property=\"og:locale\" content=\"sv_SE\" \/>\n<meta property=\"og:type\" content=\"article\" \/>\n<meta property=\"og:title\" content=\"Att tjata h\u00e5l i huvet p\u00e5 Gud -och bevara tron - Vandra V\u00e4gen\" \/>\n<meta property=\"og:description\" content=\"Tomas Jarvids predikan p\u00e5 b\u00f6ns\u00f6ndagen om att be och tjata p\u00e5 Gud utan att ge upp och att det g\u00f6r att vi inte ger upp.\" \/>\n<meta property=\"og:url\" content=\"https:\/\/blogg.svenskakyrkan.se\/vandravagen\/2024\/05\/06\/att-tjata-hal-i-huvet-pa-gud-och-bevara-tron\/\" \/>\n<meta property=\"og:site_name\" content=\"Vandra V\u00e4gen\" \/>\n<meta property=\"article:publisher\" content=\"http:\/\/facebook.com\/vandravagen\" \/>\n<meta property=\"article:published_time\" content=\"2024-05-06T06:45:32+00:00\" \/>\n<meta property=\"article:modified_time\" content=\"2024-05-06T06:45:33+00:00\" \/>\n<meta property=\"og:image\" content=\"http:\/\/blogg.svenskakyrkan.se\/vandravagen\/files\/2024\/05\/IMG_4216.jpg\" \/>\n\t<meta property=\"og:image:width\" content=\"960\" \/>\n\t<meta property=\"og:image:height\" content=\"641\" \/>\n\t<meta property=\"og:image:type\" content=\"image\/jpeg\" \/>\n<meta name=\"author\" content=\"Tomas Jarvid\" \/>\n<meta name=\"twitter:card\" content=\"summary_large_image\" \/>\n<meta name=\"twitter:creator\" content=\"@fadertomas\" \/>\n<meta name=\"twitter:site\" content=\"@fadertomas\" \/>\n<meta name=\"twitter:label1\" content=\"Skriven av\" \/>\n\t<meta name=\"twitter:data1\" content=\"Tomas Jarvid\" \/>\n\t<meta name=\"twitter:label2\" content=\"Ber\u00e4knad l\u00e4stid\" \/>\n\t<meta name=\"twitter:data2\" content=\"8 minuter\" \/>\n<script type=\"application\/ld+json\" class=\"yoast-schema-graph\">{\"@context\":\"https:\/\/schema.org\",\"@graph\":[{\"@type\":\"Article\",\"@id\":\"https:\/\/blogg.svenskakyrkan.se\/vandravagen\/2024\/05\/06\/att-tjata-hal-i-huvet-pa-gud-och-bevara-tron\/#article\",\"isPartOf\":{\"@id\":\"https:\/\/blogg.svenskakyrkan.se\/vandravagen\/2024\/05\/06\/att-tjata-hal-i-huvet-pa-gud-och-bevara-tron\/\"},\"author\":{\"name\":\"Tomas Jarvid\",\"@id\":\"https:\/\/blogg.svenskakyrkan.se\/vandravagen\/#\/schema\/person\/25da02d4f76b137d04291711e2c9fc16\"},\"headline\":\"Att tjata h\u00e5l i huvet p\u00e5 Gud -och bevara tron\",\"datePublished\":\"2024-05-06T06:45:32+00:00\",\"dateModified\":\"2024-05-06T06:45:33+00:00\",\"mainEntityOfPage\":{\"@id\":\"https:\/\/blogg.svenskakyrkan.se\/vandravagen\/2024\/05\/06\/att-tjata-hal-i-huvet-pa-gud-och-bevara-tron\/\"},\"wordCount\":1809,\"commentCount\":6,\"publisher\":{\"@id\":\"https:\/\/blogg.svenskakyrkan.se\/vandravagen\/#organization\"},\"image\":{\"@id\":\"https:\/\/blogg.svenskakyrkan.se\/vandravagen\/2024\/05\/06\/att-tjata-hal-i-huvet-pa-gud-och-bevara-tron\/#primaryimage\"},\"thumbnailUrl\":\"https:\/\/blogg.svenskakyrkan.se\/vandravagen\/files\/2024\/05\/IMG_4216.jpg\",\"keywords\":[\"Abraham\",\"\u00e4nkan\",\"be\",\"bibeln\",\"b\u00f6n\",\"b\u00f6ns\u00f6ndagen\",\"domaren\",\"Jesus\",\"kristen\",\"kristen tro\",\"kyrka\",\"kyrkan\",\"minjan\",\"predikan\",\"schutzpa\"],\"articleSection\":[\"b\u00f6n\",\"predikan\"],\"inLanguage\":\"sv-SE\",\"potentialAction\":[{\"@type\":\"CommentAction\",\"name\":\"Comment\",\"target\":[\"https:\/\/blogg.svenskakyrkan.se\/vandravagen\/2024\/05\/06\/att-tjata-hal-i-huvet-pa-gud-och-bevara-tron\/#respond\"]}]},{\"@type\":\"WebPage\",\"@id\":\"https:\/\/blogg.svenskakyrkan.se\/vandravagen\/2024\/05\/06\/att-tjata-hal-i-huvet-pa-gud-och-bevara-tron\/\",\"url\":\"https:\/\/blogg.svenskakyrkan.se\/vandravagen\/2024\/05\/06\/att-tjata-hal-i-huvet-pa-gud-och-bevara-tron\/\",\"name\":\"Att tjata h\u00e5l i huvet p\u00e5 Gud -och bevara tron - Vandra V\u00e4gen\",\"isPartOf\":{\"@id\":\"https:\/\/blogg.svenskakyrkan.se\/vandravagen\/#website\"},\"primaryImageOfPage\":{\"@id\":\"https:\/\/blogg.svenskakyrkan.se\/vandravagen\/2024\/05\/06\/att-tjata-hal-i-huvet-pa-gud-och-bevara-tron\/#primaryimage\"},\"image\":{\"@id\":\"https:\/\/blogg.svenskakyrkan.se\/vandravagen\/2024\/05\/06\/att-tjata-hal-i-huvet-pa-gud-och-bevara-tron\/#primaryimage\"},\"thumbnailUrl\":\"https:\/\/blogg.svenskakyrkan.se\/vandravagen\/files\/2024\/05\/IMG_4216.jpg\",\"datePublished\":\"2024-05-06T06:45:32+00:00\",\"dateModified\":\"2024-05-06T06:45:33+00:00\",\"description\":\"Tomas Jarvids predikan p\u00e5 b\u00f6ns\u00f6ndagen om att be och tjata p\u00e5 Gud utan att ge upp och att det g\u00f6r att vi inte ger upp.\",\"breadcrumb\":{\"@id\":\"https:\/\/blogg.svenskakyrkan.se\/vandravagen\/2024\/05\/06\/att-tjata-hal-i-huvet-pa-gud-och-bevara-tron\/#breadcrumb\"},\"inLanguage\":\"sv-SE\",\"potentialAction\":[{\"@type\":\"ReadAction\",\"target\":[\"https:\/\/blogg.svenskakyrkan.se\/vandravagen\/2024\/05\/06\/att-tjata-hal-i-huvet-pa-gud-och-bevara-tron\/\"]}]},{\"@type\":\"ImageObject\",\"inLanguage\":\"sv-SE\",\"@id\":\"https:\/\/blogg.svenskakyrkan.se\/vandravagen\/2024\/05\/06\/att-tjata-hal-i-huvet-pa-gud-och-bevara-tron\/#primaryimage\",\"url\":\"https:\/\/blogg.svenskakyrkan.se\/vandravagen\/files\/2024\/05\/IMG_4216.jpg\",\"contentUrl\":\"https:\/\/blogg.svenskakyrkan.se\/vandravagen\/files\/2024\/05\/IMG_4216.jpg\",\"width\":960,\"height\":641,\"caption\":\"ortodoxa kristna som ber\"},{\"@type\":\"BreadcrumbList\",\"@id\":\"https:\/\/blogg.svenskakyrkan.se\/vandravagen\/2024\/05\/06\/att-tjata-hal-i-huvet-pa-gud-och-bevara-tron\/#breadcrumb\",\"itemListElement\":[{\"@type\":\"ListItem\",\"position\":1,\"name\":\"Hem\",\"item\":\"https:\/\/blogg.svenskakyrkan.se\/vandravagen\/\"},{\"@type\":\"ListItem\",\"position\":2,\"name\":\"Abraham\",\"item\":\"https:\/\/blogg.svenskakyrkan.se\/vandravagen\/tag\/abraham\/\"},{\"@type\":\"ListItem\",\"position\":3,\"name\":\"Att tjata h\u00e5l i huvet p\u00e5 Gud -och bevara tron\"}]},{\"@type\":\"WebSite\",\"@id\":\"https:\/\/blogg.svenskakyrkan.se\/vandravagen\/#website\",\"url\":\"https:\/\/blogg.svenskakyrkan.se\/vandravagen\/\",\"name\":\"Vandra V\u00e4gen\",\"description\":\"-Mot en tro f\u00f6r hela livet\",\"publisher\":{\"@id\":\"https:\/\/blogg.svenskakyrkan.se\/vandravagen\/#organization\"},\"potentialAction\":[{\"@type\":\"SearchAction\",\"target\":{\"@type\":\"EntryPoint\",\"urlTemplate\":\"https:\/\/blogg.svenskakyrkan.se\/vandravagen\/?s={search_term_string}\"},\"query-input\":{\"@type\":\"PropertyValueSpecification\",\"valueRequired\":true,\"valueName\":\"search_term_string\"}}],\"inLanguage\":\"sv-SE\"},{\"@type\":\"Organization\",\"@id\":\"https:\/\/blogg.svenskakyrkan.se\/vandravagen\/#organization\",\"name\":\"ulricehamns pastorat\",\"alternateName\":\"ulricehamns pastorat\",\"url\":\"https:\/\/blogg.svenskakyrkan.se\/vandravagen\/\",\"logo\":{\"@type\":\"ImageObject\",\"inLanguage\":\"sv-SE\",\"@id\":\"https:\/\/blogg.svenskakyrkan.se\/vandravagen\/#\/schema\/logo\/image\/\",\"url\":\"https:\/\/blogg.svenskakyrkan.se\/vandravagen\/files\/2023\/05\/Ulr_logo_RGB.png\",\"contentUrl\":\"https:\/\/blogg.svenskakyrkan.se\/vandravagen\/files\/2023\/05\/Ulr_logo_RGB.png\",\"width\":205,\"height\":77,\"caption\":\"ulricehamns pastorat\"},\"image\":{\"@id\":\"https:\/\/blogg.svenskakyrkan.se\/vandravagen\/#\/schema\/logo\/image\/\"},\"sameAs\":[\"http:\/\/facebook.com\/vandravagen\",\"https:\/\/x.com\/fadertomas\",\"http:\/\/www.facebook.com\/svenskakyrkaniulricehamn\"]},{\"@type\":\"Person\",\"@id\":\"https:\/\/blogg.svenskakyrkan.se\/vandravagen\/#\/schema\/person\/25da02d4f76b137d04291711e2c9fc16\",\"name\":\"Tomas Jarvid\",\"image\":{\"@type\":\"ImageObject\",\"inLanguage\":\"sv-SE\",\"@id\":\"https:\/\/blogg.svenskakyrkan.se\/vandravagen\/#\/schema\/person\/image\/\",\"url\":\"https:\/\/secure.gravatar.com\/avatar\/7fa71899795e8f540f615a1f5ab25255dc27aa40f05ee7ddd21aac521e01bf50?s=96&d=identicon&r=g\",\"contentUrl\":\"https:\/\/secure.gravatar.com\/avatar\/7fa71899795e8f540f615a1f5ab25255dc27aa40f05ee7ddd21aac521e01bf50?s=96&d=identicon&r=g\",\"caption\":\"Tomas Jarvid\"},\"description\":\"Jag bor i Ulricehamn i V\u00e4sterg\u00f6tland och \u00e4r f\u00f6rsamlingspr\u00e4st i Svenska Kyrkan f\u00f6r Dalstorps f\u00f6rsamling i Kinds pastorat. P\u00e5 den h\u00e4r bloggen skriver jag ner tankar om vandringen som kristen.\",\"sameAs\":[\"http:\/\/www.vandravagen.se\"],\"url\":\"https:\/\/blogg.svenskakyrkan.se\/vandravagen\/author\/vandravagen\/\"}]}<\/script>\n<!-- \/ Yoast SEO plugin. -->","yoast_head_json":{"title":"Att tjata h\u00e5l i huvet p\u00e5 Gud -och bevara tron - Vandra V\u00e4gen","description":"Tomas Jarvids predikan p\u00e5 b\u00f6ns\u00f6ndagen om att be och tjata p\u00e5 Gud utan att ge upp och att det g\u00f6r att vi inte ger upp.","robots":{"index":"index","follow":"follow","max-snippet":"max-snippet:-1","max-image-preview":"max-image-preview:large","max-video-preview":"max-video-preview:-1"},"canonical":"https:\/\/blogg.svenskakyrkan.se\/vandravagen\/2024\/05\/06\/att-tjata-hal-i-huvet-pa-gud-och-bevara-tron\/","og_locale":"sv_SE","og_type":"article","og_title":"Att tjata h\u00e5l i huvet p\u00e5 Gud -och bevara tron - Vandra V\u00e4gen","og_description":"Tomas Jarvids predikan p\u00e5 b\u00f6ns\u00f6ndagen om att be och tjata p\u00e5 Gud utan att ge upp och att det g\u00f6r att vi inte ger upp.","og_url":"https:\/\/blogg.svenskakyrkan.se\/vandravagen\/2024\/05\/06\/att-tjata-hal-i-huvet-pa-gud-och-bevara-tron\/","og_site_name":"Vandra V\u00e4gen","article_publisher":"http:\/\/facebook.com\/vandravagen","article_published_time":"2024-05-06T06:45:32+00:00","article_modified_time":"2024-05-06T06:45:33+00:00","og_image":[{"width":960,"height":641,"url":"http:\/\/blogg.svenskakyrkan.se\/vandravagen\/files\/2024\/05\/IMG_4216.jpg","type":"image\/jpeg"}],"author":"Tomas Jarvid","twitter_card":"summary_large_image","twitter_creator":"@fadertomas","twitter_site":"@fadertomas","twitter_misc":{"Skriven av":"Tomas Jarvid","Ber\u00e4knad l\u00e4stid":"8 minuter"},"schema":{"@context":"https:\/\/schema.org","@graph":[{"@type":"Article","@id":"https:\/\/blogg.svenskakyrkan.se\/vandravagen\/2024\/05\/06\/att-tjata-hal-i-huvet-pa-gud-och-bevara-tron\/#article","isPartOf":{"@id":"https:\/\/blogg.svenskakyrkan.se\/vandravagen\/2024\/05\/06\/att-tjata-hal-i-huvet-pa-gud-och-bevara-tron\/"},"author":{"name":"Tomas Jarvid","@id":"https:\/\/blogg.svenskakyrkan.se\/vandravagen\/#\/schema\/person\/25da02d4f76b137d04291711e2c9fc16"},"headline":"Att tjata h\u00e5l i huvet p\u00e5 Gud -och bevara tron","datePublished":"2024-05-06T06:45:32+00:00","dateModified":"2024-05-06T06:45:33+00:00","mainEntityOfPage":{"@id":"https:\/\/blogg.svenskakyrkan.se\/vandravagen\/2024\/05\/06\/att-tjata-hal-i-huvet-pa-gud-och-bevara-tron\/"},"wordCount":1809,"commentCount":6,"publisher":{"@id":"https:\/\/blogg.svenskakyrkan.se\/vandravagen\/#organization"},"image":{"@id":"https:\/\/blogg.svenskakyrkan.se\/vandravagen\/2024\/05\/06\/att-tjata-hal-i-huvet-pa-gud-och-bevara-tron\/#primaryimage"},"thumbnailUrl":"https:\/\/blogg.svenskakyrkan.se\/vandravagen\/files\/2024\/05\/IMG_4216.jpg","keywords":["Abraham","\u00e4nkan","be","bibeln","b\u00f6n","b\u00f6ns\u00f6ndagen","domaren","Jesus","kristen","kristen tro","kyrka","kyrkan","minjan","predikan","schutzpa"],"articleSection":["b\u00f6n","predikan"],"inLanguage":"sv-SE","potentialAction":[{"@type":"CommentAction","name":"Comment","target":["https:\/\/blogg.svenskakyrkan.se\/vandravagen\/2024\/05\/06\/att-tjata-hal-i-huvet-pa-gud-och-bevara-tron\/#respond"]}]},{"@type":"WebPage","@id":"https:\/\/blogg.svenskakyrkan.se\/vandravagen\/2024\/05\/06\/att-tjata-hal-i-huvet-pa-gud-och-bevara-tron\/","url":"https:\/\/blogg.svenskakyrkan.se\/vandravagen\/2024\/05\/06\/att-tjata-hal-i-huvet-pa-gud-och-bevara-tron\/","name":"Att tjata h\u00e5l i huvet p\u00e5 Gud -och bevara tron - Vandra V\u00e4gen","isPartOf":{"@id":"https:\/\/blogg.svenskakyrkan.se\/vandravagen\/#website"},"primaryImageOfPage":{"@id":"https:\/\/blogg.svenskakyrkan.se\/vandravagen\/2024\/05\/06\/att-tjata-hal-i-huvet-pa-gud-och-bevara-tron\/#primaryimage"},"image":{"@id":"https:\/\/blogg.svenskakyrkan.se\/vandravagen\/2024\/05\/06\/att-tjata-hal-i-huvet-pa-gud-och-bevara-tron\/#primaryimage"},"thumbnailUrl":"https:\/\/blogg.svenskakyrkan.se\/vandravagen\/files\/2024\/05\/IMG_4216.jpg","datePublished":"2024-05-06T06:45:32+00:00","dateModified":"2024-05-06T06:45:33+00:00","description":"Tomas Jarvids predikan p\u00e5 b\u00f6ns\u00f6ndagen om att be och tjata p\u00e5 Gud utan att ge upp och att det g\u00f6r att vi inte ger upp.","breadcrumb":{"@id":"https:\/\/blogg.svenskakyrkan.se\/vandravagen\/2024\/05\/06\/att-tjata-hal-i-huvet-pa-gud-och-bevara-tron\/#breadcrumb"},"inLanguage":"sv-SE","potentialAction":[{"@type":"ReadAction","target":["https:\/\/blogg.svenskakyrkan.se\/vandravagen\/2024\/05\/06\/att-tjata-hal-i-huvet-pa-gud-och-bevara-tron\/"]}]},{"@type":"ImageObject","inLanguage":"sv-SE","@id":"https:\/\/blogg.svenskakyrkan.se\/vandravagen\/2024\/05\/06\/att-tjata-hal-i-huvet-pa-gud-och-bevara-tron\/#primaryimage","url":"https:\/\/blogg.svenskakyrkan.se\/vandravagen\/files\/2024\/05\/IMG_4216.jpg","contentUrl":"https:\/\/blogg.svenskakyrkan.se\/vandravagen\/files\/2024\/05\/IMG_4216.jpg","width":960,"height":641,"caption":"ortodoxa kristna som ber"},{"@type":"BreadcrumbList","@id":"https:\/\/blogg.svenskakyrkan.se\/vandravagen\/2024\/05\/06\/att-tjata-hal-i-huvet-pa-gud-och-bevara-tron\/#breadcrumb","itemListElement":[{"@type":"ListItem","position":1,"name":"Hem","item":"https:\/\/blogg.svenskakyrkan.se\/vandravagen\/"},{"@type":"ListItem","position":2,"name":"Abraham","item":"https:\/\/blogg.svenskakyrkan.se\/vandravagen\/tag\/abraham\/"},{"@type":"ListItem","position":3,"name":"Att tjata h\u00e5l i huvet p\u00e5 Gud -och bevara tron"}]},{"@type":"WebSite","@id":"https:\/\/blogg.svenskakyrkan.se\/vandravagen\/#website","url":"https:\/\/blogg.svenskakyrkan.se\/vandravagen\/","name":"Vandra V\u00e4gen","description":"-Mot en tro f\u00f6r hela livet","publisher":{"@id":"https:\/\/blogg.svenskakyrkan.se\/vandravagen\/#organization"},"potentialAction":[{"@type":"SearchAction","target":{"@type":"EntryPoint","urlTemplate":"https:\/\/blogg.svenskakyrkan.se\/vandravagen\/?s={search_term_string}"},"query-input":{"@type":"PropertyValueSpecification","valueRequired":true,"valueName":"search_term_string"}}],"inLanguage":"sv-SE"},{"@type":"Organization","@id":"https:\/\/blogg.svenskakyrkan.se\/vandravagen\/#organization","name":"ulricehamns pastorat","alternateName":"ulricehamns pastorat","url":"https:\/\/blogg.svenskakyrkan.se\/vandravagen\/","logo":{"@type":"ImageObject","inLanguage":"sv-SE","@id":"https:\/\/blogg.svenskakyrkan.se\/vandravagen\/#\/schema\/logo\/image\/","url":"https:\/\/blogg.svenskakyrkan.se\/vandravagen\/files\/2023\/05\/Ulr_logo_RGB.png","contentUrl":"https:\/\/blogg.svenskakyrkan.se\/vandravagen\/files\/2023\/05\/Ulr_logo_RGB.png","width":205,"height":77,"caption":"ulricehamns pastorat"},"image":{"@id":"https:\/\/blogg.svenskakyrkan.se\/vandravagen\/#\/schema\/logo\/image\/"},"sameAs":["http:\/\/facebook.com\/vandravagen","https:\/\/x.com\/fadertomas","http:\/\/www.facebook.com\/svenskakyrkaniulricehamn"]},{"@type":"Person","@id":"https:\/\/blogg.svenskakyrkan.se\/vandravagen\/#\/schema\/person\/25da02d4f76b137d04291711e2c9fc16","name":"Tomas Jarvid","image":{"@type":"ImageObject","inLanguage":"sv-SE","@id":"https:\/\/blogg.svenskakyrkan.se\/vandravagen\/#\/schema\/person\/image\/","url":"https:\/\/secure.gravatar.com\/avatar\/7fa71899795e8f540f615a1f5ab25255dc27aa40f05ee7ddd21aac521e01bf50?s=96&d=identicon&r=g","contentUrl":"https:\/\/secure.gravatar.com\/avatar\/7fa71899795e8f540f615a1f5ab25255dc27aa40f05ee7ddd21aac521e01bf50?s=96&d=identicon&r=g","caption":"Tomas Jarvid"},"description":"Jag bor i Ulricehamn i V\u00e4sterg\u00f6tland och \u00e4r f\u00f6rsamlingspr\u00e4st i Svenska Kyrkan f\u00f6r Dalstorps f\u00f6rsamling i Kinds pastorat. P\u00e5 den h\u00e4r bloggen skriver jag ner tankar om vandringen som kristen.","sameAs":["http:\/\/www.vandravagen.se"],"url":"https:\/\/blogg.svenskakyrkan.se\/vandravagen\/author\/vandravagen\/"}]}},"author_meta":{"ID":"392","user_nicename":"vandravagen","user_url":"http:\/\/www.vandravagen.se","user_registered":"2014-05-19 05:44:52","display_name":"Tomas Jarvid","first_name":"Tomas","last_name":"Jarvid","avatar":"https:\/\/secure.gravatar.com\/avatar\/7fa71899795e8f540f615a1f5ab25255dc27aa40f05ee7ddd21aac521e01bf50?s=96&d=identicon&r=g"},"featured_image":["https:\/\/blogg.svenskakyrkan.se\/vandravagen\/files\/2024\/05\/IMG_4216.jpg",960,641,false],"bloginfo":{"name":"Vandra V\u00e4gen","url":"https:\/\/blogg.svenskakyrkan.se\/vandravagen"},"_links":{"self":[{"href":"https:\/\/blogg.svenskakyrkan.se\/vandravagen\/wp-json\/wp\/v2\/posts\/9937","targetHints":{"allow":["GET"]}}],"collection":[{"href":"https:\/\/blogg.svenskakyrkan.se\/vandravagen\/wp-json\/wp\/v2\/posts"}],"about":[{"href":"https:\/\/blogg.svenskakyrkan.se\/vandravagen\/wp-json\/wp\/v2\/types\/post"}],"author":[{"embeddable":true,"href":"https:\/\/blogg.svenskakyrkan.se\/vandravagen\/wp-json\/wp\/v2\/users\/392"}],"replies":[{"embeddable":true,"href":"https:\/\/blogg.svenskakyrkan.se\/vandravagen\/wp-json\/wp\/v2\/comments?post=9937"}],"version-history":[{"count":1,"href":"https:\/\/blogg.svenskakyrkan.se\/vandravagen\/wp-json\/wp\/v2\/posts\/9937\/revisions"}],"predecessor-version":[{"id":9939,"href":"https:\/\/blogg.svenskakyrkan.se\/vandravagen\/wp-json\/wp\/v2\/posts\/9937\/revisions\/9939"}],"wp:featuredmedia":[{"embeddable":true,"href":"https:\/\/blogg.svenskakyrkan.se\/vandravagen\/wp-json\/wp\/v2\/media\/9938"}],"wp:attachment":[{"href":"https:\/\/blogg.svenskakyrkan.se\/vandravagen\/wp-json\/wp\/v2\/media?parent=9937"}],"wp:term":[{"taxonomy":"category","embeddable":true,"href":"https:\/\/blogg.svenskakyrkan.se\/vandravagen\/wp-json\/wp\/v2\/categories?post=9937"},{"taxonomy":"post_tag","embeddable":true,"href":"https:\/\/blogg.svenskakyrkan.se\/vandravagen\/wp-json\/wp\/v2\/tags?post=9937"}],"curies":[{"name":"wp","href":"https:\/\/api.w.org\/{rel}","templated":true}]}}