{"id":9978,"date":"2024-05-27T07:00:00","date_gmt":"2024-05-27T05:00:00","guid":{"rendered":"https:\/\/blogg.svenskakyrkan.se\/vandravagen\/?p=9978"},"modified":"2024-05-26T22:08:15","modified_gmt":"2024-05-26T20:08:15","slug":"9-blandade-tankar-pa-mandagen-27","status":"publish","type":"post","link":"https:\/\/blogg.svenskakyrkan.se\/vandravagen\/2024\/05\/27\/9-blandade-tankar-pa-mandagen-27\/","title":{"rendered":"9 blandade tankar p\u00e5 m\u00e5ndagen"},"content":{"rendered":"\n<p class=\"is-style-intro\">Ny m\u00e5ndag, nya blandade tankar!<\/p>\n\n\n\n<figure class=\"wp-block-image size-large\"><img loading=\"lazy\" decoding=\"async\" width=\"1024\" height=\"768\" src=\"https:\/\/blogg.svenskakyrkan.se\/vandravagen\/files\/2024\/05\/stim-1024x768.jpeg\" alt=\"\" class=\"wp-image-9979\" srcset=\"https:\/\/blogg.svenskakyrkan.se\/vandravagen\/files\/2024\/05\/stim-1024x768.jpeg 1024w, https:\/\/blogg.svenskakyrkan.se\/vandravagen\/files\/2024\/05\/stim-300x225.jpeg 300w, https:\/\/blogg.svenskakyrkan.se\/vandravagen\/files\/2024\/05\/stim-768x576.jpeg 768w, https:\/\/blogg.svenskakyrkan.se\/vandravagen\/files\/2024\/05\/stim-1536x1152.jpeg 1536w, https:\/\/blogg.svenskakyrkan.se\/vandravagen\/files\/2024\/05\/stim-2048x1536.jpeg 2048w, https:\/\/blogg.svenskakyrkan.se\/vandravagen\/files\/2024\/05\/stim-1200x900.jpeg 1200w\" sizes=\"auto, (max-width: 1024px) 100vw, 1024px\" \/><\/figure>\n\n\n\n<ol class=\"wp-block-list\">\n<li>Glad m\u00e5ndag k\u00e4ra l\u00e4sare!<\/li>\n<\/ol>\n\n\n\n<p>2. Lite sena s\u00f6ndagstankar \u00e4nnu en g\u00e5ng. Ig\u00e5r var det annars en fin s\u00f6ndag med h\u00f6gm\u00e4ssa av det lite svettigare slaget, det d\u00e4r man f\u00f6rs\u00f6ker h\u00e5lla koll p\u00e5 sm\u00e5barn ist\u00e4llet f\u00f6r att &#8221;bara&#8221; leda alltihop. Fint var det i alla fall och dessutom kyrklunch och barnk\u00f6ravslutningst\u00e5rta efter\u00e5t.<\/p>\n\n\n\n<p>3. Det kom ocks\u00e5 rej\u00e4lt med regn. Och \u00e5ska. Det ska st\u00e5 i bondepraktikan att det inte kan regna f\u00f6r mycket f\u00f6re midsommar. Hoppas i alla fall att f\u00e5 forts\u00e4tta se solen s\u00e5 ofta som m\u00f6jligt.<\/p>\n\n\n\n<p>4. Odlingen \u00e4r ocks\u00e5 ig\u00e5ng. Snigeljakten har b\u00f6rjat h\u00e4r i l\u00e5dorna i tr\u00e4dg\u00e5rden (en kamp utan slut och ofta full av f\u00f6rtvivlan) och s\u00e5 \u00e4r allt redo f\u00f6r att s\u00e4tta saker i jorden i v\u00e5ra st\u00f6rre odlingar ute p\u00e5 min farmors f\u00f6delseg\u00e5rd utanf\u00f6r stan.<\/p>\n\n\n\n<p>5. Jag har ocks\u00e5 f\u00e5tt krypa till korset och \u00e5terv\u00e4nt till min sjukgymnast f\u00f6r att komma tillr\u00e4tta med en del besv\u00e4r med min arm jag skadade f\u00f6r ett \u00e5r sedan. Tillbaka p\u00e5 r\u00e4tt enkla \u00f6vningar, hoppas det snart kan bli b\u00e4ttre. Tydligen har jag v\u00e4ldigt svaga triceps. Har jag v\u00e4l alltid haft men jaja ni fattar.<\/p>\n\n\n\n<p>6. Jag uppt\u00e4ckte just att jag kan b\u00e4dda in l\u00e4nkar s\u00e5h\u00e4r i bloggtexten! H\u00e4r kommer till exempel en gammal text om treenigheten lagom vid helga trefaldighets dag:<\/p>\n\n\n\n<figure class=\"wp-block-embed is-type-wp-embed is-provider-vandra-vagen wp-block-embed-vandra-vagen\"><div class=\"wp-block-embed__wrapper\">\n<blockquote class=\"wp-embedded-content\" data-secret=\"uBhLS50scf\"><a href=\"https:\/\/blogg.svenskakyrkan.se\/vandravagen\/2015\/06\/17\/en-bra-bild-av-treenigheten-2\/\">En BRA bild av treenigheten<\/a><\/blockquote><iframe loading=\"lazy\" class=\"wp-embedded-content\" sandbox=\"allow-scripts\" security=\"restricted\" style=\"position: absolute; visibility: hidden;\" title=\"\u201dEn BRA bild av treenigheten\u201d &ndash; Vandra V\u00e4gen\" src=\"https:\/\/blogg.svenskakyrkan.se\/vandravagen\/2015\/06\/17\/en-bra-bild-av-treenigheten-2\/embed\/#?secret=aBFoPtPoIY#?secret=uBhLS50scf\" data-secret=\"uBhLS50scf\" width=\"500\" height=\"282\" frameborder=\"0\" marginwidth=\"0\" marginheight=\"0\" scrolling=\"no\"><\/iframe>\n<\/div><\/figure>\n\n\n\n<p>7. Bilden f\u00f6rest\u00e4ller att det \u00e4r mer grodyngel \u00e4n jag n\u00e5gonsin sett f\u00f6rut vid dammen i n\u00e4rheten jag brukar cykla till med barnen. Och r\u00e4tt m\u00e5nga snokar ocks\u00e5 har det visat sig. Mycket av mycket i skogen just nu f\u00f6r det blommar ocks\u00e5 v\u00e4ldigt av alla m\u00f6jliga sorters b\u00e4r vilket jag f\u00f6rst\u00e5s ivrigt noterar och hoppas p\u00e5 en bra b\u00e4rs\u00e4song.<\/p>\n\n\n\n<p>8. Det verkar slumpa sig att jag har v\u00e4ldigt f\u00e5 vigslar \u00e4ven i \u00e5r men i l\u00f6rdags hade jag en v\u00e4ldigt fin \u00e4nda borta i J\u00e4llby kyrka (ligger v\u00e4ldigt avsides men v\u00e4rd ett bes\u00f6k, \u00f6ppet f\u00f6r bes\u00f6kande!).<\/p>\n\n\n\n<p>9. Hur har du det denna m\u00e5ndag? Skriv en rad och ber\u00e4tta!<\/p>\n\n\n<div id=\"latest-posts-block_e3ec1e99542f7312ec36dc3ef2ff733e\"  class=\"b-latest-posts alignfull\">\n    \n    \n    <div class=\"wp-block-query alignfull is-layout-flow wp-block-query-is-layout-flow\">\n        <h2>Senaste inl\u00e4gg<\/h2>\n        <ul class=\"is-flex-container columns-3 alignfull latest-posts__content wp-block-post-template is-layout-flow wp-block-post-template-is-layout-flow\"><li class=\"wp-block-post post-10796 post type-post status-publish format-standard has-post-thumbnail hentry category-blandat\">\n            \n            <div class=\"wp-block-group post__content is-layout-flow wp-block-group-is-layout-flow\">\n                <figure style=\"margin-bottom:var(--wp--preset--spacing--50);\" class=\"wp-block-post-featured-image\"><a href=\"https:\/\/blogg.svenskakyrkan.se\/vandravagen\/2026\/04\/20\/11-blandade-tankar-pa-fodelsedagen\/\" target=\"_self\"  ><img loading=\"lazy\" decoding=\"async\" width=\"983\" height=\"821\" src=\"https:\/\/blogg.svenskakyrkan.se\/vandravagen\/files\/2026\/04\/armborst.jpg\" class=\"attachment-post-thumbnail size-post-thumbnail wp-post-image\" alt=\"11 blandade tankar p\u00e5 f\u00f6delsedagen\" style=\"object-fit:cover;\" srcset=\"https:\/\/blogg.svenskakyrkan.se\/vandravagen\/files\/2026\/04\/armborst.jpg 983w, https:\/\/blogg.svenskakyrkan.se\/vandravagen\/files\/2026\/04\/armborst-300x251.jpg 300w, https:\/\/blogg.svenskakyrkan.se\/vandravagen\/files\/2026\/04\/armborst-768x641.jpg 768w\" sizes=\"auto, (max-width: 983px) 100vw, 983px\" \/><\/a><\/figure>\n                <h2 class=\"wp-block-post-title has-h-3-font-size\"><a href=\"https:\/\/blogg.svenskakyrkan.se\/vandravagen\/2026\/04\/20\/11-blandade-tankar-pa-fodelsedagen\/\" target=\"_self\" >11 blandade tankar p\u00e5 f\u00f6delsedagen<\/a><\/h2>\n                <div class=\"wp-block-post-date\"><time datetime=\"2026-04-20T21:48:56+02:00\">20 april, 2026<\/time><\/div>\n                <div class=\"wp-block-post-excerpt\"><p class=\"wp-block-post-excerpt__excerpt\">Ny f\u00f6delsedag, nya blandade tankar!<\/p><\/div>\n            <\/div>\n            \n        <\/li><li class=\"wp-block-post post-10792 post type-post status-publish format-standard has-post-thumbnail hentry category-blandat\">\n            \n            <div class=\"wp-block-group post__content is-layout-flow wp-block-group-is-layout-flow\">\n                <figure style=\"margin-bottom:var(--wp--preset--spacing--50);\" class=\"wp-block-post-featured-image\"><a href=\"https:\/\/blogg.svenskakyrkan.se\/vandravagen\/2026\/04\/12\/9-blandade-tankar-pa-andra-pasksondagen\/\" target=\"_self\"  ><img loading=\"lazy\" decoding=\"async\" width=\"1920\" height=\"2560\" src=\"https:\/\/blogg.svenskakyrkan.se\/vandravagen\/files\/2026\/04\/IMG_8832-scaled.jpg\" class=\"attachment-post-thumbnail size-post-thumbnail wp-post-image\" alt=\"9 blandade tankar p\u00e5 andra p\u00e5sks\u00f6ndagen\" style=\"object-fit:cover;\" srcset=\"https:\/\/blogg.svenskakyrkan.se\/vandravagen\/files\/2026\/04\/IMG_8832-scaled.jpg 1920w, https:\/\/blogg.svenskakyrkan.se\/vandravagen\/files\/2026\/04\/IMG_8832-300x400.jpg 300w, https:\/\/blogg.svenskakyrkan.se\/vandravagen\/files\/2026\/04\/IMG_8832-1024x1365.jpg 1024w, https:\/\/blogg.svenskakyrkan.se\/vandravagen\/files\/2026\/04\/IMG_8832-768x1024.jpg 768w, https:\/\/blogg.svenskakyrkan.se\/vandravagen\/files\/2026\/04\/IMG_8832-1152x1536.jpg 1152w, https:\/\/blogg.svenskakyrkan.se\/vandravagen\/files\/2026\/04\/IMG_8832-1536x2048.jpg 1536w, https:\/\/blogg.svenskakyrkan.se\/vandravagen\/files\/2026\/04\/IMG_8832-1200x1600.jpg 1200w\" sizes=\"auto, (max-width: 1920px) 100vw, 1920px\" \/><\/a><\/figure>\n                <h2 class=\"wp-block-post-title has-h-3-font-size\"><a href=\"https:\/\/blogg.svenskakyrkan.se\/vandravagen\/2026\/04\/12\/9-blandade-tankar-pa-andra-pasksondagen\/\" target=\"_self\" >9 blandade tankar p\u00e5 andra p\u00e5sks\u00f6ndagen<\/a><\/h2>\n                <div class=\"wp-block-post-date\"><time datetime=\"2026-04-12T23:18:21+02:00\">12 april, 2026<\/time><\/div>\n                <div class=\"wp-block-post-excerpt\"><p class=\"wp-block-post-excerpt__excerpt\">Ny s\u00f6ndag, nya blandade tankar!<\/p><\/div>\n            <\/div>\n            \n        <\/li><li class=\"wp-block-post post-10783 post type-post status-publish format-standard has-post-thumbnail hentry category-kyrkoaret category-pask category-predikan tag-anglar tag-bibeln tag-evangelium tag-graven tag-jesus tag-kristen tag-kristen-tro tag-kvinnor tag-kyrka tag-kyrkan tag-ljus tag-lukas tag-omojligt tag-pask tag-predikan tag-uppstandelse\">\n            \n            <div class=\"wp-block-group post__content is-layout-flow wp-block-group-is-layout-flow\">\n                <figure style=\"margin-bottom:var(--wp--preset--spacing--50);\" class=\"wp-block-post-featured-image\"><a href=\"https:\/\/blogg.svenskakyrkan.se\/vandravagen\/2026\/04\/06\/vi-ar-kvinnorna-vid-graven\/\" target=\"_self\"  ><img loading=\"lazy\" decoding=\"async\" width=\"593\" height=\"776\" src=\"https:\/\/blogg.svenskakyrkan.se\/vandravagen\/files\/2026\/04\/dodens-gap.jpg\" class=\"attachment-post-thumbnail size-post-thumbnail wp-post-image\" alt=\"Vi \u00e4r kvinnorna vid graven\" style=\"object-fit:cover;\" srcset=\"https:\/\/blogg.svenskakyrkan.se\/vandravagen\/files\/2026\/04\/dodens-gap.jpg 593w, https:\/\/blogg.svenskakyrkan.se\/vandravagen\/files\/2026\/04\/dodens-gap-300x393.jpg 300w\" sizes=\"auto, (max-width: 593px) 100vw, 593px\" \/><\/a><\/figure>\n                <h2 class=\"wp-block-post-title has-h-3-font-size\"><a href=\"https:\/\/blogg.svenskakyrkan.se\/vandravagen\/2026\/04\/06\/vi-ar-kvinnorna-vid-graven\/\" target=\"_self\" >Vi \u00e4r kvinnorna vid graven<\/a><\/h2>\n                <div class=\"wp-block-post-date\"><time datetime=\"2026-04-06T18:53:58+02:00\">6 april, 2026<\/time><\/div>\n                <div class=\"wp-block-post-excerpt\"><p class=\"wp-block-post-excerpt__excerpt\">Min predikan fr\u00e5n p\u00e5sknatten i Ulricehamns kyrka<\/p><\/div>\n            <\/div>\n            \n        <\/li><\/ul>\n        \n    <\/div>\n    <\/div>\n","protected":false},"excerpt":{"rendered":"<p>Ny m\u00e5ndag, nya blandade tankar! 2. Lite sena s\u00f6ndagstankar \u00e4nnu en g\u00e5ng. Ig\u00e5r var det annars en fin s\u00f6ndag med h\u00f6gm\u00e4ssa av det lite svettigare slaget, det d\u00e4r man f\u00f6rs\u00f6ker h\u00e5lla koll p\u00e5 sm\u00e5barn ist\u00e4llet f\u00f6r att &#8221;bara&#8221; leda alltihop. Fint var det i alla fall och dessutom kyrklunch och barnk\u00f6ravslutningst\u00e5rta efter\u00e5t. 3. Det kom [&hellip;]<\/p>\n","protected":false},"author":392,"featured_media":9979,"comment_status":"open","ping_status":"open","sticky":false,"template":"","format":"standard","meta":{"_acf_changed":false,"footnotes":""},"categories":[9],"tags":[],"class_list":["post-9978","post","type-post","status-publish","format-standard","has-post-thumbnail","hentry","category-okategoriserade"],"acf":[],"yoast_head":"<!-- This site is optimized with the Yoast SEO plugin v27.1.1 - https:\/\/yoast.com\/product\/yoast-seo-wordpress\/ -->\n<title>9 blandade tankar p\u00e5 m\u00e5ndagen - Vandra V\u00e4gen<\/title>\n<meta name=\"robots\" content=\"index, follow, max-snippet:-1, max-image-preview:large, max-video-preview:-1\" \/>\n<link rel=\"canonical\" href=\"https:\/\/blogg.svenskakyrkan.se\/vandravagen\/2024\/05\/27\/9-blandade-tankar-pa-mandagen-27\/\" \/>\n<meta property=\"og:locale\" content=\"sv_SE\" \/>\n<meta property=\"og:type\" content=\"article\" \/>\n<meta property=\"og:title\" content=\"9 blandade tankar p\u00e5 m\u00e5ndagen - Vandra V\u00e4gen\" \/>\n<meta property=\"og:description\" content=\"Ny m\u00e5ndag, nya blandade tankar! 2. Lite sena s\u00f6ndagstankar \u00e4nnu en g\u00e5ng. Ig\u00e5r var det annars en fin s\u00f6ndag med h\u00f6gm\u00e4ssa av det lite svettigare slaget, det d\u00e4r man f\u00f6rs\u00f6ker h\u00e5lla koll p\u00e5 sm\u00e5barn ist\u00e4llet f\u00f6r att &#8221;bara&#8221; leda alltihop. Fint var det i alla fall och dessutom kyrklunch och barnk\u00f6ravslutningst\u00e5rta efter\u00e5t. 3. Det kom [&hellip;]\" \/>\n<meta property=\"og:url\" content=\"https:\/\/blogg.svenskakyrkan.se\/vandravagen\/2024\/05\/27\/9-blandade-tankar-pa-mandagen-27\/\" \/>\n<meta property=\"og:site_name\" content=\"Vandra V\u00e4gen\" \/>\n<meta property=\"article:publisher\" content=\"http:\/\/facebook.com\/vandravagen\" \/>\n<meta property=\"article:published_time\" content=\"2024-05-27T05:00:00+00:00\" \/>\n<meta property=\"og:image\" content=\"https:\/\/blogg.svenskakyrkan.se\/vandravagen\/files\/2024\/05\/stim-scaled.jpeg\" \/>\n\t<meta property=\"og:image:width\" content=\"2560\" \/>\n\t<meta property=\"og:image:height\" content=\"1920\" \/>\n\t<meta property=\"og:image:type\" content=\"image\/jpeg\" \/>\n<meta name=\"author\" content=\"Tomas Jarvid\" \/>\n<meta name=\"twitter:card\" content=\"summary_large_image\" \/>\n<meta name=\"twitter:creator\" content=\"@fadertomas\" \/>\n<meta name=\"twitter:site\" content=\"@fadertomas\" \/>\n<meta name=\"twitter:label1\" content=\"Skriven av\" \/>\n\t<meta name=\"twitter:data1\" content=\"Tomas Jarvid\" \/>\n\t<meta name=\"twitter:label2\" content=\"Ber\u00e4knad l\u00e4stid\" \/>\n\t<meta name=\"twitter:data2\" content=\"3 minuter\" \/>\n<script type=\"application\/ld+json\" class=\"yoast-schema-graph\">{\"@context\":\"https:\/\/schema.org\",\"@graph\":[{\"@type\":\"Article\",\"@id\":\"https:\/\/blogg.svenskakyrkan.se\/vandravagen\/2024\/05\/27\/9-blandade-tankar-pa-mandagen-27\/#article\",\"isPartOf\":{\"@id\":\"https:\/\/blogg.svenskakyrkan.se\/vandravagen\/2024\/05\/27\/9-blandade-tankar-pa-mandagen-27\/\"},\"author\":{\"name\":\"Tomas Jarvid\",\"@id\":\"https:\/\/blogg.svenskakyrkan.se\/vandravagen\/#\/schema\/person\/25da02d4f76b137d04291711e2c9fc16\"},\"headline\":\"9 blandade tankar p\u00e5 m\u00e5ndagen\",\"datePublished\":\"2024-05-27T05:00:00+00:00\",\"mainEntityOfPage\":{\"@id\":\"https:\/\/blogg.svenskakyrkan.se\/vandravagen\/2024\/05\/27\/9-blandade-tankar-pa-mandagen-27\/\"},\"wordCount\":412,\"commentCount\":2,\"publisher\":{\"@id\":\"https:\/\/blogg.svenskakyrkan.se\/vandravagen\/#organization\"},\"image\":{\"@id\":\"https:\/\/blogg.svenskakyrkan.se\/vandravagen\/2024\/05\/27\/9-blandade-tankar-pa-mandagen-27\/#primaryimage\"},\"thumbnailUrl\":\"https:\/\/blogg.svenskakyrkan.se\/vandravagen\/files\/2024\/05\/stim-scaled.jpeg\",\"inLanguage\":\"sv-SE\",\"potentialAction\":[{\"@type\":\"CommentAction\",\"name\":\"Comment\",\"target\":[\"https:\/\/blogg.svenskakyrkan.se\/vandravagen\/2024\/05\/27\/9-blandade-tankar-pa-mandagen-27\/#respond\"]}]},{\"@type\":\"WebPage\",\"@id\":\"https:\/\/blogg.svenskakyrkan.se\/vandravagen\/2024\/05\/27\/9-blandade-tankar-pa-mandagen-27\/\",\"url\":\"https:\/\/blogg.svenskakyrkan.se\/vandravagen\/2024\/05\/27\/9-blandade-tankar-pa-mandagen-27\/\",\"name\":\"9 blandade tankar p\u00e5 m\u00e5ndagen - Vandra V\u00e4gen\",\"isPartOf\":{\"@id\":\"https:\/\/blogg.svenskakyrkan.se\/vandravagen\/#website\"},\"primaryImageOfPage\":{\"@id\":\"https:\/\/blogg.svenskakyrkan.se\/vandravagen\/2024\/05\/27\/9-blandade-tankar-pa-mandagen-27\/#primaryimage\"},\"image\":{\"@id\":\"https:\/\/blogg.svenskakyrkan.se\/vandravagen\/2024\/05\/27\/9-blandade-tankar-pa-mandagen-27\/#primaryimage\"},\"thumbnailUrl\":\"https:\/\/blogg.svenskakyrkan.se\/vandravagen\/files\/2024\/05\/stim-scaled.jpeg\",\"datePublished\":\"2024-05-27T05:00:00+00:00\",\"breadcrumb\":{\"@id\":\"https:\/\/blogg.svenskakyrkan.se\/vandravagen\/2024\/05\/27\/9-blandade-tankar-pa-mandagen-27\/#breadcrumb\"},\"inLanguage\":\"sv-SE\",\"potentialAction\":[{\"@type\":\"ReadAction\",\"target\":[\"https:\/\/blogg.svenskakyrkan.se\/vandravagen\/2024\/05\/27\/9-blandade-tankar-pa-mandagen-27\/\"]}]},{\"@type\":\"ImageObject\",\"inLanguage\":\"sv-SE\",\"@id\":\"https:\/\/blogg.svenskakyrkan.se\/vandravagen\/2024\/05\/27\/9-blandade-tankar-pa-mandagen-27\/#primaryimage\",\"url\":\"https:\/\/blogg.svenskakyrkan.se\/vandravagen\/files\/2024\/05\/stim-scaled.jpeg\",\"contentUrl\":\"https:\/\/blogg.svenskakyrkan.se\/vandravagen\/files\/2024\/05\/stim-scaled.jpeg\",\"width\":2560,\"height\":1920},{\"@type\":\"BreadcrumbList\",\"@id\":\"https:\/\/blogg.svenskakyrkan.se\/vandravagen\/2024\/05\/27\/9-blandade-tankar-pa-mandagen-27\/#breadcrumb\",\"itemListElement\":[{\"@type\":\"ListItem\",\"position\":1,\"name\":\"Hem\",\"item\":\"https:\/\/blogg.svenskakyrkan.se\/vandravagen\/\"},{\"@type\":\"ListItem\",\"position\":2,\"name\":\"9 blandade tankar p\u00e5 m\u00e5ndagen\"}]},{\"@type\":\"WebSite\",\"@id\":\"https:\/\/blogg.svenskakyrkan.se\/vandravagen\/#website\",\"url\":\"https:\/\/blogg.svenskakyrkan.se\/vandravagen\/\",\"name\":\"Vandra V\u00e4gen\",\"description\":\"-Mot en tro f\u00f6r hela livet\",\"publisher\":{\"@id\":\"https:\/\/blogg.svenskakyrkan.se\/vandravagen\/#organization\"},\"potentialAction\":[{\"@type\":\"SearchAction\",\"target\":{\"@type\":\"EntryPoint\",\"urlTemplate\":\"https:\/\/blogg.svenskakyrkan.se\/vandravagen\/?s={search_term_string}\"},\"query-input\":{\"@type\":\"PropertyValueSpecification\",\"valueRequired\":true,\"valueName\":\"search_term_string\"}}],\"inLanguage\":\"sv-SE\"},{\"@type\":\"Organization\",\"@id\":\"https:\/\/blogg.svenskakyrkan.se\/vandravagen\/#organization\",\"name\":\"ulricehamns pastorat\",\"alternateName\":\"ulricehamns pastorat\",\"url\":\"https:\/\/blogg.svenskakyrkan.se\/vandravagen\/\",\"logo\":{\"@type\":\"ImageObject\",\"inLanguage\":\"sv-SE\",\"@id\":\"https:\/\/blogg.svenskakyrkan.se\/vandravagen\/#\/schema\/logo\/image\/\",\"url\":\"https:\/\/blogg.svenskakyrkan.se\/vandravagen\/files\/2023\/05\/Ulr_logo_RGB.png\",\"contentUrl\":\"https:\/\/blogg.svenskakyrkan.se\/vandravagen\/files\/2023\/05\/Ulr_logo_RGB.png\",\"width\":205,\"height\":77,\"caption\":\"ulricehamns pastorat\"},\"image\":{\"@id\":\"https:\/\/blogg.svenskakyrkan.se\/vandravagen\/#\/schema\/logo\/image\/\"},\"sameAs\":[\"http:\/\/facebook.com\/vandravagen\",\"https:\/\/x.com\/fadertomas\",\"http:\/\/www.facebook.com\/svenskakyrkaniulricehamn\"]},{\"@type\":\"Person\",\"@id\":\"https:\/\/blogg.svenskakyrkan.se\/vandravagen\/#\/schema\/person\/25da02d4f76b137d04291711e2c9fc16\",\"name\":\"Tomas Jarvid\",\"image\":{\"@type\":\"ImageObject\",\"inLanguage\":\"sv-SE\",\"@id\":\"https:\/\/blogg.svenskakyrkan.se\/vandravagen\/#\/schema\/person\/image\/\",\"url\":\"https:\/\/secure.gravatar.com\/avatar\/7fa71899795e8f540f615a1f5ab25255dc27aa40f05ee7ddd21aac521e01bf50?s=96&d=identicon&r=g\",\"contentUrl\":\"https:\/\/secure.gravatar.com\/avatar\/7fa71899795e8f540f615a1f5ab25255dc27aa40f05ee7ddd21aac521e01bf50?s=96&d=identicon&r=g\",\"caption\":\"Tomas Jarvid\"},\"description\":\"Jag bor i Ulricehamn i V\u00e4sterg\u00f6tland och \u00e4r f\u00f6rsamlingspr\u00e4st i Svenska Kyrkan f\u00f6r Dalstorps f\u00f6rsamling i Kinds pastorat. P\u00e5 den h\u00e4r bloggen skriver jag ner tankar om vandringen som kristen.\",\"sameAs\":[\"http:\/\/www.vandravagen.se\"],\"url\":\"https:\/\/blogg.svenskakyrkan.se\/vandravagen\/author\/vandravagen\/\"}]}<\/script>\n<!-- \/ Yoast SEO plugin. -->","yoast_head_json":{"title":"9 blandade tankar p\u00e5 m\u00e5ndagen - Vandra V\u00e4gen","robots":{"index":"index","follow":"follow","max-snippet":"max-snippet:-1","max-image-preview":"max-image-preview:large","max-video-preview":"max-video-preview:-1"},"canonical":"https:\/\/blogg.svenskakyrkan.se\/vandravagen\/2024\/05\/27\/9-blandade-tankar-pa-mandagen-27\/","og_locale":"sv_SE","og_type":"article","og_title":"9 blandade tankar p\u00e5 m\u00e5ndagen - Vandra V\u00e4gen","og_description":"Ny m\u00e5ndag, nya blandade tankar! 2. Lite sena s\u00f6ndagstankar \u00e4nnu en g\u00e5ng. Ig\u00e5r var det annars en fin s\u00f6ndag med h\u00f6gm\u00e4ssa av det lite svettigare slaget, det d\u00e4r man f\u00f6rs\u00f6ker h\u00e5lla koll p\u00e5 sm\u00e5barn ist\u00e4llet f\u00f6r att &#8221;bara&#8221; leda alltihop. Fint var det i alla fall och dessutom kyrklunch och barnk\u00f6ravslutningst\u00e5rta efter\u00e5t. 3. Det kom [&hellip;]","og_url":"https:\/\/blogg.svenskakyrkan.se\/vandravagen\/2024\/05\/27\/9-blandade-tankar-pa-mandagen-27\/","og_site_name":"Vandra V\u00e4gen","article_publisher":"http:\/\/facebook.com\/vandravagen","article_published_time":"2024-05-27T05:00:00+00:00","og_image":[{"width":2560,"height":1920,"url":"https:\/\/blogg.svenskakyrkan.se\/vandravagen\/files\/2024\/05\/stim-scaled.jpeg","type":"image\/jpeg"}],"author":"Tomas Jarvid","twitter_card":"summary_large_image","twitter_creator":"@fadertomas","twitter_site":"@fadertomas","twitter_misc":{"Skriven av":"Tomas Jarvid","Ber\u00e4knad l\u00e4stid":"3 minuter"},"schema":{"@context":"https:\/\/schema.org","@graph":[{"@type":"Article","@id":"https:\/\/blogg.svenskakyrkan.se\/vandravagen\/2024\/05\/27\/9-blandade-tankar-pa-mandagen-27\/#article","isPartOf":{"@id":"https:\/\/blogg.svenskakyrkan.se\/vandravagen\/2024\/05\/27\/9-blandade-tankar-pa-mandagen-27\/"},"author":{"name":"Tomas Jarvid","@id":"https:\/\/blogg.svenskakyrkan.se\/vandravagen\/#\/schema\/person\/25da02d4f76b137d04291711e2c9fc16"},"headline":"9 blandade tankar p\u00e5 m\u00e5ndagen","datePublished":"2024-05-27T05:00:00+00:00","mainEntityOfPage":{"@id":"https:\/\/blogg.svenskakyrkan.se\/vandravagen\/2024\/05\/27\/9-blandade-tankar-pa-mandagen-27\/"},"wordCount":412,"commentCount":2,"publisher":{"@id":"https:\/\/blogg.svenskakyrkan.se\/vandravagen\/#organization"},"image":{"@id":"https:\/\/blogg.svenskakyrkan.se\/vandravagen\/2024\/05\/27\/9-blandade-tankar-pa-mandagen-27\/#primaryimage"},"thumbnailUrl":"https:\/\/blogg.svenskakyrkan.se\/vandravagen\/files\/2024\/05\/stim-scaled.jpeg","inLanguage":"sv-SE","potentialAction":[{"@type":"CommentAction","name":"Comment","target":["https:\/\/blogg.svenskakyrkan.se\/vandravagen\/2024\/05\/27\/9-blandade-tankar-pa-mandagen-27\/#respond"]}]},{"@type":"WebPage","@id":"https:\/\/blogg.svenskakyrkan.se\/vandravagen\/2024\/05\/27\/9-blandade-tankar-pa-mandagen-27\/","url":"https:\/\/blogg.svenskakyrkan.se\/vandravagen\/2024\/05\/27\/9-blandade-tankar-pa-mandagen-27\/","name":"9 blandade tankar p\u00e5 m\u00e5ndagen - Vandra V\u00e4gen","isPartOf":{"@id":"https:\/\/blogg.svenskakyrkan.se\/vandravagen\/#website"},"primaryImageOfPage":{"@id":"https:\/\/blogg.svenskakyrkan.se\/vandravagen\/2024\/05\/27\/9-blandade-tankar-pa-mandagen-27\/#primaryimage"},"image":{"@id":"https:\/\/blogg.svenskakyrkan.se\/vandravagen\/2024\/05\/27\/9-blandade-tankar-pa-mandagen-27\/#primaryimage"},"thumbnailUrl":"https:\/\/blogg.svenskakyrkan.se\/vandravagen\/files\/2024\/05\/stim-scaled.jpeg","datePublished":"2024-05-27T05:00:00+00:00","breadcrumb":{"@id":"https:\/\/blogg.svenskakyrkan.se\/vandravagen\/2024\/05\/27\/9-blandade-tankar-pa-mandagen-27\/#breadcrumb"},"inLanguage":"sv-SE","potentialAction":[{"@type":"ReadAction","target":["https:\/\/blogg.svenskakyrkan.se\/vandravagen\/2024\/05\/27\/9-blandade-tankar-pa-mandagen-27\/"]}]},{"@type":"ImageObject","inLanguage":"sv-SE","@id":"https:\/\/blogg.svenskakyrkan.se\/vandravagen\/2024\/05\/27\/9-blandade-tankar-pa-mandagen-27\/#primaryimage","url":"https:\/\/blogg.svenskakyrkan.se\/vandravagen\/files\/2024\/05\/stim-scaled.jpeg","contentUrl":"https:\/\/blogg.svenskakyrkan.se\/vandravagen\/files\/2024\/05\/stim-scaled.jpeg","width":2560,"height":1920},{"@type":"BreadcrumbList","@id":"https:\/\/blogg.svenskakyrkan.se\/vandravagen\/2024\/05\/27\/9-blandade-tankar-pa-mandagen-27\/#breadcrumb","itemListElement":[{"@type":"ListItem","position":1,"name":"Hem","item":"https:\/\/blogg.svenskakyrkan.se\/vandravagen\/"},{"@type":"ListItem","position":2,"name":"9 blandade tankar p\u00e5 m\u00e5ndagen"}]},{"@type":"WebSite","@id":"https:\/\/blogg.svenskakyrkan.se\/vandravagen\/#website","url":"https:\/\/blogg.svenskakyrkan.se\/vandravagen\/","name":"Vandra V\u00e4gen","description":"-Mot en tro f\u00f6r hela livet","publisher":{"@id":"https:\/\/blogg.svenskakyrkan.se\/vandravagen\/#organization"},"potentialAction":[{"@type":"SearchAction","target":{"@type":"EntryPoint","urlTemplate":"https:\/\/blogg.svenskakyrkan.se\/vandravagen\/?s={search_term_string}"},"query-input":{"@type":"PropertyValueSpecification","valueRequired":true,"valueName":"search_term_string"}}],"inLanguage":"sv-SE"},{"@type":"Organization","@id":"https:\/\/blogg.svenskakyrkan.se\/vandravagen\/#organization","name":"ulricehamns pastorat","alternateName":"ulricehamns pastorat","url":"https:\/\/blogg.svenskakyrkan.se\/vandravagen\/","logo":{"@type":"ImageObject","inLanguage":"sv-SE","@id":"https:\/\/blogg.svenskakyrkan.se\/vandravagen\/#\/schema\/logo\/image\/","url":"https:\/\/blogg.svenskakyrkan.se\/vandravagen\/files\/2023\/05\/Ulr_logo_RGB.png","contentUrl":"https:\/\/blogg.svenskakyrkan.se\/vandravagen\/files\/2023\/05\/Ulr_logo_RGB.png","width":205,"height":77,"caption":"ulricehamns pastorat"},"image":{"@id":"https:\/\/blogg.svenskakyrkan.se\/vandravagen\/#\/schema\/logo\/image\/"},"sameAs":["http:\/\/facebook.com\/vandravagen","https:\/\/x.com\/fadertomas","http:\/\/www.facebook.com\/svenskakyrkaniulricehamn"]},{"@type":"Person","@id":"https:\/\/blogg.svenskakyrkan.se\/vandravagen\/#\/schema\/person\/25da02d4f76b137d04291711e2c9fc16","name":"Tomas Jarvid","image":{"@type":"ImageObject","inLanguage":"sv-SE","@id":"https:\/\/blogg.svenskakyrkan.se\/vandravagen\/#\/schema\/person\/image\/","url":"https:\/\/secure.gravatar.com\/avatar\/7fa71899795e8f540f615a1f5ab25255dc27aa40f05ee7ddd21aac521e01bf50?s=96&d=identicon&r=g","contentUrl":"https:\/\/secure.gravatar.com\/avatar\/7fa71899795e8f540f615a1f5ab25255dc27aa40f05ee7ddd21aac521e01bf50?s=96&d=identicon&r=g","caption":"Tomas Jarvid"},"description":"Jag bor i Ulricehamn i V\u00e4sterg\u00f6tland och \u00e4r f\u00f6rsamlingspr\u00e4st i Svenska Kyrkan f\u00f6r Dalstorps f\u00f6rsamling i Kinds pastorat. P\u00e5 den h\u00e4r bloggen skriver jag ner tankar om vandringen som kristen.","sameAs":["http:\/\/www.vandravagen.se"],"url":"https:\/\/blogg.svenskakyrkan.se\/vandravagen\/author\/vandravagen\/"}]}},"author_meta":{"ID":"392","user_nicename":"vandravagen","user_url":"http:\/\/www.vandravagen.se","user_registered":"2014-05-19 05:44:52","display_name":"Tomas Jarvid","first_name":"Tomas","last_name":"Jarvid","avatar":"https:\/\/secure.gravatar.com\/avatar\/7fa71899795e8f540f615a1f5ab25255dc27aa40f05ee7ddd21aac521e01bf50?s=96&d=identicon&r=g"},"featured_image":["https:\/\/blogg.svenskakyrkan.se\/vandravagen\/files\/2024\/05\/stim-1024x768.jpeg",1024,768,true],"bloginfo":{"name":"Vandra V\u00e4gen","url":"https:\/\/blogg.svenskakyrkan.se\/vandravagen"},"_links":{"self":[{"href":"https:\/\/blogg.svenskakyrkan.se\/vandravagen\/wp-json\/wp\/v2\/posts\/9978","targetHints":{"allow":["GET"]}}],"collection":[{"href":"https:\/\/blogg.svenskakyrkan.se\/vandravagen\/wp-json\/wp\/v2\/posts"}],"about":[{"href":"https:\/\/blogg.svenskakyrkan.se\/vandravagen\/wp-json\/wp\/v2\/types\/post"}],"author":[{"embeddable":true,"href":"https:\/\/blogg.svenskakyrkan.se\/vandravagen\/wp-json\/wp\/v2\/users\/392"}],"replies":[{"embeddable":true,"href":"https:\/\/blogg.svenskakyrkan.se\/vandravagen\/wp-json\/wp\/v2\/comments?post=9978"}],"version-history":[{"count":1,"href":"https:\/\/blogg.svenskakyrkan.se\/vandravagen\/wp-json\/wp\/v2\/posts\/9978\/revisions"}],"predecessor-version":[{"id":9980,"href":"https:\/\/blogg.svenskakyrkan.se\/vandravagen\/wp-json\/wp\/v2\/posts\/9978\/revisions\/9980"}],"wp:featuredmedia":[{"embeddable":true,"href":"https:\/\/blogg.svenskakyrkan.se\/vandravagen\/wp-json\/wp\/v2\/media\/9979"}],"wp:attachment":[{"href":"https:\/\/blogg.svenskakyrkan.se\/vandravagen\/wp-json\/wp\/v2\/media?parent=9978"}],"wp:term":[{"taxonomy":"category","embeddable":true,"href":"https:\/\/blogg.svenskakyrkan.se\/vandravagen\/wp-json\/wp\/v2\/categories?post=9978"},{"taxonomy":"post_tag","embeddable":true,"href":"https:\/\/blogg.svenskakyrkan.se\/vandravagen\/wp-json\/wp\/v2\/tags?post=9978"}],"curies":[{"name":"wp","href":"https:\/\/api.w.org\/{rel}","templated":true}]}}