{"id":1358,"date":"2025-11-01T12:00:00","date_gmt":"2025-11-01T11:00:00","guid":{"rendered":"https:\/\/blogg.svenskakyrkan.se\/vart-jag-mig-i-varlden-vander\/?p=1358"},"modified":"2025-10-31T12:26:35","modified_gmt":"2025-10-31T11:26:35","slug":"allhelgona-pa-avstand","status":"publish","type":"post","link":"https:\/\/blogg.svenskakyrkan.se\/vart-jag-mig-i-varlden-vander\/2025\/11\/01\/allhelgona-pa-avstand\/","title":{"rendered":"Allhelgona p\u00e5 avst\u00e5nd\u00a0"},"content":{"rendered":"\n<p>F\u00f6r en tid sedan pratade jag med en kvinna som f\u00f6r m\u00e5nga \u00e5r sedan mist sin man. Vi kom att prata om f\u00f6rluster och hur man hanterar sorgen efter en anh\u00f6rigs bortg\u00e5ng.&nbsp;<\/p>\n\n\n\n<p>&#8211; Jag har varit s\u00e5 arg p\u00e5 min man f\u00f6r han ville inte ha n\u00e5gon gravplats utan bli spridd i en minneslund. Det gjorde att jag inte hade n\u00e5gonstans att samla mig p\u00e5, att sitta och fysiskt s\u00f6rja. Alla andra gick till sina gravstenar och pysslade och gjorde fint, men jag hade bara ett ljus att t\u00e4nda i kyrkan.&nbsp;<\/p>\n\n\n\n<p>N\u00e5gra \u00e5r senare flyttade kvinnan utomlands och helt pl\u00f6tsligt var situationen en annan.&nbsp;<\/p>\n\n\n\n<p>&#8211; Jag kunde tydligare k\u00e4nna att min man var med mig. Han hade f\u00f6ljt med och jag k\u00e4nde verkligen att jag fick kontakt och styrka av att t\u00e4nda ljus i kyrkan d\u00e4r jag bor.&nbsp;<\/p>\n\n\n\n<p>I Sverige \u00e4r det vanligt att bes\u00f6ka kyrkog\u00e5rdar, t\u00e4nda ljus och hedra dem som g\u00e5tt f\u00f6re. Det \u00e4r en tradition som f\u00f6renar det personliga med det kollektiva, ett uttryck f\u00f6r sorg, minne och hopp.&nbsp;<\/p>\n\n\n\n<p>F\u00f6r den som bor utomlands \u00e4r det inte alltid m\u00f6jligt att delta i detta. Gravarna finns l\u00e5ngt bort och ljusen kan inte t\u00e4ndas p\u00e5 plats. Det skapar en s\u00e4rskild sorts saknad, inte bara efter de d\u00f6da, utan efter sj\u00e4lva handlingen att minnas tillsammans.&nbsp;<\/p>\n\n\n\n<p>Historiskt har Alla helgons dag sina r\u00f6tter i kyrkans firande av helgonen, och senare ocks\u00e5 de som l\u00e4mnat oss. I Sverige har helgen f\u00e5tt en stark kulturell pr\u00e4gel, d\u00e4r ljus p\u00e5 gravar blivit ett centralt uttryck. Det \u00e4r en tradition som ger rum f\u00f6r b\u00e5de tro och minne.&nbsp;<\/p>\n\n\n\n<p>N\u00e4r fysisk n\u00e4rvaro inte \u00e4r m\u00f6jlig, f\u00e5r minnet ta andra former. Ett ljus i hemmet, en stunds stillhet, ett samtal med n\u00e5gon som ocks\u00e5 minns. Det \u00e4r inte samma sak, men det \u00e4r \u00e4nd\u00e5 ett s\u00e4tt att delta.&nbsp;<\/p>\n\n\n\n<p>Allhelgonadagen p\u00e5minner oss om att minnet inte \u00e4r bundet till plats. Det lever vidare i v\u00e5ra tankar, i v\u00e5ra ord, i v\u00e5ra handlingar. Och \u00e4ven p\u00e5 avst\u00e5nd kan vi vara en del av det gemensamma minnet.&nbsp;<\/p>\n\n\n\n<p>P\u00e5 svenska kyrkan kan du ocks\u00e5 t\u00e4nda ett virtuellt ljus:&nbsp;<br><a href=\"https:\/\/be.svenskakyrkan.se\/allhelgona\/\" target=\"_blank\" rel=\"noreferrer noopener\">https:\/\/be.svenskakyrkan.se\/allhelgona\/<\/a>&nbsp;<\/p>\n\n\n\n<p>Text: Suzanne Selin<br>Foto: Pixabay<\/p>\n\n\n\n<p><\/p>\n","protected":false},"excerpt":{"rendered":"<p>F\u00f6r en tid sedan pratade jag med en kvinna som f\u00f6r m\u00e5nga \u00e5r sedan mist sin man. Vi kom att prata om f\u00f6rluster och hur man hanterar sorgen efter en anh\u00f6rigs bortg\u00e5ng.&nbsp; &#8211; Jag har varit s\u00e5 arg p\u00e5 min man f\u00f6r han ville inte ha n\u00e5gon gravplats utan bli spridd i en minneslund. Det [&hellip;]<\/p>\n","protected":false},"author":800,"featured_media":1360,"comment_status":"open","ping_status":"open","sticky":false,"template":"","format":"standard","meta":{"_acf_changed":false,"footnotes":""},"categories":[1],"tags":[],"class_list":["post-1358","post","type-post","status-publish","format-standard","has-post-thumbnail","hentry","category-allt"],"acf":[],"yoast_head":"<!-- This site is optimized with the Yoast SEO plugin v27.1.1 - https:\/\/yoast.com\/product\/yoast-seo-wordpress\/ -->\n<title>Allhelgona p\u00e5 avst\u00e5nd\u00a0 - Vart jag mig i v\u00e4rlden v\u00e4nder<\/title>\n<meta name=\"robots\" content=\"index, follow, max-snippet:-1, max-image-preview:large, max-video-preview:-1\" \/>\n<link rel=\"canonical\" href=\"https:\/\/blogg.svenskakyrkan.se\/vart-jag-mig-i-varlden-vander\/2025\/11\/01\/allhelgona-pa-avstand\/\" \/>\n<meta property=\"og:locale\" content=\"sv_SE\" \/>\n<meta property=\"og:type\" content=\"article\" \/>\n<meta property=\"og:title\" content=\"Allhelgona p\u00e5 avst\u00e5nd\u00a0 - Vart jag mig i v\u00e4rlden v\u00e4nder\" \/>\n<meta property=\"og:description\" content=\"F\u00f6r en tid sedan pratade jag med en kvinna som f\u00f6r m\u00e5nga \u00e5r sedan mist sin man. Vi kom att prata om f\u00f6rluster och hur man hanterar sorgen efter en anh\u00f6rigs bortg\u00e5ng.&nbsp; &#8211; Jag har varit s\u00e5 arg p\u00e5 min man f\u00f6r han ville inte ha n\u00e5gon gravplats utan bli spridd i en minneslund. Det [&hellip;]\" \/>\n<meta property=\"og:url\" content=\"https:\/\/blogg.svenskakyrkan.se\/vart-jag-mig-i-varlden-vander\/2025\/11\/01\/allhelgona-pa-avstand\/\" \/>\n<meta property=\"og:site_name\" content=\"Vart jag mig i v\u00e4rlden v\u00e4nder\" \/>\n<meta property=\"article:published_time\" content=\"2025-11-01T11:00:00+00:00\" \/>\n<meta property=\"og:image\" content=\"https:\/\/blogg.svenskakyrkan.se\/vart-jag-mig-i-varlden-vander\/files\/2025\/10\/a-candle-2905395_1280.jpg\" \/>\n\t<meta property=\"og:image:width\" content=\"1280\" \/>\n\t<meta property=\"og:image:height\" content=\"853\" \/>\n\t<meta property=\"og:image:type\" content=\"image\/jpeg\" \/>\n<meta name=\"author\" content=\"svenskakyrkaniutlandet\" \/>\n<meta name=\"twitter:card\" content=\"summary_large_image\" \/>\n<meta name=\"twitter:label1\" content=\"Skriven av\" \/>\n\t<meta name=\"twitter:data1\" content=\"svenskakyrkaniutlandet\" \/>\n\t<meta name=\"twitter:label2\" content=\"Ber\u00e4knad l\u00e4stid\" \/>\n\t<meta name=\"twitter:data2\" content=\"2 minuter\" \/>\n<script type=\"application\/ld+json\" class=\"yoast-schema-graph\">{\"@context\":\"https:\/\/schema.org\",\"@graph\":[{\"@type\":\"Article\",\"@id\":\"https:\/\/blogg.svenskakyrkan.se\/vart-jag-mig-i-varlden-vander\/2025\/11\/01\/allhelgona-pa-avstand\/#article\",\"isPartOf\":{\"@id\":\"https:\/\/blogg.svenskakyrkan.se\/vart-jag-mig-i-varlden-vander\/2025\/11\/01\/allhelgona-pa-avstand\/\"},\"author\":{\"name\":\"svenskakyrkaniutlandet\",\"@id\":\"https:\/\/blogg.svenskakyrkan.se\/vart-jag-mig-i-varlden-vander\/#\/schema\/person\/156252c602d2d05969d64ca8820c0162\"},\"headline\":\"Allhelgona p\u00e5 avst\u00e5nd\u00a0\",\"datePublished\":\"2025-11-01T11:00:00+00:00\",\"mainEntityOfPage\":{\"@id\":\"https:\/\/blogg.svenskakyrkan.se\/vart-jag-mig-i-varlden-vander\/2025\/11\/01\/allhelgona-pa-avstand\/\"},\"wordCount\":422,\"commentCount\":0,\"image\":{\"@id\":\"https:\/\/blogg.svenskakyrkan.se\/vart-jag-mig-i-varlden-vander\/2025\/11\/01\/allhelgona-pa-avstand\/#primaryimage\"},\"thumbnailUrl\":\"https:\/\/blogg.svenskakyrkan.se\/vart-jag-mig-i-varlden-vander\/files\/2025\/10\/a-candle-2905395_1280.jpg\",\"articleSection\":[\"Alla inl\u00e4gg\"],\"inLanguage\":\"sv-SE\",\"potentialAction\":[{\"@type\":\"CommentAction\",\"name\":\"Comment\",\"target\":[\"https:\/\/blogg.svenskakyrkan.se\/vart-jag-mig-i-varlden-vander\/2025\/11\/01\/allhelgona-pa-avstand\/#respond\"]}]},{\"@type\":\"WebPage\",\"@id\":\"https:\/\/blogg.svenskakyrkan.se\/vart-jag-mig-i-varlden-vander\/2025\/11\/01\/allhelgona-pa-avstand\/\",\"url\":\"https:\/\/blogg.svenskakyrkan.se\/vart-jag-mig-i-varlden-vander\/2025\/11\/01\/allhelgona-pa-avstand\/\",\"name\":\"Allhelgona p\u00e5 avst\u00e5nd\u00a0 - Vart jag mig i v\u00e4rlden v\u00e4nder\",\"isPartOf\":{\"@id\":\"https:\/\/blogg.svenskakyrkan.se\/vart-jag-mig-i-varlden-vander\/#website\"},\"primaryImageOfPage\":{\"@id\":\"https:\/\/blogg.svenskakyrkan.se\/vart-jag-mig-i-varlden-vander\/2025\/11\/01\/allhelgona-pa-avstand\/#primaryimage\"},\"image\":{\"@id\":\"https:\/\/blogg.svenskakyrkan.se\/vart-jag-mig-i-varlden-vander\/2025\/11\/01\/allhelgona-pa-avstand\/#primaryimage\"},\"thumbnailUrl\":\"https:\/\/blogg.svenskakyrkan.se\/vart-jag-mig-i-varlden-vander\/files\/2025\/10\/a-candle-2905395_1280.jpg\",\"datePublished\":\"2025-11-01T11:00:00+00:00\",\"author\":{\"@id\":\"https:\/\/blogg.svenskakyrkan.se\/vart-jag-mig-i-varlden-vander\/#\/schema\/person\/156252c602d2d05969d64ca8820c0162\"},\"breadcrumb\":{\"@id\":\"https:\/\/blogg.svenskakyrkan.se\/vart-jag-mig-i-varlden-vander\/2025\/11\/01\/allhelgona-pa-avstand\/#breadcrumb\"},\"inLanguage\":\"sv-SE\",\"potentialAction\":[{\"@type\":\"ReadAction\",\"target\":[\"https:\/\/blogg.svenskakyrkan.se\/vart-jag-mig-i-varlden-vander\/2025\/11\/01\/allhelgona-pa-avstand\/\"]}]},{\"@type\":\"ImageObject\",\"inLanguage\":\"sv-SE\",\"@id\":\"https:\/\/blogg.svenskakyrkan.se\/vart-jag-mig-i-varlden-vander\/2025\/11\/01\/allhelgona-pa-avstand\/#primaryimage\",\"url\":\"https:\/\/blogg.svenskakyrkan.se\/vart-jag-mig-i-varlden-vander\/files\/2025\/10\/a-candle-2905395_1280.jpg\",\"contentUrl\":\"https:\/\/blogg.svenskakyrkan.se\/vart-jag-mig-i-varlden-vander\/files\/2025\/10\/a-candle-2905395_1280.jpg\",\"width\":1280,\"height\":853},{\"@type\":\"BreadcrumbList\",\"@id\":\"https:\/\/blogg.svenskakyrkan.se\/vart-jag-mig-i-varlden-vander\/2025\/11\/01\/allhelgona-pa-avstand\/#breadcrumb\",\"itemListElement\":[{\"@type\":\"ListItem\",\"position\":1,\"name\":\"Hem\",\"item\":\"https:\/\/blogg.svenskakyrkan.se\/vart-jag-mig-i-varlden-vander\/\"},{\"@type\":\"ListItem\",\"position\":2,\"name\":\"Allhelgona p\u00e5 avst\u00e5nd\u00a0\"}]},{\"@type\":\"WebSite\",\"@id\":\"https:\/\/blogg.svenskakyrkan.se\/vart-jag-mig-i-varlden-vander\/#website\",\"url\":\"https:\/\/blogg.svenskakyrkan.se\/vart-jag-mig-i-varlden-vander\/\",\"name\":\"Vart jag mig i v\u00e4rlden v\u00e4nder\",\"description\":\"Ber\u00e4ttelser om Svenska kyrkan i utlandet\",\"potentialAction\":[{\"@type\":\"SearchAction\",\"target\":{\"@type\":\"EntryPoint\",\"urlTemplate\":\"https:\/\/blogg.svenskakyrkan.se\/vart-jag-mig-i-varlden-vander\/?s={search_term_string}\"},\"query-input\":{\"@type\":\"PropertyValueSpecification\",\"valueRequired\":true,\"valueName\":\"search_term_string\"}}],\"inLanguage\":\"sv-SE\"},{\"@type\":\"Person\",\"@id\":\"https:\/\/blogg.svenskakyrkan.se\/vart-jag-mig-i-varlden-vander\/#\/schema\/person\/156252c602d2d05969d64ca8820c0162\",\"name\":\"svenskakyrkaniutlandet\",\"image\":{\"@type\":\"ImageObject\",\"inLanguage\":\"sv-SE\",\"@id\":\"https:\/\/blogg.svenskakyrkan.se\/vart-jag-mig-i-varlden-vander\/#\/schema\/person\/image\/\",\"url\":\"https:\/\/secure.gravatar.com\/avatar\/7c649c60d0e18556c3e72f4ea02ed2f59b03cf3be67cbc37fe412a59b0339649?s=96&d=mm&r=g\",\"contentUrl\":\"https:\/\/secure.gravatar.com\/avatar\/7c649c60d0e18556c3e72f4ea02ed2f59b03cf3be67cbc37fe412a59b0339649?s=96&d=mm&r=g\",\"caption\":\"svenskakyrkaniutlandet\"},\"url\":\"https:\/\/blogg.svenskakyrkan.se\/vart-jag-mig-i-varlden-vander\/author\/vart-jag-mig-i-varlden-vander\/\"}]}<\/script>\n<!-- \/ Yoast SEO plugin. -->","yoast_head_json":{"title":"Allhelgona p\u00e5 avst\u00e5nd\u00a0 - Vart jag mig i v\u00e4rlden v\u00e4nder","robots":{"index":"index","follow":"follow","max-snippet":"max-snippet:-1","max-image-preview":"max-image-preview:large","max-video-preview":"max-video-preview:-1"},"canonical":"https:\/\/blogg.svenskakyrkan.se\/vart-jag-mig-i-varlden-vander\/2025\/11\/01\/allhelgona-pa-avstand\/","og_locale":"sv_SE","og_type":"article","og_title":"Allhelgona p\u00e5 avst\u00e5nd\u00a0 - Vart jag mig i v\u00e4rlden v\u00e4nder","og_description":"F\u00f6r en tid sedan pratade jag med en kvinna som f\u00f6r m\u00e5nga \u00e5r sedan mist sin man. Vi kom att prata om f\u00f6rluster och hur man hanterar sorgen efter en anh\u00f6rigs bortg\u00e5ng.&nbsp; &#8211; Jag har varit s\u00e5 arg p\u00e5 min man f\u00f6r han ville inte ha n\u00e5gon gravplats utan bli spridd i en minneslund. Det [&hellip;]","og_url":"https:\/\/blogg.svenskakyrkan.se\/vart-jag-mig-i-varlden-vander\/2025\/11\/01\/allhelgona-pa-avstand\/","og_site_name":"Vart jag mig i v\u00e4rlden v\u00e4nder","article_published_time":"2025-11-01T11:00:00+00:00","og_image":[{"width":1280,"height":853,"url":"https:\/\/blogg.svenskakyrkan.se\/vart-jag-mig-i-varlden-vander\/files\/2025\/10\/a-candle-2905395_1280.jpg","type":"image\/jpeg"}],"author":"svenskakyrkaniutlandet","twitter_card":"summary_large_image","twitter_misc":{"Skriven av":"svenskakyrkaniutlandet","Ber\u00e4knad l\u00e4stid":"2 minuter"},"schema":{"@context":"https:\/\/schema.org","@graph":[{"@type":"Article","@id":"https:\/\/blogg.svenskakyrkan.se\/vart-jag-mig-i-varlden-vander\/2025\/11\/01\/allhelgona-pa-avstand\/#article","isPartOf":{"@id":"https:\/\/blogg.svenskakyrkan.se\/vart-jag-mig-i-varlden-vander\/2025\/11\/01\/allhelgona-pa-avstand\/"},"author":{"name":"svenskakyrkaniutlandet","@id":"https:\/\/blogg.svenskakyrkan.se\/vart-jag-mig-i-varlden-vander\/#\/schema\/person\/156252c602d2d05969d64ca8820c0162"},"headline":"Allhelgona p\u00e5 avst\u00e5nd\u00a0","datePublished":"2025-11-01T11:00:00+00:00","mainEntityOfPage":{"@id":"https:\/\/blogg.svenskakyrkan.se\/vart-jag-mig-i-varlden-vander\/2025\/11\/01\/allhelgona-pa-avstand\/"},"wordCount":422,"commentCount":0,"image":{"@id":"https:\/\/blogg.svenskakyrkan.se\/vart-jag-mig-i-varlden-vander\/2025\/11\/01\/allhelgona-pa-avstand\/#primaryimage"},"thumbnailUrl":"https:\/\/blogg.svenskakyrkan.se\/vart-jag-mig-i-varlden-vander\/files\/2025\/10\/a-candle-2905395_1280.jpg","articleSection":["Alla inl\u00e4gg"],"inLanguage":"sv-SE","potentialAction":[{"@type":"CommentAction","name":"Comment","target":["https:\/\/blogg.svenskakyrkan.se\/vart-jag-mig-i-varlden-vander\/2025\/11\/01\/allhelgona-pa-avstand\/#respond"]}]},{"@type":"WebPage","@id":"https:\/\/blogg.svenskakyrkan.se\/vart-jag-mig-i-varlden-vander\/2025\/11\/01\/allhelgona-pa-avstand\/","url":"https:\/\/blogg.svenskakyrkan.se\/vart-jag-mig-i-varlden-vander\/2025\/11\/01\/allhelgona-pa-avstand\/","name":"Allhelgona p\u00e5 avst\u00e5nd\u00a0 - Vart jag mig i v\u00e4rlden v\u00e4nder","isPartOf":{"@id":"https:\/\/blogg.svenskakyrkan.se\/vart-jag-mig-i-varlden-vander\/#website"},"primaryImageOfPage":{"@id":"https:\/\/blogg.svenskakyrkan.se\/vart-jag-mig-i-varlden-vander\/2025\/11\/01\/allhelgona-pa-avstand\/#primaryimage"},"image":{"@id":"https:\/\/blogg.svenskakyrkan.se\/vart-jag-mig-i-varlden-vander\/2025\/11\/01\/allhelgona-pa-avstand\/#primaryimage"},"thumbnailUrl":"https:\/\/blogg.svenskakyrkan.se\/vart-jag-mig-i-varlden-vander\/files\/2025\/10\/a-candle-2905395_1280.jpg","datePublished":"2025-11-01T11:00:00+00:00","author":{"@id":"https:\/\/blogg.svenskakyrkan.se\/vart-jag-mig-i-varlden-vander\/#\/schema\/person\/156252c602d2d05969d64ca8820c0162"},"breadcrumb":{"@id":"https:\/\/blogg.svenskakyrkan.se\/vart-jag-mig-i-varlden-vander\/2025\/11\/01\/allhelgona-pa-avstand\/#breadcrumb"},"inLanguage":"sv-SE","potentialAction":[{"@type":"ReadAction","target":["https:\/\/blogg.svenskakyrkan.se\/vart-jag-mig-i-varlden-vander\/2025\/11\/01\/allhelgona-pa-avstand\/"]}]},{"@type":"ImageObject","inLanguage":"sv-SE","@id":"https:\/\/blogg.svenskakyrkan.se\/vart-jag-mig-i-varlden-vander\/2025\/11\/01\/allhelgona-pa-avstand\/#primaryimage","url":"https:\/\/blogg.svenskakyrkan.se\/vart-jag-mig-i-varlden-vander\/files\/2025\/10\/a-candle-2905395_1280.jpg","contentUrl":"https:\/\/blogg.svenskakyrkan.se\/vart-jag-mig-i-varlden-vander\/files\/2025\/10\/a-candle-2905395_1280.jpg","width":1280,"height":853},{"@type":"BreadcrumbList","@id":"https:\/\/blogg.svenskakyrkan.se\/vart-jag-mig-i-varlden-vander\/2025\/11\/01\/allhelgona-pa-avstand\/#breadcrumb","itemListElement":[{"@type":"ListItem","position":1,"name":"Hem","item":"https:\/\/blogg.svenskakyrkan.se\/vart-jag-mig-i-varlden-vander\/"},{"@type":"ListItem","position":2,"name":"Allhelgona p\u00e5 avst\u00e5nd\u00a0"}]},{"@type":"WebSite","@id":"https:\/\/blogg.svenskakyrkan.se\/vart-jag-mig-i-varlden-vander\/#website","url":"https:\/\/blogg.svenskakyrkan.se\/vart-jag-mig-i-varlden-vander\/","name":"Vart jag mig i v\u00e4rlden v\u00e4nder","description":"Ber\u00e4ttelser om Svenska kyrkan i utlandet","potentialAction":[{"@type":"SearchAction","target":{"@type":"EntryPoint","urlTemplate":"https:\/\/blogg.svenskakyrkan.se\/vart-jag-mig-i-varlden-vander\/?s={search_term_string}"},"query-input":{"@type":"PropertyValueSpecification","valueRequired":true,"valueName":"search_term_string"}}],"inLanguage":"sv-SE"},{"@type":"Person","@id":"https:\/\/blogg.svenskakyrkan.se\/vart-jag-mig-i-varlden-vander\/#\/schema\/person\/156252c602d2d05969d64ca8820c0162","name":"svenskakyrkaniutlandet","image":{"@type":"ImageObject","inLanguage":"sv-SE","@id":"https:\/\/blogg.svenskakyrkan.se\/vart-jag-mig-i-varlden-vander\/#\/schema\/person\/image\/","url":"https:\/\/secure.gravatar.com\/avatar\/7c649c60d0e18556c3e72f4ea02ed2f59b03cf3be67cbc37fe412a59b0339649?s=96&d=mm&r=g","contentUrl":"https:\/\/secure.gravatar.com\/avatar\/7c649c60d0e18556c3e72f4ea02ed2f59b03cf3be67cbc37fe412a59b0339649?s=96&d=mm&r=g","caption":"svenskakyrkaniutlandet"},"url":"https:\/\/blogg.svenskakyrkan.se\/vart-jag-mig-i-varlden-vander\/author\/vart-jag-mig-i-varlden-vander\/"}]}},"aioseo_notices":[],"author_meta":{"ID":"800","user_nicename":"vart-jag-mig-i-varlden-vander","user_registered":"2021-10-29 13:50:15","display_name":"svenskakyrkaniutlandet","avatar":"https:\/\/secure.gravatar.com\/avatar\/7c649c60d0e18556c3e72f4ea02ed2f59b03cf3be67cbc37fe412a59b0339649?s=96&d=mm&r=g"},"featured_image":["https:\/\/blogg.svenskakyrkan.se\/vart-jag-mig-i-varlden-vander\/files\/2025\/10\/a-candle-2905395_1280-1024x682.jpg",1024,682,true],"bloginfo":{"name":"Vart jag mig i v\u00e4rlden v\u00e4nder","url":"https:\/\/blogg.svenskakyrkan.se\/vart-jag-mig-i-varlden-vander"},"_links":{"self":[{"href":"https:\/\/blogg.svenskakyrkan.se\/vart-jag-mig-i-varlden-vander\/wp-json\/wp\/v2\/posts\/1358","targetHints":{"allow":["GET"]}}],"collection":[{"href":"https:\/\/blogg.svenskakyrkan.se\/vart-jag-mig-i-varlden-vander\/wp-json\/wp\/v2\/posts"}],"about":[{"href":"https:\/\/blogg.svenskakyrkan.se\/vart-jag-mig-i-varlden-vander\/wp-json\/wp\/v2\/types\/post"}],"author":[{"embeddable":true,"href":"https:\/\/blogg.svenskakyrkan.se\/vart-jag-mig-i-varlden-vander\/wp-json\/wp\/v2\/users\/800"}],"replies":[{"embeddable":true,"href":"https:\/\/blogg.svenskakyrkan.se\/vart-jag-mig-i-varlden-vander\/wp-json\/wp\/v2\/comments?post=1358"}],"version-history":[{"count":1,"href":"https:\/\/blogg.svenskakyrkan.se\/vart-jag-mig-i-varlden-vander\/wp-json\/wp\/v2\/posts\/1358\/revisions"}],"predecessor-version":[{"id":1359,"href":"https:\/\/blogg.svenskakyrkan.se\/vart-jag-mig-i-varlden-vander\/wp-json\/wp\/v2\/posts\/1358\/revisions\/1359"}],"wp:featuredmedia":[{"embeddable":true,"href":"https:\/\/blogg.svenskakyrkan.se\/vart-jag-mig-i-varlden-vander\/wp-json\/wp\/v2\/media\/1360"}],"wp:attachment":[{"href":"https:\/\/blogg.svenskakyrkan.se\/vart-jag-mig-i-varlden-vander\/wp-json\/wp\/v2\/media?parent=1358"}],"wp:term":[{"taxonomy":"category","embeddable":true,"href":"https:\/\/blogg.svenskakyrkan.se\/vart-jag-mig-i-varlden-vander\/wp-json\/wp\/v2\/categories?post=1358"},{"taxonomy":"post_tag","embeddable":true,"href":"https:\/\/blogg.svenskakyrkan.se\/vart-jag-mig-i-varlden-vander\/wp-json\/wp\/v2\/tags?post=1358"}],"curies":[{"name":"wp","href":"https:\/\/api.w.org\/{rel}","templated":true}]}}