{"id":15,"date":"2021-11-05T09:35:05","date_gmt":"2021-11-05T08:35:05","guid":{"rendered":"https:\/\/blogg.svenskakyrkan.se\/vart-jag-mig-i-varlden-vander\/?p=15"},"modified":"2021-11-10T14:55:28","modified_gmt":"2021-11-10T13:55:28","slug":"kyrkan-i-rom-har-gett-framtidstro","status":"publish","type":"post","link":"https:\/\/blogg.svenskakyrkan.se\/vart-jag-mig-i-varlden-vander\/2021\/11\/05\/kyrkan-i-rom-har-gett-framtidstro\/","title":{"rendered":"Kyrkan i Rom har gett framtidstro"},"content":{"rendered":"\n<figure class=\"wp-block-image size-large\"><img loading=\"lazy\" decoding=\"async\" width=\"1024\" height=\"683\" src=\"https:\/\/blogg.svenskakyrkan.se\/vart-jag-mig-i-varlden-vander\/files\/2021\/11\/Ana-Maria_Rom1-1024x683.jpg\" alt=\"Anna Maria Eriksson sitter bredvid Svenska kyrkans lokaler i Rom.\" class=\"wp-image-17\" srcset=\"https:\/\/blogg.svenskakyrkan.se\/vart-jag-mig-i-varlden-vander\/files\/2021\/11\/Ana-Maria_Rom1-1024x683.jpg 1024w, https:\/\/blogg.svenskakyrkan.se\/vart-jag-mig-i-varlden-vander\/files\/2021\/11\/Ana-Maria_Rom1-300x200.jpg 300w, https:\/\/blogg.svenskakyrkan.se\/vart-jag-mig-i-varlden-vander\/files\/2021\/11\/Ana-Maria_Rom1-768x512.jpg 768w, https:\/\/blogg.svenskakyrkan.se\/vart-jag-mig-i-varlden-vander\/files\/2021\/11\/Ana-Maria_Rom1-1536x1024.jpg 1536w, https:\/\/blogg.svenskakyrkan.se\/vart-jag-mig-i-varlden-vander\/files\/2021\/11\/Ana-Maria_Rom1-1200x800.jpg 1200w, https:\/\/blogg.svenskakyrkan.se\/vart-jag-mig-i-varlden-vander\/files\/2021\/11\/Ana-Maria_Rom1.jpg 1920w\" sizes=\"auto, (max-width: 1024px) 100vw, 1024px\" \/><figcaption>Anna Maria invid korset vid Svenska kyrkans lokaler. Foto: Marie Olsson<\/figcaption><\/figure>\n\n\n\n\n\n<p>Anna Maria Eriksson \u00e4r 57 \u00e5r och hamnade i Rom n\u00e4r hon gifte sig med en italienare f\u00f6r \u00f6ver 30 \u00e5r sedan. Hon \u00e4r biolog och arbetar p\u00e5 en privat sjukv\u00e5rdsklinik som \u00e4gs av en nunneorder fr\u00e5n Girona i Barcelona.<\/p>\n\n\n\n<p>\u2013 Sedan pandemin b\u00f6rjade har jag g\u00e5tt mer i kyrkan, dels f\u00f6r att gudstj\u00e4nsterna flyttat till en lokal som ligger n\u00e4rmare mitt hem, men ocks\u00e5 f\u00f6r att det blir ett s\u00e4tt att komma ut och prata med folk. Restauranger, konserthallar och biografer \u00e4r st\u00e4ngda p\u00e5 kv\u00e4llarna och vi kan inte heller bjuda hem folk, s\u00e4ger hon.<\/p>\n\n\n\n<h3 class=\"wp-block-heading\">DIGITALA GUDSTJ\u00c4NSTERNA EN LJUSGLIMT<\/h3>\n\n\n\n<p>N\u00e4r restriktionerna sattes in i mars 2020 och Italien var under total lockdown i tre m\u00e5nader l\u00e4mnade hon n\u00e4stan inte hemmet alls.<\/p>\n\n\n\n<p>\u2013 Det var endast till\u00e5tet att g\u00e5 ut f\u00f6r att utr\u00e4tta absolut n\u00f6dv\u00e4ndiga \u00e4renden. D\u00e5 blev Svenska kyrkan i Roms digitala gudstj\u00e4nster en ljusglimt i tillvaron.<\/p>\n\n\n\n<p>Anna Maria upplever att det \u00e4r flera som s\u00f6kt sig till kyrkan i sviterna av Covid-19.<\/p>\n\n\n\n<p>\u2013 Jag tror det beror p\u00e5 att man vill k\u00e4nna hopp och gl\u00e4dje, f\u00e5 lite framtidstro och kanske f\u00e5 svar p\u00e5 sina fr\u00e5gor. N\u00e4r det \u00e4r sv\u00e5rt psykologiskt beh\u00f6ver folk den kontakten.<\/p>\n\n\n\n<h3 class=\"wp-block-heading\">GICK TILL KYRKAN F\u00d6R ATT TR\u00c4FFA ANDRA SVENSKAR<\/h3>\n\n\n\n<p>Men Anna Marias kontakt med Svenska kyrkan i Rom str\u00e4cker sig l\u00e5ngt tillbaka. N\u00e4r hon var ny i staden p\u00e5 90-talet var en av de f\u00f6rsta sakerna hon gjorde att ta reda p\u00e5 var Svenska kyrkan l\u00e5g.<\/p>\n\n\n\n<p>\u2013 I b\u00f6rjan var jag d\u00e4r ganska mycket eftersom det var ett bra s\u00e4tt att tr\u00e4ffa andra svenskar. Sedan har det varierat lite hur mycket jag varit med.<\/p>\n\n\n\n<p>F\u00f6rsamlingens lokal, S:ta Katarina kapell, \u00e4r inrymd i Birgittasystrarnas kloster i kryptan under deras kyrka mitt i Rom vid Piazza Farnese&nbsp;\u2013 en unik l\u00f6sning som s\u00e4kert i sig lockar m\u00e5nga bes\u00f6kare. Men f\u00f6r Anna Maria har den \u00f6kade trafiken i staden och alla turister p\u00e5 senare \u00e5r gjort att hon dragit sig f\u00f6r att ta sig dit.<\/p>\n\n\n\n<h3 class=\"wp-block-heading\">COVIDANPASSADE GUDSTJ\u00c4NSTER<\/h3>\n\n\n\n<p>Under coronapandemin har gudstj\u00e4nsterna \u2013 i den m\u00e5n de kunnat h\u00e5llas \u2013 flyttats till f\u00f6rsamlingshemmet, Lukasg\u00e5rden, eftersom kryptan blev f\u00f6r tr\u00e5ng.<\/p>\n\n\n\n<p>\u2013 P\u00e5 Lukasg\u00e5rden \u00e4r det stort och fint. De har haft covidanpassade gudstj\u00e4nster, med endast ett f\u00e5tal personer och oftast har vi kunnat sitta utomhus. Det ligger ocks\u00e5 v\u00e4ldigt n\u00e4ra d\u00e4r jag bor s\u00e5 det har varit enkelt f\u00f6r mig att ta mig dit.<\/p>\n\n\n\n<blockquote class=\"wp-block-quote is-layout-flow wp-block-quote-is-layout-flow\"><p>Allt \u00e4r svenskt, man f\u00e5r sjunga de psalmer man kommer s\u00e5 v\u00e4l ih\u00e5g och l\u00e4sa de b\u00f6ner man l\u00e4rt sig. Det tycker jag \u00e4r viktigt.<\/p><\/blockquote>\n\n\n\n<h3 class=\"wp-block-heading\">HANDLADE FLERA \u00c4NGLASPEL<\/h3>\n\n\n\n<p>Ett par g\u00e5nger i m\u00e5naden har hon varit med p\u00e5 gudstj\u00e4nsterna, och n\u00e4r det inte g\u00e5tt har hon f\u00f6ljt med p\u00e5 det som lagts ut online. Hon har ocks\u00e5 f\u00f6ljt kyrkans aktiviteter och ber\u00e4ttar entusiastiskt om julbasaren, som p\u00e5 grund av corona fick st\u00e4llas in, men \u00e4nd\u00e5 fick in rekordinkomster tack vare kreativa medarbetare.<\/p>\n\n\n\n<p>\u2013 De ordnade s\u00e5 att man ist\u00e4llet kunde best\u00e4lla saker online. Tre dagar i veckan \u00f6ppnade de ocks\u00e5 upp Lukasg\u00e5rden s\u00e5 att folk kunde komma och \u00e4ta, fika, dricka gl\u00f6gg och k\u00f6pa julpynt. Sj\u00e4lv handlade jag flera \u00e4nglaspel som jag gav bort till italienska v\u00e4nner, de blev om\u00e5ttligt popul\u00e4ra.<\/p>\n\n\n\n<h3 class=\"wp-block-heading\">INTE KUNNAT TR\u00c4FFA F\u00d6R\u00c4LDRAR&nbsp;<\/h3>\n\n\n\n<p>Anna Maria kommer ursprungligen fr\u00e5n Sigtuna, d\u00e4r hon fortfarande har sina f\u00f6r\u00e4ldrar kvar. I vanliga fall reser hon hem regelbundet och h\u00e4lsar p\u00e5, men nu har hon inte varit i Sverige sedan december 2019.<\/p>\n\n\n\n<p>\u2013 Det \u00e4r ledsamt eftersom mina f\u00f6r\u00e4ldrar b\u00f6rjar bli \u00e4ldre nu. Jag har ocks\u00e5 fyra syskonbarn och en syster som jag inte kunnat tr\u00e4ffa.<\/p>\n\n\n\n<h3 class=\"wp-block-heading\">B\u00d6NER OCH PSALMER P\u00c5 SVENSKA<\/h3>\n\n\n\n<p>N\u00e4r hon f\u00f6rst flyttade till Rom var det flera saker som var jobbiga, ber\u00e4ttar Anna Maria. Bland annat byr\u00e5kratin, med olika papper och tillst\u00e5nd fr\u00e5n myndigheter f\u00f6r vad hon \u00e4n skulle g\u00f6ra.<\/p>\n\n\n\n<p>P\u00e5 den tiden fanns det inte heller mobiler utan hon fick h\u00e5lla kontakt med sina n\u00e4ra och k\u00e4ra genom fax, dyra telefonsamtal och brevskrivande.<\/p>\n\n\n\n<p>\u2013 Nu \u00e4r det s\u00e5 enkelt, det \u00e4r bara att sl\u00e5 p\u00e5 Whatsapp. Jag h\u00e5ller kontakt med sl\u00e4ktingar, l\u00e4ser svensk dagspress och f\u00f6rs\u00f6ker h\u00e5lla mig \u00e1 jour med det som h\u00e4nder, iallafall inom politiken. Jag har vant mig vid systemet och trivs bra, \u00e4ven om det \u00e4r kaotiskt med mycket trafik och en hel del som inte fungerar. Men det \u00e4r v\u00e4ldigt vacker stad och bra klimat.<\/p>\n\n\n\n<p>Det hon saknar mest \u00e4r sommarm\u00e5naderna i Sverige, ljuset under juni och juli \u2013 d\u00e5 hon brukar f\u00f6rs\u00f6ka \u00e5ka hem.<\/p>\n\n\n\n<p><em>Vad har utlandskyrkan i Rom betytt f\u00f6r dig?<\/em><\/p>\n\n\n\n<p>\u2013 J\u00e4ttemycket. Allt \u00e4r svenskt, man f\u00e5r sjunga de psalmer man kommer s\u00e5 v\u00e4l ih\u00e5g och l\u00e4sa de b\u00f6ner man l\u00e4rt sig. Det tycker jag \u00e4r viktigt. Det \u00e4r inte alls samma sak att g\u00e5 till tyska kyrkan till exempel.<\/p>\n\n\n\n<h3 class=\"wp-block-heading\">KYRKAN VIKTIG I B\u00c5DE GL\u00c4DJE OCH SORG<\/h3>\n\n\n\n<p>Anna Maria har \u00e4ven l\u00e4rt k\u00e4nna f\u00f6rsamlingens kyrkoherde Olof Olsson och hans fru Marie.<\/p>\n\n\n\n<p>\u2013 Kyrkoherdens predikningar \u00e4r personliga och fina, man f\u00f6ljer verkligen med. Marie \u00e4r den som h\u00e5ller i alla tr\u00e5dar, oumb\u00e4rlig. F\u00f6rsamlingen har ocks\u00e5 en j\u00e4tteduktig organist. Det \u00e4r s\u00e5 fint med v\u00e5r kyrka att det alltid \u00e4r musik, n\u00e5got jag saknar i Katolska kyrkan som jag ocks\u00e5 g\u00e5r till ibland.<\/p>\n\n\n\n<p>Anna Maria tycker att utlandskyrkan \u00e4r viktig, dels i sv\u00e5ra tider \u2013 vid kris eller sorg. Men ocks\u00e5 vid glada tillf\u00e4llen, som n\u00e4r folk skaffar barn eller gifter sig.<\/p>\n\n\n\n<p>\u2013 Utlandskyrkan beh\u00f6vs verkligen i b\u00e5da l\u00e4gen. Medlemsavgiften \u00e4r v\u00e4ldigt liten i utbyte mot hur mycket man f\u00e5r.<\/p>\n\n\n\n<h3 class=\"wp-block-heading\">SAMTAL P\u00c5 SVENSKA EFTER D\u00d6DSFALLET&nbsp;<\/h3>\n\n\n\n<p>F\u00f6r tio \u00e5r sedan var hon med om ett d\u00f6dsfall som p\u00e5verkade henne starkt. Hon k\u00e4nde att hon var tvungen att prata med n\u00e5gon och kontaktade d\u00e5 Svenska kyrkan.<\/p>\n\n\n\n<p>\u2013 Jag ringde och fick komma in direkt och prata med kyrkoherden, fast jag inte hade haft n\u00e5gon kontakt med honom tidigare. Det k\u00e4ndes j\u00e4ttebra. Han satt och lyssnade och jag fick prata av mig p\u00e5 svenska. Det hade inte varit samma sak att prata italienska. Jag gick dit flera g\u00e5nger och k\u00e4nde mig l\u00e4ttad n\u00e4r jag gick d\u00e4rifr\u00e5n.<\/p>\n\n\n\n<p>Anna Maria har haft en gudstro sedan hon var barn. En inspirationsk\u00e4lla var hennes farmor, som var soldat i Fr\u00e4lsningsarm\u00e9n. N\u00e4r hon var liten brukade de sjunga deras psalmer tillsammans.<\/p>\n\n\n\n<p>\u2013 Jag tror det \u00e4r d\u00e4rifr\u00e5n min k\u00e4rlek till musiken kommer, jag tycker det \u00e4r h\u00e4rligt att g\u00e5 i kyrkan och f\u00e5 h\u00f6ra orgeln och s\u00e5ngen. Samtidigt tror jag inte man beh\u00f6ver g\u00e5 p\u00e5 gudstj\u00e4nst bara f\u00f6r att man tror. Tron finns inom mig, ibland kan det g\u00e5 ett \u00e5r utan att jag g\u00e5r i kyrkan men tron finns kvar \u00e4nd\u00e5.<\/p>\n\n\n\n<h3 class=\"wp-block-heading\">NY LOCKDOWN<\/h3>\n\n\n\n<p>Nu inleds en ny lockdown i Rom som kommer att p\u00e5g\u00e5 fram till efter p\u00e5sk, vilket inneb\u00e4r att det inte blir n\u00e5gon p\u00e5skbasar. Men Anna Maria har genom f\u00f6rsamlingen best\u00e4llt n\u00e5gra svenska p\u00e5skspecialiteter.<\/p>\n\n\n\n<p>\u2013 Sj\u00e4lv \u00e4r jag lyckligt lottad som bor i en l\u00e4genhet med tr\u00e4dg\u00e5rd som jag kan pyssla i. Man jag t\u00e4nker p\u00e5 de familjer som bor tr\u00e5ngt och har m\u00e5nga barn som alla \u00e4r hemma eftersom skolor och daghem \u00e4r st\u00e4ngda.<\/p>\n","protected":false},"excerpt":{"rendered":"<p>Anna Maria Eriksson \u00e4r 57 \u00e5r och hamnade i Rom n\u00e4r hon gifte sig med en italienare f\u00f6r \u00f6ver 30 \u00e5r sedan. Hon \u00e4r biolog och arbetar p\u00e5 en privat sjukv\u00e5rdsklinik som \u00e4gs av en nunneorder fr\u00e5n Girona i Barcelona. \u2013 Sedan pandemin b\u00f6rjade har jag g\u00e5tt mer i kyrkan, dels f\u00f6r att gudstj\u00e4nsterna flyttat [&hellip;]<\/p>\n","protected":false},"author":800,"featured_media":17,"comment_status":"open","ping_status":"open","sticky":false,"template":"","format":"standard","meta":{"_acf_changed":false,"footnotes":""},"categories":[1,36,37,10,35,12,42],"tags":[34,33,31,29,32,30,2,28,3],"class_list":["post-15","post","type-post","status-publish","format-standard","has-post-thumbnail","hentry","category-allt","category-covid19","category-italien","category-livskris","category-pandemi","category-sorg","category-utlandsforsamlingar","tag-corona","tag-covid","tag-covid-19","tag-italien","tag-pandemi","tag-rom","tag-svenska-kyrkan","tag-svenska-kyrkan-i-rom","tag-svenska-kyrkan-i-utlandet"],"acf":[],"yoast_head":"<!-- This site is optimized with the Yoast SEO plugin v27.1.1 - https:\/\/yoast.com\/product\/yoast-seo-wordpress\/ -->\n<title>Kyrkan i Rom har gett framtidstro - Vart jag mig i v\u00e4rlden v\u00e4nder<\/title>\n<meta name=\"robots\" content=\"index, follow, max-snippet:-1, max-image-preview:large, max-video-preview:-1\" \/>\n<link rel=\"canonical\" href=\"https:\/\/blogg.svenskakyrkan.se\/vart-jag-mig-i-varlden-vander\/2021\/11\/05\/kyrkan-i-rom-har-gett-framtidstro\/\" \/>\n<meta property=\"og:locale\" content=\"sv_SE\" \/>\n<meta property=\"og:type\" content=\"article\" \/>\n<meta property=\"og:title\" content=\"Kyrkan i Rom har gett framtidstro - Vart jag mig i v\u00e4rlden v\u00e4nder\" \/>\n<meta property=\"og:description\" content=\"Anna Maria Eriksson \u00e4r 57 \u00e5r och hamnade i Rom n\u00e4r hon gifte sig med en italienare f\u00f6r \u00f6ver 30 \u00e5r sedan. Hon \u00e4r biolog och arbetar p\u00e5 en privat sjukv\u00e5rdsklinik som \u00e4gs av en nunneorder fr\u00e5n Girona i Barcelona. \u2013 Sedan pandemin b\u00f6rjade har jag g\u00e5tt mer i kyrkan, dels f\u00f6r att gudstj\u00e4nsterna flyttat [&hellip;]\" \/>\n<meta property=\"og:url\" content=\"https:\/\/blogg.svenskakyrkan.se\/vart-jag-mig-i-varlden-vander\/2021\/11\/05\/kyrkan-i-rom-har-gett-framtidstro\/\" \/>\n<meta property=\"og:site_name\" content=\"Vart jag mig i v\u00e4rlden v\u00e4nder\" \/>\n<meta property=\"article:published_time\" content=\"2021-11-05T08:35:05+00:00\" \/>\n<meta property=\"article:modified_time\" content=\"2021-11-10T13:55:28+00:00\" \/>\n<meta property=\"og:image\" content=\"https:\/\/blogg.svenskakyrkan.se\/vart-jag-mig-i-varlden-vander\/files\/2021\/11\/Ana-Maria_Rom1.jpg\" \/>\n\t<meta property=\"og:image:width\" content=\"1920\" \/>\n\t<meta property=\"og:image:height\" content=\"1280\" \/>\n\t<meta property=\"og:image:type\" content=\"image\/jpeg\" \/>\n<meta name=\"author\" content=\"svenskakyrkaniutlandet\" \/>\n<meta name=\"twitter:card\" content=\"summary_large_image\" \/>\n<meta name=\"twitter:label1\" content=\"Skriven av\" \/>\n\t<meta name=\"twitter:data1\" content=\"svenskakyrkaniutlandet\" \/>\n\t<meta name=\"twitter:label2\" content=\"Ber\u00e4knad l\u00e4stid\" \/>\n\t<meta name=\"twitter:data2\" content=\"7 minuter\" \/>\n<script type=\"application\/ld+json\" class=\"yoast-schema-graph\">{\"@context\":\"https:\/\/schema.org\",\"@graph\":[{\"@type\":\"Article\",\"@id\":\"https:\/\/blogg.svenskakyrkan.se\/vart-jag-mig-i-varlden-vander\/2021\/11\/05\/kyrkan-i-rom-har-gett-framtidstro\/#article\",\"isPartOf\":{\"@id\":\"https:\/\/blogg.svenskakyrkan.se\/vart-jag-mig-i-varlden-vander\/2021\/11\/05\/kyrkan-i-rom-har-gett-framtidstro\/\"},\"author\":{\"name\":\"svenskakyrkaniutlandet\",\"@id\":\"https:\/\/blogg.svenskakyrkan.se\/vart-jag-mig-i-varlden-vander\/#\/schema\/person\/156252c602d2d05969d64ca8820c0162\"},\"headline\":\"Kyrkan i Rom har gett framtidstro\",\"datePublished\":\"2021-11-05T08:35:05+00:00\",\"dateModified\":\"2021-11-10T13:55:28+00:00\",\"mainEntityOfPage\":{\"@id\":\"https:\/\/blogg.svenskakyrkan.se\/vart-jag-mig-i-varlden-vander\/2021\/11\/05\/kyrkan-i-rom-har-gett-framtidstro\/\"},\"wordCount\":1358,\"commentCount\":0,\"image\":{\"@id\":\"https:\/\/blogg.svenskakyrkan.se\/vart-jag-mig-i-varlden-vander\/2021\/11\/05\/kyrkan-i-rom-har-gett-framtidstro\/#primaryimage\"},\"thumbnailUrl\":\"https:\/\/blogg.svenskakyrkan.se\/vart-jag-mig-i-varlden-vander\/files\/2021\/11\/Ana-Maria_Rom1.jpg\",\"keywords\":[\"corona\",\"covid\",\"covid-19\",\"Italien\",\"pandemi\",\"Rom\",\"Svenska kyrkan\",\"Svenska kyrkan i Rom\",\"Svenska kyrkan i utlandet\"],\"articleSection\":[\"Alla inl\u00e4gg\",\"Covid19\",\"Italien\",\"Livskris\",\"Pandemi\",\"Sorg\",\"Utlandsf\u00f6rsamlingar\"],\"inLanguage\":\"sv-SE\",\"potentialAction\":[{\"@type\":\"CommentAction\",\"name\":\"Comment\",\"target\":[\"https:\/\/blogg.svenskakyrkan.se\/vart-jag-mig-i-varlden-vander\/2021\/11\/05\/kyrkan-i-rom-har-gett-framtidstro\/#respond\"]}]},{\"@type\":\"WebPage\",\"@id\":\"https:\/\/blogg.svenskakyrkan.se\/vart-jag-mig-i-varlden-vander\/2021\/11\/05\/kyrkan-i-rom-har-gett-framtidstro\/\",\"url\":\"https:\/\/blogg.svenskakyrkan.se\/vart-jag-mig-i-varlden-vander\/2021\/11\/05\/kyrkan-i-rom-har-gett-framtidstro\/\",\"name\":\"Kyrkan i Rom har gett framtidstro - Vart jag mig i v\u00e4rlden v\u00e4nder\",\"isPartOf\":{\"@id\":\"https:\/\/blogg.svenskakyrkan.se\/vart-jag-mig-i-varlden-vander\/#website\"},\"primaryImageOfPage\":{\"@id\":\"https:\/\/blogg.svenskakyrkan.se\/vart-jag-mig-i-varlden-vander\/2021\/11\/05\/kyrkan-i-rom-har-gett-framtidstro\/#primaryimage\"},\"image\":{\"@id\":\"https:\/\/blogg.svenskakyrkan.se\/vart-jag-mig-i-varlden-vander\/2021\/11\/05\/kyrkan-i-rom-har-gett-framtidstro\/#primaryimage\"},\"thumbnailUrl\":\"https:\/\/blogg.svenskakyrkan.se\/vart-jag-mig-i-varlden-vander\/files\/2021\/11\/Ana-Maria_Rom1.jpg\",\"datePublished\":\"2021-11-05T08:35:05+00:00\",\"dateModified\":\"2021-11-10T13:55:28+00:00\",\"author\":{\"@id\":\"https:\/\/blogg.svenskakyrkan.se\/vart-jag-mig-i-varlden-vander\/#\/schema\/person\/156252c602d2d05969d64ca8820c0162\"},\"breadcrumb\":{\"@id\":\"https:\/\/blogg.svenskakyrkan.se\/vart-jag-mig-i-varlden-vander\/2021\/11\/05\/kyrkan-i-rom-har-gett-framtidstro\/#breadcrumb\"},\"inLanguage\":\"sv-SE\",\"potentialAction\":[{\"@type\":\"ReadAction\",\"target\":[\"https:\/\/blogg.svenskakyrkan.se\/vart-jag-mig-i-varlden-vander\/2021\/11\/05\/kyrkan-i-rom-har-gett-framtidstro\/\"]}]},{\"@type\":\"ImageObject\",\"inLanguage\":\"sv-SE\",\"@id\":\"https:\/\/blogg.svenskakyrkan.se\/vart-jag-mig-i-varlden-vander\/2021\/11\/05\/kyrkan-i-rom-har-gett-framtidstro\/#primaryimage\",\"url\":\"https:\/\/blogg.svenskakyrkan.se\/vart-jag-mig-i-varlden-vander\/files\/2021\/11\/Ana-Maria_Rom1.jpg\",\"contentUrl\":\"https:\/\/blogg.svenskakyrkan.se\/vart-jag-mig-i-varlden-vander\/files\/2021\/11\/Ana-Maria_Rom1.jpg\",\"width\":1920,\"height\":1280,\"caption\":\"Foto: Marie Olsson\"},{\"@type\":\"BreadcrumbList\",\"@id\":\"https:\/\/blogg.svenskakyrkan.se\/vart-jag-mig-i-varlden-vander\/2021\/11\/05\/kyrkan-i-rom-har-gett-framtidstro\/#breadcrumb\",\"itemListElement\":[{\"@type\":\"ListItem\",\"position\":1,\"name\":\"Hem\",\"item\":\"https:\/\/blogg.svenskakyrkan.se\/vart-jag-mig-i-varlden-vander\/\"},{\"@type\":\"ListItem\",\"position\":2,\"name\":\"Kyrkan i Rom har gett framtidstro\"}]},{\"@type\":\"WebSite\",\"@id\":\"https:\/\/blogg.svenskakyrkan.se\/vart-jag-mig-i-varlden-vander\/#website\",\"url\":\"https:\/\/blogg.svenskakyrkan.se\/vart-jag-mig-i-varlden-vander\/\",\"name\":\"Vart jag mig i v\u00e4rlden v\u00e4nder\",\"description\":\"Ber\u00e4ttelser om Svenska kyrkan i utlandet\",\"potentialAction\":[{\"@type\":\"SearchAction\",\"target\":{\"@type\":\"EntryPoint\",\"urlTemplate\":\"https:\/\/blogg.svenskakyrkan.se\/vart-jag-mig-i-varlden-vander\/?s={search_term_string}\"},\"query-input\":{\"@type\":\"PropertyValueSpecification\",\"valueRequired\":true,\"valueName\":\"search_term_string\"}}],\"inLanguage\":\"sv-SE\"},{\"@type\":\"Person\",\"@id\":\"https:\/\/blogg.svenskakyrkan.se\/vart-jag-mig-i-varlden-vander\/#\/schema\/person\/156252c602d2d05969d64ca8820c0162\",\"name\":\"svenskakyrkaniutlandet\",\"image\":{\"@type\":\"ImageObject\",\"inLanguage\":\"sv-SE\",\"@id\":\"https:\/\/blogg.svenskakyrkan.se\/vart-jag-mig-i-varlden-vander\/#\/schema\/person\/image\/\",\"url\":\"https:\/\/secure.gravatar.com\/avatar\/7c649c60d0e18556c3e72f4ea02ed2f59b03cf3be67cbc37fe412a59b0339649?s=96&d=mm&r=g\",\"contentUrl\":\"https:\/\/secure.gravatar.com\/avatar\/7c649c60d0e18556c3e72f4ea02ed2f59b03cf3be67cbc37fe412a59b0339649?s=96&d=mm&r=g\",\"caption\":\"svenskakyrkaniutlandet\"},\"url\":\"https:\/\/blogg.svenskakyrkan.se\/vart-jag-mig-i-varlden-vander\/author\/vart-jag-mig-i-varlden-vander\/\"}]}<\/script>\n<!-- \/ Yoast SEO plugin. -->","yoast_head_json":{"title":"Kyrkan i Rom har gett framtidstro - Vart jag mig i v\u00e4rlden v\u00e4nder","robots":{"index":"index","follow":"follow","max-snippet":"max-snippet:-1","max-image-preview":"max-image-preview:large","max-video-preview":"max-video-preview:-1"},"canonical":"https:\/\/blogg.svenskakyrkan.se\/vart-jag-mig-i-varlden-vander\/2021\/11\/05\/kyrkan-i-rom-har-gett-framtidstro\/","og_locale":"sv_SE","og_type":"article","og_title":"Kyrkan i Rom har gett framtidstro - Vart jag mig i v\u00e4rlden v\u00e4nder","og_description":"Anna Maria Eriksson \u00e4r 57 \u00e5r och hamnade i Rom n\u00e4r hon gifte sig med en italienare f\u00f6r \u00f6ver 30 \u00e5r sedan. Hon \u00e4r biolog och arbetar p\u00e5 en privat sjukv\u00e5rdsklinik som \u00e4gs av en nunneorder fr\u00e5n Girona i Barcelona. \u2013 Sedan pandemin b\u00f6rjade har jag g\u00e5tt mer i kyrkan, dels f\u00f6r att gudstj\u00e4nsterna flyttat [&hellip;]","og_url":"https:\/\/blogg.svenskakyrkan.se\/vart-jag-mig-i-varlden-vander\/2021\/11\/05\/kyrkan-i-rom-har-gett-framtidstro\/","og_site_name":"Vart jag mig i v\u00e4rlden v\u00e4nder","article_published_time":"2021-11-05T08:35:05+00:00","article_modified_time":"2021-11-10T13:55:28+00:00","og_image":[{"width":1920,"height":1280,"url":"https:\/\/blogg.svenskakyrkan.se\/vart-jag-mig-i-varlden-vander\/files\/2021\/11\/Ana-Maria_Rom1.jpg","type":"image\/jpeg"}],"author":"svenskakyrkaniutlandet","twitter_card":"summary_large_image","twitter_misc":{"Skriven av":"svenskakyrkaniutlandet","Ber\u00e4knad l\u00e4stid":"7 minuter"},"schema":{"@context":"https:\/\/schema.org","@graph":[{"@type":"Article","@id":"https:\/\/blogg.svenskakyrkan.se\/vart-jag-mig-i-varlden-vander\/2021\/11\/05\/kyrkan-i-rom-har-gett-framtidstro\/#article","isPartOf":{"@id":"https:\/\/blogg.svenskakyrkan.se\/vart-jag-mig-i-varlden-vander\/2021\/11\/05\/kyrkan-i-rom-har-gett-framtidstro\/"},"author":{"name":"svenskakyrkaniutlandet","@id":"https:\/\/blogg.svenskakyrkan.se\/vart-jag-mig-i-varlden-vander\/#\/schema\/person\/156252c602d2d05969d64ca8820c0162"},"headline":"Kyrkan i Rom har gett framtidstro","datePublished":"2021-11-05T08:35:05+00:00","dateModified":"2021-11-10T13:55:28+00:00","mainEntityOfPage":{"@id":"https:\/\/blogg.svenskakyrkan.se\/vart-jag-mig-i-varlden-vander\/2021\/11\/05\/kyrkan-i-rom-har-gett-framtidstro\/"},"wordCount":1358,"commentCount":0,"image":{"@id":"https:\/\/blogg.svenskakyrkan.se\/vart-jag-mig-i-varlden-vander\/2021\/11\/05\/kyrkan-i-rom-har-gett-framtidstro\/#primaryimage"},"thumbnailUrl":"https:\/\/blogg.svenskakyrkan.se\/vart-jag-mig-i-varlden-vander\/files\/2021\/11\/Ana-Maria_Rom1.jpg","keywords":["corona","covid","covid-19","Italien","pandemi","Rom","Svenska kyrkan","Svenska kyrkan i Rom","Svenska kyrkan i utlandet"],"articleSection":["Alla inl\u00e4gg","Covid19","Italien","Livskris","Pandemi","Sorg","Utlandsf\u00f6rsamlingar"],"inLanguage":"sv-SE","potentialAction":[{"@type":"CommentAction","name":"Comment","target":["https:\/\/blogg.svenskakyrkan.se\/vart-jag-mig-i-varlden-vander\/2021\/11\/05\/kyrkan-i-rom-har-gett-framtidstro\/#respond"]}]},{"@type":"WebPage","@id":"https:\/\/blogg.svenskakyrkan.se\/vart-jag-mig-i-varlden-vander\/2021\/11\/05\/kyrkan-i-rom-har-gett-framtidstro\/","url":"https:\/\/blogg.svenskakyrkan.se\/vart-jag-mig-i-varlden-vander\/2021\/11\/05\/kyrkan-i-rom-har-gett-framtidstro\/","name":"Kyrkan i Rom har gett framtidstro - Vart jag mig i v\u00e4rlden v\u00e4nder","isPartOf":{"@id":"https:\/\/blogg.svenskakyrkan.se\/vart-jag-mig-i-varlden-vander\/#website"},"primaryImageOfPage":{"@id":"https:\/\/blogg.svenskakyrkan.se\/vart-jag-mig-i-varlden-vander\/2021\/11\/05\/kyrkan-i-rom-har-gett-framtidstro\/#primaryimage"},"image":{"@id":"https:\/\/blogg.svenskakyrkan.se\/vart-jag-mig-i-varlden-vander\/2021\/11\/05\/kyrkan-i-rom-har-gett-framtidstro\/#primaryimage"},"thumbnailUrl":"https:\/\/blogg.svenskakyrkan.se\/vart-jag-mig-i-varlden-vander\/files\/2021\/11\/Ana-Maria_Rom1.jpg","datePublished":"2021-11-05T08:35:05+00:00","dateModified":"2021-11-10T13:55:28+00:00","author":{"@id":"https:\/\/blogg.svenskakyrkan.se\/vart-jag-mig-i-varlden-vander\/#\/schema\/person\/156252c602d2d05969d64ca8820c0162"},"breadcrumb":{"@id":"https:\/\/blogg.svenskakyrkan.se\/vart-jag-mig-i-varlden-vander\/2021\/11\/05\/kyrkan-i-rom-har-gett-framtidstro\/#breadcrumb"},"inLanguage":"sv-SE","potentialAction":[{"@type":"ReadAction","target":["https:\/\/blogg.svenskakyrkan.se\/vart-jag-mig-i-varlden-vander\/2021\/11\/05\/kyrkan-i-rom-har-gett-framtidstro\/"]}]},{"@type":"ImageObject","inLanguage":"sv-SE","@id":"https:\/\/blogg.svenskakyrkan.se\/vart-jag-mig-i-varlden-vander\/2021\/11\/05\/kyrkan-i-rom-har-gett-framtidstro\/#primaryimage","url":"https:\/\/blogg.svenskakyrkan.se\/vart-jag-mig-i-varlden-vander\/files\/2021\/11\/Ana-Maria_Rom1.jpg","contentUrl":"https:\/\/blogg.svenskakyrkan.se\/vart-jag-mig-i-varlden-vander\/files\/2021\/11\/Ana-Maria_Rom1.jpg","width":1920,"height":1280,"caption":"Foto: Marie Olsson"},{"@type":"BreadcrumbList","@id":"https:\/\/blogg.svenskakyrkan.se\/vart-jag-mig-i-varlden-vander\/2021\/11\/05\/kyrkan-i-rom-har-gett-framtidstro\/#breadcrumb","itemListElement":[{"@type":"ListItem","position":1,"name":"Hem","item":"https:\/\/blogg.svenskakyrkan.se\/vart-jag-mig-i-varlden-vander\/"},{"@type":"ListItem","position":2,"name":"Kyrkan i Rom har gett framtidstro"}]},{"@type":"WebSite","@id":"https:\/\/blogg.svenskakyrkan.se\/vart-jag-mig-i-varlden-vander\/#website","url":"https:\/\/blogg.svenskakyrkan.se\/vart-jag-mig-i-varlden-vander\/","name":"Vart jag mig i v\u00e4rlden v\u00e4nder","description":"Ber\u00e4ttelser om Svenska kyrkan i utlandet","potentialAction":[{"@type":"SearchAction","target":{"@type":"EntryPoint","urlTemplate":"https:\/\/blogg.svenskakyrkan.se\/vart-jag-mig-i-varlden-vander\/?s={search_term_string}"},"query-input":{"@type":"PropertyValueSpecification","valueRequired":true,"valueName":"search_term_string"}}],"inLanguage":"sv-SE"},{"@type":"Person","@id":"https:\/\/blogg.svenskakyrkan.se\/vart-jag-mig-i-varlden-vander\/#\/schema\/person\/156252c602d2d05969d64ca8820c0162","name":"svenskakyrkaniutlandet","image":{"@type":"ImageObject","inLanguage":"sv-SE","@id":"https:\/\/blogg.svenskakyrkan.se\/vart-jag-mig-i-varlden-vander\/#\/schema\/person\/image\/","url":"https:\/\/secure.gravatar.com\/avatar\/7c649c60d0e18556c3e72f4ea02ed2f59b03cf3be67cbc37fe412a59b0339649?s=96&d=mm&r=g","contentUrl":"https:\/\/secure.gravatar.com\/avatar\/7c649c60d0e18556c3e72f4ea02ed2f59b03cf3be67cbc37fe412a59b0339649?s=96&d=mm&r=g","caption":"svenskakyrkaniutlandet"},"url":"https:\/\/blogg.svenskakyrkan.se\/vart-jag-mig-i-varlden-vander\/author\/vart-jag-mig-i-varlden-vander\/"}]}},"aioseo_notices":[],"author_meta":{"ID":"800","user_nicename":"vart-jag-mig-i-varlden-vander","user_registered":"2021-10-29 13:50:15","display_name":"svenskakyrkaniutlandet","avatar":"https:\/\/secure.gravatar.com\/avatar\/7c649c60d0e18556c3e72f4ea02ed2f59b03cf3be67cbc37fe412a59b0339649?s=96&d=mm&r=g"},"featured_image":["https:\/\/blogg.svenskakyrkan.se\/vart-jag-mig-i-varlden-vander\/files\/2021\/11\/Ana-Maria_Rom1-1024x683.jpg",1024,683,true],"bloginfo":{"name":"Vart jag mig i v\u00e4rlden v\u00e4nder","url":"https:\/\/blogg.svenskakyrkan.se\/vart-jag-mig-i-varlden-vander"},"_links":{"self":[{"href":"https:\/\/blogg.svenskakyrkan.se\/vart-jag-mig-i-varlden-vander\/wp-json\/wp\/v2\/posts\/15","targetHints":{"allow":["GET"]}}],"collection":[{"href":"https:\/\/blogg.svenskakyrkan.se\/vart-jag-mig-i-varlden-vander\/wp-json\/wp\/v2\/posts"}],"about":[{"href":"https:\/\/blogg.svenskakyrkan.se\/vart-jag-mig-i-varlden-vander\/wp-json\/wp\/v2\/types\/post"}],"author":[{"embeddable":true,"href":"https:\/\/blogg.svenskakyrkan.se\/vart-jag-mig-i-varlden-vander\/wp-json\/wp\/v2\/users\/800"}],"replies":[{"embeddable":true,"href":"https:\/\/blogg.svenskakyrkan.se\/vart-jag-mig-i-varlden-vander\/wp-json\/wp\/v2\/comments?post=15"}],"version-history":[{"count":8,"href":"https:\/\/blogg.svenskakyrkan.se\/vart-jag-mig-i-varlden-vander\/wp-json\/wp\/v2\/posts\/15\/revisions"}],"predecessor-version":[{"id":123,"href":"https:\/\/blogg.svenskakyrkan.se\/vart-jag-mig-i-varlden-vander\/wp-json\/wp\/v2\/posts\/15\/revisions\/123"}],"wp:featuredmedia":[{"embeddable":true,"href":"https:\/\/blogg.svenskakyrkan.se\/vart-jag-mig-i-varlden-vander\/wp-json\/wp\/v2\/media\/17"}],"wp:attachment":[{"href":"https:\/\/blogg.svenskakyrkan.se\/vart-jag-mig-i-varlden-vander\/wp-json\/wp\/v2\/media?parent=15"}],"wp:term":[{"taxonomy":"category","embeddable":true,"href":"https:\/\/blogg.svenskakyrkan.se\/vart-jag-mig-i-varlden-vander\/wp-json\/wp\/v2\/categories?post=15"},{"taxonomy":"post_tag","embeddable":true,"href":"https:\/\/blogg.svenskakyrkan.se\/vart-jag-mig-i-varlden-vander\/wp-json\/wp\/v2\/tags?post=15"}],"curies":[{"name":"wp","href":"https:\/\/api.w.org\/{rel}","templated":true}]}}