{"id":1747,"date":"2026-08-26T12:11:39","date_gmt":"2026-08-26T10:11:39","guid":{"rendered":"https:\/\/blogg.svenskakyrkan.se\/vart-jag-mig-i-varlden-vander\/?p=1747"},"modified":"2026-08-26T12:15:49","modified_gmt":"2026-08-26T10:15:49","slug":"mobil-diakoni-i-sydamerika","status":"publish","type":"post","link":"https:\/\/blogg.svenskakyrkan.se\/vart-jag-mig-i-varlden-vander\/2026\/08\/26\/mobil-diakoni-i-sydamerika\/","title":{"rendered":"Mobil diakoni i Sydamerika"},"content":{"rendered":"\n<p class=\"is-style-intro\">Mina barn, l\u00e5t oss inte \u00e4lska med tomma ord utan med handling och sanning.<br>(1 Joh 3:18)<\/p>\n\n\n<figure style=\"aspect-ratio:4\/3;\" class=\"wp-block-post-featured-image\"><img loading=\"lazy\" decoding=\"async\" width=\"2560\" height=\"1707\" src=\"https:\/\/blogg.svenskakyrkan.se\/vart-jag-mig-i-varlden-vander\/files\/2026\/08\/pexels-amed-yousif-176431-13243411-1-scaled.jpg\" class=\"attachment-post-thumbnail size-post-thumbnail wp-post-image\" alt=\"\" style=\"width:100%;height:100%;object-fit:cover;\" srcset=\"https:\/\/blogg.svenskakyrkan.se\/vart-jag-mig-i-varlden-vander\/files\/2026\/08\/pexels-amed-yousif-176431-13243411-1-scaled.jpg 2560w, https:\/\/blogg.svenskakyrkan.se\/vart-jag-mig-i-varlden-vander\/files\/2026\/08\/pexels-amed-yousif-176431-13243411-1-300x200.jpg 300w, https:\/\/blogg.svenskakyrkan.se\/vart-jag-mig-i-varlden-vander\/files\/2026\/08\/pexels-amed-yousif-176431-13243411-1-1024x683.jpg 1024w, https:\/\/blogg.svenskakyrkan.se\/vart-jag-mig-i-varlden-vander\/files\/2026\/08\/pexels-amed-yousif-176431-13243411-1-768x512.jpg 768w, https:\/\/blogg.svenskakyrkan.se\/vart-jag-mig-i-varlden-vander\/files\/2026\/08\/pexels-amed-yousif-176431-13243411-1-1536x1024.jpg 1536w, https:\/\/blogg.svenskakyrkan.se\/vart-jag-mig-i-varlden-vander\/files\/2026\/08\/pexels-amed-yousif-176431-13243411-1-2048x1365.jpg 2048w, https:\/\/blogg.svenskakyrkan.se\/vart-jag-mig-i-varlden-vander\/files\/2026\/08\/pexels-amed-yousif-176431-13243411-1-1200x800.jpg 1200w\" sizes=\"auto, (max-width: 2560px) 100vw, 2560px\" \/><\/figure>\n\n\n<p><br>Att vara mobil pr\u00e4st i Sydamerika inneb\u00e4r m\u00e5nga utmaningar, en \u00e4r diakonin.<br>Inte f\u00f6r att diakonala behov inte finns, inte f\u00f6r att n\u00f6den, utsattheten och lidandet inte<br>finns i Sydamerika, utan f\u00f6r sv\u00e5righeten att m\u00f6ta den utsatte p\u00e5 plats!<br>Som resande pr\u00e4st p\u00e5 denna stora kontinent \u00e4r det inte alltid m\u00f6jligt att m\u00f6ta<br>personen med sin fysiska n\u00e4rvaro. Svenska kyrkan finns inte i alla sydamerikanska<br>l\u00e4nder, men svenskar r\u00f6r sig i de flesta av kontinentens l\u00e4nder. Det \u00e4r allts\u00e5 sv\u00e5rt att m\u00f6tas i ett fysiskt samtalsrum eller tr\u00e4ffas i kyrkobyggnader, d\u00e5 jag oftast \u00e4r n\u00e5gra l\u00e4nder bort fr\u00e5n personen i fr\u00e5ga.\u00a0<br>Diakonin f\u00f6r den mobila verksamheten kan d\u00e4rf\u00f6r se lite annorlunda ut \u00e4n i en mer<br>konventionell f\u00f6rsamling hemma i Sverige. Diakoni \u00e4r alltid kontextuell och tar sig d\u00e4rf\u00f6r olika uttryck. F\u00f6r mig som mobil pr\u00e4st bedrivs diakonin m\u00e5nga g\u00e5nger med hj\u00e4lp av WhatsApp. De \u00e4r ett flitig diakonalt verktyg jag n\u00e4stan p\u00e5 veckobasis anv\u00e4nder mig av.<br>P\u00e5 min WhatsApp kan en ung m\u00e4nniska som blivit bestulen p\u00e5 pengar och pass p\u00e5<br>\u00f6ppen gata i Rio de Janeiro h\u00f6ra av sig. Jag kan d\u00e5 f\u00e5 vara ett lyssnande \u00f6ra och<br>sedan lotsa personen vidare. Kanske till en annan f\u00f6rsamling p\u00e5 plats eller till ett<br>konsulat.<br>Det kan vara en familj i Sverige som h\u00f6r av sig och undra om jag k\u00e4nner till n\u00e5got bra<br>h\u00e4rb\u00e4rge i Bogot\u00e1 f\u00f6r deras son som irrat bort sig i Colombia. Det kan ocks\u00e5 finnas<br>situationer d\u00e4r jag med ambassaden kan samarbeta med samtalsst\u00f6d f\u00f6r en<br>m\u00e4nniska som \u00e4r i kris. Via WhatsApp har jag kunnat planera in sjukhusbes\u00f6k eller<br>f\u00e4ngelsebes\u00f6k. Jag har vid n\u00e5got tillf\u00e4lle genom ett av v\u00e5ra svenska konsulat kunna<br>ordna fram lite pengar till ett par hotelln\u00e4tter f\u00f6r en frihetsber\u00f6vad som just avtj\u00e4nat<br>sitt straff och kommit ut ur f\u00e4ngelset.<br>\u00a0<br>Diakonin och sj\u00e4lav\u00e5rden ligger n\u00e4ra varandra. Ofta b\u00f6rjar kontakten med en praktisk<br>fr\u00e5ga, men leder vidare till samtal om n\u00e5got konkret. Som utsatthet eller ensamhet. I<br>dessa samtal har jag p\u00e5 nytt f\u00e5tt erfara att kyrkans omsorg inte alltid beh\u00f6ver en<br>fysisk plats f\u00f6r att n\u00e5 fram. Ibland kan ocks\u00e5 ett telefonsamtal eller ett meddelande p\u00e5<br>WhatsApp f\u00e5 b\u00e4ra n\u00e5got av evangeliets tr\u00f6st och n\u00e4rvaro.<\/p>\n\n\n\n<p>I en mer traditionell f\u00f6rsamlingsmilj\u00f6 sker diakonin ofta i det fysiska m\u00f6tet. I den<br>mobila verksamheten f\u00e5r samma diakoni ibland f\u00f6rmedlas genom telefonen med<br>WhatsApp.&nbsp;<br>Formen f\u00f6r diakonin \u00e4r kanske annorlunda, men dess k\u00e4rna \u00e4r densamma: att l\u00e5ta<br>Kristi k\u00e4rlek bli konkret i m\u00f6tet med m\u00e4nniskors n\u00f6d och utsatthet.<\/p>\n\n\n\n<p>Text: Pierre Schelander\/ Mobil pr\u00e4st i Sydamerika<br>Foto: Pexels<\/p>\n\n\n\n<p><\/p>\n","protected":false},"excerpt":{"rendered":"<p>Mina barn, l\u00e5t oss inte \u00e4lska med tomma ord utan med handling och sanning.(1 Joh 3:18) Att vara mobil pr\u00e4st i Sydamerika inneb\u00e4r m\u00e5nga utmaningar, en \u00e4r diakonin.Inte f\u00f6r att diakonala behov inte finns, inte f\u00f6r att n\u00f6den, utsattheten och lidandet intefinns i Sydamerika, utan f\u00f6r sv\u00e5righeten att m\u00f6ta den utsatte p\u00e5 plats!Som resande pr\u00e4st [&hellip;]<\/p>\n","protected":false},"author":800,"featured_media":1754,"comment_status":"open","ping_status":"open","sticky":false,"template":"","format":"standard","meta":{"_acf_changed":false,"footnotes":""},"categories":[1],"tags":[],"class_list":["post-1747","post","type-post","status-publish","format-standard","has-post-thumbnail","hentry","category-allt"],"acf":[],"yoast_head":"<!-- This site is optimized with the Yoast SEO plugin v27.1.1 - https:\/\/yoast.com\/product\/yoast-seo-wordpress\/ -->\n<title>Mobil diakoni i Sydamerika - Vart jag mig i v\u00e4rlden v\u00e4nder<\/title>\n<meta name=\"robots\" content=\"index, follow, max-snippet:-1, max-image-preview:large, max-video-preview:-1\" \/>\n<link rel=\"canonical\" href=\"https:\/\/blogg.svenskakyrkan.se\/vart-jag-mig-i-varlden-vander\/2026\/08\/26\/mobil-diakoni-i-sydamerika\/\" \/>\n<meta property=\"og:locale\" content=\"sv_SE\" \/>\n<meta property=\"og:type\" content=\"article\" \/>\n<meta property=\"og:title\" content=\"Mobil diakoni i Sydamerika - Vart jag mig i v\u00e4rlden v\u00e4nder\" \/>\n<meta property=\"og:description\" content=\"Mina barn, l\u00e5t oss inte \u00e4lska med tomma ord utan med handling och sanning.(1 Joh 3:18) Att vara mobil pr\u00e4st i Sydamerika inneb\u00e4r m\u00e5nga utmaningar, en \u00e4r diakonin.Inte f\u00f6r att diakonala behov inte finns, inte f\u00f6r att n\u00f6den, utsattheten och lidandet intefinns i Sydamerika, utan f\u00f6r sv\u00e5righeten att m\u00f6ta den utsatte p\u00e5 plats!Som resande pr\u00e4st [&hellip;]\" \/>\n<meta property=\"og:url\" content=\"https:\/\/blogg.svenskakyrkan.se\/vart-jag-mig-i-varlden-vander\/2026\/08\/26\/mobil-diakoni-i-sydamerika\/\" \/>\n<meta property=\"og:site_name\" content=\"Vart jag mig i v\u00e4rlden v\u00e4nder\" \/>\n<meta property=\"article:published_time\" content=\"2026-08-26T10:11:39+00:00\" \/>\n<meta property=\"article:modified_time\" content=\"2026-08-26T10:15:49+00:00\" \/>\n<meta property=\"og:image\" content=\"https:\/\/blogg.svenskakyrkan.se\/vart-jag-mig-i-varlden-vander\/files\/2026\/08\/pexels-amed-yousif-176431-13243411-1-scaled.jpg\" \/>\n\t<meta property=\"og:image:width\" content=\"2560\" \/>\n\t<meta property=\"og:image:height\" content=\"1707\" \/>\n\t<meta property=\"og:image:type\" content=\"image\/jpeg\" \/>\n<meta name=\"author\" content=\"svenskakyrkaniutlandet\" \/>\n<meta name=\"twitter:card\" content=\"summary_large_image\" \/>\n<meta name=\"twitter:label1\" content=\"Skriven av\" \/>\n\t<meta name=\"twitter:data1\" content=\"svenskakyrkaniutlandet\" \/>\n\t<meta name=\"twitter:label2\" content=\"Ber\u00e4knad l\u00e4stid\" \/>\n\t<meta name=\"twitter:data2\" content=\"3 minuter\" \/>\n<script type=\"application\/ld+json\" class=\"yoast-schema-graph\">{\"@context\":\"https:\/\/schema.org\",\"@graph\":[{\"@type\":\"Article\",\"@id\":\"https:\/\/blogg.svenskakyrkan.se\/vart-jag-mig-i-varlden-vander\/2026\/08\/26\/mobil-diakoni-i-sydamerika\/#article\",\"isPartOf\":{\"@id\":\"https:\/\/blogg.svenskakyrkan.se\/vart-jag-mig-i-varlden-vander\/2026\/08\/26\/mobil-diakoni-i-sydamerika\/\"},\"author\":{\"name\":\"svenskakyrkaniutlandet\",\"@id\":\"https:\/\/blogg.svenskakyrkan.se\/vart-jag-mig-i-varlden-vander\/#\/schema\/person\/156252c602d2d05969d64ca8820c0162\"},\"headline\":\"Mobil diakoni i Sydamerika\",\"datePublished\":\"2026-08-26T10:11:39+00:00\",\"dateModified\":\"2026-08-26T10:15:49+00:00\",\"mainEntityOfPage\":{\"@id\":\"https:\/\/blogg.svenskakyrkan.se\/vart-jag-mig-i-varlden-vander\/2026\/08\/26\/mobil-diakoni-i-sydamerika\/\"},\"wordCount\":509,\"commentCount\":1,\"image\":{\"@id\":\"https:\/\/blogg.svenskakyrkan.se\/vart-jag-mig-i-varlden-vander\/2026\/08\/26\/mobil-diakoni-i-sydamerika\/#primaryimage\"},\"thumbnailUrl\":\"https:\/\/blogg.svenskakyrkan.se\/vart-jag-mig-i-varlden-vander\/files\/2026\/08\/pexels-amed-yousif-176431-13243411-1-scaled.jpg\",\"articleSection\":[\"Alla inl\u00e4gg\"],\"inLanguage\":\"sv-SE\",\"potentialAction\":[{\"@type\":\"CommentAction\",\"name\":\"Comment\",\"target\":[\"https:\/\/blogg.svenskakyrkan.se\/vart-jag-mig-i-varlden-vander\/2026\/08\/26\/mobil-diakoni-i-sydamerika\/#respond\"]}]},{\"@type\":\"WebPage\",\"@id\":\"https:\/\/blogg.svenskakyrkan.se\/vart-jag-mig-i-varlden-vander\/2026\/08\/26\/mobil-diakoni-i-sydamerika\/\",\"url\":\"https:\/\/blogg.svenskakyrkan.se\/vart-jag-mig-i-varlden-vander\/2026\/08\/26\/mobil-diakoni-i-sydamerika\/\",\"name\":\"Mobil diakoni i Sydamerika - Vart jag mig i v\u00e4rlden v\u00e4nder\",\"isPartOf\":{\"@id\":\"https:\/\/blogg.svenskakyrkan.se\/vart-jag-mig-i-varlden-vander\/#website\"},\"primaryImageOfPage\":{\"@id\":\"https:\/\/blogg.svenskakyrkan.se\/vart-jag-mig-i-varlden-vander\/2026\/08\/26\/mobil-diakoni-i-sydamerika\/#primaryimage\"},\"image\":{\"@id\":\"https:\/\/blogg.svenskakyrkan.se\/vart-jag-mig-i-varlden-vander\/2026\/08\/26\/mobil-diakoni-i-sydamerika\/#primaryimage\"},\"thumbnailUrl\":\"https:\/\/blogg.svenskakyrkan.se\/vart-jag-mig-i-varlden-vander\/files\/2026\/08\/pexels-amed-yousif-176431-13243411-1-scaled.jpg\",\"datePublished\":\"2026-08-26T10:11:39+00:00\",\"dateModified\":\"2026-08-26T10:15:49+00:00\",\"author\":{\"@id\":\"https:\/\/blogg.svenskakyrkan.se\/vart-jag-mig-i-varlden-vander\/#\/schema\/person\/156252c602d2d05969d64ca8820c0162\"},\"breadcrumb\":{\"@id\":\"https:\/\/blogg.svenskakyrkan.se\/vart-jag-mig-i-varlden-vander\/2026\/08\/26\/mobil-diakoni-i-sydamerika\/#breadcrumb\"},\"inLanguage\":\"sv-SE\",\"potentialAction\":[{\"@type\":\"ReadAction\",\"target\":[\"https:\/\/blogg.svenskakyrkan.se\/vart-jag-mig-i-varlden-vander\/2026\/08\/26\/mobil-diakoni-i-sydamerika\/\"]}]},{\"@type\":\"ImageObject\",\"inLanguage\":\"sv-SE\",\"@id\":\"https:\/\/blogg.svenskakyrkan.se\/vart-jag-mig-i-varlden-vander\/2026\/08\/26\/mobil-diakoni-i-sydamerika\/#primaryimage\",\"url\":\"https:\/\/blogg.svenskakyrkan.se\/vart-jag-mig-i-varlden-vander\/files\/2026\/08\/pexels-amed-yousif-176431-13243411-1-scaled.jpg\",\"contentUrl\":\"https:\/\/blogg.svenskakyrkan.se\/vart-jag-mig-i-varlden-vander\/files\/2026\/08\/pexels-amed-yousif-176431-13243411-1-scaled.jpg\",\"width\":2560,\"height\":1707},{\"@type\":\"BreadcrumbList\",\"@id\":\"https:\/\/blogg.svenskakyrkan.se\/vart-jag-mig-i-varlden-vander\/2026\/08\/26\/mobil-diakoni-i-sydamerika\/#breadcrumb\",\"itemListElement\":[{\"@type\":\"ListItem\",\"position\":1,\"name\":\"Hem\",\"item\":\"https:\/\/blogg.svenskakyrkan.se\/vart-jag-mig-i-varlden-vander\/\"},{\"@type\":\"ListItem\",\"position\":2,\"name\":\"Mobil diakoni i Sydamerika\"}]},{\"@type\":\"WebSite\",\"@id\":\"https:\/\/blogg.svenskakyrkan.se\/vart-jag-mig-i-varlden-vander\/#website\",\"url\":\"https:\/\/blogg.svenskakyrkan.se\/vart-jag-mig-i-varlden-vander\/\",\"name\":\"Vart jag mig i v\u00e4rlden v\u00e4nder\",\"description\":\"Ber\u00e4ttelser om Svenska kyrkan i utlandet\",\"potentialAction\":[{\"@type\":\"SearchAction\",\"target\":{\"@type\":\"EntryPoint\",\"urlTemplate\":\"https:\/\/blogg.svenskakyrkan.se\/vart-jag-mig-i-varlden-vander\/?s={search_term_string}\"},\"query-input\":{\"@type\":\"PropertyValueSpecification\",\"valueRequired\":true,\"valueName\":\"search_term_string\"}}],\"inLanguage\":\"sv-SE\"},{\"@type\":\"Person\",\"@id\":\"https:\/\/blogg.svenskakyrkan.se\/vart-jag-mig-i-varlden-vander\/#\/schema\/person\/156252c602d2d05969d64ca8820c0162\",\"name\":\"svenskakyrkaniutlandet\",\"image\":{\"@type\":\"ImageObject\",\"inLanguage\":\"sv-SE\",\"@id\":\"https:\/\/blogg.svenskakyrkan.se\/vart-jag-mig-i-varlden-vander\/#\/schema\/person\/image\/\",\"url\":\"https:\/\/secure.gravatar.com\/avatar\/7c649c60d0e18556c3e72f4ea02ed2f59b03cf3be67cbc37fe412a59b0339649?s=96&d=mm&r=g\",\"contentUrl\":\"https:\/\/secure.gravatar.com\/avatar\/7c649c60d0e18556c3e72f4ea02ed2f59b03cf3be67cbc37fe412a59b0339649?s=96&d=mm&r=g\",\"caption\":\"svenskakyrkaniutlandet\"},\"url\":\"https:\/\/blogg.svenskakyrkan.se\/vart-jag-mig-i-varlden-vander\/author\/vart-jag-mig-i-varlden-vander\/\"}]}<\/script>\n<!-- \/ Yoast SEO plugin. -->","yoast_head_json":{"title":"Mobil diakoni i Sydamerika - Vart jag mig i v\u00e4rlden v\u00e4nder","robots":{"index":"index","follow":"follow","max-snippet":"max-snippet:-1","max-image-preview":"max-image-preview:large","max-video-preview":"max-video-preview:-1"},"canonical":"https:\/\/blogg.svenskakyrkan.se\/vart-jag-mig-i-varlden-vander\/2026\/08\/26\/mobil-diakoni-i-sydamerika\/","og_locale":"sv_SE","og_type":"article","og_title":"Mobil diakoni i Sydamerika - Vart jag mig i v\u00e4rlden v\u00e4nder","og_description":"Mina barn, l\u00e5t oss inte \u00e4lska med tomma ord utan med handling och sanning.(1 Joh 3:18) Att vara mobil pr\u00e4st i Sydamerika inneb\u00e4r m\u00e5nga utmaningar, en \u00e4r diakonin.Inte f\u00f6r att diakonala behov inte finns, inte f\u00f6r att n\u00f6den, utsattheten och lidandet intefinns i Sydamerika, utan f\u00f6r sv\u00e5righeten att m\u00f6ta den utsatte p\u00e5 plats!Som resande pr\u00e4st [&hellip;]","og_url":"https:\/\/blogg.svenskakyrkan.se\/vart-jag-mig-i-varlden-vander\/2026\/08\/26\/mobil-diakoni-i-sydamerika\/","og_site_name":"Vart jag mig i v\u00e4rlden v\u00e4nder","article_published_time":"2026-08-26T10:11:39+00:00","article_modified_time":"2026-08-26T10:15:49+00:00","og_image":[{"width":2560,"height":1707,"url":"https:\/\/blogg.svenskakyrkan.se\/vart-jag-mig-i-varlden-vander\/files\/2026\/08\/pexels-amed-yousif-176431-13243411-1-scaled.jpg","type":"image\/jpeg"}],"author":"svenskakyrkaniutlandet","twitter_card":"summary_large_image","twitter_misc":{"Skriven av":"svenskakyrkaniutlandet","Ber\u00e4knad l\u00e4stid":"3 minuter"},"schema":{"@context":"https:\/\/schema.org","@graph":[{"@type":"Article","@id":"https:\/\/blogg.svenskakyrkan.se\/vart-jag-mig-i-varlden-vander\/2026\/08\/26\/mobil-diakoni-i-sydamerika\/#article","isPartOf":{"@id":"https:\/\/blogg.svenskakyrkan.se\/vart-jag-mig-i-varlden-vander\/2026\/08\/26\/mobil-diakoni-i-sydamerika\/"},"author":{"name":"svenskakyrkaniutlandet","@id":"https:\/\/blogg.svenskakyrkan.se\/vart-jag-mig-i-varlden-vander\/#\/schema\/person\/156252c602d2d05969d64ca8820c0162"},"headline":"Mobil diakoni i Sydamerika","datePublished":"2026-08-26T10:11:39+00:00","dateModified":"2026-08-26T10:15:49+00:00","mainEntityOfPage":{"@id":"https:\/\/blogg.svenskakyrkan.se\/vart-jag-mig-i-varlden-vander\/2026\/08\/26\/mobil-diakoni-i-sydamerika\/"},"wordCount":509,"commentCount":1,"image":{"@id":"https:\/\/blogg.svenskakyrkan.se\/vart-jag-mig-i-varlden-vander\/2026\/08\/26\/mobil-diakoni-i-sydamerika\/#primaryimage"},"thumbnailUrl":"https:\/\/blogg.svenskakyrkan.se\/vart-jag-mig-i-varlden-vander\/files\/2026\/08\/pexels-amed-yousif-176431-13243411-1-scaled.jpg","articleSection":["Alla inl\u00e4gg"],"inLanguage":"sv-SE","potentialAction":[{"@type":"CommentAction","name":"Comment","target":["https:\/\/blogg.svenskakyrkan.se\/vart-jag-mig-i-varlden-vander\/2026\/08\/26\/mobil-diakoni-i-sydamerika\/#respond"]}]},{"@type":"WebPage","@id":"https:\/\/blogg.svenskakyrkan.se\/vart-jag-mig-i-varlden-vander\/2026\/08\/26\/mobil-diakoni-i-sydamerika\/","url":"https:\/\/blogg.svenskakyrkan.se\/vart-jag-mig-i-varlden-vander\/2026\/08\/26\/mobil-diakoni-i-sydamerika\/","name":"Mobil diakoni i Sydamerika - Vart jag mig i v\u00e4rlden v\u00e4nder","isPartOf":{"@id":"https:\/\/blogg.svenskakyrkan.se\/vart-jag-mig-i-varlden-vander\/#website"},"primaryImageOfPage":{"@id":"https:\/\/blogg.svenskakyrkan.se\/vart-jag-mig-i-varlden-vander\/2026\/08\/26\/mobil-diakoni-i-sydamerika\/#primaryimage"},"image":{"@id":"https:\/\/blogg.svenskakyrkan.se\/vart-jag-mig-i-varlden-vander\/2026\/08\/26\/mobil-diakoni-i-sydamerika\/#primaryimage"},"thumbnailUrl":"https:\/\/blogg.svenskakyrkan.se\/vart-jag-mig-i-varlden-vander\/files\/2026\/08\/pexels-amed-yousif-176431-13243411-1-scaled.jpg","datePublished":"2026-08-26T10:11:39+00:00","dateModified":"2026-08-26T10:15:49+00:00","author":{"@id":"https:\/\/blogg.svenskakyrkan.se\/vart-jag-mig-i-varlden-vander\/#\/schema\/person\/156252c602d2d05969d64ca8820c0162"},"breadcrumb":{"@id":"https:\/\/blogg.svenskakyrkan.se\/vart-jag-mig-i-varlden-vander\/2026\/08\/26\/mobil-diakoni-i-sydamerika\/#breadcrumb"},"inLanguage":"sv-SE","potentialAction":[{"@type":"ReadAction","target":["https:\/\/blogg.svenskakyrkan.se\/vart-jag-mig-i-varlden-vander\/2026\/08\/26\/mobil-diakoni-i-sydamerika\/"]}]},{"@type":"ImageObject","inLanguage":"sv-SE","@id":"https:\/\/blogg.svenskakyrkan.se\/vart-jag-mig-i-varlden-vander\/2026\/08\/26\/mobil-diakoni-i-sydamerika\/#primaryimage","url":"https:\/\/blogg.svenskakyrkan.se\/vart-jag-mig-i-varlden-vander\/files\/2026\/08\/pexels-amed-yousif-176431-13243411-1-scaled.jpg","contentUrl":"https:\/\/blogg.svenskakyrkan.se\/vart-jag-mig-i-varlden-vander\/files\/2026\/08\/pexels-amed-yousif-176431-13243411-1-scaled.jpg","width":2560,"height":1707},{"@type":"BreadcrumbList","@id":"https:\/\/blogg.svenskakyrkan.se\/vart-jag-mig-i-varlden-vander\/2026\/08\/26\/mobil-diakoni-i-sydamerika\/#breadcrumb","itemListElement":[{"@type":"ListItem","position":1,"name":"Hem","item":"https:\/\/blogg.svenskakyrkan.se\/vart-jag-mig-i-varlden-vander\/"},{"@type":"ListItem","position":2,"name":"Mobil diakoni i Sydamerika"}]},{"@type":"WebSite","@id":"https:\/\/blogg.svenskakyrkan.se\/vart-jag-mig-i-varlden-vander\/#website","url":"https:\/\/blogg.svenskakyrkan.se\/vart-jag-mig-i-varlden-vander\/","name":"Vart jag mig i v\u00e4rlden v\u00e4nder","description":"Ber\u00e4ttelser om Svenska kyrkan i utlandet","potentialAction":[{"@type":"SearchAction","target":{"@type":"EntryPoint","urlTemplate":"https:\/\/blogg.svenskakyrkan.se\/vart-jag-mig-i-varlden-vander\/?s={search_term_string}"},"query-input":{"@type":"PropertyValueSpecification","valueRequired":true,"valueName":"search_term_string"}}],"inLanguage":"sv-SE"},{"@type":"Person","@id":"https:\/\/blogg.svenskakyrkan.se\/vart-jag-mig-i-varlden-vander\/#\/schema\/person\/156252c602d2d05969d64ca8820c0162","name":"svenskakyrkaniutlandet","image":{"@type":"ImageObject","inLanguage":"sv-SE","@id":"https:\/\/blogg.svenskakyrkan.se\/vart-jag-mig-i-varlden-vander\/#\/schema\/person\/image\/","url":"https:\/\/secure.gravatar.com\/avatar\/7c649c60d0e18556c3e72f4ea02ed2f59b03cf3be67cbc37fe412a59b0339649?s=96&d=mm&r=g","contentUrl":"https:\/\/secure.gravatar.com\/avatar\/7c649c60d0e18556c3e72f4ea02ed2f59b03cf3be67cbc37fe412a59b0339649?s=96&d=mm&r=g","caption":"svenskakyrkaniutlandet"},"url":"https:\/\/blogg.svenskakyrkan.se\/vart-jag-mig-i-varlden-vander\/author\/vart-jag-mig-i-varlden-vander\/"}]}},"aioseo_notices":[],"author_meta":{"ID":"800","user_nicename":"vart-jag-mig-i-varlden-vander","user_registered":"2021-10-29 13:50:15","display_name":"svenskakyrkaniutlandet","avatar":"https:\/\/secure.gravatar.com\/avatar\/7c649c60d0e18556c3e72f4ea02ed2f59b03cf3be67cbc37fe412a59b0339649?s=96&d=mm&r=g"},"featured_image":["https:\/\/blogg.svenskakyrkan.se\/vart-jag-mig-i-varlden-vander\/files\/2026\/08\/pexels-amed-yousif-176431-13243411-1-1024x683.jpg",1024,683,true],"bloginfo":{"name":"Vart jag mig i v\u00e4rlden v\u00e4nder","url":"https:\/\/blogg.svenskakyrkan.se\/vart-jag-mig-i-varlden-vander"},"_links":{"self":[{"href":"https:\/\/blogg.svenskakyrkan.se\/vart-jag-mig-i-varlden-vander\/wp-json\/wp\/v2\/posts\/1747","targetHints":{"allow":["GET"]}}],"collection":[{"href":"https:\/\/blogg.svenskakyrkan.se\/vart-jag-mig-i-varlden-vander\/wp-json\/wp\/v2\/posts"}],"about":[{"href":"https:\/\/blogg.svenskakyrkan.se\/vart-jag-mig-i-varlden-vander\/wp-json\/wp\/v2\/types\/post"}],"author":[{"embeddable":true,"href":"https:\/\/blogg.svenskakyrkan.se\/vart-jag-mig-i-varlden-vander\/wp-json\/wp\/v2\/users\/800"}],"replies":[{"embeddable":true,"href":"https:\/\/blogg.svenskakyrkan.se\/vart-jag-mig-i-varlden-vander\/wp-json\/wp\/v2\/comments?post=1747"}],"version-history":[{"count":7,"href":"https:\/\/blogg.svenskakyrkan.se\/vart-jag-mig-i-varlden-vander\/wp-json\/wp\/v2\/posts\/1747\/revisions"}],"predecessor-version":[{"id":1759,"href":"https:\/\/blogg.svenskakyrkan.se\/vart-jag-mig-i-varlden-vander\/wp-json\/wp\/v2\/posts\/1747\/revisions\/1759"}],"wp:featuredmedia":[{"embeddable":true,"href":"https:\/\/blogg.svenskakyrkan.se\/vart-jag-mig-i-varlden-vander\/wp-json\/wp\/v2\/media\/1754"}],"wp:attachment":[{"href":"https:\/\/blogg.svenskakyrkan.se\/vart-jag-mig-i-varlden-vander\/wp-json\/wp\/v2\/media?parent=1747"}],"wp:term":[{"taxonomy":"category","embeddable":true,"href":"https:\/\/blogg.svenskakyrkan.se\/vart-jag-mig-i-varlden-vander\/wp-json\/wp\/v2\/categories?post=1747"},{"taxonomy":"post_tag","embeddable":true,"href":"https:\/\/blogg.svenskakyrkan.se\/vart-jag-mig-i-varlden-vander\/wp-json\/wp\/v2\/tags?post=1747"}],"curies":[{"name":"wp","href":"https:\/\/api.w.org\/{rel}","templated":true}]}}