{"id":1760,"date":"2026-09-02T11:50:24","date_gmt":"2026-09-02T09:50:24","guid":{"rendered":"https:\/\/blogg.svenskakyrkan.se\/vart-jag-mig-i-varlden-vander\/?p=1760"},"modified":"2026-09-02T11:50:25","modified_gmt":"2026-09-02T09:50:25","slug":"hur-packar-man-en-dalahast","status":"publish","type":"post","link":"https:\/\/blogg.svenskakyrkan.se\/vart-jag-mig-i-varlden-vander\/2026\/09\/02\/hur-packar-man-en-dalahast\/","title":{"rendered":"Hur packar man en dalah\u00e4st?"},"content":{"rendered":"\n<p class=\"is-style-intro\">Att arbeta i Svenska kyrkan utomlands inneb\u00e4r ibland att det mest vardagliga f\u00e5r en helt annan betydelse. Jag har precis varit hemma i Sverige p\u00e5 semester. Och som utlandssvensk l\u00e4r man sig snabbt att packa p\u00e5 ett lite annorlunda s\u00e4tt.&nbsp; Det \u00e4r inte fr\u00e4mst kl\u00e4der som fyller resv\u00e4skan.&nbsp;&nbsp;<br>Det \u00e4r Sverige.<\/p>\n\n\n\n<figure class=\"wp-block-image size-large\"><img loading=\"lazy\" decoding=\"async\" width=\"768\" height=\"1024\" src=\"https:\/\/blogg.svenskakyrkan.se\/vart-jag-mig-i-varlden-vander\/files\/2026\/09\/Maria-Scharffenberg-dalahast-1-768x1024.jpg\" alt=\"\" class=\"wp-image-1761\" style=\"aspect-ratio:4\/3;object-fit:cover\" srcset=\"https:\/\/blogg.svenskakyrkan.se\/vart-jag-mig-i-varlden-vander\/files\/2026\/09\/Maria-Scharffenberg-dalahast-1-768x1024.jpg 768w, https:\/\/blogg.svenskakyrkan.se\/vart-jag-mig-i-varlden-vander\/files\/2026\/09\/Maria-Scharffenberg-dalahast-1-225x300.jpg 225w, https:\/\/blogg.svenskakyrkan.se\/vart-jag-mig-i-varlden-vander\/files\/2026\/09\/Maria-Scharffenberg-dalahast-1.jpg 800w\" sizes=\"auto, (max-width: 768px) 100vw, 768px\" \/><\/figure>\n\n\n\n<p class=\"is-style-default\"><br>Den h\u00e4r g\u00e5ngen fick n\u00e5gra dalah\u00e4star f\u00f6lja med tillbaka till Kanada. Sm\u00e5 och stora tr\u00e4figurer som kanske inte s\u00e4ger s\u00e5 mycket f\u00f6r den som bor i Sverige, men som \u00e4r h\u00e5rdvaluta p\u00e5 v\u00e5ra jul- och p\u00e5skbasarer.\u00a0\u00a0<br>\u00a0\u00a0<br>Med i v\u00e4skan fanns ocks\u00e5 p\u00e4rlsocker, nattvardsoblater, dop- och vigselbevis, bl\u00e5gula band, \u00e4ttika och annat som pl\u00f6tsligt k\u00e4nns f\u00f6rv\u00e5nansv\u00e4rt viktigt n\u00e4r man bor p\u00e5 andra sidan Atlanten.\u00a0\u00a0<br>\u00a0\u00a0<br>N\u00e4r jag n\u00e5gra timmar innan flyget f\u00f6rs\u00f6ker f\u00e5 ner allt i v\u00e4skan (och ber en kort b\u00f6n att den skall klara viktgr\u00e4nsen) funderar jag \u00f6ver hur saker jag inte ens t\u00e4nkte p\u00e5 n\u00e4r jag bodde i Sverige blivit s\u00e5 viktiga att jag \u00e4r beredd att betala extra f\u00f6r att f\u00e5 med mig dem i v\u00e4skan.\u00a0\u00a0\u00a0<br>Och hur konstigt det \u00e4n kan l\u00e5ta, s\u00e5 inser jag att det handlar om att vara kyrka.\u00a0\u00a0<br>\u00a0\u00a0<br>F\u00f6r vad handlar v\u00e5rt arbete i Svenska kyrkan i utlandet om?\u00a0<br>\u00a0\u00a0<br>Naturligtvis handlar det om gudstj\u00e4nster, dop, vigslar, begravningar och sj\u00e4lav\u00e5rd och allt d\u00e4remellan. Men det handlar ocks\u00e5 om tillh\u00f6righet.\u00a0\u00a0<br>Om att skapa igenk\u00e4nning. Om traditioner. Om gemenskap. Om att f\u00e5 k\u00e4nna att det h\u00e4r \u00e4r ocks\u00e5 mitt hemma, trots att man befinner sig l\u00e5ngt fr\u00e5n Sverige.\u00a0\u00a0<br>\u00a0\u00a0<br>Ibland g\u00f6r vi det genom ett samtal eller en gudstj\u00e4nst. Ibland genom en kopp kaffe och en kanelbulle. Och ibland genom en dalah\u00e4st p\u00e5 ett bord.\u00a0\u00a0<br>\u00a0\u00a0<br>Det \u00e4r l\u00e4tt att underskatta betydelsen av s\u00e5dant som k\u00e4nns sj\u00e4lvklart n\u00e4r man har det omkring sig. Men p\u00e5 avst\u00e5nd f\u00f6r\u00e4ndras perspektivet. Det som bara \u00e4r en sak hemma i Sverige kan bli en symbol f\u00f6r n\u00e5got mycket st\u00f6rre n\u00e4r den f\u00e4rdats \u00f6ver en ocean.\u00a0\u00a0<br>\u00a0\u00a0<br>S\u00e5 ja, jag sl\u00e4par fortfarande med mig svenska saker i resv\u00e4skan och jag kommer f\u00f6rmodligen att forts\u00e4tta g\u00f6ra det. F\u00f6r vissa saker \u00e4r helt enkelt v\u00e4rda b\u00e5de besv\u00e4ret och \u00f6vervikten. \u00a0<br>Vad \u00e4r du beredd att betala \u00f6vervikt f\u00f6r att f\u00e5 med dig?<\/p>\n\n\n\n<p>Text och foto: Maria Scharffenberg, kyrkoherde, Svenska kyrkan i Toronto<\/p>\n\n\n\n<p><\/p>\n","protected":false},"excerpt":{"rendered":"<p>Att arbeta i Svenska kyrkan utomlands inneb\u00e4r ibland att det mest vardagliga f\u00e5r en helt annan betydelse. Jag har precis varit hemma i Sverige p\u00e5 semester. Och som utlandssvensk l\u00e4r man sig snabbt att packa p\u00e5 ett lite annorlunda s\u00e4tt.&nbsp; Det \u00e4r inte fr\u00e4mst kl\u00e4der som fyller resv\u00e4skan.&nbsp;&nbsp;Det \u00e4r Sverige. Den h\u00e4r g\u00e5ngen fick n\u00e5gra [&hellip;]<\/p>\n","protected":false},"author":800,"featured_media":1761,"comment_status":"open","ping_status":"open","sticky":false,"template":"","format":"standard","meta":{"_acf_changed":false,"footnotes":""},"categories":[1],"tags":[],"class_list":["post-1760","post","type-post","status-publish","format-standard","has-post-thumbnail","hentry","category-allt"],"acf":[],"yoast_head":"<!-- This site is optimized with the Yoast SEO plugin v27.1.1 - https:\/\/yoast.com\/product\/yoast-seo-wordpress\/ -->\n<title>Hur packar man en dalah\u00e4st? - Vart jag mig i v\u00e4rlden v\u00e4nder<\/title>\n<meta name=\"robots\" content=\"index, follow, max-snippet:-1, max-image-preview:large, max-video-preview:-1\" \/>\n<link rel=\"canonical\" href=\"https:\/\/blogg.svenskakyrkan.se\/vart-jag-mig-i-varlden-vander\/2026\/09\/02\/hur-packar-man-en-dalahast\/\" \/>\n<meta property=\"og:locale\" content=\"sv_SE\" \/>\n<meta property=\"og:type\" content=\"article\" \/>\n<meta property=\"og:title\" content=\"Hur packar man en dalah\u00e4st? - Vart jag mig i v\u00e4rlden v\u00e4nder\" \/>\n<meta property=\"og:description\" content=\"Att arbeta i Svenska kyrkan utomlands inneb\u00e4r ibland att det mest vardagliga f\u00e5r en helt annan betydelse. Jag har precis varit hemma i Sverige p\u00e5 semester. Och som utlandssvensk l\u00e4r man sig snabbt att packa p\u00e5 ett lite annorlunda s\u00e4tt.&nbsp; Det \u00e4r inte fr\u00e4mst kl\u00e4der som fyller resv\u00e4skan.&nbsp;&nbsp;Det \u00e4r Sverige. Den h\u00e4r g\u00e5ngen fick n\u00e5gra [&hellip;]\" \/>\n<meta property=\"og:url\" content=\"https:\/\/blogg.svenskakyrkan.se\/vart-jag-mig-i-varlden-vander\/2026\/09\/02\/hur-packar-man-en-dalahast\/\" \/>\n<meta property=\"og:site_name\" content=\"Vart jag mig i v\u00e4rlden v\u00e4nder\" \/>\n<meta property=\"article:published_time\" content=\"2026-09-02T09:50:24+00:00\" \/>\n<meta property=\"article:modified_time\" content=\"2026-09-02T09:50:25+00:00\" \/>\n<meta property=\"og:image\" content=\"https:\/\/blogg.svenskakyrkan.se\/vart-jag-mig-i-varlden-vander\/files\/2026\/09\/Maria-Scharffenberg-dalahast-1.jpg\" \/>\n\t<meta property=\"og:image:width\" content=\"800\" \/>\n\t<meta property=\"og:image:height\" content=\"1067\" \/>\n\t<meta property=\"og:image:type\" content=\"image\/jpeg\" \/>\n<meta name=\"author\" content=\"svenskakyrkaniutlandet\" \/>\n<meta name=\"twitter:card\" content=\"summary_large_image\" \/>\n<meta name=\"twitter:label1\" content=\"Skriven av\" \/>\n\t<meta name=\"twitter:data1\" content=\"svenskakyrkaniutlandet\" \/>\n\t<meta name=\"twitter:label2\" content=\"Ber\u00e4knad l\u00e4stid\" \/>\n\t<meta name=\"twitter:data2\" content=\"3 minuter\" \/>\n<script type=\"application\/ld+json\" class=\"yoast-schema-graph\">{\"@context\":\"https:\/\/schema.org\",\"@graph\":[{\"@type\":\"Article\",\"@id\":\"https:\/\/blogg.svenskakyrkan.se\/vart-jag-mig-i-varlden-vander\/2026\/09\/02\/hur-packar-man-en-dalahast\/#article\",\"isPartOf\":{\"@id\":\"https:\/\/blogg.svenskakyrkan.se\/vart-jag-mig-i-varlden-vander\/2026\/09\/02\/hur-packar-man-en-dalahast\/\"},\"author\":{\"name\":\"svenskakyrkaniutlandet\",\"@id\":\"https:\/\/blogg.svenskakyrkan.se\/vart-jag-mig-i-varlden-vander\/#\/schema\/person\/156252c602d2d05969d64ca8820c0162\"},\"headline\":\"Hur packar man en dalah\u00e4st?\",\"datePublished\":\"2026-09-02T09:50:24+00:00\",\"dateModified\":\"2026-09-02T09:50:25+00:00\",\"mainEntityOfPage\":{\"@id\":\"https:\/\/blogg.svenskakyrkan.se\/vart-jag-mig-i-varlden-vander\/2026\/09\/02\/hur-packar-man-en-dalahast\/\"},\"wordCount\":452,\"commentCount\":0,\"image\":{\"@id\":\"https:\/\/blogg.svenskakyrkan.se\/vart-jag-mig-i-varlden-vander\/2026\/09\/02\/hur-packar-man-en-dalahast\/#primaryimage\"},\"thumbnailUrl\":\"https:\/\/blogg.svenskakyrkan.se\/vart-jag-mig-i-varlden-vander\/files\/2026\/09\/Maria-Scharffenberg-dalahast-1.jpg\",\"articleSection\":[\"Alla inl\u00e4gg\"],\"inLanguage\":\"sv-SE\",\"potentialAction\":[{\"@type\":\"CommentAction\",\"name\":\"Comment\",\"target\":[\"https:\/\/blogg.svenskakyrkan.se\/vart-jag-mig-i-varlden-vander\/2026\/09\/02\/hur-packar-man-en-dalahast\/#respond\"]}]},{\"@type\":\"WebPage\",\"@id\":\"https:\/\/blogg.svenskakyrkan.se\/vart-jag-mig-i-varlden-vander\/2026\/09\/02\/hur-packar-man-en-dalahast\/\",\"url\":\"https:\/\/blogg.svenskakyrkan.se\/vart-jag-mig-i-varlden-vander\/2026\/09\/02\/hur-packar-man-en-dalahast\/\",\"name\":\"Hur packar man en dalah\u00e4st? - Vart jag mig i v\u00e4rlden v\u00e4nder\",\"isPartOf\":{\"@id\":\"https:\/\/blogg.svenskakyrkan.se\/vart-jag-mig-i-varlden-vander\/#website\"},\"primaryImageOfPage\":{\"@id\":\"https:\/\/blogg.svenskakyrkan.se\/vart-jag-mig-i-varlden-vander\/2026\/09\/02\/hur-packar-man-en-dalahast\/#primaryimage\"},\"image\":{\"@id\":\"https:\/\/blogg.svenskakyrkan.se\/vart-jag-mig-i-varlden-vander\/2026\/09\/02\/hur-packar-man-en-dalahast\/#primaryimage\"},\"thumbnailUrl\":\"https:\/\/blogg.svenskakyrkan.se\/vart-jag-mig-i-varlden-vander\/files\/2026\/09\/Maria-Scharffenberg-dalahast-1.jpg\",\"datePublished\":\"2026-09-02T09:50:24+00:00\",\"dateModified\":\"2026-09-02T09:50:25+00:00\",\"author\":{\"@id\":\"https:\/\/blogg.svenskakyrkan.se\/vart-jag-mig-i-varlden-vander\/#\/schema\/person\/156252c602d2d05969d64ca8820c0162\"},\"breadcrumb\":{\"@id\":\"https:\/\/blogg.svenskakyrkan.se\/vart-jag-mig-i-varlden-vander\/2026\/09\/02\/hur-packar-man-en-dalahast\/#breadcrumb\"},\"inLanguage\":\"sv-SE\",\"potentialAction\":[{\"@type\":\"ReadAction\",\"target\":[\"https:\/\/blogg.svenskakyrkan.se\/vart-jag-mig-i-varlden-vander\/2026\/09\/02\/hur-packar-man-en-dalahast\/\"]}]},{\"@type\":\"ImageObject\",\"inLanguage\":\"sv-SE\",\"@id\":\"https:\/\/blogg.svenskakyrkan.se\/vart-jag-mig-i-varlden-vander\/2026\/09\/02\/hur-packar-man-en-dalahast\/#primaryimage\",\"url\":\"https:\/\/blogg.svenskakyrkan.se\/vart-jag-mig-i-varlden-vander\/files\/2026\/09\/Maria-Scharffenberg-dalahast-1.jpg\",\"contentUrl\":\"https:\/\/blogg.svenskakyrkan.se\/vart-jag-mig-i-varlden-vander\/files\/2026\/09\/Maria-Scharffenberg-dalahast-1.jpg\",\"width\":800,\"height\":1067},{\"@type\":\"BreadcrumbList\",\"@id\":\"https:\/\/blogg.svenskakyrkan.se\/vart-jag-mig-i-varlden-vander\/2026\/09\/02\/hur-packar-man-en-dalahast\/#breadcrumb\",\"itemListElement\":[{\"@type\":\"ListItem\",\"position\":1,\"name\":\"Hem\",\"item\":\"https:\/\/blogg.svenskakyrkan.se\/vart-jag-mig-i-varlden-vander\/\"},{\"@type\":\"ListItem\",\"position\":2,\"name\":\"Hur packar man en dalah\u00e4st?\"}]},{\"@type\":\"WebSite\",\"@id\":\"https:\/\/blogg.svenskakyrkan.se\/vart-jag-mig-i-varlden-vander\/#website\",\"url\":\"https:\/\/blogg.svenskakyrkan.se\/vart-jag-mig-i-varlden-vander\/\",\"name\":\"Vart jag mig i v\u00e4rlden v\u00e4nder\",\"description\":\"Ber\u00e4ttelser om Svenska kyrkan i utlandet\",\"potentialAction\":[{\"@type\":\"SearchAction\",\"target\":{\"@type\":\"EntryPoint\",\"urlTemplate\":\"https:\/\/blogg.svenskakyrkan.se\/vart-jag-mig-i-varlden-vander\/?s={search_term_string}\"},\"query-input\":{\"@type\":\"PropertyValueSpecification\",\"valueRequired\":true,\"valueName\":\"search_term_string\"}}],\"inLanguage\":\"sv-SE\"},{\"@type\":\"Person\",\"@id\":\"https:\/\/blogg.svenskakyrkan.se\/vart-jag-mig-i-varlden-vander\/#\/schema\/person\/156252c602d2d05969d64ca8820c0162\",\"name\":\"svenskakyrkaniutlandet\",\"image\":{\"@type\":\"ImageObject\",\"inLanguage\":\"sv-SE\",\"@id\":\"https:\/\/blogg.svenskakyrkan.se\/vart-jag-mig-i-varlden-vander\/#\/schema\/person\/image\/\",\"url\":\"https:\/\/secure.gravatar.com\/avatar\/7c649c60d0e18556c3e72f4ea02ed2f59b03cf3be67cbc37fe412a59b0339649?s=96&d=mm&r=g\",\"contentUrl\":\"https:\/\/secure.gravatar.com\/avatar\/7c649c60d0e18556c3e72f4ea02ed2f59b03cf3be67cbc37fe412a59b0339649?s=96&d=mm&r=g\",\"caption\":\"svenskakyrkaniutlandet\"},\"url\":\"https:\/\/blogg.svenskakyrkan.se\/vart-jag-mig-i-varlden-vander\/author\/vart-jag-mig-i-varlden-vander\/\"}]}<\/script>\n<!-- \/ Yoast SEO plugin. -->","yoast_head_json":{"title":"Hur packar man en dalah\u00e4st? - Vart jag mig i v\u00e4rlden v\u00e4nder","robots":{"index":"index","follow":"follow","max-snippet":"max-snippet:-1","max-image-preview":"max-image-preview:large","max-video-preview":"max-video-preview:-1"},"canonical":"https:\/\/blogg.svenskakyrkan.se\/vart-jag-mig-i-varlden-vander\/2026\/09\/02\/hur-packar-man-en-dalahast\/","og_locale":"sv_SE","og_type":"article","og_title":"Hur packar man en dalah\u00e4st? - Vart jag mig i v\u00e4rlden v\u00e4nder","og_description":"Att arbeta i Svenska kyrkan utomlands inneb\u00e4r ibland att det mest vardagliga f\u00e5r en helt annan betydelse. Jag har precis varit hemma i Sverige p\u00e5 semester. Och som utlandssvensk l\u00e4r man sig snabbt att packa p\u00e5 ett lite annorlunda s\u00e4tt.&nbsp; Det \u00e4r inte fr\u00e4mst kl\u00e4der som fyller resv\u00e4skan.&nbsp;&nbsp;Det \u00e4r Sverige. Den h\u00e4r g\u00e5ngen fick n\u00e5gra [&hellip;]","og_url":"https:\/\/blogg.svenskakyrkan.se\/vart-jag-mig-i-varlden-vander\/2026\/09\/02\/hur-packar-man-en-dalahast\/","og_site_name":"Vart jag mig i v\u00e4rlden v\u00e4nder","article_published_time":"2026-09-02T09:50:24+00:00","article_modified_time":"2026-09-02T09:50:25+00:00","og_image":[{"width":800,"height":1067,"url":"https:\/\/blogg.svenskakyrkan.se\/vart-jag-mig-i-varlden-vander\/files\/2026\/09\/Maria-Scharffenberg-dalahast-1.jpg","type":"image\/jpeg"}],"author":"svenskakyrkaniutlandet","twitter_card":"summary_large_image","twitter_misc":{"Skriven av":"svenskakyrkaniutlandet","Ber\u00e4knad l\u00e4stid":"3 minuter"},"schema":{"@context":"https:\/\/schema.org","@graph":[{"@type":"Article","@id":"https:\/\/blogg.svenskakyrkan.se\/vart-jag-mig-i-varlden-vander\/2026\/09\/02\/hur-packar-man-en-dalahast\/#article","isPartOf":{"@id":"https:\/\/blogg.svenskakyrkan.se\/vart-jag-mig-i-varlden-vander\/2026\/09\/02\/hur-packar-man-en-dalahast\/"},"author":{"name":"svenskakyrkaniutlandet","@id":"https:\/\/blogg.svenskakyrkan.se\/vart-jag-mig-i-varlden-vander\/#\/schema\/person\/156252c602d2d05969d64ca8820c0162"},"headline":"Hur packar man en dalah\u00e4st?","datePublished":"2026-09-02T09:50:24+00:00","dateModified":"2026-09-02T09:50:25+00:00","mainEntityOfPage":{"@id":"https:\/\/blogg.svenskakyrkan.se\/vart-jag-mig-i-varlden-vander\/2026\/09\/02\/hur-packar-man-en-dalahast\/"},"wordCount":452,"commentCount":0,"image":{"@id":"https:\/\/blogg.svenskakyrkan.se\/vart-jag-mig-i-varlden-vander\/2026\/09\/02\/hur-packar-man-en-dalahast\/#primaryimage"},"thumbnailUrl":"https:\/\/blogg.svenskakyrkan.se\/vart-jag-mig-i-varlden-vander\/files\/2026\/09\/Maria-Scharffenberg-dalahast-1.jpg","articleSection":["Alla inl\u00e4gg"],"inLanguage":"sv-SE","potentialAction":[{"@type":"CommentAction","name":"Comment","target":["https:\/\/blogg.svenskakyrkan.se\/vart-jag-mig-i-varlden-vander\/2026\/09\/02\/hur-packar-man-en-dalahast\/#respond"]}]},{"@type":"WebPage","@id":"https:\/\/blogg.svenskakyrkan.se\/vart-jag-mig-i-varlden-vander\/2026\/09\/02\/hur-packar-man-en-dalahast\/","url":"https:\/\/blogg.svenskakyrkan.se\/vart-jag-mig-i-varlden-vander\/2026\/09\/02\/hur-packar-man-en-dalahast\/","name":"Hur packar man en dalah\u00e4st? - Vart jag mig i v\u00e4rlden v\u00e4nder","isPartOf":{"@id":"https:\/\/blogg.svenskakyrkan.se\/vart-jag-mig-i-varlden-vander\/#website"},"primaryImageOfPage":{"@id":"https:\/\/blogg.svenskakyrkan.se\/vart-jag-mig-i-varlden-vander\/2026\/09\/02\/hur-packar-man-en-dalahast\/#primaryimage"},"image":{"@id":"https:\/\/blogg.svenskakyrkan.se\/vart-jag-mig-i-varlden-vander\/2026\/09\/02\/hur-packar-man-en-dalahast\/#primaryimage"},"thumbnailUrl":"https:\/\/blogg.svenskakyrkan.se\/vart-jag-mig-i-varlden-vander\/files\/2026\/09\/Maria-Scharffenberg-dalahast-1.jpg","datePublished":"2026-09-02T09:50:24+00:00","dateModified":"2026-09-02T09:50:25+00:00","author":{"@id":"https:\/\/blogg.svenskakyrkan.se\/vart-jag-mig-i-varlden-vander\/#\/schema\/person\/156252c602d2d05969d64ca8820c0162"},"breadcrumb":{"@id":"https:\/\/blogg.svenskakyrkan.se\/vart-jag-mig-i-varlden-vander\/2026\/09\/02\/hur-packar-man-en-dalahast\/#breadcrumb"},"inLanguage":"sv-SE","potentialAction":[{"@type":"ReadAction","target":["https:\/\/blogg.svenskakyrkan.se\/vart-jag-mig-i-varlden-vander\/2026\/09\/02\/hur-packar-man-en-dalahast\/"]}]},{"@type":"ImageObject","inLanguage":"sv-SE","@id":"https:\/\/blogg.svenskakyrkan.se\/vart-jag-mig-i-varlden-vander\/2026\/09\/02\/hur-packar-man-en-dalahast\/#primaryimage","url":"https:\/\/blogg.svenskakyrkan.se\/vart-jag-mig-i-varlden-vander\/files\/2026\/09\/Maria-Scharffenberg-dalahast-1.jpg","contentUrl":"https:\/\/blogg.svenskakyrkan.se\/vart-jag-mig-i-varlden-vander\/files\/2026\/09\/Maria-Scharffenberg-dalahast-1.jpg","width":800,"height":1067},{"@type":"BreadcrumbList","@id":"https:\/\/blogg.svenskakyrkan.se\/vart-jag-mig-i-varlden-vander\/2026\/09\/02\/hur-packar-man-en-dalahast\/#breadcrumb","itemListElement":[{"@type":"ListItem","position":1,"name":"Hem","item":"https:\/\/blogg.svenskakyrkan.se\/vart-jag-mig-i-varlden-vander\/"},{"@type":"ListItem","position":2,"name":"Hur packar man en dalah\u00e4st?"}]},{"@type":"WebSite","@id":"https:\/\/blogg.svenskakyrkan.se\/vart-jag-mig-i-varlden-vander\/#website","url":"https:\/\/blogg.svenskakyrkan.se\/vart-jag-mig-i-varlden-vander\/","name":"Vart jag mig i v\u00e4rlden v\u00e4nder","description":"Ber\u00e4ttelser om Svenska kyrkan i utlandet","potentialAction":[{"@type":"SearchAction","target":{"@type":"EntryPoint","urlTemplate":"https:\/\/blogg.svenskakyrkan.se\/vart-jag-mig-i-varlden-vander\/?s={search_term_string}"},"query-input":{"@type":"PropertyValueSpecification","valueRequired":true,"valueName":"search_term_string"}}],"inLanguage":"sv-SE"},{"@type":"Person","@id":"https:\/\/blogg.svenskakyrkan.se\/vart-jag-mig-i-varlden-vander\/#\/schema\/person\/156252c602d2d05969d64ca8820c0162","name":"svenskakyrkaniutlandet","image":{"@type":"ImageObject","inLanguage":"sv-SE","@id":"https:\/\/blogg.svenskakyrkan.se\/vart-jag-mig-i-varlden-vander\/#\/schema\/person\/image\/","url":"https:\/\/secure.gravatar.com\/avatar\/7c649c60d0e18556c3e72f4ea02ed2f59b03cf3be67cbc37fe412a59b0339649?s=96&d=mm&r=g","contentUrl":"https:\/\/secure.gravatar.com\/avatar\/7c649c60d0e18556c3e72f4ea02ed2f59b03cf3be67cbc37fe412a59b0339649?s=96&d=mm&r=g","caption":"svenskakyrkaniutlandet"},"url":"https:\/\/blogg.svenskakyrkan.se\/vart-jag-mig-i-varlden-vander\/author\/vart-jag-mig-i-varlden-vander\/"}]}},"aioseo_notices":[],"author_meta":{"ID":"800","user_nicename":"vart-jag-mig-i-varlden-vander","user_registered":"2021-10-29 13:50:15","display_name":"svenskakyrkaniutlandet","avatar":"https:\/\/secure.gravatar.com\/avatar\/7c649c60d0e18556c3e72f4ea02ed2f59b03cf3be67cbc37fe412a59b0339649?s=96&d=mm&r=g"},"featured_image":["https:\/\/blogg.svenskakyrkan.se\/vart-jag-mig-i-varlden-vander\/files\/2026\/09\/Maria-Scharffenberg-dalahast-1-768x1024.jpg",768,1024,true],"bloginfo":{"name":"Vart jag mig i v\u00e4rlden v\u00e4nder","url":"https:\/\/blogg.svenskakyrkan.se\/vart-jag-mig-i-varlden-vander"},"_links":{"self":[{"href":"https:\/\/blogg.svenskakyrkan.se\/vart-jag-mig-i-varlden-vander\/wp-json\/wp\/v2\/posts\/1760","targetHints":{"allow":["GET"]}}],"collection":[{"href":"https:\/\/blogg.svenskakyrkan.se\/vart-jag-mig-i-varlden-vander\/wp-json\/wp\/v2\/posts"}],"about":[{"href":"https:\/\/blogg.svenskakyrkan.se\/vart-jag-mig-i-varlden-vander\/wp-json\/wp\/v2\/types\/post"}],"author":[{"embeddable":true,"href":"https:\/\/blogg.svenskakyrkan.se\/vart-jag-mig-i-varlden-vander\/wp-json\/wp\/v2\/users\/800"}],"replies":[{"embeddable":true,"href":"https:\/\/blogg.svenskakyrkan.se\/vart-jag-mig-i-varlden-vander\/wp-json\/wp\/v2\/comments?post=1760"}],"version-history":[{"count":7,"href":"https:\/\/blogg.svenskakyrkan.se\/vart-jag-mig-i-varlden-vander\/wp-json\/wp\/v2\/posts\/1760\/revisions"}],"predecessor-version":[{"id":1769,"href":"https:\/\/blogg.svenskakyrkan.se\/vart-jag-mig-i-varlden-vander\/wp-json\/wp\/v2\/posts\/1760\/revisions\/1769"}],"wp:featuredmedia":[{"embeddable":true,"href":"https:\/\/blogg.svenskakyrkan.se\/vart-jag-mig-i-varlden-vander\/wp-json\/wp\/v2\/media\/1761"}],"wp:attachment":[{"href":"https:\/\/blogg.svenskakyrkan.se\/vart-jag-mig-i-varlden-vander\/wp-json\/wp\/v2\/media?parent=1760"}],"wp:term":[{"taxonomy":"category","embeddable":true,"href":"https:\/\/blogg.svenskakyrkan.se\/vart-jag-mig-i-varlden-vander\/wp-json\/wp\/v2\/categories?post=1760"},{"taxonomy":"post_tag","embeddable":true,"href":"https:\/\/blogg.svenskakyrkan.se\/vart-jag-mig-i-varlden-vander\/wp-json\/wp\/v2\/tags?post=1760"}],"curies":[{"name":"wp","href":"https:\/\/api.w.org\/{rel}","templated":true}]}}