{"id":344,"date":"2022-04-20T17:27:14","date_gmt":"2022-04-20T15:27:14","guid":{"rendered":"https:\/\/blogg.svenskakyrkan.se\/vart-jag-mig-i-varlden-vander\/?p=344"},"modified":"2022-04-20T17:27:25","modified_gmt":"2022-04-20T15:27:25","slug":"johannas-pask-annandag-pask","status":"publish","type":"post","link":"https:\/\/blogg.svenskakyrkan.se\/vart-jag-mig-i-varlden-vander\/2022\/04\/20\/johannas-pask-annandag-pask\/","title":{"rendered":"Johannas p\u00e5sk &#8211; Annandag P\u00e5sk"},"content":{"rendered":"\n\n\n<figure class=\"wp-block-image size-large\"><img loading=\"lazy\" decoding=\"async\" width=\"1024\" height=\"684\" src=\"https:\/\/blogg.svenskakyrkan.se\/vart-jag-mig-i-varlden-vander\/files\/2022\/04\/1042253-1024x684.jpg\" alt=\"En grupp med sm\u00e5 lerfigurer st\u00e5r framf\u00f6r en miniatyrgrotta av sten.\" class=\"wp-image-345\" srcset=\"https:\/\/blogg.svenskakyrkan.se\/vart-jag-mig-i-varlden-vander\/files\/2022\/04\/1042253-1024x684.jpg 1024w, https:\/\/blogg.svenskakyrkan.se\/vart-jag-mig-i-varlden-vander\/files\/2022\/04\/1042253-300x200.jpg 300w, https:\/\/blogg.svenskakyrkan.se\/vart-jag-mig-i-varlden-vander\/files\/2022\/04\/1042253-768x513.jpg 768w, https:\/\/blogg.svenskakyrkan.se\/vart-jag-mig-i-varlden-vander\/files\/2022\/04\/1042253-1536x1026.jpg 1536w, https:\/\/blogg.svenskakyrkan.se\/vart-jag-mig-i-varlden-vander\/files\/2022\/04\/1042253-1200x801.jpg 1200w, https:\/\/blogg.svenskakyrkan.se\/vart-jag-mig-i-varlden-vander\/files\/2022\/04\/1042253.jpg 1920w\" sizes=\"auto, (max-width: 1024px) 100vw, 1024px\" \/><figcaption>16 April 2017, Stockholm, Sweden: Easter day in Katarina Church, Church of Sweden.<\/figcaption><\/figure>\n\n\n\n<p>Och visst m\u00e5ste det ha varit en annorlunda dag f\u00f6r l\u00e4rjungarna som m\u00f6ter Jesus livs levande n\u00e4r de sj\u00e4lva sett honom d\u00f6d p\u00e5 korset och tillsammans med kvinnorna begravt honom. Sedan hade ju visserligen\u00a0tv\u00e5 Marior och Johanna kommit och ber\u00e4ttat att Jesus inte var kvar i graven. L\u00e4rjungarna hade sprungit dit och sett att kroppen var borta. Helt pl\u00f6tsligt kommer han och uppmanar dem att ta p\u00e5 hans kropp f\u00f6r att verkligen f\u00f6rst\u00e5 att han var levande, till och med uppmanar dem att ge honom en fisk att \u00e4ta. Jag \u00e4r helt \u00f6vertygad om att l\u00e4rjungarna upplevde hela grejen som lite annars\u2026<\/p>\n\n\n\n<p>Min annandag var alldeles full med sol och s\u00e5ng \u2013 jag hade <a href=\"https:\/\/m.youtube.com\/watch?v=cIZs7buYknY\">psalm 742 i huvudet<\/a> n\u00e4stan hela dagen.\u00a0<\/p>\n\n\n\n<p><em>Varf\u00f6r stannar ni i m\u00f6rkrets rum? Han \u00e4r inte h\u00e4r han lever! Sl\u00e4pp in ljuset Guds mysterium. Uppst\u00e5nden \u00e4r Guds son. Halleluja se vad som har h\u00e4nt, Han \u00e4r inte h\u00e4r han leve! Halleluja ja l\u00e5t det bli k\u00e4nt, Uppst\u00e5nden \u00e4r Guds son.<\/em><\/p>\n\n\n\n<p>P\u00e5 tisdag har jag f\u00f6rm\u00e5nen att m\u00f6ta Kyrkor\u00e5det i Norge f\u00f6r Kyrkor\u00e5dsutbildning. Under pandemin har det inte blivit kyrkor\u00e5dsutbildningar som tidigare. Vi har f\u00f6rs\u00f6kt att ha utbildning online. Det fungerar men det \u00e4r sv\u00e5rt. Nu \u00e4r det dags att tr\u00e4ffa ett kyrkor\u00e5d i verkliga livet igen! Att m\u00f6tas i samma fysiska rum \u00e4r outstanding. Att \u00e4ta tillsammans \u00e4ven om det inte \u00e4r en stekt fisk \u00e4r bra f\u00f6r gemenskapen. Jag ser verkligen fram emot att m\u00f6ta dem. Vi ska prata om Svenska kyrkans organisation om vem som g\u00f6r vad \u2013 vad Kyrkor\u00e5det har f\u00f6r uppgift och vad Kyrkoherden g\u00f6r. Sedan ska jag s\u00e5 klart ber\u00e4tta om det omst\u00e4llningsarbete som vi arbetar med i utlandskyrkan just nu. <\/p>\n\n\n\n<p>N\u00e4r jag f\u00f6rbereder utbildningspass beh\u00f6ver jag tanketid och den f\u00e5r jag b\u00e4st n\u00e4r jag tr\u00e4nar \u2013 s\u00e5 en l\u00f6prunda och att lyfta vikter p\u00e5 gymmet \u00e4r perfekt! Kan erk\u00e4nna att oftast kl\u00e4cker jag de b\u00e4sta id\u00e9erna n\u00e4r jag efter ett svettigt pass tv\u00e4ttar h\u00e5ret. Jag har funderat p\u00e5 varf\u00f6r det \u00e4r s\u00e5 \u2013 men det kanske \u00e4r n\u00e5got med vatten p\u00e5 huvudet som g\u00f6r det? \u00a0<\/p>\n\n\n\n<p><strong>Johanna Holmlund Lautmann<\/strong><br>Bitr\u00e4dande avdelningschef f\u00f6r Svenska kyrkan i utlandet<\/p>\n","protected":false},"excerpt":{"rendered":"<p>Och visst m\u00e5ste det ha varit en annorlunda dag f\u00f6r l\u00e4rjungarna som m\u00f6ter Jesus livs levande n\u00e4r de sj\u00e4lva sett honom d\u00f6d p\u00e5 korset och tillsammans med kvinnorna begravt honom. Sedan hade ju visserligen\u00a0tv\u00e5 Marior och Johanna kommit och ber\u00e4ttat att Jesus inte var kvar i graven. L\u00e4rjungarna hade sprungit dit och sett att kroppen [&hellip;]<\/p>\n","protected":false},"author":800,"featured_media":345,"comment_status":"open","ping_status":"open","sticky":false,"template":"","format":"standard","meta":{"_acf_changed":false,"footnotes":""},"categories":[1,15],"tags":[],"class_list":["post-344","post","type-post","status-publish","format-standard","has-post-thumbnail","hentry","category-allt","category-pask"],"acf":[],"yoast_head":"<!-- This site is optimized with the Yoast SEO plugin v27.1.1 - https:\/\/yoast.com\/product\/yoast-seo-wordpress\/ -->\n<title>Johannas p\u00e5sk - Annandag P\u00e5sk - Vart jag mig i v\u00e4rlden v\u00e4nder<\/title>\n<meta name=\"robots\" content=\"index, follow, max-snippet:-1, max-image-preview:large, max-video-preview:-1\" \/>\n<link rel=\"canonical\" href=\"https:\/\/blogg.svenskakyrkan.se\/vart-jag-mig-i-varlden-vander\/2022\/04\/20\/johannas-pask-annandag-pask\/\" \/>\n<meta property=\"og:locale\" content=\"sv_SE\" \/>\n<meta property=\"og:type\" content=\"article\" \/>\n<meta property=\"og:title\" content=\"Johannas p\u00e5sk - Annandag P\u00e5sk - Vart jag mig i v\u00e4rlden v\u00e4nder\" \/>\n<meta property=\"og:description\" content=\"Och visst m\u00e5ste det ha varit en annorlunda dag f\u00f6r l\u00e4rjungarna som m\u00f6ter Jesus livs levande n\u00e4r de sj\u00e4lva sett honom d\u00f6d p\u00e5 korset och tillsammans med kvinnorna begravt honom. Sedan hade ju visserligen\u00a0tv\u00e5 Marior och Johanna kommit och ber\u00e4ttat att Jesus inte var kvar i graven. L\u00e4rjungarna hade sprungit dit och sett att kroppen [&hellip;]\" \/>\n<meta property=\"og:url\" content=\"https:\/\/blogg.svenskakyrkan.se\/vart-jag-mig-i-varlden-vander\/2022\/04\/20\/johannas-pask-annandag-pask\/\" \/>\n<meta property=\"og:site_name\" content=\"Vart jag mig i v\u00e4rlden v\u00e4nder\" \/>\n<meta property=\"article:published_time\" content=\"2022-04-20T15:27:14+00:00\" \/>\n<meta property=\"article:modified_time\" content=\"2022-04-20T15:27:25+00:00\" \/>\n<meta property=\"og:image\" content=\"https:\/\/blogg.svenskakyrkan.se\/vart-jag-mig-i-varlden-vander\/files\/2022\/04\/1042253.jpg\" \/>\n\t<meta property=\"og:image:width\" content=\"1920\" \/>\n\t<meta property=\"og:image:height\" content=\"1282\" \/>\n\t<meta property=\"og:image:type\" content=\"image\/jpeg\" \/>\n<meta name=\"author\" content=\"svenskakyrkaniutlandet\" \/>\n<meta name=\"twitter:card\" content=\"summary_large_image\" \/>\n<meta name=\"twitter:label1\" content=\"Skriven av\" \/>\n\t<meta name=\"twitter:data1\" content=\"svenskakyrkaniutlandet\" \/>\n\t<meta name=\"twitter:label2\" content=\"Ber\u00e4knad l\u00e4stid\" \/>\n\t<meta name=\"twitter:data2\" content=\"2 minuter\" \/>\n<script type=\"application\/ld+json\" class=\"yoast-schema-graph\">{\"@context\":\"https:\/\/schema.org\",\"@graph\":[{\"@type\":\"Article\",\"@id\":\"https:\/\/blogg.svenskakyrkan.se\/vart-jag-mig-i-varlden-vander\/2022\/04\/20\/johannas-pask-annandag-pask\/#article\",\"isPartOf\":{\"@id\":\"https:\/\/blogg.svenskakyrkan.se\/vart-jag-mig-i-varlden-vander\/2022\/04\/20\/johannas-pask-annandag-pask\/\"},\"author\":{\"name\":\"svenskakyrkaniutlandet\",\"@id\":\"https:\/\/blogg.svenskakyrkan.se\/vart-jag-mig-i-varlden-vander\/#\/schema\/person\/156252c602d2d05969d64ca8820c0162\"},\"headline\":\"Johannas p\u00e5sk &#8211; Annandag P\u00e5sk\",\"datePublished\":\"2022-04-20T15:27:14+00:00\",\"dateModified\":\"2022-04-20T15:27:25+00:00\",\"mainEntityOfPage\":{\"@id\":\"https:\/\/blogg.svenskakyrkan.se\/vart-jag-mig-i-varlden-vander\/2022\/04\/20\/johannas-pask-annandag-pask\/\"},\"wordCount\":435,\"commentCount\":0,\"image\":{\"@id\":\"https:\/\/blogg.svenskakyrkan.se\/vart-jag-mig-i-varlden-vander\/2022\/04\/20\/johannas-pask-annandag-pask\/#primaryimage\"},\"thumbnailUrl\":\"https:\/\/blogg.svenskakyrkan.se\/vart-jag-mig-i-varlden-vander\/files\/2022\/04\/1042253.jpg\",\"articleSection\":[\"Alla inl\u00e4gg\",\"P\u00e5sk\"],\"inLanguage\":\"sv-SE\",\"potentialAction\":[{\"@type\":\"CommentAction\",\"name\":\"Comment\",\"target\":[\"https:\/\/blogg.svenskakyrkan.se\/vart-jag-mig-i-varlden-vander\/2022\/04\/20\/johannas-pask-annandag-pask\/#respond\"]}]},{\"@type\":\"WebPage\",\"@id\":\"https:\/\/blogg.svenskakyrkan.se\/vart-jag-mig-i-varlden-vander\/2022\/04\/20\/johannas-pask-annandag-pask\/\",\"url\":\"https:\/\/blogg.svenskakyrkan.se\/vart-jag-mig-i-varlden-vander\/2022\/04\/20\/johannas-pask-annandag-pask\/\",\"name\":\"Johannas p\u00e5sk - Annandag P\u00e5sk - Vart jag mig i v\u00e4rlden v\u00e4nder\",\"isPartOf\":{\"@id\":\"https:\/\/blogg.svenskakyrkan.se\/vart-jag-mig-i-varlden-vander\/#website\"},\"primaryImageOfPage\":{\"@id\":\"https:\/\/blogg.svenskakyrkan.se\/vart-jag-mig-i-varlden-vander\/2022\/04\/20\/johannas-pask-annandag-pask\/#primaryimage\"},\"image\":{\"@id\":\"https:\/\/blogg.svenskakyrkan.se\/vart-jag-mig-i-varlden-vander\/2022\/04\/20\/johannas-pask-annandag-pask\/#primaryimage\"},\"thumbnailUrl\":\"https:\/\/blogg.svenskakyrkan.se\/vart-jag-mig-i-varlden-vander\/files\/2022\/04\/1042253.jpg\",\"datePublished\":\"2022-04-20T15:27:14+00:00\",\"dateModified\":\"2022-04-20T15:27:25+00:00\",\"author\":{\"@id\":\"https:\/\/blogg.svenskakyrkan.se\/vart-jag-mig-i-varlden-vander\/#\/schema\/person\/156252c602d2d05969d64ca8820c0162\"},\"breadcrumb\":{\"@id\":\"https:\/\/blogg.svenskakyrkan.se\/vart-jag-mig-i-varlden-vander\/2022\/04\/20\/johannas-pask-annandag-pask\/#breadcrumb\"},\"inLanguage\":\"sv-SE\",\"potentialAction\":[{\"@type\":\"ReadAction\",\"target\":[\"https:\/\/blogg.svenskakyrkan.se\/vart-jag-mig-i-varlden-vander\/2022\/04\/20\/johannas-pask-annandag-pask\/\"]}]},{\"@type\":\"ImageObject\",\"inLanguage\":\"sv-SE\",\"@id\":\"https:\/\/blogg.svenskakyrkan.se\/vart-jag-mig-i-varlden-vander\/2022\/04\/20\/johannas-pask-annandag-pask\/#primaryimage\",\"url\":\"https:\/\/blogg.svenskakyrkan.se\/vart-jag-mig-i-varlden-vander\/files\/2022\/04\/1042253.jpg\",\"contentUrl\":\"https:\/\/blogg.svenskakyrkan.se\/vart-jag-mig-i-varlden-vander\/files\/2022\/04\/1042253.jpg\",\"width\":1920,\"height\":1282,\"caption\":\"16 April 2017, Stockholm, Sweden: Easter day in Katarina Church, Church of Sweden.\"},{\"@type\":\"BreadcrumbList\",\"@id\":\"https:\/\/blogg.svenskakyrkan.se\/vart-jag-mig-i-varlden-vander\/2022\/04\/20\/johannas-pask-annandag-pask\/#breadcrumb\",\"itemListElement\":[{\"@type\":\"ListItem\",\"position\":1,\"name\":\"Hem\",\"item\":\"https:\/\/blogg.svenskakyrkan.se\/vart-jag-mig-i-varlden-vander\/\"},{\"@type\":\"ListItem\",\"position\":2,\"name\":\"Johannas p\u00e5sk &#8211; Annandag P\u00e5sk\"}]},{\"@type\":\"WebSite\",\"@id\":\"https:\/\/blogg.svenskakyrkan.se\/vart-jag-mig-i-varlden-vander\/#website\",\"url\":\"https:\/\/blogg.svenskakyrkan.se\/vart-jag-mig-i-varlden-vander\/\",\"name\":\"Vart jag mig i v\u00e4rlden v\u00e4nder\",\"description\":\"Ber\u00e4ttelser om Svenska kyrkan i utlandet\",\"potentialAction\":[{\"@type\":\"SearchAction\",\"target\":{\"@type\":\"EntryPoint\",\"urlTemplate\":\"https:\/\/blogg.svenskakyrkan.se\/vart-jag-mig-i-varlden-vander\/?s={search_term_string}\"},\"query-input\":{\"@type\":\"PropertyValueSpecification\",\"valueRequired\":true,\"valueName\":\"search_term_string\"}}],\"inLanguage\":\"sv-SE\"},{\"@type\":\"Person\",\"@id\":\"https:\/\/blogg.svenskakyrkan.se\/vart-jag-mig-i-varlden-vander\/#\/schema\/person\/156252c602d2d05969d64ca8820c0162\",\"name\":\"svenskakyrkaniutlandet\",\"image\":{\"@type\":\"ImageObject\",\"inLanguage\":\"sv-SE\",\"@id\":\"https:\/\/blogg.svenskakyrkan.se\/vart-jag-mig-i-varlden-vander\/#\/schema\/person\/image\/\",\"url\":\"https:\/\/secure.gravatar.com\/avatar\/7c649c60d0e18556c3e72f4ea02ed2f59b03cf3be67cbc37fe412a59b0339649?s=96&d=mm&r=g\",\"contentUrl\":\"https:\/\/secure.gravatar.com\/avatar\/7c649c60d0e18556c3e72f4ea02ed2f59b03cf3be67cbc37fe412a59b0339649?s=96&d=mm&r=g\",\"caption\":\"svenskakyrkaniutlandet\"},\"url\":\"https:\/\/blogg.svenskakyrkan.se\/vart-jag-mig-i-varlden-vander\/author\/vart-jag-mig-i-varlden-vander\/\"}]}<\/script>\n<!-- \/ Yoast SEO plugin. -->","yoast_head_json":{"title":"Johannas p\u00e5sk - Annandag P\u00e5sk - Vart jag mig i v\u00e4rlden v\u00e4nder","robots":{"index":"index","follow":"follow","max-snippet":"max-snippet:-1","max-image-preview":"max-image-preview:large","max-video-preview":"max-video-preview:-1"},"canonical":"https:\/\/blogg.svenskakyrkan.se\/vart-jag-mig-i-varlden-vander\/2022\/04\/20\/johannas-pask-annandag-pask\/","og_locale":"sv_SE","og_type":"article","og_title":"Johannas p\u00e5sk - Annandag P\u00e5sk - Vart jag mig i v\u00e4rlden v\u00e4nder","og_description":"Och visst m\u00e5ste det ha varit en annorlunda dag f\u00f6r l\u00e4rjungarna som m\u00f6ter Jesus livs levande n\u00e4r de sj\u00e4lva sett honom d\u00f6d p\u00e5 korset och tillsammans med kvinnorna begravt honom. Sedan hade ju visserligen\u00a0tv\u00e5 Marior och Johanna kommit och ber\u00e4ttat att Jesus inte var kvar i graven. L\u00e4rjungarna hade sprungit dit och sett att kroppen [&hellip;]","og_url":"https:\/\/blogg.svenskakyrkan.se\/vart-jag-mig-i-varlden-vander\/2022\/04\/20\/johannas-pask-annandag-pask\/","og_site_name":"Vart jag mig i v\u00e4rlden v\u00e4nder","article_published_time":"2022-04-20T15:27:14+00:00","article_modified_time":"2022-04-20T15:27:25+00:00","og_image":[{"width":1920,"height":1282,"url":"https:\/\/blogg.svenskakyrkan.se\/vart-jag-mig-i-varlden-vander\/files\/2022\/04\/1042253.jpg","type":"image\/jpeg"}],"author":"svenskakyrkaniutlandet","twitter_card":"summary_large_image","twitter_misc":{"Skriven av":"svenskakyrkaniutlandet","Ber\u00e4knad l\u00e4stid":"2 minuter"},"schema":{"@context":"https:\/\/schema.org","@graph":[{"@type":"Article","@id":"https:\/\/blogg.svenskakyrkan.se\/vart-jag-mig-i-varlden-vander\/2022\/04\/20\/johannas-pask-annandag-pask\/#article","isPartOf":{"@id":"https:\/\/blogg.svenskakyrkan.se\/vart-jag-mig-i-varlden-vander\/2022\/04\/20\/johannas-pask-annandag-pask\/"},"author":{"name":"svenskakyrkaniutlandet","@id":"https:\/\/blogg.svenskakyrkan.se\/vart-jag-mig-i-varlden-vander\/#\/schema\/person\/156252c602d2d05969d64ca8820c0162"},"headline":"Johannas p\u00e5sk &#8211; Annandag P\u00e5sk","datePublished":"2022-04-20T15:27:14+00:00","dateModified":"2022-04-20T15:27:25+00:00","mainEntityOfPage":{"@id":"https:\/\/blogg.svenskakyrkan.se\/vart-jag-mig-i-varlden-vander\/2022\/04\/20\/johannas-pask-annandag-pask\/"},"wordCount":435,"commentCount":0,"image":{"@id":"https:\/\/blogg.svenskakyrkan.se\/vart-jag-mig-i-varlden-vander\/2022\/04\/20\/johannas-pask-annandag-pask\/#primaryimage"},"thumbnailUrl":"https:\/\/blogg.svenskakyrkan.se\/vart-jag-mig-i-varlden-vander\/files\/2022\/04\/1042253.jpg","articleSection":["Alla inl\u00e4gg","P\u00e5sk"],"inLanguage":"sv-SE","potentialAction":[{"@type":"CommentAction","name":"Comment","target":["https:\/\/blogg.svenskakyrkan.se\/vart-jag-mig-i-varlden-vander\/2022\/04\/20\/johannas-pask-annandag-pask\/#respond"]}]},{"@type":"WebPage","@id":"https:\/\/blogg.svenskakyrkan.se\/vart-jag-mig-i-varlden-vander\/2022\/04\/20\/johannas-pask-annandag-pask\/","url":"https:\/\/blogg.svenskakyrkan.se\/vart-jag-mig-i-varlden-vander\/2022\/04\/20\/johannas-pask-annandag-pask\/","name":"Johannas p\u00e5sk - Annandag P\u00e5sk - Vart jag mig i v\u00e4rlden v\u00e4nder","isPartOf":{"@id":"https:\/\/blogg.svenskakyrkan.se\/vart-jag-mig-i-varlden-vander\/#website"},"primaryImageOfPage":{"@id":"https:\/\/blogg.svenskakyrkan.se\/vart-jag-mig-i-varlden-vander\/2022\/04\/20\/johannas-pask-annandag-pask\/#primaryimage"},"image":{"@id":"https:\/\/blogg.svenskakyrkan.se\/vart-jag-mig-i-varlden-vander\/2022\/04\/20\/johannas-pask-annandag-pask\/#primaryimage"},"thumbnailUrl":"https:\/\/blogg.svenskakyrkan.se\/vart-jag-mig-i-varlden-vander\/files\/2022\/04\/1042253.jpg","datePublished":"2022-04-20T15:27:14+00:00","dateModified":"2022-04-20T15:27:25+00:00","author":{"@id":"https:\/\/blogg.svenskakyrkan.se\/vart-jag-mig-i-varlden-vander\/#\/schema\/person\/156252c602d2d05969d64ca8820c0162"},"breadcrumb":{"@id":"https:\/\/blogg.svenskakyrkan.se\/vart-jag-mig-i-varlden-vander\/2022\/04\/20\/johannas-pask-annandag-pask\/#breadcrumb"},"inLanguage":"sv-SE","potentialAction":[{"@type":"ReadAction","target":["https:\/\/blogg.svenskakyrkan.se\/vart-jag-mig-i-varlden-vander\/2022\/04\/20\/johannas-pask-annandag-pask\/"]}]},{"@type":"ImageObject","inLanguage":"sv-SE","@id":"https:\/\/blogg.svenskakyrkan.se\/vart-jag-mig-i-varlden-vander\/2022\/04\/20\/johannas-pask-annandag-pask\/#primaryimage","url":"https:\/\/blogg.svenskakyrkan.se\/vart-jag-mig-i-varlden-vander\/files\/2022\/04\/1042253.jpg","contentUrl":"https:\/\/blogg.svenskakyrkan.se\/vart-jag-mig-i-varlden-vander\/files\/2022\/04\/1042253.jpg","width":1920,"height":1282,"caption":"16 April 2017, Stockholm, Sweden: Easter day in Katarina Church, Church of Sweden."},{"@type":"BreadcrumbList","@id":"https:\/\/blogg.svenskakyrkan.se\/vart-jag-mig-i-varlden-vander\/2022\/04\/20\/johannas-pask-annandag-pask\/#breadcrumb","itemListElement":[{"@type":"ListItem","position":1,"name":"Hem","item":"https:\/\/blogg.svenskakyrkan.se\/vart-jag-mig-i-varlden-vander\/"},{"@type":"ListItem","position":2,"name":"Johannas p\u00e5sk &#8211; Annandag P\u00e5sk"}]},{"@type":"WebSite","@id":"https:\/\/blogg.svenskakyrkan.se\/vart-jag-mig-i-varlden-vander\/#website","url":"https:\/\/blogg.svenskakyrkan.se\/vart-jag-mig-i-varlden-vander\/","name":"Vart jag mig i v\u00e4rlden v\u00e4nder","description":"Ber\u00e4ttelser om Svenska kyrkan i utlandet","potentialAction":[{"@type":"SearchAction","target":{"@type":"EntryPoint","urlTemplate":"https:\/\/blogg.svenskakyrkan.se\/vart-jag-mig-i-varlden-vander\/?s={search_term_string}"},"query-input":{"@type":"PropertyValueSpecification","valueRequired":true,"valueName":"search_term_string"}}],"inLanguage":"sv-SE"},{"@type":"Person","@id":"https:\/\/blogg.svenskakyrkan.se\/vart-jag-mig-i-varlden-vander\/#\/schema\/person\/156252c602d2d05969d64ca8820c0162","name":"svenskakyrkaniutlandet","image":{"@type":"ImageObject","inLanguage":"sv-SE","@id":"https:\/\/blogg.svenskakyrkan.se\/vart-jag-mig-i-varlden-vander\/#\/schema\/person\/image\/","url":"https:\/\/secure.gravatar.com\/avatar\/7c649c60d0e18556c3e72f4ea02ed2f59b03cf3be67cbc37fe412a59b0339649?s=96&d=mm&r=g","contentUrl":"https:\/\/secure.gravatar.com\/avatar\/7c649c60d0e18556c3e72f4ea02ed2f59b03cf3be67cbc37fe412a59b0339649?s=96&d=mm&r=g","caption":"svenskakyrkaniutlandet"},"url":"https:\/\/blogg.svenskakyrkan.se\/vart-jag-mig-i-varlden-vander\/author\/vart-jag-mig-i-varlden-vander\/"}]}},"aioseo_notices":[],"author_meta":{"ID":"800","user_nicename":"vart-jag-mig-i-varlden-vander","user_registered":"2021-10-29 13:50:15","display_name":"svenskakyrkaniutlandet","avatar":"https:\/\/secure.gravatar.com\/avatar\/7c649c60d0e18556c3e72f4ea02ed2f59b03cf3be67cbc37fe412a59b0339649?s=96&d=mm&r=g"},"featured_image":["https:\/\/blogg.svenskakyrkan.se\/vart-jag-mig-i-varlden-vander\/files\/2022\/04\/1042253-1024x684.jpg",1024,684,true],"bloginfo":{"name":"Vart jag mig i v\u00e4rlden v\u00e4nder","url":"https:\/\/blogg.svenskakyrkan.se\/vart-jag-mig-i-varlden-vander"},"_links":{"self":[{"href":"https:\/\/blogg.svenskakyrkan.se\/vart-jag-mig-i-varlden-vander\/wp-json\/wp\/v2\/posts\/344","targetHints":{"allow":["GET"]}}],"collection":[{"href":"https:\/\/blogg.svenskakyrkan.se\/vart-jag-mig-i-varlden-vander\/wp-json\/wp\/v2\/posts"}],"about":[{"href":"https:\/\/blogg.svenskakyrkan.se\/vart-jag-mig-i-varlden-vander\/wp-json\/wp\/v2\/types\/post"}],"author":[{"embeddable":true,"href":"https:\/\/blogg.svenskakyrkan.se\/vart-jag-mig-i-varlden-vander\/wp-json\/wp\/v2\/users\/800"}],"replies":[{"embeddable":true,"href":"https:\/\/blogg.svenskakyrkan.se\/vart-jag-mig-i-varlden-vander\/wp-json\/wp\/v2\/comments?post=344"}],"version-history":[{"count":1,"href":"https:\/\/blogg.svenskakyrkan.se\/vart-jag-mig-i-varlden-vander\/wp-json\/wp\/v2\/posts\/344\/revisions"}],"predecessor-version":[{"id":346,"href":"https:\/\/blogg.svenskakyrkan.se\/vart-jag-mig-i-varlden-vander\/wp-json\/wp\/v2\/posts\/344\/revisions\/346"}],"wp:featuredmedia":[{"embeddable":true,"href":"https:\/\/blogg.svenskakyrkan.se\/vart-jag-mig-i-varlden-vander\/wp-json\/wp\/v2\/media\/345"}],"wp:attachment":[{"href":"https:\/\/blogg.svenskakyrkan.se\/vart-jag-mig-i-varlden-vander\/wp-json\/wp\/v2\/media?parent=344"}],"wp:term":[{"taxonomy":"category","embeddable":true,"href":"https:\/\/blogg.svenskakyrkan.se\/vart-jag-mig-i-varlden-vander\/wp-json\/wp\/v2\/categories?post=344"},{"taxonomy":"post_tag","embeddable":true,"href":"https:\/\/blogg.svenskakyrkan.se\/vart-jag-mig-i-varlden-vander\/wp-json\/wp\/v2\/tags?post=344"}],"curies":[{"name":"wp","href":"https:\/\/api.w.org\/{rel}","templated":true}]}}