{"id":704,"date":"2023-11-16T15:34:34","date_gmt":"2023-11-16T14:34:34","guid":{"rendered":"https:\/\/blogg.svenskakyrkan.se\/vart-jag-mig-i-varlden-vander\/?p=704"},"modified":"2023-11-16T15:40:08","modified_gmt":"2023-11-16T14:40:08","slug":"om-man-inte-ser-ljuset-i-slutet-av-tunneln-far-man-tanda-ljus-inne-i-tunneln","status":"publish","type":"post","link":"https:\/\/blogg.svenskakyrkan.se\/vart-jag-mig-i-varlden-vander\/2023\/11\/16\/om-man-inte-ser-ljuset-i-slutet-av-tunneln-far-man-tanda-ljus-inne-i-tunneln\/","title":{"rendered":"\u201dOm man inte ser ljuset i slutet av tunneln, f\u00e5r man t\u00e4nda ljus inne i tunneln\u201d\ufffc"},"content":{"rendered":"\n\n\n<p>Hej Pehr-Albin Ed\u00e9n. Du \u00e4r sedan i somras kyrkoherde i Svenska kyrkan Schweiz. \u00c4r det din f\u00f6rsta tj\u00e4nst inom Svenska kyrkan i utlandet och hur k\u00e4nns det s\u00e5 h\u00e4r efter ett f\u00f6rsta halv\u00e5r?&nbsp;<\/p>\n\n\n\n<p>\u2013&nbsp;Detta \u00e4r min f\u00f6rsta utlandstj\u00e4nst och jag b\u00f6rjade p\u00e5 den i juni i \u00e5r 2023. Det senaste halv\u00e5ret har varit otroligt intensivt men ocks\u00e5 roligt och l\u00e4rorikt. Jag arbetar i en ganska ny struktur eftersom de tv\u00e5 f\u00f6rsamlingar som tidigare fanns i Schweiz \u00e4r sammanlagda till en. Vi utvecklar nu tillsammans arbetsformerna och mycket kan fungera som det gjort. Jag f\u00f6rs\u00f6ker dela min tid mellan de olika orterna i landet s\u00e5 j\u00e4mt det g\u00e5r och prioriterar att gudstj\u00e4nsterna ska forts\u00e4tta firas i de gemenskaper som finns. F\u00f6r det mesta g\u00e5r det fint, inte minst tack vare att det finns engagerade p\u00e5 alla orter som tar ett stort ansvar f\u00f6r allt praktiskt arbete kring och inf\u00f6r gudstj\u00e4nsterna.&nbsp;<\/p>\n\n\n\n<blockquote class=\"wp-block-quote is-layout-flow wp-block-quote-is-layout-flow\">\n<p>Att fira ekumenisk m\u00e4ssa \u00e4r f\u00f6r oss i Svenska kyrkan m\u00f6jligt p\u00e5 ett alldeles s\u00e4rskilt s\u00e4tt i i Schweiz<\/p>\n<\/blockquote>\n\n\n\n<p>Under allhelgonahelgen mottogs du som kyrkoherde i Schweiz, biskop Erik var med och ni firade \u00e4ven en ekumenisk m\u00e4ssa. Vad inneb\u00e4r det att fira ekumenisk m\u00e4ssa?&nbsp;<\/p>\n\n\n\n<p>\u2013&nbsp;Att fira ekumenisk m\u00e4ssa \u00e4r f\u00f6r oss i Svenska kyrkan m\u00f6jligt p\u00e5 ett alldeles s\u00e4rskilt s\u00e4tt i Schweiz. Svenska kyrkan har sedan 2017 full kyrkogemenskap med den Gammalkatolska kyrkan av Utrechtunionen och h\u00e4r i landet \u00e4r den Gammalkatolska kyrkan en av de tre nationella kyrkorna.&nbsp;<\/p>\n\n\n\n<figure class=\"wp-block-image size-large\"><img loading=\"lazy\" decoding=\"async\" width=\"1024\" height=\"735\" src=\"https:\/\/blogg.svenskakyrkan.se\/vart-jag-mig-i-varlden-vander\/files\/2023\/11\/Pehr-Albin-3-copy-1024x735.jpg\" alt=\"\" class=\"wp-image-707\" srcset=\"https:\/\/blogg.svenskakyrkan.se\/vart-jag-mig-i-varlden-vander\/files\/2023\/11\/Pehr-Albin-3-copy-1024x735.jpg 1024w, https:\/\/blogg.svenskakyrkan.se\/vart-jag-mig-i-varlden-vander\/files\/2023\/11\/Pehr-Albin-3-copy-300x215.jpg 300w, https:\/\/blogg.svenskakyrkan.se\/vart-jag-mig-i-varlden-vander\/files\/2023\/11\/Pehr-Albin-3-copy-768x552.jpg 768w, https:\/\/blogg.svenskakyrkan.se\/vart-jag-mig-i-varlden-vander\/files\/2023\/11\/Pehr-Albin-3-copy-1536x1103.jpg 1536w, https:\/\/blogg.svenskakyrkan.se\/vart-jag-mig-i-varlden-vander\/files\/2023\/11\/Pehr-Albin-3-copy-2048x1471.jpg 2048w, https:\/\/blogg.svenskakyrkan.se\/vart-jag-mig-i-varlden-vander\/files\/2023\/11\/Pehr-Albin-3-copy-1200x862.jpg 1200w\" sizes=\"auto, (max-width: 1024px) 100vw, 1024px\" \/><\/figure>\n\n\n\n<p>\u2013&nbsp;Det finns allts\u00e5 inget som hindrar oss pr\u00e4ster fr\u00e5n att celebrera m\u00e4ssan i varandras kyrkor eller tillsammans som kollegor och det finns inget som hindrar de d\u00f6pta i respektive kyrka fr\u00e5n att ta emot sakramenten. I den gammalkatolska kyrkan finns en otrolig medvetenhet om gemenskapen med Svenska kyrkan. Kollegorna d\u00e4r bjuder alltid in mig som en av dem och de \u00e4r tydliga med att de vill samarbeta och fira gudstj\u00e4nster med oss som svensk-kyrklig f\u00f6rsamling. Det \u00e4r vackra uttryck f\u00f6r hur vi som kyrkor och kristna h\u00f6r samman och fantastiska tecken p\u00e5 hur vi alla h\u00f6r samman i tron.&nbsp;<\/p>\n\n\n\n<p>Att ekumenik \u00e4r viktigt blir kanske extra tydligt n\u00e4r v\u00e4rldsl\u00e4get ser ut som det g\u00f6r idag. Du har sj\u00e4lv varit ekumenisk f\u00f6ljeslagare i Israel och Palestina. Vad g\u00f6r man som ekumenisk f\u00f6ljeslagare och p\u00e5 vilket s\u00e4tt har det p\u00e5verkat dig?&nbsp;<\/p>\n\n\n\n<p>\u2013&nbsp;Jag har vid tv\u00e5 tillf\u00e4llen varit Ekumenisk f\u00f6ljeslagare och uppdraget f\u00f6r\u00e4ndrar en f\u00f6r livet. Som f\u00f6ljeslagare lever man sida vid sida med palestinier och f\u00f6ljesl\u00e5r dem i deras vardag. Uppgifterna kan se olika ut beroende p\u00e5 vilken ort man placeras, men man kan till exempel f\u00f6ljesl\u00e5 barn till skolan, herdar till f\u00e4lten, eller m\u00e4nniskor till arbetet. Uppdraget \u00e4r b\u00e5de att f\u00f6ljesl\u00e5, bidra till att k\u00e4nslan av isolering bland palestinier minskar och att dokumentera situationen p\u00e5 V\u00e4stbanken; inte minst n\u00e4r brott mot de m\u00e4nskliga r\u00e4ttigheterna eller folkr\u00e4tten beg\u00e5s.&nbsp;<\/p>\n\n\n\n<blockquote class=\"wp-block-quote is-layout-flow wp-block-quote-is-layout-flow\">\n<p>N\u00e4r man g\u00f6r ett hembes\u00f6k, tar emot ett telefonsamtal, m\u00f6ter m\u00e4nniskor som \u00e4r ensamma eller sjuka kan s\u00e4llskapet och det aktiva lyssnandet alltid vara ett ljus f\u00f6r stund<\/p>\n<\/blockquote>\n\n\n\n<p>\u2013&nbsp;Som f\u00f6ljeslagare l\u00e4r man sig v\u00e4rdet av att st\u00e5 tillsammans ocks\u00e5 i situationer d\u00e4r det i det korta perspektivet inte finns s\u00e5 stort hopp; man \u00f6vas i t\u00e5lamod och i att lyssna. Den palestinske teologen Mitri Raheb sa en g\u00e5ng att om man inte ser ljuset i slutet av tunneln, f\u00e5r man t\u00e4nda ljus inne i tunneln. Det man bidrar med som f\u00f6ljeslagare g\u00f6r kanske inte att ljuset i slutet av tunneln visar sig, men arbetet \u00e4r f\u00f6rhoppningsvis ljus en stund inne i tunneln. S\u00e5 \u00e4r ocks\u00e5 en del av uppdragen som pr\u00e4st. N\u00e4r man g\u00f6r ett hembes\u00f6k, tar emot ett telefonsamtal, m\u00f6ter m\u00e4nniskor som \u00e4r ensamma eller sjuka kan s\u00e4llskapet och det aktiva lyssnandet alltid vara ett ljus f\u00f6r stunden \u00e4ven om man ofta beh\u00f6ver konstatera att ens bidrag inte blev till ett ljus i slutet av tunneln. I de delarna av uppdraget l\u00e4r man sig ocks\u00e5 att se och leva med sina egna begr\u00e4nsningar och sin egen hj\u00e4lpl\u00f6shet.&nbsp;<\/p>\n\n\n\n<figure class=\"wp-block-image size-large\"><img loading=\"lazy\" decoding=\"async\" width=\"2560\" height=\"1920\" src=\"https:\/\/blogg.svenskakyrkan.se\/vart-jag-mig-i-varlden-vander\/files\/2023\/11\/Pehr-Albin-4-edited-scaled.jpg\" alt=\"\" class=\"wp-image-713\" srcset=\"https:\/\/blogg.svenskakyrkan.se\/vart-jag-mig-i-varlden-vander\/files\/2023\/11\/Pehr-Albin-4-edited-scaled.jpg 2560w, https:\/\/blogg.svenskakyrkan.se\/vart-jag-mig-i-varlden-vander\/files\/2023\/11\/Pehr-Albin-4-edited-300x225.jpg 300w, https:\/\/blogg.svenskakyrkan.se\/vart-jag-mig-i-varlden-vander\/files\/2023\/11\/Pehr-Albin-4-edited-1024x768.jpg 1024w, https:\/\/blogg.svenskakyrkan.se\/vart-jag-mig-i-varlden-vander\/files\/2023\/11\/Pehr-Albin-4-edited-768x576.jpg 768w, https:\/\/blogg.svenskakyrkan.se\/vart-jag-mig-i-varlden-vander\/files\/2023\/11\/Pehr-Albin-4-edited-1536x1152.jpg 1536w, https:\/\/blogg.svenskakyrkan.se\/vart-jag-mig-i-varlden-vander\/files\/2023\/11\/Pehr-Albin-4-edited-2048x1536.jpg 2048w, https:\/\/blogg.svenskakyrkan.se\/vart-jag-mig-i-varlden-vander\/files\/2023\/11\/Pehr-Albin-4-edited-1200x900.jpg 1200w\" sizes=\"auto, (max-width: 2560px) 100vw, 2560px\" \/><\/figure>\n\n\n\n<p>Vilken roll t\u00e4nker du att Svenska kyrkans utlandsf\u00f6rsamlingar kan spela f\u00f6r ekumenisk samverkan runt om i v\u00e4rlden?&nbsp;<\/p>\n\n\n\n<p>\u2013&nbsp;Till min bakgrund h\u00f6r att jag \u00e4r ocks\u00e5 arbetat som ekumenik-handl\u00e4ggare och n\u00e4r jag nu blivit SKUT-pr\u00e4st t\u00e4nker jag ofta att det finns en otrolig utvecklingspotential vad det g\u00e4ller de ekumeniska bilaterala relationerna mellan Svenska kyrkan och systerkyrkor. Det borde vara en sj\u00e4lvklarhet att Svenska kyrkan hemma relaterar till systerkyrkor genom sin egen personal och genom sina egna f\u00f6rsamlingar, liksom staten relaterar till respektive land i v\u00e4rlden genom sina ambassader och ambassad\u00f6rer. I respektive sammanhang finns det stora m\u00f6jligheter att odla st\u00f6rre n\u00e4rhet och mer samarbete och det som sker h\u00e4r borde som jag ser det kopplas ihop med det ekumeniska arbetet i \u201dhemmakyrkan\u201d.<\/p>\n\n\n\n<p><\/p>\n\n\n\n<p>Text: \u00c5sa H\u00f6jer f\u00f6r Svenska kyrkan i utlandet<\/p>\n","protected":false},"excerpt":{"rendered":"<p>Hej Pehr-Albin Ed\u00e9n. Du \u00e4r sedan i somras kyrkoherde i Svenska kyrkan Schweiz. \u00c4r det din f\u00f6rsta tj\u00e4nst inom Svenska kyrkan i utlandet och hur k\u00e4nns det s\u00e5 h\u00e4r efter ett f\u00f6rsta halv\u00e5r?&nbsp; \u2013&nbsp;Detta \u00e4r min f\u00f6rsta utlandstj\u00e4nst och jag b\u00f6rjade p\u00e5 den i juni i \u00e5r 2023. Det senaste halv\u00e5ret har varit otroligt intensivt [&hellip;]<\/p>\n","protected":false},"author":800,"featured_media":713,"comment_status":"open","ping_status":"open","sticky":false,"template":"","format":"standard","meta":{"_acf_changed":false,"footnotes":""},"categories":[1,50],"tags":[135,152,122],"class_list":["post-704","post","type-post","status-publish","format-standard","has-post-thumbnail","hentry","category-allt","category-schweiz","tag-ekumenik","tag-schweiz","tag-utlandskyrkan"],"acf":[],"yoast_head":"<!-- This site is optimized with the Yoast SEO plugin v27.1.1 - https:\/\/yoast.com\/product\/yoast-seo-wordpress\/ -->\n<title>\u201dOm man inte ser ljuset i slutet av tunneln, f\u00e5r man t\u00e4nda ljus inne i tunneln\u201d\ufffc - Vart jag mig i v\u00e4rlden v\u00e4nder<\/title>\n<meta name=\"robots\" content=\"index, follow, max-snippet:-1, max-image-preview:large, max-video-preview:-1\" \/>\n<link rel=\"canonical\" href=\"https:\/\/blogg.svenskakyrkan.se\/vart-jag-mig-i-varlden-vander\/2023\/11\/16\/om-man-inte-ser-ljuset-i-slutet-av-tunneln-far-man-tanda-ljus-inne-i-tunneln\/\" \/>\n<meta property=\"og:locale\" content=\"sv_SE\" \/>\n<meta property=\"og:type\" content=\"article\" \/>\n<meta property=\"og:title\" content=\"\u201dOm man inte ser ljuset i slutet av tunneln, f\u00e5r man t\u00e4nda ljus inne i tunneln\u201d\ufffc - Vart jag mig i v\u00e4rlden v\u00e4nder\" \/>\n<meta property=\"og:description\" content=\"Hej Pehr-Albin Ed\u00e9n. Du \u00e4r sedan i somras kyrkoherde i Svenska kyrkan Schweiz. \u00c4r det din f\u00f6rsta tj\u00e4nst inom Svenska kyrkan i utlandet och hur k\u00e4nns det s\u00e5 h\u00e4r efter ett f\u00f6rsta halv\u00e5r?&nbsp; \u2013&nbsp;Detta \u00e4r min f\u00f6rsta utlandstj\u00e4nst och jag b\u00f6rjade p\u00e5 den i juni i \u00e5r 2023. Det senaste halv\u00e5ret har varit otroligt intensivt [&hellip;]\" \/>\n<meta property=\"og:url\" content=\"https:\/\/blogg.svenskakyrkan.se\/vart-jag-mig-i-varlden-vander\/2023\/11\/16\/om-man-inte-ser-ljuset-i-slutet-av-tunneln-far-man-tanda-ljus-inne-i-tunneln\/\" \/>\n<meta property=\"og:site_name\" content=\"Vart jag mig i v\u00e4rlden v\u00e4nder\" \/>\n<meta property=\"article:published_time\" content=\"2023-11-16T14:34:34+00:00\" \/>\n<meta property=\"article:modified_time\" content=\"2023-11-16T14:40:08+00:00\" \/>\n<meta property=\"og:image\" content=\"https:\/\/blogg.svenskakyrkan.se\/vart-jag-mig-i-varlden-vander\/files\/2023\/11\/Pehr-Albin-4-edited-scaled.jpg\" \/>\n\t<meta property=\"og:image:width\" content=\"2560\" \/>\n\t<meta property=\"og:image:height\" content=\"1920\" \/>\n\t<meta property=\"og:image:type\" content=\"image\/jpeg\" \/>\n<meta name=\"author\" content=\"svenskakyrkaniutlandet\" \/>\n<meta name=\"twitter:card\" content=\"summary_large_image\" \/>\n<meta name=\"twitter:label1\" content=\"Skriven av\" \/>\n\t<meta name=\"twitter:data1\" content=\"svenskakyrkaniutlandet\" \/>\n\t<meta name=\"twitter:label2\" content=\"Ber\u00e4knad l\u00e4stid\" \/>\n\t<meta name=\"twitter:data2\" content=\"5 minuter\" \/>\n<script type=\"application\/ld+json\" class=\"yoast-schema-graph\">{\"@context\":\"https:\/\/schema.org\",\"@graph\":[{\"@type\":\"Article\",\"@id\":\"https:\/\/blogg.svenskakyrkan.se\/vart-jag-mig-i-varlden-vander\/2023\/11\/16\/om-man-inte-ser-ljuset-i-slutet-av-tunneln-far-man-tanda-ljus-inne-i-tunneln\/#article\",\"isPartOf\":{\"@id\":\"https:\/\/blogg.svenskakyrkan.se\/vart-jag-mig-i-varlden-vander\/2023\/11\/16\/om-man-inte-ser-ljuset-i-slutet-av-tunneln-far-man-tanda-ljus-inne-i-tunneln\/\"},\"author\":{\"name\":\"svenskakyrkaniutlandet\",\"@id\":\"https:\/\/blogg.svenskakyrkan.se\/vart-jag-mig-i-varlden-vander\/#\/schema\/person\/156252c602d2d05969d64ca8820c0162\"},\"headline\":\"\u201dOm man inte ser ljuset i slutet av tunneln, f\u00e5r man t\u00e4nda ljus inne i tunneln\u201d\ufffc\",\"datePublished\":\"2023-11-16T14:34:34+00:00\",\"dateModified\":\"2023-11-16T14:40:08+00:00\",\"mainEntityOfPage\":{\"@id\":\"https:\/\/blogg.svenskakyrkan.se\/vart-jag-mig-i-varlden-vander\/2023\/11\/16\/om-man-inte-ser-ljuset-i-slutet-av-tunneln-far-man-tanda-ljus-inne-i-tunneln\/\"},\"wordCount\":943,\"commentCount\":0,\"image\":{\"@id\":\"https:\/\/blogg.svenskakyrkan.se\/vart-jag-mig-i-varlden-vander\/2023\/11\/16\/om-man-inte-ser-ljuset-i-slutet-av-tunneln-far-man-tanda-ljus-inne-i-tunneln\/#primaryimage\"},\"thumbnailUrl\":\"https:\/\/blogg.svenskakyrkan.se\/vart-jag-mig-i-varlden-vander\/files\/2023\/11\/Pehr-Albin-4-edited-scaled.jpg\",\"keywords\":[\"Ekumenik\",\"Schweiz\",\"utlandskyrkan\"],\"articleSection\":[\"Alla inl\u00e4gg\",\"Schweiz\"],\"inLanguage\":\"sv-SE\",\"potentialAction\":[{\"@type\":\"CommentAction\",\"name\":\"Comment\",\"target\":[\"https:\/\/blogg.svenskakyrkan.se\/vart-jag-mig-i-varlden-vander\/2023\/11\/16\/om-man-inte-ser-ljuset-i-slutet-av-tunneln-far-man-tanda-ljus-inne-i-tunneln\/#respond\"]}]},{\"@type\":\"WebPage\",\"@id\":\"https:\/\/blogg.svenskakyrkan.se\/vart-jag-mig-i-varlden-vander\/2023\/11\/16\/om-man-inte-ser-ljuset-i-slutet-av-tunneln-far-man-tanda-ljus-inne-i-tunneln\/\",\"url\":\"https:\/\/blogg.svenskakyrkan.se\/vart-jag-mig-i-varlden-vander\/2023\/11\/16\/om-man-inte-ser-ljuset-i-slutet-av-tunneln-far-man-tanda-ljus-inne-i-tunneln\/\",\"name\":\"\u201dOm man inte ser ljuset i slutet av tunneln, f\u00e5r man t\u00e4nda ljus inne i tunneln\u201d\ufffc - Vart jag mig i v\u00e4rlden v\u00e4nder\",\"isPartOf\":{\"@id\":\"https:\/\/blogg.svenskakyrkan.se\/vart-jag-mig-i-varlden-vander\/#website\"},\"primaryImageOfPage\":{\"@id\":\"https:\/\/blogg.svenskakyrkan.se\/vart-jag-mig-i-varlden-vander\/2023\/11\/16\/om-man-inte-ser-ljuset-i-slutet-av-tunneln-far-man-tanda-ljus-inne-i-tunneln\/#primaryimage\"},\"image\":{\"@id\":\"https:\/\/blogg.svenskakyrkan.se\/vart-jag-mig-i-varlden-vander\/2023\/11\/16\/om-man-inte-ser-ljuset-i-slutet-av-tunneln-far-man-tanda-ljus-inne-i-tunneln\/#primaryimage\"},\"thumbnailUrl\":\"https:\/\/blogg.svenskakyrkan.se\/vart-jag-mig-i-varlden-vander\/files\/2023\/11\/Pehr-Albin-4-edited-scaled.jpg\",\"datePublished\":\"2023-11-16T14:34:34+00:00\",\"dateModified\":\"2023-11-16T14:40:08+00:00\",\"author\":{\"@id\":\"https:\/\/blogg.svenskakyrkan.se\/vart-jag-mig-i-varlden-vander\/#\/schema\/person\/156252c602d2d05969d64ca8820c0162\"},\"breadcrumb\":{\"@id\":\"https:\/\/blogg.svenskakyrkan.se\/vart-jag-mig-i-varlden-vander\/2023\/11\/16\/om-man-inte-ser-ljuset-i-slutet-av-tunneln-far-man-tanda-ljus-inne-i-tunneln\/#breadcrumb\"},\"inLanguage\":\"sv-SE\",\"potentialAction\":[{\"@type\":\"ReadAction\",\"target\":[\"https:\/\/blogg.svenskakyrkan.se\/vart-jag-mig-i-varlden-vander\/2023\/11\/16\/om-man-inte-ser-ljuset-i-slutet-av-tunneln-far-man-tanda-ljus-inne-i-tunneln\/\"]}]},{\"@type\":\"ImageObject\",\"inLanguage\":\"sv-SE\",\"@id\":\"https:\/\/blogg.svenskakyrkan.se\/vart-jag-mig-i-varlden-vander\/2023\/11\/16\/om-man-inte-ser-ljuset-i-slutet-av-tunneln-far-man-tanda-ljus-inne-i-tunneln\/#primaryimage\",\"url\":\"https:\/\/blogg.svenskakyrkan.se\/vart-jag-mig-i-varlden-vander\/files\/2023\/11\/Pehr-Albin-4-edited-scaled.jpg\",\"contentUrl\":\"https:\/\/blogg.svenskakyrkan.se\/vart-jag-mig-i-varlden-vander\/files\/2023\/11\/Pehr-Albin-4-edited-scaled.jpg\",\"width\":2560,\"height\":1920,\"caption\":\"mottogs du som kyrkoherde i Schweiz\"},{\"@type\":\"BreadcrumbList\",\"@id\":\"https:\/\/blogg.svenskakyrkan.se\/vart-jag-mig-i-varlden-vander\/2023\/11\/16\/om-man-inte-ser-ljuset-i-slutet-av-tunneln-far-man-tanda-ljus-inne-i-tunneln\/#breadcrumb\",\"itemListElement\":[{\"@type\":\"ListItem\",\"position\":1,\"name\":\"Hem\",\"item\":\"https:\/\/blogg.svenskakyrkan.se\/vart-jag-mig-i-varlden-vander\/\"},{\"@type\":\"ListItem\",\"position\":2,\"name\":\"\u201dOm man inte ser ljuset i slutet av tunneln, f\u00e5r man t\u00e4nda ljus inne i tunneln\u201d\ufffc\"}]},{\"@type\":\"WebSite\",\"@id\":\"https:\/\/blogg.svenskakyrkan.se\/vart-jag-mig-i-varlden-vander\/#website\",\"url\":\"https:\/\/blogg.svenskakyrkan.se\/vart-jag-mig-i-varlden-vander\/\",\"name\":\"Vart jag mig i v\u00e4rlden v\u00e4nder\",\"description\":\"Ber\u00e4ttelser om Svenska kyrkan i utlandet\",\"potentialAction\":[{\"@type\":\"SearchAction\",\"target\":{\"@type\":\"EntryPoint\",\"urlTemplate\":\"https:\/\/blogg.svenskakyrkan.se\/vart-jag-mig-i-varlden-vander\/?s={search_term_string}\"},\"query-input\":{\"@type\":\"PropertyValueSpecification\",\"valueRequired\":true,\"valueName\":\"search_term_string\"}}],\"inLanguage\":\"sv-SE\"},{\"@type\":\"Person\",\"@id\":\"https:\/\/blogg.svenskakyrkan.se\/vart-jag-mig-i-varlden-vander\/#\/schema\/person\/156252c602d2d05969d64ca8820c0162\",\"name\":\"svenskakyrkaniutlandet\",\"image\":{\"@type\":\"ImageObject\",\"inLanguage\":\"sv-SE\",\"@id\":\"https:\/\/blogg.svenskakyrkan.se\/vart-jag-mig-i-varlden-vander\/#\/schema\/person\/image\/\",\"url\":\"https:\/\/secure.gravatar.com\/avatar\/7c649c60d0e18556c3e72f4ea02ed2f59b03cf3be67cbc37fe412a59b0339649?s=96&d=mm&r=g\",\"contentUrl\":\"https:\/\/secure.gravatar.com\/avatar\/7c649c60d0e18556c3e72f4ea02ed2f59b03cf3be67cbc37fe412a59b0339649?s=96&d=mm&r=g\",\"caption\":\"svenskakyrkaniutlandet\"},\"url\":\"https:\/\/blogg.svenskakyrkan.se\/vart-jag-mig-i-varlden-vander\/author\/vart-jag-mig-i-varlden-vander\/\"}]}<\/script>\n<!-- \/ Yoast SEO plugin. -->","yoast_head_json":{"title":"\u201dOm man inte ser ljuset i slutet av tunneln, f\u00e5r man t\u00e4nda ljus inne i tunneln\u201d\ufffc - Vart jag mig i v\u00e4rlden v\u00e4nder","robots":{"index":"index","follow":"follow","max-snippet":"max-snippet:-1","max-image-preview":"max-image-preview:large","max-video-preview":"max-video-preview:-1"},"canonical":"https:\/\/blogg.svenskakyrkan.se\/vart-jag-mig-i-varlden-vander\/2023\/11\/16\/om-man-inte-ser-ljuset-i-slutet-av-tunneln-far-man-tanda-ljus-inne-i-tunneln\/","og_locale":"sv_SE","og_type":"article","og_title":"\u201dOm man inte ser ljuset i slutet av tunneln, f\u00e5r man t\u00e4nda ljus inne i tunneln\u201d\ufffc - Vart jag mig i v\u00e4rlden v\u00e4nder","og_description":"Hej Pehr-Albin Ed\u00e9n. Du \u00e4r sedan i somras kyrkoherde i Svenska kyrkan Schweiz. \u00c4r det din f\u00f6rsta tj\u00e4nst inom Svenska kyrkan i utlandet och hur k\u00e4nns det s\u00e5 h\u00e4r efter ett f\u00f6rsta halv\u00e5r?&nbsp; \u2013&nbsp;Detta \u00e4r min f\u00f6rsta utlandstj\u00e4nst och jag b\u00f6rjade p\u00e5 den i juni i \u00e5r 2023. Det senaste halv\u00e5ret har varit otroligt intensivt [&hellip;]","og_url":"https:\/\/blogg.svenskakyrkan.se\/vart-jag-mig-i-varlden-vander\/2023\/11\/16\/om-man-inte-ser-ljuset-i-slutet-av-tunneln-far-man-tanda-ljus-inne-i-tunneln\/","og_site_name":"Vart jag mig i v\u00e4rlden v\u00e4nder","article_published_time":"2023-11-16T14:34:34+00:00","article_modified_time":"2023-11-16T14:40:08+00:00","og_image":[{"width":2560,"height":1920,"url":"https:\/\/blogg.svenskakyrkan.se\/vart-jag-mig-i-varlden-vander\/files\/2023\/11\/Pehr-Albin-4-edited-scaled.jpg","type":"image\/jpeg"}],"author":"svenskakyrkaniutlandet","twitter_card":"summary_large_image","twitter_misc":{"Skriven av":"svenskakyrkaniutlandet","Ber\u00e4knad l\u00e4stid":"5 minuter"},"schema":{"@context":"https:\/\/schema.org","@graph":[{"@type":"Article","@id":"https:\/\/blogg.svenskakyrkan.se\/vart-jag-mig-i-varlden-vander\/2023\/11\/16\/om-man-inte-ser-ljuset-i-slutet-av-tunneln-far-man-tanda-ljus-inne-i-tunneln\/#article","isPartOf":{"@id":"https:\/\/blogg.svenskakyrkan.se\/vart-jag-mig-i-varlden-vander\/2023\/11\/16\/om-man-inte-ser-ljuset-i-slutet-av-tunneln-far-man-tanda-ljus-inne-i-tunneln\/"},"author":{"name":"svenskakyrkaniutlandet","@id":"https:\/\/blogg.svenskakyrkan.se\/vart-jag-mig-i-varlden-vander\/#\/schema\/person\/156252c602d2d05969d64ca8820c0162"},"headline":"\u201dOm man inte ser ljuset i slutet av tunneln, f\u00e5r man t\u00e4nda ljus inne i tunneln\u201d\ufffc","datePublished":"2023-11-16T14:34:34+00:00","dateModified":"2023-11-16T14:40:08+00:00","mainEntityOfPage":{"@id":"https:\/\/blogg.svenskakyrkan.se\/vart-jag-mig-i-varlden-vander\/2023\/11\/16\/om-man-inte-ser-ljuset-i-slutet-av-tunneln-far-man-tanda-ljus-inne-i-tunneln\/"},"wordCount":943,"commentCount":0,"image":{"@id":"https:\/\/blogg.svenskakyrkan.se\/vart-jag-mig-i-varlden-vander\/2023\/11\/16\/om-man-inte-ser-ljuset-i-slutet-av-tunneln-far-man-tanda-ljus-inne-i-tunneln\/#primaryimage"},"thumbnailUrl":"https:\/\/blogg.svenskakyrkan.se\/vart-jag-mig-i-varlden-vander\/files\/2023\/11\/Pehr-Albin-4-edited-scaled.jpg","keywords":["Ekumenik","Schweiz","utlandskyrkan"],"articleSection":["Alla inl\u00e4gg","Schweiz"],"inLanguage":"sv-SE","potentialAction":[{"@type":"CommentAction","name":"Comment","target":["https:\/\/blogg.svenskakyrkan.se\/vart-jag-mig-i-varlden-vander\/2023\/11\/16\/om-man-inte-ser-ljuset-i-slutet-av-tunneln-far-man-tanda-ljus-inne-i-tunneln\/#respond"]}]},{"@type":"WebPage","@id":"https:\/\/blogg.svenskakyrkan.se\/vart-jag-mig-i-varlden-vander\/2023\/11\/16\/om-man-inte-ser-ljuset-i-slutet-av-tunneln-far-man-tanda-ljus-inne-i-tunneln\/","url":"https:\/\/blogg.svenskakyrkan.se\/vart-jag-mig-i-varlden-vander\/2023\/11\/16\/om-man-inte-ser-ljuset-i-slutet-av-tunneln-far-man-tanda-ljus-inne-i-tunneln\/","name":"\u201dOm man inte ser ljuset i slutet av tunneln, f\u00e5r man t\u00e4nda ljus inne i tunneln\u201d\ufffc - Vart jag mig i v\u00e4rlden v\u00e4nder","isPartOf":{"@id":"https:\/\/blogg.svenskakyrkan.se\/vart-jag-mig-i-varlden-vander\/#website"},"primaryImageOfPage":{"@id":"https:\/\/blogg.svenskakyrkan.se\/vart-jag-mig-i-varlden-vander\/2023\/11\/16\/om-man-inte-ser-ljuset-i-slutet-av-tunneln-far-man-tanda-ljus-inne-i-tunneln\/#primaryimage"},"image":{"@id":"https:\/\/blogg.svenskakyrkan.se\/vart-jag-mig-i-varlden-vander\/2023\/11\/16\/om-man-inte-ser-ljuset-i-slutet-av-tunneln-far-man-tanda-ljus-inne-i-tunneln\/#primaryimage"},"thumbnailUrl":"https:\/\/blogg.svenskakyrkan.se\/vart-jag-mig-i-varlden-vander\/files\/2023\/11\/Pehr-Albin-4-edited-scaled.jpg","datePublished":"2023-11-16T14:34:34+00:00","dateModified":"2023-11-16T14:40:08+00:00","author":{"@id":"https:\/\/blogg.svenskakyrkan.se\/vart-jag-mig-i-varlden-vander\/#\/schema\/person\/156252c602d2d05969d64ca8820c0162"},"breadcrumb":{"@id":"https:\/\/blogg.svenskakyrkan.se\/vart-jag-mig-i-varlden-vander\/2023\/11\/16\/om-man-inte-ser-ljuset-i-slutet-av-tunneln-far-man-tanda-ljus-inne-i-tunneln\/#breadcrumb"},"inLanguage":"sv-SE","potentialAction":[{"@type":"ReadAction","target":["https:\/\/blogg.svenskakyrkan.se\/vart-jag-mig-i-varlden-vander\/2023\/11\/16\/om-man-inte-ser-ljuset-i-slutet-av-tunneln-far-man-tanda-ljus-inne-i-tunneln\/"]}]},{"@type":"ImageObject","inLanguage":"sv-SE","@id":"https:\/\/blogg.svenskakyrkan.se\/vart-jag-mig-i-varlden-vander\/2023\/11\/16\/om-man-inte-ser-ljuset-i-slutet-av-tunneln-far-man-tanda-ljus-inne-i-tunneln\/#primaryimage","url":"https:\/\/blogg.svenskakyrkan.se\/vart-jag-mig-i-varlden-vander\/files\/2023\/11\/Pehr-Albin-4-edited-scaled.jpg","contentUrl":"https:\/\/blogg.svenskakyrkan.se\/vart-jag-mig-i-varlden-vander\/files\/2023\/11\/Pehr-Albin-4-edited-scaled.jpg","width":2560,"height":1920,"caption":"mottogs du som kyrkoherde i Schweiz"},{"@type":"BreadcrumbList","@id":"https:\/\/blogg.svenskakyrkan.se\/vart-jag-mig-i-varlden-vander\/2023\/11\/16\/om-man-inte-ser-ljuset-i-slutet-av-tunneln-far-man-tanda-ljus-inne-i-tunneln\/#breadcrumb","itemListElement":[{"@type":"ListItem","position":1,"name":"Hem","item":"https:\/\/blogg.svenskakyrkan.se\/vart-jag-mig-i-varlden-vander\/"},{"@type":"ListItem","position":2,"name":"\u201dOm man inte ser ljuset i slutet av tunneln, f\u00e5r man t\u00e4nda ljus inne i tunneln\u201d\ufffc"}]},{"@type":"WebSite","@id":"https:\/\/blogg.svenskakyrkan.se\/vart-jag-mig-i-varlden-vander\/#website","url":"https:\/\/blogg.svenskakyrkan.se\/vart-jag-mig-i-varlden-vander\/","name":"Vart jag mig i v\u00e4rlden v\u00e4nder","description":"Ber\u00e4ttelser om Svenska kyrkan i utlandet","potentialAction":[{"@type":"SearchAction","target":{"@type":"EntryPoint","urlTemplate":"https:\/\/blogg.svenskakyrkan.se\/vart-jag-mig-i-varlden-vander\/?s={search_term_string}"},"query-input":{"@type":"PropertyValueSpecification","valueRequired":true,"valueName":"search_term_string"}}],"inLanguage":"sv-SE"},{"@type":"Person","@id":"https:\/\/blogg.svenskakyrkan.se\/vart-jag-mig-i-varlden-vander\/#\/schema\/person\/156252c602d2d05969d64ca8820c0162","name":"svenskakyrkaniutlandet","image":{"@type":"ImageObject","inLanguage":"sv-SE","@id":"https:\/\/blogg.svenskakyrkan.se\/vart-jag-mig-i-varlden-vander\/#\/schema\/person\/image\/","url":"https:\/\/secure.gravatar.com\/avatar\/7c649c60d0e18556c3e72f4ea02ed2f59b03cf3be67cbc37fe412a59b0339649?s=96&d=mm&r=g","contentUrl":"https:\/\/secure.gravatar.com\/avatar\/7c649c60d0e18556c3e72f4ea02ed2f59b03cf3be67cbc37fe412a59b0339649?s=96&d=mm&r=g","caption":"svenskakyrkaniutlandet"},"url":"https:\/\/blogg.svenskakyrkan.se\/vart-jag-mig-i-varlden-vander\/author\/vart-jag-mig-i-varlden-vander\/"}]}},"aioseo_notices":[],"author_meta":{"ID":"800","user_nicename":"vart-jag-mig-i-varlden-vander","user_registered":"2021-10-29 13:50:15","display_name":"svenskakyrkaniutlandet","avatar":"https:\/\/secure.gravatar.com\/avatar\/7c649c60d0e18556c3e72f4ea02ed2f59b03cf3be67cbc37fe412a59b0339649?s=96&d=mm&r=g"},"featured_image":["https:\/\/blogg.svenskakyrkan.se\/vart-jag-mig-i-varlden-vander\/files\/2023\/11\/Pehr-Albin-4-edited-1024x768.jpg",1024,768,true],"bloginfo":{"name":"Vart jag mig i v\u00e4rlden v\u00e4nder","url":"https:\/\/blogg.svenskakyrkan.se\/vart-jag-mig-i-varlden-vander"},"_links":{"self":[{"href":"https:\/\/blogg.svenskakyrkan.se\/vart-jag-mig-i-varlden-vander\/wp-json\/wp\/v2\/posts\/704","targetHints":{"allow":["GET"]}}],"collection":[{"href":"https:\/\/blogg.svenskakyrkan.se\/vart-jag-mig-i-varlden-vander\/wp-json\/wp\/v2\/posts"}],"about":[{"href":"https:\/\/blogg.svenskakyrkan.se\/vart-jag-mig-i-varlden-vander\/wp-json\/wp\/v2\/types\/post"}],"author":[{"embeddable":true,"href":"https:\/\/blogg.svenskakyrkan.se\/vart-jag-mig-i-varlden-vander\/wp-json\/wp\/v2\/users\/800"}],"replies":[{"embeddable":true,"href":"https:\/\/blogg.svenskakyrkan.se\/vart-jag-mig-i-varlden-vander\/wp-json\/wp\/v2\/comments?post=704"}],"version-history":[{"count":6,"href":"https:\/\/blogg.svenskakyrkan.se\/vart-jag-mig-i-varlden-vander\/wp-json\/wp\/v2\/posts\/704\/revisions"}],"predecessor-version":[{"id":717,"href":"https:\/\/blogg.svenskakyrkan.se\/vart-jag-mig-i-varlden-vander\/wp-json\/wp\/v2\/posts\/704\/revisions\/717"}],"wp:featuredmedia":[{"embeddable":true,"href":"https:\/\/blogg.svenskakyrkan.se\/vart-jag-mig-i-varlden-vander\/wp-json\/wp\/v2\/media\/713"}],"wp:attachment":[{"href":"https:\/\/blogg.svenskakyrkan.se\/vart-jag-mig-i-varlden-vander\/wp-json\/wp\/v2\/media?parent=704"}],"wp:term":[{"taxonomy":"category","embeddable":true,"href":"https:\/\/blogg.svenskakyrkan.se\/vart-jag-mig-i-varlden-vander\/wp-json\/wp\/v2\/categories?post=704"},{"taxonomy":"post_tag","embeddable":true,"href":"https:\/\/blogg.svenskakyrkan.se\/vart-jag-mig-i-varlden-vander\/wp-json\/wp\/v2\/tags?post=704"}],"curies":[{"name":"wp","href":"https:\/\/api.w.org\/{rel}","templated":true}]}}