{"id":719,"date":"2023-11-30T06:17:47","date_gmt":"2023-11-30T05:17:47","guid":{"rendered":"https:\/\/blogg.svenskakyrkan.se\/vart-jag-mig-i-varlden-vander\/?p=719"},"modified":"2023-11-30T06:20:33","modified_gmt":"2023-11-30T05:20:33","slug":"719","status":"publish","type":"post","link":"https:\/\/blogg.svenskakyrkan.se\/vart-jag-mig-i-varlden-vander\/2023\/11\/30\/719\/","title":{"rendered":"&#8221;Det \u00e4r vinsten fr\u00e5n julmarknad, butik och caf\u00e9 som g\u00f6r att vi kan betala alla l\u00f6pande utgifter&#8221;"},"content":{"rendered":"\n\n\n<p>Nu \u00e4r det mycket p\u00e5 g\u00e5ng p\u00e5 kyrkan och det \u00e4r roligt! En dag n\u00e4r jag kom in p\u00e5 kontoret f\u00f6r ett tag sedan fick jag en liten men trevlig \u00f6verraskning: hela rummet var fullt av l\u00e5dor som stod precis \u00f6verallt!<\/p>\n\n\n\n<figure class=\"wp-block-image size-large\"><img loading=\"lazy\" decoding=\"async\" width=\"1024\" height=\"768\" src=\"https:\/\/blogg.svenskakyrkan.se\/vart-jag-mig-i-varlden-vander\/files\/2023\/11\/katja-november-1-1024x768.jpg\" alt=\"\" class=\"wp-image-721\" srcset=\"https:\/\/blogg.svenskakyrkan.se\/vart-jag-mig-i-varlden-vander\/files\/2023\/11\/katja-november-1-1024x768.jpg 1024w, https:\/\/blogg.svenskakyrkan.se\/vart-jag-mig-i-varlden-vander\/files\/2023\/11\/katja-november-1-300x225.jpg 300w, https:\/\/blogg.svenskakyrkan.se\/vart-jag-mig-i-varlden-vander\/files\/2023\/11\/katja-november-1-768x576.jpg 768w, https:\/\/blogg.svenskakyrkan.se\/vart-jag-mig-i-varlden-vander\/files\/2023\/11\/katja-november-1-1536x1152.jpg 1536w, https:\/\/blogg.svenskakyrkan.se\/vart-jag-mig-i-varlden-vander\/files\/2023\/11\/katja-november-1-1200x900.jpg 1200w, https:\/\/blogg.svenskakyrkan.se\/vart-jag-mig-i-varlden-vander\/files\/2023\/11\/katja-november-1.jpg 1680w\" sizes=\"auto, (max-width: 1024px) 100vw, 1024px\" \/><\/figure>\n\n\n\n<p>Ni ser p\u00e5 bilden en del av dem. Det m\u00e4rkliga var att de stod s\u00e5 konstigt att jag knappt fick plats ens att sitta p\u00e5 min stol. Visserligen blev jag glad \u00f6ver att v\u00e5ra fina julsaker fr\u00e5n Sverige redan kommit p\u00e5 plats i god tid innan kyrkans julmarknad b\u00f6rjar, men oj vad tr\u00e5ngt det blev!&nbsp;<\/p>\n\n\n\n<blockquote class=\"wp-block-quote is-layout-flow wp-block-quote-is-layout-flow\">\n<p>Det \u00e4r vinsten fr\u00e5n julmarknad, butik och caf\u00e9 som g\u00f6r att vi kan betala alla l\u00f6pande utgifter<\/p>\n<\/blockquote>\n\n\n\n<p>Jag funderade lite p\u00e5 hur det kom sig att l\u00e5dorna var utplacerade som de var och fick sedan en f\u00f6rklaring. Gunnar, v\u00e5r pedagog, skrattade och ber\u00e4ttade att killen som kom och levererade l\u00e5dorna var samma person som f\u00f6rra \u00e5ret och han m\u00e5ste ha k\u00e4nt sig r\u00e4tt s\u00e5 hemma hos oss, f\u00f6r pl\u00f6tsligt n\u00e4r Gunnar letade efter honom s\u00e5 hade killen redan tagit in allting p\u00e5 mitt kontor och satt l\u00e5dorna d\u00e4r han fick plats. <\/p>\n\n\n\n<p>Ett s\u00e4tt att sakta men s\u00e4kert flytta ut l\u00e5dorna ur kontoret och f\u00e5 lite mer plats \u00e4r d\u00e4rf\u00f6r att plocka upp alla fina saker f\u00f6r att prism\u00e4rka dem. Det \u00e4r ett roligt arbete som g\u00f6rs med hj\u00e4lp av er, v\u00e5ra fantastiska frivilliga. Det \u00e4r alltid lika kul att h\u00f6ra alla kommentarer om sakerna som vi plockar upp ur l\u00e5dorna, s\u00e4rskilt de nya julsakerna som vi inte har sett f\u00f6rut. I \u00e5r har vi m\u00e5nga nya fina saker.&nbsp;<\/p>\n\n\n\n<p>Julmarknaden \u00e4r \u00e5rets absolut st\u00f6rsta fundraiser f\u00f6r v\u00e5r f\u00f6rsamling. Det \u00e4r vinsten fr\u00e5n julmarknad, butik och caf\u00e9 som g\u00f6r att vi kan betala alla l\u00f6pande utgifter som tex f\u00f6rs\u00e4kringar, el och reparationer men ocks\u00e5 l\u00f6ner f\u00f6r f\u00f6rsamlingens lokalanst\u00e4llda personal eller en ny diskmaskin till k\u00f6ket, bara f\u00f6r att n\u00e4mna n\u00e5gra saker. S\u00e5 julmarknaden \u00e4r viktig f\u00f6r f\u00f6rsamlingen. Det \u00e4r mycket f\u00f6rarbete som g\u00f6rs f\u00f6r att allt ska fungera och vi \u00e4r s\u00e5 glada f\u00f6r alla som kommer och bes\u00f6ker julmarknaden.&nbsp;<\/p>\n\n\n\n<p>En tillg\u00e5ng som blir v\u00e4ldigt synlig under julmarknaden, och som vi ocks\u00e5 ser p\u00e5 m\u00e5nga andra st\u00e4llen i f\u00f6rsamlingslivet, \u00e4r alla engagerade frivilliga som st\u00e4ller upp och ger av sin tid. Det \u00e4r fantastiskt. Utan er frivilliga \u00e4r det inte m\u00f6jligt att ha en fungerande f\u00f6rsamlingsverksamhet.&nbsp;<\/p>\n\n\n\n<blockquote class=\"wp-block-quote is-layout-flow wp-block-quote-is-layout-flow\">\n<p>Jag blir glad n\u00e4r jag ser att s\u00e5 m\u00e5nga \u00e4r engagerade i f\u00f6rsamlingen i Melbourne p\u00e5 olika s\u00e4tt. Det tycker jag visar p\u00e5 hur mycket kyrkan betyder som m\u00f6tesplats och att det vi g\u00f6r som kyrka \u00e4r viktigt<\/p>\n<\/blockquote>\n\n\n\n<p>Det \u00e4r roligt att s\u00e5 m\u00e5nga tar ansvar och m\u00e5nar om att det ska fungera. Jag blir glad n\u00e4r jag ser att s\u00e5 m\u00e5nga \u00e4r engagerade i f\u00f6rsamlingen i Melbourne p\u00e5 olika s\u00e4tt. Det tycker jag visar p\u00e5 hur mycket kyrkan betyder som m\u00f6tesplats och att det vi g\u00f6r som kyrka \u00e4r viktigt.<\/p>\n\n\n\n<p><\/p>\n\n\n\n<p class=\"has-normal-font-size\">Kyrkoherde Katja skriver ocks\u00e5 om behovet av frivilliga under julmarknadsveckorna \u2013 och om den gemenskap man som frivillig ing\u00e5r i. Att vara frivillig under deras julmarknad kan handla om att&nbsp;hj\u00e4lpa till att s\u00e4tta upp hyllor, prism\u00e4rka, s\u00e4lja,&nbsp;st\u00e5 i kassan och arbeta i k\u00f6ket.&nbsp;De&nbsp;beh\u00f6ver ocks\u00e5 hj\u00e4lp med att ber\u00e4tta&nbsp;om julmarknaden och har tagit fram en flyer att dela, \u00e4r du nyfiken&nbsp;hittar du&nbsp;den&nbsp;<a href=\"https:\/\/www.svenskakyrkan.se\/filer\/1512419\/affisch%20marknad%2023.pdf\">h\u00e4r.<\/a>&nbsp;<\/p>\n\n\n\n<p class=\"has-normal-font-size\">Katjas h\u00e4lsning till f\u00f6rsamlingen skrevs i slutet av oktober, d\u00e4rf\u00f6r \u00e4ven en h\u00e4lsning inf\u00f6r allhelgona:<\/p>\n\n\n\n<p>N\u00e4r du l\u00e4ser det h\u00e4r nyhetsbrevet \u00e4r det snart Allhelgonahelg. Nu p\u00e5 s\u00f6ndag \u00e4r du v\u00e4lkommen att fira gudstj\u00e4nst, stanna upp en stund, samla dina tankar till stilla musik och t\u00e4nda ett ljus f\u00f6r n\u00e5gon du saknar och t\u00e4nker p\u00e5.&nbsp;<\/p>\n\n\n\n<p>Kyrkog\u00e5rdarna hemma i Sverige \u00e4r fyllda den h\u00e4r helgen med m\u00e4nniskor&nbsp;som t\u00e4nder ljus och lyktor och som stannar och t\u00e4nker p\u00e5 de \u201dsom har g\u00e5tt f\u00f6re\u201d som vi ibland s\u00e4ger. Den som har g\u00e5tt f\u00f6re till Gud. En bild av k\u00e4rlek och saknad. F\u00f6r minnena, tacksamheten och de intryck eller sp\u00e5r som den personen har gjort finns ju naturligtvis alltid kvar hos oss, vi f\u00f6rlorar de aldrig helt.&nbsp;<\/p>\n\n\n\n<p>Ljusen f\u00e5r p\u00e5minna oss om hur gott livet kan vara, k\u00e4rlek och v\u00e4rme, att det finns en gemenskap som aldrig tar slut och att vi alla \u00e4r omslutna och trygga i Guds famn. Jesus s\u00e4ger:<\/p>\n\n\n\n<p><em>Jag \u00e4r uppst\u00e5ndelsen och livet. Den som tror p\u00e5 mig skall leva om han \u00e4n d\u00f6r, och den som lever och tror p\u00e5 mig skall aldrig n\u00e5gonsin d\u00f6<\/em>.<\/p>\n\n\n\n<p>(Joh 11:25-26).&nbsp;<\/p>\n\n\n\n<p>Med de orden \u00f6nskar jag dig en fortsatt trevlig helg och fin vecka.<\/p>\n\n\n\n<p>Katja Lin<br>Kyrkoherde, Svenska kyrkan i Melbourne<\/p>\n","protected":false},"excerpt":{"rendered":"<p>Nu \u00e4r det mycket p\u00e5 g\u00e5ng p\u00e5 kyrkan och det \u00e4r roligt! En dag n\u00e4r jag kom in p\u00e5 kontoret f\u00f6r ett tag sedan fick jag en liten men trevlig \u00f6verraskning: hela rummet var fullt av l\u00e5dor som stod precis \u00f6verallt! Ni ser p\u00e5 bilden en del av dem. Det m\u00e4rkliga var att de stod [&hellip;]<\/p>\n","protected":false},"author":800,"featured_media":721,"comment_status":"open","ping_status":"open","sticky":false,"template":"","format":"standard","meta":{"_acf_changed":false,"footnotes":""},"categories":[1,17,82,13,22,14,23],"tags":[],"class_list":["post-719","post","type-post","status-publish","format-standard","has-post-thumbnail","hentry","category-allt","category-allhelgona","category-australien","category-hogtid","category-jobba-utomlands","category-jul-och-nyar","category-volontar-frivillig"],"acf":[],"yoast_head":"<!-- This site is optimized with the Yoast SEO plugin v27.1.1 - https:\/\/yoast.com\/product\/yoast-seo-wordpress\/ -->\n<title>&quot;Det \u00e4r vinsten fr\u00e5n julmarknad, butik och caf\u00e9 som g\u00f6r att vi kan betala alla l\u00f6pande utgifter&quot; - Vart jag mig i v\u00e4rlden v\u00e4nder<\/title>\n<meta name=\"robots\" content=\"index, follow, max-snippet:-1, max-image-preview:large, max-video-preview:-1\" \/>\n<link rel=\"canonical\" href=\"https:\/\/blogg.svenskakyrkan.se\/vart-jag-mig-i-varlden-vander\/2023\/11\/30\/719\/\" \/>\n<meta property=\"og:locale\" content=\"sv_SE\" \/>\n<meta property=\"og:type\" content=\"article\" \/>\n<meta property=\"og:title\" content=\"&quot;Det \u00e4r vinsten fr\u00e5n julmarknad, butik och caf\u00e9 som g\u00f6r att vi kan betala alla l\u00f6pande utgifter&quot; - Vart jag mig i v\u00e4rlden v\u00e4nder\" \/>\n<meta property=\"og:description\" content=\"Nu \u00e4r det mycket p\u00e5 g\u00e5ng p\u00e5 kyrkan och det \u00e4r roligt! En dag n\u00e4r jag kom in p\u00e5 kontoret f\u00f6r ett tag sedan fick jag en liten men trevlig \u00f6verraskning: hela rummet var fullt av l\u00e5dor som stod precis \u00f6verallt! Ni ser p\u00e5 bilden en del av dem. Det m\u00e4rkliga var att de stod [&hellip;]\" \/>\n<meta property=\"og:url\" content=\"https:\/\/blogg.svenskakyrkan.se\/vart-jag-mig-i-varlden-vander\/2023\/11\/30\/719\/\" \/>\n<meta property=\"og:site_name\" content=\"Vart jag mig i v\u00e4rlden v\u00e4nder\" \/>\n<meta property=\"article:published_time\" content=\"2023-11-30T05:17:47+00:00\" \/>\n<meta property=\"article:modified_time\" content=\"2023-11-30T05:20:33+00:00\" \/>\n<meta property=\"og:image\" content=\"https:\/\/blogg.svenskakyrkan.se\/vart-jag-mig-i-varlden-vander\/files\/2023\/11\/katja-november-1.jpg\" \/>\n\t<meta property=\"og:image:width\" content=\"1680\" \/>\n\t<meta property=\"og:image:height\" content=\"1260\" \/>\n\t<meta property=\"og:image:type\" content=\"image\/jpeg\" \/>\n<meta name=\"author\" content=\"svenskakyrkaniutlandet\" \/>\n<meta name=\"twitter:card\" content=\"summary_large_image\" \/>\n<meta name=\"twitter:label1\" content=\"Skriven av\" \/>\n\t<meta name=\"twitter:data1\" content=\"svenskakyrkaniutlandet\" \/>\n\t<meta name=\"twitter:label2\" content=\"Ber\u00e4knad l\u00e4stid\" \/>\n\t<meta name=\"twitter:data2\" content=\"5 minuter\" \/>\n<script type=\"application\/ld+json\" class=\"yoast-schema-graph\">{\"@context\":\"https:\/\/schema.org\",\"@graph\":[{\"@type\":\"Article\",\"@id\":\"https:\/\/blogg.svenskakyrkan.se\/vart-jag-mig-i-varlden-vander\/2023\/11\/30\/719\/#article\",\"isPartOf\":{\"@id\":\"https:\/\/blogg.svenskakyrkan.se\/vart-jag-mig-i-varlden-vander\/2023\/11\/30\/719\/\"},\"author\":{\"name\":\"svenskakyrkaniutlandet\",\"@id\":\"https:\/\/blogg.svenskakyrkan.se\/vart-jag-mig-i-varlden-vander\/#\/schema\/person\/156252c602d2d05969d64ca8820c0162\"},\"headline\":\"&#8221;Det \u00e4r vinsten fr\u00e5n julmarknad, butik och caf\u00e9 som g\u00f6r att vi kan betala alla l\u00f6pande utgifter&#8221;\",\"datePublished\":\"2023-11-30T05:17:47+00:00\",\"dateModified\":\"2023-11-30T05:20:33+00:00\",\"mainEntityOfPage\":{\"@id\":\"https:\/\/blogg.svenskakyrkan.se\/vart-jag-mig-i-varlden-vander\/2023\/11\/30\/719\/\"},\"wordCount\":929,\"commentCount\":0,\"image\":{\"@id\":\"https:\/\/blogg.svenskakyrkan.se\/vart-jag-mig-i-varlden-vander\/2023\/11\/30\/719\/#primaryimage\"},\"thumbnailUrl\":\"https:\/\/blogg.svenskakyrkan.se\/vart-jag-mig-i-varlden-vander\/files\/2023\/11\/katja-november-1.jpg\",\"articleSection\":[\"Alla inl\u00e4gg\",\"Allhelgona\",\"Australien\",\"H\u00f6gtid\",\"Jobba utomlands\",\"Jul och ny\u00e5r\",\"Volont\u00e4r, frivillig\"],\"inLanguage\":\"sv-SE\",\"potentialAction\":[{\"@type\":\"CommentAction\",\"name\":\"Comment\",\"target\":[\"https:\/\/blogg.svenskakyrkan.se\/vart-jag-mig-i-varlden-vander\/2023\/11\/30\/719\/#respond\"]}]},{\"@type\":\"WebPage\",\"@id\":\"https:\/\/blogg.svenskakyrkan.se\/vart-jag-mig-i-varlden-vander\/2023\/11\/30\/719\/\",\"url\":\"https:\/\/blogg.svenskakyrkan.se\/vart-jag-mig-i-varlden-vander\/2023\/11\/30\/719\/\",\"name\":\"\\\"Det \u00e4r vinsten fr\u00e5n julmarknad, butik och caf\u00e9 som g\u00f6r att vi kan betala alla l\u00f6pande utgifter\\\" - Vart jag mig i v\u00e4rlden v\u00e4nder\",\"isPartOf\":{\"@id\":\"https:\/\/blogg.svenskakyrkan.se\/vart-jag-mig-i-varlden-vander\/#website\"},\"primaryImageOfPage\":{\"@id\":\"https:\/\/blogg.svenskakyrkan.se\/vart-jag-mig-i-varlden-vander\/2023\/11\/30\/719\/#primaryimage\"},\"image\":{\"@id\":\"https:\/\/blogg.svenskakyrkan.se\/vart-jag-mig-i-varlden-vander\/2023\/11\/30\/719\/#primaryimage\"},\"thumbnailUrl\":\"https:\/\/blogg.svenskakyrkan.se\/vart-jag-mig-i-varlden-vander\/files\/2023\/11\/katja-november-1.jpg\",\"datePublished\":\"2023-11-30T05:17:47+00:00\",\"dateModified\":\"2023-11-30T05:20:33+00:00\",\"author\":{\"@id\":\"https:\/\/blogg.svenskakyrkan.se\/vart-jag-mig-i-varlden-vander\/#\/schema\/person\/156252c602d2d05969d64ca8820c0162\"},\"breadcrumb\":{\"@id\":\"https:\/\/blogg.svenskakyrkan.se\/vart-jag-mig-i-varlden-vander\/2023\/11\/30\/719\/#breadcrumb\"},\"inLanguage\":\"sv-SE\",\"potentialAction\":[{\"@type\":\"ReadAction\",\"target\":[\"https:\/\/blogg.svenskakyrkan.se\/vart-jag-mig-i-varlden-vander\/2023\/11\/30\/719\/\"]}]},{\"@type\":\"ImageObject\",\"inLanguage\":\"sv-SE\",\"@id\":\"https:\/\/blogg.svenskakyrkan.se\/vart-jag-mig-i-varlden-vander\/2023\/11\/30\/719\/#primaryimage\",\"url\":\"https:\/\/blogg.svenskakyrkan.se\/vart-jag-mig-i-varlden-vander\/files\/2023\/11\/katja-november-1.jpg\",\"contentUrl\":\"https:\/\/blogg.svenskakyrkan.se\/vart-jag-mig-i-varlden-vander\/files\/2023\/11\/katja-november-1.jpg\",\"width\":1680,\"height\":1260,\"caption\":\"Foto p\u00e5 Kyrkoherde Katja Lin p\u00e5 sitt kontor, omgiven av l\u00e5dor med varor f\u00f6r julbasaren.\"},{\"@type\":\"BreadcrumbList\",\"@id\":\"https:\/\/blogg.svenskakyrkan.se\/vart-jag-mig-i-varlden-vander\/2023\/11\/30\/719\/#breadcrumb\",\"itemListElement\":[{\"@type\":\"ListItem\",\"position\":1,\"name\":\"Hem\",\"item\":\"https:\/\/blogg.svenskakyrkan.se\/vart-jag-mig-i-varlden-vander\/\"},{\"@type\":\"ListItem\",\"position\":2,\"name\":\"&#8221;Det \u00e4r vinsten fr\u00e5n julmarknad, butik och caf\u00e9 som g\u00f6r att vi kan betala alla l\u00f6pande utgifter&#8221;\"}]},{\"@type\":\"WebSite\",\"@id\":\"https:\/\/blogg.svenskakyrkan.se\/vart-jag-mig-i-varlden-vander\/#website\",\"url\":\"https:\/\/blogg.svenskakyrkan.se\/vart-jag-mig-i-varlden-vander\/\",\"name\":\"Vart jag mig i v\u00e4rlden v\u00e4nder\",\"description\":\"Ber\u00e4ttelser om Svenska kyrkan i utlandet\",\"potentialAction\":[{\"@type\":\"SearchAction\",\"target\":{\"@type\":\"EntryPoint\",\"urlTemplate\":\"https:\/\/blogg.svenskakyrkan.se\/vart-jag-mig-i-varlden-vander\/?s={search_term_string}\"},\"query-input\":{\"@type\":\"PropertyValueSpecification\",\"valueRequired\":true,\"valueName\":\"search_term_string\"}}],\"inLanguage\":\"sv-SE\"},{\"@type\":\"Person\",\"@id\":\"https:\/\/blogg.svenskakyrkan.se\/vart-jag-mig-i-varlden-vander\/#\/schema\/person\/156252c602d2d05969d64ca8820c0162\",\"name\":\"svenskakyrkaniutlandet\",\"image\":{\"@type\":\"ImageObject\",\"inLanguage\":\"sv-SE\",\"@id\":\"https:\/\/blogg.svenskakyrkan.se\/vart-jag-mig-i-varlden-vander\/#\/schema\/person\/image\/\",\"url\":\"https:\/\/secure.gravatar.com\/avatar\/7c649c60d0e18556c3e72f4ea02ed2f59b03cf3be67cbc37fe412a59b0339649?s=96&d=mm&r=g\",\"contentUrl\":\"https:\/\/secure.gravatar.com\/avatar\/7c649c60d0e18556c3e72f4ea02ed2f59b03cf3be67cbc37fe412a59b0339649?s=96&d=mm&r=g\",\"caption\":\"svenskakyrkaniutlandet\"},\"url\":\"https:\/\/blogg.svenskakyrkan.se\/vart-jag-mig-i-varlden-vander\/author\/vart-jag-mig-i-varlden-vander\/\"}]}<\/script>\n<!-- \/ Yoast SEO plugin. -->","yoast_head_json":{"title":"\"Det \u00e4r vinsten fr\u00e5n julmarknad, butik och caf\u00e9 som g\u00f6r att vi kan betala alla l\u00f6pande utgifter\" - Vart jag mig i v\u00e4rlden v\u00e4nder","robots":{"index":"index","follow":"follow","max-snippet":"max-snippet:-1","max-image-preview":"max-image-preview:large","max-video-preview":"max-video-preview:-1"},"canonical":"https:\/\/blogg.svenskakyrkan.se\/vart-jag-mig-i-varlden-vander\/2023\/11\/30\/719\/","og_locale":"sv_SE","og_type":"article","og_title":"\"Det \u00e4r vinsten fr\u00e5n julmarknad, butik och caf\u00e9 som g\u00f6r att vi kan betala alla l\u00f6pande utgifter\" - Vart jag mig i v\u00e4rlden v\u00e4nder","og_description":"Nu \u00e4r det mycket p\u00e5 g\u00e5ng p\u00e5 kyrkan och det \u00e4r roligt! En dag n\u00e4r jag kom in p\u00e5 kontoret f\u00f6r ett tag sedan fick jag en liten men trevlig \u00f6verraskning: hela rummet var fullt av l\u00e5dor som stod precis \u00f6verallt! Ni ser p\u00e5 bilden en del av dem. Det m\u00e4rkliga var att de stod [&hellip;]","og_url":"https:\/\/blogg.svenskakyrkan.se\/vart-jag-mig-i-varlden-vander\/2023\/11\/30\/719\/","og_site_name":"Vart jag mig i v\u00e4rlden v\u00e4nder","article_published_time":"2023-11-30T05:17:47+00:00","article_modified_time":"2023-11-30T05:20:33+00:00","og_image":[{"width":1680,"height":1260,"url":"https:\/\/blogg.svenskakyrkan.se\/vart-jag-mig-i-varlden-vander\/files\/2023\/11\/katja-november-1.jpg","type":"image\/jpeg"}],"author":"svenskakyrkaniutlandet","twitter_card":"summary_large_image","twitter_misc":{"Skriven av":"svenskakyrkaniutlandet","Ber\u00e4knad l\u00e4stid":"5 minuter"},"schema":{"@context":"https:\/\/schema.org","@graph":[{"@type":"Article","@id":"https:\/\/blogg.svenskakyrkan.se\/vart-jag-mig-i-varlden-vander\/2023\/11\/30\/719\/#article","isPartOf":{"@id":"https:\/\/blogg.svenskakyrkan.se\/vart-jag-mig-i-varlden-vander\/2023\/11\/30\/719\/"},"author":{"name":"svenskakyrkaniutlandet","@id":"https:\/\/blogg.svenskakyrkan.se\/vart-jag-mig-i-varlden-vander\/#\/schema\/person\/156252c602d2d05969d64ca8820c0162"},"headline":"&#8221;Det \u00e4r vinsten fr\u00e5n julmarknad, butik och caf\u00e9 som g\u00f6r att vi kan betala alla l\u00f6pande utgifter&#8221;","datePublished":"2023-11-30T05:17:47+00:00","dateModified":"2023-11-30T05:20:33+00:00","mainEntityOfPage":{"@id":"https:\/\/blogg.svenskakyrkan.se\/vart-jag-mig-i-varlden-vander\/2023\/11\/30\/719\/"},"wordCount":929,"commentCount":0,"image":{"@id":"https:\/\/blogg.svenskakyrkan.se\/vart-jag-mig-i-varlden-vander\/2023\/11\/30\/719\/#primaryimage"},"thumbnailUrl":"https:\/\/blogg.svenskakyrkan.se\/vart-jag-mig-i-varlden-vander\/files\/2023\/11\/katja-november-1.jpg","articleSection":["Alla inl\u00e4gg","Allhelgona","Australien","H\u00f6gtid","Jobba utomlands","Jul och ny\u00e5r","Volont\u00e4r, frivillig"],"inLanguage":"sv-SE","potentialAction":[{"@type":"CommentAction","name":"Comment","target":["https:\/\/blogg.svenskakyrkan.se\/vart-jag-mig-i-varlden-vander\/2023\/11\/30\/719\/#respond"]}]},{"@type":"WebPage","@id":"https:\/\/blogg.svenskakyrkan.se\/vart-jag-mig-i-varlden-vander\/2023\/11\/30\/719\/","url":"https:\/\/blogg.svenskakyrkan.se\/vart-jag-mig-i-varlden-vander\/2023\/11\/30\/719\/","name":"\"Det \u00e4r vinsten fr\u00e5n julmarknad, butik och caf\u00e9 som g\u00f6r att vi kan betala alla l\u00f6pande utgifter\" - Vart jag mig i v\u00e4rlden v\u00e4nder","isPartOf":{"@id":"https:\/\/blogg.svenskakyrkan.se\/vart-jag-mig-i-varlden-vander\/#website"},"primaryImageOfPage":{"@id":"https:\/\/blogg.svenskakyrkan.se\/vart-jag-mig-i-varlden-vander\/2023\/11\/30\/719\/#primaryimage"},"image":{"@id":"https:\/\/blogg.svenskakyrkan.se\/vart-jag-mig-i-varlden-vander\/2023\/11\/30\/719\/#primaryimage"},"thumbnailUrl":"https:\/\/blogg.svenskakyrkan.se\/vart-jag-mig-i-varlden-vander\/files\/2023\/11\/katja-november-1.jpg","datePublished":"2023-11-30T05:17:47+00:00","dateModified":"2023-11-30T05:20:33+00:00","author":{"@id":"https:\/\/blogg.svenskakyrkan.se\/vart-jag-mig-i-varlden-vander\/#\/schema\/person\/156252c602d2d05969d64ca8820c0162"},"breadcrumb":{"@id":"https:\/\/blogg.svenskakyrkan.se\/vart-jag-mig-i-varlden-vander\/2023\/11\/30\/719\/#breadcrumb"},"inLanguage":"sv-SE","potentialAction":[{"@type":"ReadAction","target":["https:\/\/blogg.svenskakyrkan.se\/vart-jag-mig-i-varlden-vander\/2023\/11\/30\/719\/"]}]},{"@type":"ImageObject","inLanguage":"sv-SE","@id":"https:\/\/blogg.svenskakyrkan.se\/vart-jag-mig-i-varlden-vander\/2023\/11\/30\/719\/#primaryimage","url":"https:\/\/blogg.svenskakyrkan.se\/vart-jag-mig-i-varlden-vander\/files\/2023\/11\/katja-november-1.jpg","contentUrl":"https:\/\/blogg.svenskakyrkan.se\/vart-jag-mig-i-varlden-vander\/files\/2023\/11\/katja-november-1.jpg","width":1680,"height":1260,"caption":"Foto p\u00e5 Kyrkoherde Katja Lin p\u00e5 sitt kontor, omgiven av l\u00e5dor med varor f\u00f6r julbasaren."},{"@type":"BreadcrumbList","@id":"https:\/\/blogg.svenskakyrkan.se\/vart-jag-mig-i-varlden-vander\/2023\/11\/30\/719\/#breadcrumb","itemListElement":[{"@type":"ListItem","position":1,"name":"Hem","item":"https:\/\/blogg.svenskakyrkan.se\/vart-jag-mig-i-varlden-vander\/"},{"@type":"ListItem","position":2,"name":"&#8221;Det \u00e4r vinsten fr\u00e5n julmarknad, butik och caf\u00e9 som g\u00f6r att vi kan betala alla l\u00f6pande utgifter&#8221;"}]},{"@type":"WebSite","@id":"https:\/\/blogg.svenskakyrkan.se\/vart-jag-mig-i-varlden-vander\/#website","url":"https:\/\/blogg.svenskakyrkan.se\/vart-jag-mig-i-varlden-vander\/","name":"Vart jag mig i v\u00e4rlden v\u00e4nder","description":"Ber\u00e4ttelser om Svenska kyrkan i utlandet","potentialAction":[{"@type":"SearchAction","target":{"@type":"EntryPoint","urlTemplate":"https:\/\/blogg.svenskakyrkan.se\/vart-jag-mig-i-varlden-vander\/?s={search_term_string}"},"query-input":{"@type":"PropertyValueSpecification","valueRequired":true,"valueName":"search_term_string"}}],"inLanguage":"sv-SE"},{"@type":"Person","@id":"https:\/\/blogg.svenskakyrkan.se\/vart-jag-mig-i-varlden-vander\/#\/schema\/person\/156252c602d2d05969d64ca8820c0162","name":"svenskakyrkaniutlandet","image":{"@type":"ImageObject","inLanguage":"sv-SE","@id":"https:\/\/blogg.svenskakyrkan.se\/vart-jag-mig-i-varlden-vander\/#\/schema\/person\/image\/","url":"https:\/\/secure.gravatar.com\/avatar\/7c649c60d0e18556c3e72f4ea02ed2f59b03cf3be67cbc37fe412a59b0339649?s=96&d=mm&r=g","contentUrl":"https:\/\/secure.gravatar.com\/avatar\/7c649c60d0e18556c3e72f4ea02ed2f59b03cf3be67cbc37fe412a59b0339649?s=96&d=mm&r=g","caption":"svenskakyrkaniutlandet"},"url":"https:\/\/blogg.svenskakyrkan.se\/vart-jag-mig-i-varlden-vander\/author\/vart-jag-mig-i-varlden-vander\/"}]}},"aioseo_notices":[],"author_meta":{"ID":"800","user_nicename":"vart-jag-mig-i-varlden-vander","user_registered":"2021-10-29 13:50:15","display_name":"svenskakyrkaniutlandet","avatar":"https:\/\/secure.gravatar.com\/avatar\/7c649c60d0e18556c3e72f4ea02ed2f59b03cf3be67cbc37fe412a59b0339649?s=96&d=mm&r=g"},"featured_image":["https:\/\/blogg.svenskakyrkan.se\/vart-jag-mig-i-varlden-vander\/files\/2023\/11\/katja-november-1-1024x768.jpg",1024,768,true],"bloginfo":{"name":"Vart jag mig i v\u00e4rlden v\u00e4nder","url":"https:\/\/blogg.svenskakyrkan.se\/vart-jag-mig-i-varlden-vander"},"_links":{"self":[{"href":"https:\/\/blogg.svenskakyrkan.se\/vart-jag-mig-i-varlden-vander\/wp-json\/wp\/v2\/posts\/719","targetHints":{"allow":["GET"]}}],"collection":[{"href":"https:\/\/blogg.svenskakyrkan.se\/vart-jag-mig-i-varlden-vander\/wp-json\/wp\/v2\/posts"}],"about":[{"href":"https:\/\/blogg.svenskakyrkan.se\/vart-jag-mig-i-varlden-vander\/wp-json\/wp\/v2\/types\/post"}],"author":[{"embeddable":true,"href":"https:\/\/blogg.svenskakyrkan.se\/vart-jag-mig-i-varlden-vander\/wp-json\/wp\/v2\/users\/800"}],"replies":[{"embeddable":true,"href":"https:\/\/blogg.svenskakyrkan.se\/vart-jag-mig-i-varlden-vander\/wp-json\/wp\/v2\/comments?post=719"}],"version-history":[{"count":10,"href":"https:\/\/blogg.svenskakyrkan.se\/vart-jag-mig-i-varlden-vander\/wp-json\/wp\/v2\/posts\/719\/revisions"}],"predecessor-version":[{"id":732,"href":"https:\/\/blogg.svenskakyrkan.se\/vart-jag-mig-i-varlden-vander\/wp-json\/wp\/v2\/posts\/719\/revisions\/732"}],"wp:featuredmedia":[{"embeddable":true,"href":"https:\/\/blogg.svenskakyrkan.se\/vart-jag-mig-i-varlden-vander\/wp-json\/wp\/v2\/media\/721"}],"wp:attachment":[{"href":"https:\/\/blogg.svenskakyrkan.se\/vart-jag-mig-i-varlden-vander\/wp-json\/wp\/v2\/media?parent=719"}],"wp:term":[{"taxonomy":"category","embeddable":true,"href":"https:\/\/blogg.svenskakyrkan.se\/vart-jag-mig-i-varlden-vander\/wp-json\/wp\/v2\/categories?post=719"},{"taxonomy":"post_tag","embeddable":true,"href":"https:\/\/blogg.svenskakyrkan.se\/vart-jag-mig-i-varlden-vander\/wp-json\/wp\/v2\/tags?post=719"}],"curies":[{"name":"wp","href":"https:\/\/api.w.org\/{rel}","templated":true}]}}