{"id":915,"date":"2024-04-25T11:16:41","date_gmt":"2024-04-25T09:16:41","guid":{"rendered":"https:\/\/blogg.svenskakyrkan.se\/vart-jag-mig-i-varlden-vander\/?p=915"},"modified":"2024-04-25T12:50:50","modified_gmt":"2024-04-25T10:50:50","slug":"bland-barnsang-gudstjanst-och-vaffelfrukost","status":"publish","type":"post","link":"https:\/\/blogg.svenskakyrkan.se\/vart-jag-mig-i-varlden-vander\/2024\/04\/25\/bland-barnsang-gudstjanst-och-vaffelfrukost\/","title":{"rendered":"Bland barns\u00e5ng, gudstj\u00e4nst och v\u00e5ffelfrukost"},"content":{"rendered":"\n<p><strong>\u2013 h\u00e4ng med till Svenska kyrkan i San Francisco<\/strong><\/p>\n\n\n\n\n\n<p><strong>M\u00e5ndag: Konfirmationsundervisning p\u00e5 Zoom<\/strong>&nbsp;<\/p>\n\n\n\n<p>Under pandemin beh\u00f6vde vi, precis som andra, st\u00e4lla om. I Kalifornien var skolor, restauranger och aff\u00e4rer \u2013 och ja n\u00e4stan allting \u2013 st\u00e4ngt. Under den h\u00e4r tiden b\u00f6rjade vi spela in andakter och anv\u00e4nda Zoom f\u00f6r att kunna tr\u00e4ffas. Vi startade \u00e4ven konfirmationsundervisning p\u00e5 Zoom, n\u00e5got vi fortsatt med i kombination med tr\u00e4ffar i kyrkan. M\u00e5nga har v\u00e4ldigt l\u00e5nga avst\u00e5nd h\u00e4r (p\u00e5 grund av tung trafik kan en resa som ska ta 30 min ofta ta \u00f6ver en timme) och med digitala tr\u00e4ffar kan vi m\u00f6ta ungdomar fr\u00e5n hela v\u00e4stkusten. Vi har en liten grupp, men undervisningen blir intim och f\u00f6rdjupad.&nbsp;&nbsp;<\/p>\n\n\n\n<p>En f\u00f6rdel med utlandskyrkan som m\u00e4rktes under pandemin \u00e4r att vi \u00e4r flexibla och snabbt kan st\u00e4lla om. N\u00e4r man arbetar i sm\u00e5 team \u00e4r alla vana att g\u00f6ra allt och att hj\u00e4lpas \u00e5t. Man kan fatta snabba beslut. Och kyrkan blev verkligen en viktig knytpunkt f\u00f6r svenskar under pandemin. Vi var den som h\u00f6ll i tr\u00e5den och samverkade med andra organisationer och gjorde &#8221;outreach&#8221; till alla svenskar vi kunde n\u00e5. Kyrkans betydelse blev mer p\u00e5taglig f\u00f6r m\u00e4nniskor.&nbsp;&nbsp;<\/p>\n\n\n\n<figure class=\"wp-block-image size-large is-resized\"><img loading=\"lazy\" decoding=\"async\" src=\"https:\/\/blogg.svenskakyrkan.se\/vart-jag-mig-i-varlden-vander\/files\/2024\/04\/3D288C6B-A54F-4AE8-859A-DEFE4A0DDF51-1024x768.jpg\" alt=\"\" class=\"wp-image-916\" width=\"840\" height=\"630\" srcset=\"https:\/\/blogg.svenskakyrkan.se\/vart-jag-mig-i-varlden-vander\/files\/2024\/04\/3D288C6B-A54F-4AE8-859A-DEFE4A0DDF51-1024x768.jpg 1024w, https:\/\/blogg.svenskakyrkan.se\/vart-jag-mig-i-varlden-vander\/files\/2024\/04\/3D288C6B-A54F-4AE8-859A-DEFE4A0DDF51-300x225.jpg 300w, https:\/\/blogg.svenskakyrkan.se\/vart-jag-mig-i-varlden-vander\/files\/2024\/04\/3D288C6B-A54F-4AE8-859A-DEFE4A0DDF51-768x576.jpg 768w, https:\/\/blogg.svenskakyrkan.se\/vart-jag-mig-i-varlden-vander\/files\/2024\/04\/3D288C6B-A54F-4AE8-859A-DEFE4A0DDF51-1536x1152.jpg 1536w, https:\/\/blogg.svenskakyrkan.se\/vart-jag-mig-i-varlden-vander\/files\/2024\/04\/3D288C6B-A54F-4AE8-859A-DEFE4A0DDF51-2048x1536.jpg 2048w, https:\/\/blogg.svenskakyrkan.se\/vart-jag-mig-i-varlden-vander\/files\/2024\/04\/3D288C6B-A54F-4AE8-859A-DEFE4A0DDF51-1200x900.jpg 1200w\" sizes=\"auto, (max-width: 840px) 100vw, 840px\" \/><figcaption class=\"wp-element-caption\">H\u00e4r, i den Norska Sj\u00f6manskyrkans lokaler, har den svenska f\u00f6rsamlingen firat gudstj\u00e4nst sedan 1950-talet.<\/figcaption><\/figure>\n\n\n\n<p><strong>\u202fTisdag: Samtal fr\u00e5n konsulatet ang\u00e5ende ett diakonalt \u00e4rende&nbsp;<\/strong>&nbsp;<\/p>\n\n\n\n<p>En av personalen fr\u00e5n konsulatet ringer. De beh\u00f6ver hj\u00e4lp i ett \u00e4rende d\u00e4r en person som l\u00e4nge levt i utsatthet i San Francisco ska f\u00e5 hj\u00e4lp av sina sl\u00e4ktingar i Sverige att ta sig hem. Vi f\u00f6ljer med till flygplatsen, ser till att personen kommer igenom s\u00e4kerhetskontrollen och har kontakt med familjen i Sverige.&nbsp;<\/p>\n\n\n\n<p>Andra diakonala fall kan handla om att ha kontakt med svenska medborgare som lever i heml\u00f6shet h\u00e4r, men som inte vill resa tillbaka till Sverige. Pr\u00e4sten g\u00f6r i samarbete med konsulatet \u00e4ven bes\u00f6k hos svenskar i f\u00e4ngelse.&nbsp;&nbsp;<\/p>\n\n\n\n<p>De flesta svenskar som flyttar till San Francisco g\u00f6r det under ordnade former. M\u00e5nga kommer hit f\u00f6r att arbeta eller forska \u2013 och vi har inte samma utsatthet som i exempelvis Los Angeles. Men f\u00f6r m\u00e5nga \u00e4r \u00e4nd\u00e5 h\u00f6ga kostnader, stress, inkomstklyftor och missbruk n\u00e5got som p\u00e5verkar deras vardag. En vanlig situation \u00e4r att vi kan f\u00e5 samtal fr\u00e5n personer, ofta kvinnor, som \u00e4r i en d\u00e5lig relation som de k\u00e4nner att de inte kan l\u00e4mna. De upplever att de blir illa behandlade \u2013 psykiskt eller fysiskt, men att de inte har r\u00e5d att leva sj\u00e4lva och inte kan l\u00e4mna barnen. Det finns m\u00e5nga m\u00f6jligheter h\u00e4r&nbsp;i Kalifornien, men det \u00e4r ocks\u00e5 stor press och h\u00f6ga insatser. Och det sociala skyddsn\u00e4tet \u00e4r v\u00e4ldigt ih\u00e5ligt.&nbsp;&nbsp;<\/p>\n\n\n\n<p>V\u00e5rt diakonala uppdrag handlar ocks\u00e5 om att st\u00f6tta \u00e4ldre personer i f\u00f6rsamlingen. S\u00e5 som att g\u00f6ra hem- och sjukhusbes\u00f6k eller finnas som st\u00f6d under processen i att flytta till n\u00e5gon form av \u00e4ldreboende. Vi bes\u00f6ker \u00e4ven personer som utvecklat demens och som beh\u00f6ver f\u00e5 tala svenska med n\u00e5gon.&nbsp;<\/p>\n\n\n\n<blockquote class=\"wp-block-quote is-layout-flow wp-block-quote-is-layout-flow\">\n<p>M\u00e5nga efterfr\u00e5gar enskilda samtal \u2013 om relationer, ensamhet, heml\u00e4ngtan och prestationskrav med mera. Detta \u00e4r en stor del av v\u00e5rt diakonala uppdrag.<\/p>\n<\/blockquote>\n\n\n\n<p><strong>Onsdag: V\u00e5ffelfrukost i Berkeley<\/strong>&nbsp;<\/p>\n\n\n\n<p>Vi \u00e5ker tillsammans med Norska sj\u00f6manskyrkan ut till universitetet i Berkeley f\u00f6r att m\u00f6ta studenter och bjuda p\u00e5 v\u00e5fflor och kaffe. Ett upps\u00f6kande arbete f\u00f6r att m\u00f6ta studenterna och ungdomarna d\u00e4r de \u00e4r. Det kommer cirka 70 personer och vi g\u00f6r detta en till tv\u00e5 g\u00e5nger per termin.&nbsp;&nbsp;<\/p>\n\n\n\n<p>Tillsammans med Norska sj\u00f6manskyrkan bjuder vi \u00e4ven in till \u201dUng i SF-middagar\u201d, en g\u00e5ng i m\u00e5naden. Vi bjuder d\u00e5 p\u00e5 hemlagad mat och \u00e4r en m\u00f6tesplats f\u00f6r unga studenter och au pairer som befinner sig i Bay Area p\u00e5 egen hand. Det kommer ofta omkring 40-50 personer till tr\u00e4ffarna f\u00f6r \u00e4ta, umg\u00e5s och quiza. Ofta h\u00e5ller ocks\u00e5 en pr\u00e4sterna i en kortare andakt eller b\u00f6n. Middagarna \u00e4r ett s\u00e4tt f\u00f6r dem att f\u00e5 m\u00f6tas och tr\u00e4ffa oss och f\u00e5 veta att det finns ett st\u00e4lle de kan v\u00e4nda sig till om de befinner sig i kris eller ensamhet och beh\u00f6ver n\u00e5gon att prata med. M\u00e5nga efterfr\u00e5gar enskilda samtal \u2013 om relationer, ensamhet, heml\u00e4ngtan och prestationskrav med mera. Detta \u00e4r en stor del av v\u00e5rt diakonala uppdrag.<\/p>\n\n\n\n<blockquote class=\"wp-block-quote is-layout-flow wp-block-quote-is-layout-flow\">\n<figure class=\"wp-block-image size-large\"><img loading=\"lazy\" decoding=\"async\" width=\"1024\" height=\"768\" src=\"https:\/\/blogg.svenskakyrkan.se\/vart-jag-mig-i-varlden-vander\/files\/2024\/04\/BB128933-7C75-4ECC-930C-FFBF3C8E9794-1024x768.jpg\" alt=\"\" class=\"wp-image-917\" srcset=\"https:\/\/blogg.svenskakyrkan.se\/vart-jag-mig-i-varlden-vander\/files\/2024\/04\/BB128933-7C75-4ECC-930C-FFBF3C8E9794-1024x768.jpg 1024w, https:\/\/blogg.svenskakyrkan.se\/vart-jag-mig-i-varlden-vander\/files\/2024\/04\/BB128933-7C75-4ECC-930C-FFBF3C8E9794-300x225.jpg 300w, https:\/\/blogg.svenskakyrkan.se\/vart-jag-mig-i-varlden-vander\/files\/2024\/04\/BB128933-7C75-4ECC-930C-FFBF3C8E9794-768x576.jpg 768w, https:\/\/blogg.svenskakyrkan.se\/vart-jag-mig-i-varlden-vander\/files\/2024\/04\/BB128933-7C75-4ECC-930C-FFBF3C8E9794-1536x1152.jpg 1536w, https:\/\/blogg.svenskakyrkan.se\/vart-jag-mig-i-varlden-vander\/files\/2024\/04\/BB128933-7C75-4ECC-930C-FFBF3C8E9794-2048x1536.jpg 2048w, https:\/\/blogg.svenskakyrkan.se\/vart-jag-mig-i-varlden-vander\/files\/2024\/04\/BB128933-7C75-4ECC-930C-FFBF3C8E9794-1200x900.jpg 1200w\" sizes=\"auto, (max-width: 1024px) 100vw, 1024px\" \/><figcaption class=\"wp-element-caption\">En g\u00e5ng i m\u00e5naden bjuder f\u00f6rsamlingen in till &#8221;Ung i San Francisco-middagar&#8221;. H\u00e4r f\u00e5r unga studenter och aupairer som befinner sig i Bay Area p\u00e5 egen hand m\u00f6tas och veta att det finns en plats de kan v\u00e4nda sig till om de beh\u00f6ver prata med n\u00e5gon. <\/figcaption><\/figure>\n<\/blockquote>\n\n\n\n<p><strong>Torsdag: Samverkansm\u00f6te med norska staben<\/strong>&nbsp;&nbsp;<\/p>\n\n\n\n<p>V\u00e5r utlandsf\u00f6rsamling \u00e4r liten. F\u00f6rutom en uts\u00e4nd pr\u00e4st finns en lokalt anst\u00e4lld person p\u00e5 deltid samt de frivilliga i kyrkor\u00e5d och volont\u00e4rer. Vi hyr in oss hos Norska sj\u00f6manskyrkan och personalen d\u00e4r blir en del av v\u00e5rt arbetslag. En g\u00e5ng i m\u00e5naden har vi tr\u00e4ffar f\u00f6r att diskutera hur vi kan samarbeta. Vi kan fira gudstj\u00e4nst tillsammans vid st\u00f6rre h\u00f6gtider, bjuda in till varandras aktiviteter och f\u00f6rs\u00f6ka st\u00e4rka banden mellan de b\u00e5da f\u00f6rsamlingarna. Detta \u00e4r den st\u00f6rsta delen av v\u00e5rt ekumeniska arbete och samarbetet \u00e4r en viktig del f\u00f6r att kunna bygga en h\u00e5llbar kyrka f\u00f6r framtiden.<\/p>\n\n\n\n<blockquote class=\"wp-block-quote is-layout-flow wp-block-quote-is-layout-flow\">\n<p>Samarbetet med Norska sj\u00f6manskyrkan \u00e4r en viktig del i att kunna bygga en h\u00e5llbar kyrka f\u00f6r framtiden<\/p>\n<\/blockquote>\n\n\n\n<p><strong>Fredag: Barns\u00e5ng och fundraising-fest&nbsp;<\/strong><em>&nbsp;<\/em><\/p>\n\n\n\n<p>Varannan fredag har vi barns\u00e5ng f\u00f6r f\u00f6r\u00e4ldrar och barn d\u00e4r vi sjunger svenska barnvisor, leker, fikar och umg\u00e5s. Vi avslutar alltid med ljust\u00e4ndning och b\u00f6n. F\u00f6r\u00e4ldrar kan tr\u00e4ffa andra svenska familjer och utbyta erfarenheter. M\u00e5nga som kommer som medf\u00f6ljande till sin partner kan k\u00e4nna sig isolerade. F\u00f6rutom detta har vi andra barn- och familjeverksamheter s\u00e5 som familjegudstj\u00e4nster, p\u00e5sk- och julspel och luciafirande med mera.&nbsp;&nbsp;<\/p>\n\n\n\n<p>Under en fredagskv\u00e4ll hade vi fundraising-fest. Det \u00e4r en del av v\u00e5rt arbete best\u00e5r i att samla in pengar till f\u00f6rsamlingen. Den st\u00f6rsta delen av v\u00e5r inkomst (f\u00f6rutom st\u00f6d fr\u00e5n SKUT) best\u00e5r av donationer fr\u00e5n organisationer och individer. Vi s\u00f6ker st\u00f6d fr\u00e5n fonder och f\u00e5r in medlemsavgifter, kollekter med mera.&nbsp;Och minst tv\u00e5 g\u00e5nger per \u00e5r har vi ett fundraising-event. Senast var festen en musikalisk ABBA-fest med band, sushi och mingel hemma hos n\u00e5gra f\u00f6rsamlingsmedlemmar. Vi har m\u00e5nga givmilda f\u00f6rsamlingsbor som ger p\u00e5 \u201damerikanskt\u201d s\u00e4tt. Fundraising-tillf\u00e4llena kan \u00e4ven vara ett s\u00e4tt att skapa gemenskap, tillh\u00f6righet och gl\u00e4dje i f\u00f6rsamlingen.&nbsp;&nbsp;&nbsp;<\/p>\n\n\n\n<figure class=\"wp-block-image size-large\"><img loading=\"lazy\" decoding=\"async\" width=\"1024\" height=\"768\" src=\"https:\/\/blogg.svenskakyrkan.se\/vart-jag-mig-i-varlden-vander\/files\/2024\/04\/A1A094B2-1066-4B9A-ADED-7E1681315109-1024x768.jpg\" alt=\"\" class=\"wp-image-918\" srcset=\"https:\/\/blogg.svenskakyrkan.se\/vart-jag-mig-i-varlden-vander\/files\/2024\/04\/A1A094B2-1066-4B9A-ADED-7E1681315109-1024x768.jpg 1024w, https:\/\/blogg.svenskakyrkan.se\/vart-jag-mig-i-varlden-vander\/files\/2024\/04\/A1A094B2-1066-4B9A-ADED-7E1681315109-300x225.jpg 300w, https:\/\/blogg.svenskakyrkan.se\/vart-jag-mig-i-varlden-vander\/files\/2024\/04\/A1A094B2-1066-4B9A-ADED-7E1681315109-768x576.jpg 768w, https:\/\/blogg.svenskakyrkan.se\/vart-jag-mig-i-varlden-vander\/files\/2024\/04\/A1A094B2-1066-4B9A-ADED-7E1681315109-1536x1152.jpg 1536w, https:\/\/blogg.svenskakyrkan.se\/vart-jag-mig-i-varlden-vander\/files\/2024\/04\/A1A094B2-1066-4B9A-ADED-7E1681315109-2048x1536.jpg 2048w, https:\/\/blogg.svenskakyrkan.se\/vart-jag-mig-i-varlden-vander\/files\/2024\/04\/A1A094B2-1066-4B9A-ADED-7E1681315109-1200x900.jpg 1200w\" sizes=\"auto, (max-width: 1024px) 100vw, 1024px\" \/><figcaption class=\"wp-element-caption\">Varannan fredag \u00e4r det s\u00e5ngstund f\u00f6r f\u00f6r\u00e4ldrar och barn.<\/figcaption><\/figure>\n\n\n\n<figure class=\"wp-block-image size-large is-resized\"><img loading=\"lazy\" decoding=\"async\" src=\"https:\/\/blogg.svenskakyrkan.se\/vart-jag-mig-i-varlden-vander\/files\/2024\/04\/DC1AAE92-B6E7-4F76-9812-CA3BAF419510-1024x768.jpg\" alt=\"\" class=\"wp-image-919\" width=\"841\" height=\"631\" srcset=\"https:\/\/blogg.svenskakyrkan.se\/vart-jag-mig-i-varlden-vander\/files\/2024\/04\/DC1AAE92-B6E7-4F76-9812-CA3BAF419510-1024x768.jpg 1024w, https:\/\/blogg.svenskakyrkan.se\/vart-jag-mig-i-varlden-vander\/files\/2024\/04\/DC1AAE92-B6E7-4F76-9812-CA3BAF419510-300x225.jpg 300w, https:\/\/blogg.svenskakyrkan.se\/vart-jag-mig-i-varlden-vander\/files\/2024\/04\/DC1AAE92-B6E7-4F76-9812-CA3BAF419510-768x576.jpg 768w, https:\/\/blogg.svenskakyrkan.se\/vart-jag-mig-i-varlden-vander\/files\/2024\/04\/DC1AAE92-B6E7-4F76-9812-CA3BAF419510-1536x1152.jpg 1536w, https:\/\/blogg.svenskakyrkan.se\/vart-jag-mig-i-varlden-vander\/files\/2024\/04\/DC1AAE92-B6E7-4F76-9812-CA3BAF419510-2048x1536.jpg 2048w, https:\/\/blogg.svenskakyrkan.se\/vart-jag-mig-i-varlden-vander\/files\/2024\/04\/DC1AAE92-B6E7-4F76-9812-CA3BAF419510-1200x900.jpg 1200w\" sizes=\"auto, (max-width: 841px) 100vw, 841px\" \/><figcaption class=\"wp-element-caption\">Minst tv\u00e5 g\u00e5nger per \u00e5r har f\u00f6rsamlingen ett fundraising-event.<\/figcaption><\/figure>\n\n\n\n<p><strong>L\u00f6rdag:<\/strong> <strong>Gudstj\u00e4nst i Los Altos<\/strong>&nbsp;<\/p>\n\n\n\n<p>P\u00e5 l\u00f6rdagen har vi gudstj\u00e4nst nere i Silicon Valley, Los Altos, cirka en timmes bilf\u00e4rd fr\u00e5n San Francisco. H\u00e4r firar vi gudstj\u00e4nst en g\u00e5ng i m\u00e5naden med omkring 30\u201340 bes\u00f6kare, i en lokal i en luthersk kyrka. Avst\u00e5nden kan vara ett hinder f\u00f6r m\u00e5nga att komma, s\u00e5 det \u00e4r viktigt att vi \u00e5ker dit gudstj\u00e4nstbes\u00f6karna finns, och det bor m\u00e5nga svenskar i Silicon Valley. Det \u00e4r en v\u00e4ldigt uppskattad gudstj\u00e4nstverksamhet. P\u00e5 m\u00e5nga s\u00e4tt \u00e4r vi en landsbygdsf\u00f6rsamling (n\u00e4r det g\u00e4ller resurser, personal och avst\u00e5nd) som verkar i en storstadsmilj\u00f6.&nbsp;&nbsp;<\/p>\n\n\n\n<p>F\u00f6rutom detta firar vi h\u00f6gm\u00e4ssa i San Francisco en g\u00e5ng i m\u00e5naden, en enklare vardagsm\u00e4ssa i m\u00e5nanden samt gudstj\u00e4nster runt de st\u00f6rre kristna h\u00f6gtiderna och \u201ctema-gudstj\u00e4nster\u201d.&nbsp;&nbsp;<\/p>\n\n\n\n<blockquote class=\"wp-block-quote is-layout-flow wp-block-quote-is-layout-flow\">\n<p>Det \u00e4r en v\u00e4ldigt uppskattad gudstj\u00e4nstverksamhet. P\u00e5 m\u00e5nga s\u00e4tt \u00e4r vi en landsbygdsf\u00f6rsamling som verkar i en storstadsmilj\u00f6<\/p>\n<\/blockquote>\n\n\n\n<figure class=\"wp-block-image size-large\"><img loading=\"lazy\" decoding=\"async\" width=\"1024\" height=\"768\" src=\"https:\/\/blogg.svenskakyrkan.se\/vart-jag-mig-i-varlden-vander\/files\/2024\/04\/A4531BC5-F720-4749-AFE9-E07C6BB39E02-1-1024x768.jpg\" alt=\"\" class=\"wp-image-955\" srcset=\"https:\/\/blogg.svenskakyrkan.se\/vart-jag-mig-i-varlden-vander\/files\/2024\/04\/A4531BC5-F720-4749-AFE9-E07C6BB39E02-1-1024x768.jpg 1024w, https:\/\/blogg.svenskakyrkan.se\/vart-jag-mig-i-varlden-vander\/files\/2024\/04\/A4531BC5-F720-4749-AFE9-E07C6BB39E02-1-300x225.jpg 300w, https:\/\/blogg.svenskakyrkan.se\/vart-jag-mig-i-varlden-vander\/files\/2024\/04\/A4531BC5-F720-4749-AFE9-E07C6BB39E02-1-768x576.jpg 768w, https:\/\/blogg.svenskakyrkan.se\/vart-jag-mig-i-varlden-vander\/files\/2024\/04\/A4531BC5-F720-4749-AFE9-E07C6BB39E02-1-1536x1152.jpg 1536w, https:\/\/blogg.svenskakyrkan.se\/vart-jag-mig-i-varlden-vander\/files\/2024\/04\/A4531BC5-F720-4749-AFE9-E07C6BB39E02-1-2048x1536.jpg 2048w, https:\/\/blogg.svenskakyrkan.se\/vart-jag-mig-i-varlden-vander\/files\/2024\/04\/A4531BC5-F720-4749-AFE9-E07C6BB39E02-1-1200x900.jpg 1200w\" sizes=\"auto, (max-width: 1024px) 100vw, 1024px\" \/><\/figure>\n\n\n\n<p><strong>S\u00f6ndag: N\u00e4tverksm\u00f6te med andra svenska organisationer&nbsp;<\/strong>&nbsp;<\/p>\n\n\n\n<p>Samarbetet med andra svenska organisationer var n\u00e5got som \u00f6kade under pandemin. Vi samarbetar med konsulatet, SWEA, Handelskammaren och diverse klubbar med mera. Det kan exempelvis handla om att vi h\u00e5ller i ett evenemang eller en f\u00f6rel\u00e4sning tillsammans och att vi samarbetar kring marknadsf\u00f6ring och \u201doutreach\u201d. Kyrkan \u00e4r ofta sammankallande och st\u00e5r f\u00f6r lokal. Tillsammans \u00e4r vi starkare \u2013 och med hj\u00e4lp av samarbeten f\u00e5r fler se v\u00e4rdet i vad kyrkan g\u00f6r. F\u00f6r oss \u00e4r det viktigt att alltid f\u00e5 vara kyrka \u2013 att vara de som lyfter andliga och existentiella fr\u00e5gor och de som h\u00e5ller gudstj\u00e4nster i samband med evenemang.<\/p>\n\n\n\n<figure class=\"wp-block-image size-large\"><img loading=\"lazy\" decoding=\"async\" width=\"768\" height=\"1024\" src=\"https:\/\/blogg.svenskakyrkan.se\/vart-jag-mig-i-varlden-vander\/files\/2024\/04\/91FDA542-730A-477C-958B-1DBAC7CAE732-768x1024.jpg\" alt=\"\" class=\"wp-image-925\" srcset=\"https:\/\/blogg.svenskakyrkan.se\/vart-jag-mig-i-varlden-vander\/files\/2024\/04\/91FDA542-730A-477C-958B-1DBAC7CAE732-768x1024.jpg 768w, https:\/\/blogg.svenskakyrkan.se\/vart-jag-mig-i-varlden-vander\/files\/2024\/04\/91FDA542-730A-477C-958B-1DBAC7CAE732-225x300.jpg 225w, https:\/\/blogg.svenskakyrkan.se\/vart-jag-mig-i-varlden-vander\/files\/2024\/04\/91FDA542-730A-477C-958B-1DBAC7CAE732-1152x1536.jpg 1152w, https:\/\/blogg.svenskakyrkan.se\/vart-jag-mig-i-varlden-vander\/files\/2024\/04\/91FDA542-730A-477C-958B-1DBAC7CAE732-1536x2048.jpg 1536w, https:\/\/blogg.svenskakyrkan.se\/vart-jag-mig-i-varlden-vander\/files\/2024\/04\/91FDA542-730A-477C-958B-1DBAC7CAE732-1200x1600.jpg 1200w, https:\/\/blogg.svenskakyrkan.se\/vart-jag-mig-i-varlden-vander\/files\/2024\/04\/91FDA542-730A-477C-958B-1DBAC7CAE732-scaled.jpg 1920w\" sizes=\"auto, (max-width: 768px) 100vw, 768px\" \/><\/figure>\n","protected":false},"excerpt":{"rendered":"<p>\u2013 h\u00e4ng med till Svenska kyrkan i San Francisco M\u00e5ndag: Konfirmationsundervisning p\u00e5 Zoom&nbsp; Under pandemin beh\u00f6vde vi, precis som andra, st\u00e4lla om. I Kalifornien var skolor, restauranger och aff\u00e4rer \u2013 och ja n\u00e4stan allting \u2013 st\u00e4ngt. Under den h\u00e4r tiden b\u00f6rjade vi spela in andakter och anv\u00e4nda Zoom f\u00f6r att kunna tr\u00e4ffas. Vi startade \u00e4ven [&hellip;]<\/p>\n","protected":false},"author":800,"featured_media":955,"comment_status":"open","ping_status":"open","sticky":false,"template":"","format":"standard","meta":{"_acf_changed":false,"footnotes":""},"categories":[1],"tags":[],"class_list":["post-915","post","type-post","status-publish","format-standard","has-post-thumbnail","hentry","category-allt"],"acf":[],"yoast_head":"<!-- This site is optimized with the Yoast SEO plugin v27.1.1 - https:\/\/yoast.com\/product\/yoast-seo-wordpress\/ -->\n<title>Bland barns\u00e5ng, gudstj\u00e4nst och v\u00e5ffelfrukost - Vart jag mig i v\u00e4rlden v\u00e4nder<\/title>\n<meta name=\"robots\" content=\"index, follow, max-snippet:-1, max-image-preview:large, max-video-preview:-1\" \/>\n<link rel=\"canonical\" href=\"https:\/\/blogg.svenskakyrkan.se\/vart-jag-mig-i-varlden-vander\/2024\/04\/25\/bland-barnsang-gudstjanst-och-vaffelfrukost\/\" \/>\n<meta property=\"og:locale\" content=\"sv_SE\" \/>\n<meta property=\"og:type\" content=\"article\" \/>\n<meta property=\"og:title\" content=\"Bland barns\u00e5ng, gudstj\u00e4nst och v\u00e5ffelfrukost - Vart jag mig i v\u00e4rlden v\u00e4nder\" \/>\n<meta property=\"og:description\" content=\"\u2013 h\u00e4ng med till Svenska kyrkan i San Francisco M\u00e5ndag: Konfirmationsundervisning p\u00e5 Zoom&nbsp; Under pandemin beh\u00f6vde vi, precis som andra, st\u00e4lla om. I Kalifornien var skolor, restauranger och aff\u00e4rer \u2013 och ja n\u00e4stan allting \u2013 st\u00e4ngt. Under den h\u00e4r tiden b\u00f6rjade vi spela in andakter och anv\u00e4nda Zoom f\u00f6r att kunna tr\u00e4ffas. Vi startade \u00e4ven [&hellip;]\" \/>\n<meta property=\"og:url\" content=\"https:\/\/blogg.svenskakyrkan.se\/vart-jag-mig-i-varlden-vander\/2024\/04\/25\/bland-barnsang-gudstjanst-och-vaffelfrukost\/\" \/>\n<meta property=\"og:site_name\" content=\"Vart jag mig i v\u00e4rlden v\u00e4nder\" \/>\n<meta property=\"article:published_time\" content=\"2024-04-25T09:16:41+00:00\" \/>\n<meta property=\"article:modified_time\" content=\"2024-04-25T10:50:50+00:00\" \/>\n<meta property=\"og:image\" content=\"https:\/\/blogg.svenskakyrkan.se\/vart-jag-mig-i-varlden-vander\/files\/2024\/04\/A4531BC5-F720-4749-AFE9-E07C6BB39E02-1-scaled.jpg\" \/>\n\t<meta property=\"og:image:width\" content=\"2560\" \/>\n\t<meta property=\"og:image:height\" content=\"1920\" \/>\n\t<meta property=\"og:image:type\" content=\"image\/jpeg\" \/>\n<meta name=\"author\" content=\"svenskakyrkaniutlandet\" \/>\n<meta name=\"twitter:card\" content=\"summary_large_image\" \/>\n<meta name=\"twitter:label1\" content=\"Skriven av\" \/>\n\t<meta name=\"twitter:data1\" content=\"svenskakyrkaniutlandet\" \/>\n\t<meta name=\"twitter:label2\" content=\"Ber\u00e4knad l\u00e4stid\" \/>\n\t<meta name=\"twitter:data2\" content=\"8 minuter\" \/>\n<script type=\"application\/ld+json\" class=\"yoast-schema-graph\">{\"@context\":\"https:\/\/schema.org\",\"@graph\":[{\"@type\":\"Article\",\"@id\":\"https:\/\/blogg.svenskakyrkan.se\/vart-jag-mig-i-varlden-vander\/2024\/04\/25\/bland-barnsang-gudstjanst-och-vaffelfrukost\/#article\",\"isPartOf\":{\"@id\":\"https:\/\/blogg.svenskakyrkan.se\/vart-jag-mig-i-varlden-vander\/2024\/04\/25\/bland-barnsang-gudstjanst-och-vaffelfrukost\/\"},\"author\":{\"name\":\"svenskakyrkaniutlandet\",\"@id\":\"https:\/\/blogg.svenskakyrkan.se\/vart-jag-mig-i-varlden-vander\/#\/schema\/person\/156252c602d2d05969d64ca8820c0162\"},\"headline\":\"Bland barns\u00e5ng, gudstj\u00e4nst och v\u00e5ffelfrukost\",\"datePublished\":\"2024-04-25T09:16:41+00:00\",\"dateModified\":\"2024-04-25T10:50:50+00:00\",\"mainEntityOfPage\":{\"@id\":\"https:\/\/blogg.svenskakyrkan.se\/vart-jag-mig-i-varlden-vander\/2024\/04\/25\/bland-barnsang-gudstjanst-och-vaffelfrukost\/\"},\"wordCount\":1578,\"commentCount\":0,\"image\":{\"@id\":\"https:\/\/blogg.svenskakyrkan.se\/vart-jag-mig-i-varlden-vander\/2024\/04\/25\/bland-barnsang-gudstjanst-och-vaffelfrukost\/#primaryimage\"},\"thumbnailUrl\":\"https:\/\/blogg.svenskakyrkan.se\/vart-jag-mig-i-varlden-vander\/files\/2024\/04\/A4531BC5-F720-4749-AFE9-E07C6BB39E02-1-scaled.jpg\",\"articleSection\":[\"Alla inl\u00e4gg\"],\"inLanguage\":\"sv-SE\",\"potentialAction\":[{\"@type\":\"CommentAction\",\"name\":\"Comment\",\"target\":[\"https:\/\/blogg.svenskakyrkan.se\/vart-jag-mig-i-varlden-vander\/2024\/04\/25\/bland-barnsang-gudstjanst-och-vaffelfrukost\/#respond\"]}]},{\"@type\":\"WebPage\",\"@id\":\"https:\/\/blogg.svenskakyrkan.se\/vart-jag-mig-i-varlden-vander\/2024\/04\/25\/bland-barnsang-gudstjanst-och-vaffelfrukost\/\",\"url\":\"https:\/\/blogg.svenskakyrkan.se\/vart-jag-mig-i-varlden-vander\/2024\/04\/25\/bland-barnsang-gudstjanst-och-vaffelfrukost\/\",\"name\":\"Bland barns\u00e5ng, gudstj\u00e4nst och v\u00e5ffelfrukost - Vart jag mig i v\u00e4rlden v\u00e4nder\",\"isPartOf\":{\"@id\":\"https:\/\/blogg.svenskakyrkan.se\/vart-jag-mig-i-varlden-vander\/#website\"},\"primaryImageOfPage\":{\"@id\":\"https:\/\/blogg.svenskakyrkan.se\/vart-jag-mig-i-varlden-vander\/2024\/04\/25\/bland-barnsang-gudstjanst-och-vaffelfrukost\/#primaryimage\"},\"image\":{\"@id\":\"https:\/\/blogg.svenskakyrkan.se\/vart-jag-mig-i-varlden-vander\/2024\/04\/25\/bland-barnsang-gudstjanst-och-vaffelfrukost\/#primaryimage\"},\"thumbnailUrl\":\"https:\/\/blogg.svenskakyrkan.se\/vart-jag-mig-i-varlden-vander\/files\/2024\/04\/A4531BC5-F720-4749-AFE9-E07C6BB39E02-1-scaled.jpg\",\"datePublished\":\"2024-04-25T09:16:41+00:00\",\"dateModified\":\"2024-04-25T10:50:50+00:00\",\"author\":{\"@id\":\"https:\/\/blogg.svenskakyrkan.se\/vart-jag-mig-i-varlden-vander\/#\/schema\/person\/156252c602d2d05969d64ca8820c0162\"},\"breadcrumb\":{\"@id\":\"https:\/\/blogg.svenskakyrkan.se\/vart-jag-mig-i-varlden-vander\/2024\/04\/25\/bland-barnsang-gudstjanst-och-vaffelfrukost\/#breadcrumb\"},\"inLanguage\":\"sv-SE\",\"potentialAction\":[{\"@type\":\"ReadAction\",\"target\":[\"https:\/\/blogg.svenskakyrkan.se\/vart-jag-mig-i-varlden-vander\/2024\/04\/25\/bland-barnsang-gudstjanst-och-vaffelfrukost\/\"]}]},{\"@type\":\"ImageObject\",\"inLanguage\":\"sv-SE\",\"@id\":\"https:\/\/blogg.svenskakyrkan.se\/vart-jag-mig-i-varlden-vander\/2024\/04\/25\/bland-barnsang-gudstjanst-och-vaffelfrukost\/#primaryimage\",\"url\":\"https:\/\/blogg.svenskakyrkan.se\/vart-jag-mig-i-varlden-vander\/files\/2024\/04\/A4531BC5-F720-4749-AFE9-E07C6BB39E02-1-scaled.jpg\",\"contentUrl\":\"https:\/\/blogg.svenskakyrkan.se\/vart-jag-mig-i-varlden-vander\/files\/2024\/04\/A4531BC5-F720-4749-AFE9-E07C6BB39E02-1-scaled.jpg\",\"width\":2560,\"height\":1920},{\"@type\":\"BreadcrumbList\",\"@id\":\"https:\/\/blogg.svenskakyrkan.se\/vart-jag-mig-i-varlden-vander\/2024\/04\/25\/bland-barnsang-gudstjanst-och-vaffelfrukost\/#breadcrumb\",\"itemListElement\":[{\"@type\":\"ListItem\",\"position\":1,\"name\":\"Hem\",\"item\":\"https:\/\/blogg.svenskakyrkan.se\/vart-jag-mig-i-varlden-vander\/\"},{\"@type\":\"ListItem\",\"position\":2,\"name\":\"Bland barns\u00e5ng, gudstj\u00e4nst och v\u00e5ffelfrukost\"}]},{\"@type\":\"WebSite\",\"@id\":\"https:\/\/blogg.svenskakyrkan.se\/vart-jag-mig-i-varlden-vander\/#website\",\"url\":\"https:\/\/blogg.svenskakyrkan.se\/vart-jag-mig-i-varlden-vander\/\",\"name\":\"Vart jag mig i v\u00e4rlden v\u00e4nder\",\"description\":\"Ber\u00e4ttelser om Svenska kyrkan i utlandet\",\"potentialAction\":[{\"@type\":\"SearchAction\",\"target\":{\"@type\":\"EntryPoint\",\"urlTemplate\":\"https:\/\/blogg.svenskakyrkan.se\/vart-jag-mig-i-varlden-vander\/?s={search_term_string}\"},\"query-input\":{\"@type\":\"PropertyValueSpecification\",\"valueRequired\":true,\"valueName\":\"search_term_string\"}}],\"inLanguage\":\"sv-SE\"},{\"@type\":\"Person\",\"@id\":\"https:\/\/blogg.svenskakyrkan.se\/vart-jag-mig-i-varlden-vander\/#\/schema\/person\/156252c602d2d05969d64ca8820c0162\",\"name\":\"svenskakyrkaniutlandet\",\"image\":{\"@type\":\"ImageObject\",\"inLanguage\":\"sv-SE\",\"@id\":\"https:\/\/blogg.svenskakyrkan.se\/vart-jag-mig-i-varlden-vander\/#\/schema\/person\/image\/\",\"url\":\"https:\/\/secure.gravatar.com\/avatar\/7c649c60d0e18556c3e72f4ea02ed2f59b03cf3be67cbc37fe412a59b0339649?s=96&d=mm&r=g\",\"contentUrl\":\"https:\/\/secure.gravatar.com\/avatar\/7c649c60d0e18556c3e72f4ea02ed2f59b03cf3be67cbc37fe412a59b0339649?s=96&d=mm&r=g\",\"caption\":\"svenskakyrkaniutlandet\"},\"url\":\"https:\/\/blogg.svenskakyrkan.se\/vart-jag-mig-i-varlden-vander\/author\/vart-jag-mig-i-varlden-vander\/\"}]}<\/script>\n<!-- \/ Yoast SEO plugin. -->","yoast_head_json":{"title":"Bland barns\u00e5ng, gudstj\u00e4nst och v\u00e5ffelfrukost - Vart jag mig i v\u00e4rlden v\u00e4nder","robots":{"index":"index","follow":"follow","max-snippet":"max-snippet:-1","max-image-preview":"max-image-preview:large","max-video-preview":"max-video-preview:-1"},"canonical":"https:\/\/blogg.svenskakyrkan.se\/vart-jag-mig-i-varlden-vander\/2024\/04\/25\/bland-barnsang-gudstjanst-och-vaffelfrukost\/","og_locale":"sv_SE","og_type":"article","og_title":"Bland barns\u00e5ng, gudstj\u00e4nst och v\u00e5ffelfrukost - Vart jag mig i v\u00e4rlden v\u00e4nder","og_description":"\u2013 h\u00e4ng med till Svenska kyrkan i San Francisco M\u00e5ndag: Konfirmationsundervisning p\u00e5 Zoom&nbsp; Under pandemin beh\u00f6vde vi, precis som andra, st\u00e4lla om. I Kalifornien var skolor, restauranger och aff\u00e4rer \u2013 och ja n\u00e4stan allting \u2013 st\u00e4ngt. Under den h\u00e4r tiden b\u00f6rjade vi spela in andakter och anv\u00e4nda Zoom f\u00f6r att kunna tr\u00e4ffas. Vi startade \u00e4ven [&hellip;]","og_url":"https:\/\/blogg.svenskakyrkan.se\/vart-jag-mig-i-varlden-vander\/2024\/04\/25\/bland-barnsang-gudstjanst-och-vaffelfrukost\/","og_site_name":"Vart jag mig i v\u00e4rlden v\u00e4nder","article_published_time":"2024-04-25T09:16:41+00:00","article_modified_time":"2024-04-25T10:50:50+00:00","og_image":[{"width":2560,"height":1920,"url":"https:\/\/blogg.svenskakyrkan.se\/vart-jag-mig-i-varlden-vander\/files\/2024\/04\/A4531BC5-F720-4749-AFE9-E07C6BB39E02-1-scaled.jpg","type":"image\/jpeg"}],"author":"svenskakyrkaniutlandet","twitter_card":"summary_large_image","twitter_misc":{"Skriven av":"svenskakyrkaniutlandet","Ber\u00e4knad l\u00e4stid":"8 minuter"},"schema":{"@context":"https:\/\/schema.org","@graph":[{"@type":"Article","@id":"https:\/\/blogg.svenskakyrkan.se\/vart-jag-mig-i-varlden-vander\/2024\/04\/25\/bland-barnsang-gudstjanst-och-vaffelfrukost\/#article","isPartOf":{"@id":"https:\/\/blogg.svenskakyrkan.se\/vart-jag-mig-i-varlden-vander\/2024\/04\/25\/bland-barnsang-gudstjanst-och-vaffelfrukost\/"},"author":{"name":"svenskakyrkaniutlandet","@id":"https:\/\/blogg.svenskakyrkan.se\/vart-jag-mig-i-varlden-vander\/#\/schema\/person\/156252c602d2d05969d64ca8820c0162"},"headline":"Bland barns\u00e5ng, gudstj\u00e4nst och v\u00e5ffelfrukost","datePublished":"2024-04-25T09:16:41+00:00","dateModified":"2024-04-25T10:50:50+00:00","mainEntityOfPage":{"@id":"https:\/\/blogg.svenskakyrkan.se\/vart-jag-mig-i-varlden-vander\/2024\/04\/25\/bland-barnsang-gudstjanst-och-vaffelfrukost\/"},"wordCount":1578,"commentCount":0,"image":{"@id":"https:\/\/blogg.svenskakyrkan.se\/vart-jag-mig-i-varlden-vander\/2024\/04\/25\/bland-barnsang-gudstjanst-och-vaffelfrukost\/#primaryimage"},"thumbnailUrl":"https:\/\/blogg.svenskakyrkan.se\/vart-jag-mig-i-varlden-vander\/files\/2024\/04\/A4531BC5-F720-4749-AFE9-E07C6BB39E02-1-scaled.jpg","articleSection":["Alla inl\u00e4gg"],"inLanguage":"sv-SE","potentialAction":[{"@type":"CommentAction","name":"Comment","target":["https:\/\/blogg.svenskakyrkan.se\/vart-jag-mig-i-varlden-vander\/2024\/04\/25\/bland-barnsang-gudstjanst-och-vaffelfrukost\/#respond"]}]},{"@type":"WebPage","@id":"https:\/\/blogg.svenskakyrkan.se\/vart-jag-mig-i-varlden-vander\/2024\/04\/25\/bland-barnsang-gudstjanst-och-vaffelfrukost\/","url":"https:\/\/blogg.svenskakyrkan.se\/vart-jag-mig-i-varlden-vander\/2024\/04\/25\/bland-barnsang-gudstjanst-och-vaffelfrukost\/","name":"Bland barns\u00e5ng, gudstj\u00e4nst och v\u00e5ffelfrukost - Vart jag mig i v\u00e4rlden v\u00e4nder","isPartOf":{"@id":"https:\/\/blogg.svenskakyrkan.se\/vart-jag-mig-i-varlden-vander\/#website"},"primaryImageOfPage":{"@id":"https:\/\/blogg.svenskakyrkan.se\/vart-jag-mig-i-varlden-vander\/2024\/04\/25\/bland-barnsang-gudstjanst-och-vaffelfrukost\/#primaryimage"},"image":{"@id":"https:\/\/blogg.svenskakyrkan.se\/vart-jag-mig-i-varlden-vander\/2024\/04\/25\/bland-barnsang-gudstjanst-och-vaffelfrukost\/#primaryimage"},"thumbnailUrl":"https:\/\/blogg.svenskakyrkan.se\/vart-jag-mig-i-varlden-vander\/files\/2024\/04\/A4531BC5-F720-4749-AFE9-E07C6BB39E02-1-scaled.jpg","datePublished":"2024-04-25T09:16:41+00:00","dateModified":"2024-04-25T10:50:50+00:00","author":{"@id":"https:\/\/blogg.svenskakyrkan.se\/vart-jag-mig-i-varlden-vander\/#\/schema\/person\/156252c602d2d05969d64ca8820c0162"},"breadcrumb":{"@id":"https:\/\/blogg.svenskakyrkan.se\/vart-jag-mig-i-varlden-vander\/2024\/04\/25\/bland-barnsang-gudstjanst-och-vaffelfrukost\/#breadcrumb"},"inLanguage":"sv-SE","potentialAction":[{"@type":"ReadAction","target":["https:\/\/blogg.svenskakyrkan.se\/vart-jag-mig-i-varlden-vander\/2024\/04\/25\/bland-barnsang-gudstjanst-och-vaffelfrukost\/"]}]},{"@type":"ImageObject","inLanguage":"sv-SE","@id":"https:\/\/blogg.svenskakyrkan.se\/vart-jag-mig-i-varlden-vander\/2024\/04\/25\/bland-barnsang-gudstjanst-och-vaffelfrukost\/#primaryimage","url":"https:\/\/blogg.svenskakyrkan.se\/vart-jag-mig-i-varlden-vander\/files\/2024\/04\/A4531BC5-F720-4749-AFE9-E07C6BB39E02-1-scaled.jpg","contentUrl":"https:\/\/blogg.svenskakyrkan.se\/vart-jag-mig-i-varlden-vander\/files\/2024\/04\/A4531BC5-F720-4749-AFE9-E07C6BB39E02-1-scaled.jpg","width":2560,"height":1920},{"@type":"BreadcrumbList","@id":"https:\/\/blogg.svenskakyrkan.se\/vart-jag-mig-i-varlden-vander\/2024\/04\/25\/bland-barnsang-gudstjanst-och-vaffelfrukost\/#breadcrumb","itemListElement":[{"@type":"ListItem","position":1,"name":"Hem","item":"https:\/\/blogg.svenskakyrkan.se\/vart-jag-mig-i-varlden-vander\/"},{"@type":"ListItem","position":2,"name":"Bland barns\u00e5ng, gudstj\u00e4nst och v\u00e5ffelfrukost"}]},{"@type":"WebSite","@id":"https:\/\/blogg.svenskakyrkan.se\/vart-jag-mig-i-varlden-vander\/#website","url":"https:\/\/blogg.svenskakyrkan.se\/vart-jag-mig-i-varlden-vander\/","name":"Vart jag mig i v\u00e4rlden v\u00e4nder","description":"Ber\u00e4ttelser om Svenska kyrkan i utlandet","potentialAction":[{"@type":"SearchAction","target":{"@type":"EntryPoint","urlTemplate":"https:\/\/blogg.svenskakyrkan.se\/vart-jag-mig-i-varlden-vander\/?s={search_term_string}"},"query-input":{"@type":"PropertyValueSpecification","valueRequired":true,"valueName":"search_term_string"}}],"inLanguage":"sv-SE"},{"@type":"Person","@id":"https:\/\/blogg.svenskakyrkan.se\/vart-jag-mig-i-varlden-vander\/#\/schema\/person\/156252c602d2d05969d64ca8820c0162","name":"svenskakyrkaniutlandet","image":{"@type":"ImageObject","inLanguage":"sv-SE","@id":"https:\/\/blogg.svenskakyrkan.se\/vart-jag-mig-i-varlden-vander\/#\/schema\/person\/image\/","url":"https:\/\/secure.gravatar.com\/avatar\/7c649c60d0e18556c3e72f4ea02ed2f59b03cf3be67cbc37fe412a59b0339649?s=96&d=mm&r=g","contentUrl":"https:\/\/secure.gravatar.com\/avatar\/7c649c60d0e18556c3e72f4ea02ed2f59b03cf3be67cbc37fe412a59b0339649?s=96&d=mm&r=g","caption":"svenskakyrkaniutlandet"},"url":"https:\/\/blogg.svenskakyrkan.se\/vart-jag-mig-i-varlden-vander\/author\/vart-jag-mig-i-varlden-vander\/"}]}},"aioseo_notices":[],"author_meta":{"ID":"800","user_nicename":"vart-jag-mig-i-varlden-vander","user_registered":"2021-10-29 13:50:15","display_name":"svenskakyrkaniutlandet","avatar":"https:\/\/secure.gravatar.com\/avatar\/7c649c60d0e18556c3e72f4ea02ed2f59b03cf3be67cbc37fe412a59b0339649?s=96&d=mm&r=g"},"featured_image":["https:\/\/blogg.svenskakyrkan.se\/vart-jag-mig-i-varlden-vander\/files\/2024\/04\/A4531BC5-F720-4749-AFE9-E07C6BB39E02-1-1024x768.jpg",1024,768,true],"bloginfo":{"name":"Vart jag mig i v\u00e4rlden v\u00e4nder","url":"https:\/\/blogg.svenskakyrkan.se\/vart-jag-mig-i-varlden-vander"},"_links":{"self":[{"href":"https:\/\/blogg.svenskakyrkan.se\/vart-jag-mig-i-varlden-vander\/wp-json\/wp\/v2\/posts\/915","targetHints":{"allow":["GET"]}}],"collection":[{"href":"https:\/\/blogg.svenskakyrkan.se\/vart-jag-mig-i-varlden-vander\/wp-json\/wp\/v2\/posts"}],"about":[{"href":"https:\/\/blogg.svenskakyrkan.se\/vart-jag-mig-i-varlden-vander\/wp-json\/wp\/v2\/types\/post"}],"author":[{"embeddable":true,"href":"https:\/\/blogg.svenskakyrkan.se\/vart-jag-mig-i-varlden-vander\/wp-json\/wp\/v2\/users\/800"}],"replies":[{"embeddable":true,"href":"https:\/\/blogg.svenskakyrkan.se\/vart-jag-mig-i-varlden-vander\/wp-json\/wp\/v2\/comments?post=915"}],"version-history":[{"count":47,"href":"https:\/\/blogg.svenskakyrkan.se\/vart-jag-mig-i-varlden-vander\/wp-json\/wp\/v2\/posts\/915\/revisions"}],"predecessor-version":[{"id":970,"href":"https:\/\/blogg.svenskakyrkan.se\/vart-jag-mig-i-varlden-vander\/wp-json\/wp\/v2\/posts\/915\/revisions\/970"}],"wp:featuredmedia":[{"embeddable":true,"href":"https:\/\/blogg.svenskakyrkan.se\/vart-jag-mig-i-varlden-vander\/wp-json\/wp\/v2\/media\/955"}],"wp:attachment":[{"href":"https:\/\/blogg.svenskakyrkan.se\/vart-jag-mig-i-varlden-vander\/wp-json\/wp\/v2\/media?parent=915"}],"wp:term":[{"taxonomy":"category","embeddable":true,"href":"https:\/\/blogg.svenskakyrkan.se\/vart-jag-mig-i-varlden-vander\/wp-json\/wp\/v2\/categories?post=915"},{"taxonomy":"post_tag","embeddable":true,"href":"https:\/\/blogg.svenskakyrkan.se\/vart-jag-mig-i-varlden-vander\/wp-json\/wp\/v2\/tags?post=915"}],"curies":[{"name":"wp","href":"https:\/\/api.w.org\/{rel}","templated":true}]}}